{"id":14543,"date":"2022-04-06T14:05:29","date_gmt":"2022-04-06T12:05:29","guid":{"rendered":"https:\/\/www.cgtaragonlarioja.org\/fedens\/?p=14543"},"modified":"2022-04-06T14:06:53","modified_gmt":"2022-04-06T12:06:53","slug":"informacion-sobre-el-paso-de-profesorado-de-fp-al-cuerpo-de-secundaria-a1-y-borrador-procesos-de-estabilizacion","status":"publish","type":"post","link":"https:\/\/www.cgtaragonlarioja.org\/fedens\/informacion-sobre-el-paso-de-profesorado-de-fp-al-cuerpo-de-secundaria-a1-y-borrador-procesos-de-estabilizacion\/","title":{"rendered":"INFORMACI\u00d3N SOBRE EL PASO DE PROFESORADO DE FP AL CUERPO DE SECUNDARIA A1 Y BORRADOR PROCESOS DE ESTABILIZACI\u00d3N"},"content":{"rendered":"<p>Durante el encuentro celebrado esta semana, el Ministerio de Educaci\u00f3n y Formaci\u00f3n Profesional (MEFP) ha presentado una propuesta verbal, que no ha sido acompa\u00f1ada de documentaci\u00f3n, para la integraci\u00f3n del profesorado de FP:<\/p>\n<p>&#8211; En el procedimiento para hacer efectivo el paso al cuerpo de Secundaria (A1) se plantea como \u00fanico requisito la presentaci\u00f3n de la titulaci\u00f3n (grado, licenciatura, ingenier\u00eda, arquitectura, diplomatura, ingenier\u00eda t\u00e9cnica o arquitectura t\u00e9cnica).<\/p>\n<p>&#8211; En las 10 especialidades que pasan al cuerpo de profesorado especialista en sectores singulares de la FP, el Ministerio ha expuesto que el profesorado que tenga titulaci\u00f3n universitaria tambi\u00e9n pasar\u00e1 al A1.<\/p>\n<p>&#8211; El Ministerio dar\u00e1 un plazo inicial, de al menos 20 d\u00edas, para solicitar el paso al A1. Este plazo inicial ir\u00e1 acompa\u00f1ado de un reconocimiento con car\u00e1cter retroactivo de los derechos administrativo y retributivo. Tras esto se establecer\u00e1 un periodo abierto hasta el 19 de enero de 2026 en el que las personas que obtengan un t\u00edtulo universitario puedan acceder al A1. En este \u00faltimo caso sin car\u00e1cter retroactivo.<\/p>\n<p>Por otra parte, el Ministerio ha expuesto las modificaciones a realizar en el RD 276\/2007 y en el RD de especialidades para que a ninguna persona aspirante se le pida ninguna titulaci\u00f3n diferente a las que se le ven\u00eda solicitando, modificando sus anexos V y VI, y para que se mantengan las atribuciones docentes y los derechos de movilidad.<\/p>\n<p>Finalmente, el Ministerio de Educaci\u00f3n y FP informa de que la publicaci\u00f3n de la modificaci\u00f3n del RD 276\/2007 se encuentra en tr\u00e1mite en el Consejo de Estado, tras lo cual se aprobar\u00e1 en Consejo de Ministros y Ministras, y se har\u00e1 efectiva previsiblemente tras la Semana Santa.<\/p>\n<p><strong>Criterios para la estabilizaci\u00f3n del empleo temporal en el sector docente<\/strong><\/p>\n<p>Por otro lado, el Ministerio ha presentado una propuesta de criterios que ha trabajado previamente con las CC. AA., incluyendo orientaciones para la definici\u00f3n de las diferentes plazas y desarrollo de los procesos. Puedes consultarla pinchando aqu\u00ed: <a href=\"https:\/\/www.cgtaragonlarioja.org\/fedens\/informacion-sobre-el-paso-de-profesorado-de-fp-al-cuerpo-de-secundaria-a1-y-borrador-procesos-de-estabilizacion\/estabilizacion\/\" rel=\"attachment wp-att-14544\">estabilizacion<\/a><\/p>\n","protected":false},"excerpt":{"rendered":"<p>Durante el encuentro celebrado esta semana, el Ministerio de Educaci\u00f3n y Formaci\u00f3n Profesional (MEFP) ha<\/p>\n","protected":false},"author":486,"featured_media":14545,"comment_status":"open","ping_status":"open","sticky":false,"template":"","format":"standard","meta":{"footnotes":""},"categories":[480],"tags":[],"class_list":["post-14543","post","type-post","status-publish","format-standard","has-post-thumbnail","hentry","category-noticias"],"yoast_head":"<!-- This site is optimized with the Yoast SEO plugin v26.7 - https:\/\/yoast.com\/wordpress\/plugins\/seo\/ -->\n<title>INFORMACI\u00d3N SOBRE EL PASO DE PROFESORADO DE FP AL CUERPO DE SECUNDARIA A1 Y BORRADOR PROCESOS DE ESTABILIZACI\u00d3N<\/title>\n<meta name=\"description\" content=\"Durante el encuentro celebrado esta semana, el Ministerio de Educaci\u00f3n y Formaci\u00f3n Profesional (MEFP) ha presentado una propuesta verbal, que no ha sido\" \/>\n<meta name=\"robots\" content=\"index, follow, max-snippet:-1, max-image-preview:large, max-video-preview:-1\" \/>\n<link rel=\"canonical\" href=\"https:\/\/www.cgtaragonlarioja.org\/fedens\/informacion-sobre-el-paso-de-profesorado-de-fp-al-cuerpo-de-secundaria-a1-y-borrador-procesos-de-estabilizacion\/\" \/>\n<meta property=\"og:locale\" content=\"es_ES\" \/>\n<meta property=\"og:type\" content=\"article\" \/>\n<meta property=\"og:title\" content=\"INFORMACI\u00d3N SOBRE EL PASO DE PROFESORADO DE FP AL CUERPO DE SECUNDARIA A1 Y BORRADOR PROCESOS DE ESTABILIZACI\u00d3N\" \/>\n<meta property=\"og:description\" content=\"Durante el encuentro celebrado esta semana, el Ministerio de Educaci\u00f3n y Formaci\u00f3n Profesional (MEFP) ha presentado una propuesta verbal, que no ha sido\" \/>\n<meta property=\"og:url\" content=\"https:\/\/www.cgtaragonlarioja.org\/fedens\/informacion-sobre-el-paso-de-profesorado-de-fp-al-cuerpo-de-secundaria-a1-y-borrador-procesos-de-estabilizacion\/\" \/>\n<meta property=\"og:site_name\" content=\"CGT Arag\u00f3n - La Rioja. ENSE\u00d1ANZA\" \/>\n<meta property=\"article:publisher\" content=\"https:\/\/www.facebook.com\/CGTEnseAragon\/\" \/>\n<meta property=\"article:published_time\" content=\"2022-04-06T12:05:29+00:00\" \/>\n<meta property=\"article:modified_time\" content=\"2022-04-06T12:06:53+00:00\" \/>\n<meta name=\"author\" content=\"kike\" \/>\n<meta name=\"twitter:card\" content=\"summary_large_image\" \/>\n<meta name=\"twitter:creator\" content=\"@CGTeduAragon\" \/>\n<meta name=\"twitter:site\" content=\"@CGTeduAragon\" \/>\n<meta name=\"twitter:label1\" content=\"Escrito por\" \/>\n\t<meta name=\"twitter:data1\" content=\"kike\" \/>\n\t<meta name=\"twitter:label2\" content=\"Tiempo de lectura\" \/>\n\t<meta name=\"twitter:data2\" content=\"2 minutos\" \/>\n<script type=\"application\/ld+json\" class=\"yoast-schema-graph\">{\"@context\":\"https:\/\/schema.org\",\"@graph\":[{\"@type\":\"Article\",\"@id\":\"https:\/\/www.cgtaragonlarioja.org\/fedens\/informacion-sobre-el-paso-de-profesorado-de-fp-al-cuerpo-de-secundaria-a1-y-borrador-procesos-de-estabilizacion\/#article\",\"isPartOf\":{\"@id\":\"https:\/\/www.cgtaragonlarioja.org\/fedens\/informacion-sobre-el-paso-de-profesorado-de-fp-al-cuerpo-de-secundaria-a1-y-borrador-procesos-de-estabilizacion\/\"},\"author\":{\"name\":\"kike\",\"@id\":\"https:\/\/www.cgtaragonlarioja.org\/fedens\/#\/schema\/person\/dfa7d1616615d62a6d79c9593aa09fc3\"},\"headline\":\"INFORMACI\u00d3N SOBRE EL PASO DE PROFESORADO DE FP AL CUERPO DE SECUNDARIA A1 Y BORRADOR PROCESOS DE ESTABILIZACI\u00d3N\",\"datePublished\":\"2022-04-06T12:05:29+00:00\",\"dateModified\":\"2022-04-06T12:06:53+00:00\",\"mainEntityOfPage\":{\"@id\":\"https:\/\/www.cgtaragonlarioja.org\/fedens\/informacion-sobre-el-paso-de-profesorado-de-fp-al-cuerpo-de-secundaria-a1-y-borrador-procesos-de-estabilizacion\/\"},\"wordCount\":365,\"commentCount\":0,\"publisher\":{\"@id\":\"https:\/\/www.cgtaragonlarioja.org\/fedens\/#organization\"},\"image\":{\"@id\":\"https:\/\/www.cgtaragonlarioja.org\/fedens\/informacion-sobre-el-paso-de-profesorado-de-fp-al-cuerpo-de-secundaria-a1-y-borrador-procesos-de-estabilizacion\/#primaryimage\"},\"thumbnailUrl\":\"https:\/\/www.cgtaragonlarioja.org\/fedens\/files\/2022\/04\/AL-NUMERO-285-PT-NUMERO-406-PRI-NUMERO-1280-EF-NUMERO-23-EI-NUMERO-757-FI-NUMERO-843-FF-NUMERO-30-MU-NUMERO-88-pdf.jpg\",\"articleSection\":[\"Noticias\"],\"inLanguage\":\"es\",\"potentialAction\":[{\"@type\":\"CommentAction\",\"name\":\"Comment\",\"target\":[\"https:\/\/www.cgtaragonlarioja.org\/fedens\/informacion-sobre-el-paso-de-profesorado-de-fp-al-cuerpo-de-secundaria-a1-y-borrador-procesos-de-estabilizacion\/#respond\"]}]},{\"@type\":\"WebPage\",\"@id\":\"https:\/\/www.cgtaragonlarioja.org\/fedens\/informacion-sobre-el-paso-de-profesorado-de-fp-al-cuerpo-de-secundaria-a1-y-borrador-procesos-de-estabilizacion\/\",\"url\":\"https:\/\/www.cgtaragonlarioja.org\/fedens\/informacion-sobre-el-paso-de-profesorado-de-fp-al-cuerpo-de-secundaria-a1-y-borrador-procesos-de-estabilizacion\/\",\"name\":\"INFORMACI\u00d3N SOBRE EL PASO DE PROFESORADO DE FP AL CUERPO DE SECUNDARIA A1 Y BORRADOR PROCESOS DE ESTABILIZACI\u00d3N\",\"isPartOf\":{\"@id\":\"https:\/\/www.cgtaragonlarioja.org\/fedens\/#website\"},\"primaryImageOfPage\":{\"@id\":\"https:\/\/www.cgtaragonlarioja.org\/fedens\/informacion-sobre-el-paso-de-profesorado-de-fp-al-cuerpo-de-secundaria-a1-y-borrador-procesos-de-estabilizacion\/#primaryimage\"},\"image\":{\"@id\":\"https:\/\/www.cgtaragonlarioja.org\/fedens\/informacion-sobre-el-paso-de-profesorado-de-fp-al-cuerpo-de-secundaria-a1-y-borrador-procesos-de-estabilizacion\/#primaryimage\"},\"thumbnailUrl\":\"https:\/\/www.cgtaragonlarioja.org\/fedens\/files\/2022\/04\/AL-NUMERO-285-PT-NUMERO-406-PRI-NUMERO-1280-EF-NUMERO-23-EI-NUMERO-757-FI-NUMERO-843-FF-NUMERO-30-MU-NUMERO-88-pdf.jpg\",\"datePublished\":\"2022-04-06T12:05:29+00:00\",\"dateModified\":\"2022-04-06T12:06:53+00:00\",\"description\":\"Durante el encuentro celebrado esta semana, el Ministerio de Educaci\u00f3n y Formaci\u00f3n Profesional (MEFP) ha presentado una propuesta verbal, que no ha sido\",\"breadcrumb\":{\"@id\":\"https:\/\/www.cgtaragonlarioja.org\/fedens\/informacion-sobre-el-paso-de-profesorado-de-fp-al-cuerpo-de-secundaria-a1-y-borrador-procesos-de-estabilizacion\/#breadcrumb\"},\"inLanguage\":\"es\",\"potentialAction\":[{\"@type\":\"ReadAction\",\"target\":[\"https:\/\/www.cgtaragonlarioja.org\/fedens\/informacion-sobre-el-paso-de-profesorado-de-fp-al-cuerpo-de-secundaria-a1-y-borrador-procesos-de-estabilizacion\/\"]}]},{\"@type\":\"ImageObject\",\"inLanguage\":\"es\",\"@id\":\"https:\/\/www.cgtaragonlarioja.org\/fedens\/informacion-sobre-el-paso-de-profesorado-de-fp-al-cuerpo-de-secundaria-a1-y-borrador-procesos-de-estabilizacion\/#primaryimage\",\"url\":\"https:\/\/www.cgtaragonlarioja.org\/fedens\/files\/2022\/04\/AL-NUMERO-285-PT-NUMERO-406-PRI-NUMERO-1280-EF-NUMERO-23-EI-NUMERO-757-FI-NUMERO-843-FF-NUMERO-30-MU-NUMERO-88-pdf.jpg\",\"contentUrl\":\"https:\/\/www.cgtaragonlarioja.org\/fedens\/files\/2022\/04\/AL-NUMERO-285-PT-NUMERO-406-PRI-NUMERO-1280-EF-NUMERO-23-EI-NUMERO-757-FI-NUMERO-843-FF-NUMERO-30-MU-NUMERO-88-pdf.jpg\"},{\"@type\":\"BreadcrumbList\",\"@id\":\"https:\/\/www.cgtaragonlarioja.org\/fedens\/informacion-sobre-el-paso-de-profesorado-de-fp-al-cuerpo-de-secundaria-a1-y-borrador-procesos-de-estabilizacion\/#breadcrumb\",\"itemListElement\":[{\"@type\":\"ListItem\",\"position\":1,\"name\":\"Portada\",\"item\":\"https:\/\/www.cgtaragonlarioja.org\/fedens\/\"},{\"@type\":\"ListItem\",\"position\":2,\"name\":\"INFORMACI\u00d3N SOBRE EL PASO DE PROFESORADO DE FP AL CUERPO DE SECUNDARIA A1 Y BORRADOR PROCESOS DE ESTABILIZACI\u00d3N\"}]},{\"@type\":\"WebSite\",\"@id\":\"https:\/\/www.cgtaragonlarioja.org\/fedens\/#website\",\"url\":\"https:\/\/www.cgtaragonlarioja.org\/fedens\/\",\"name\":\"CGT Arag\u00f3n - La Rioja. ENSE\u00d1ANZA\",\"description\":\"CONTACTAR: Calatayud-Aranda: 654897973 \/ Huesca: 974238404 \/ Teruel: 978619265 \/ Zaragoza: 976922002\",\"publisher\":{\"@id\":\"https:\/\/www.cgtaragonlarioja.org\/fedens\/#organization\"},\"potentialAction\":[{\"@type\":\"SearchAction\",\"target\":{\"@type\":\"EntryPoint\",\"urlTemplate\":\"https:\/\/www.cgtaragonlarioja.org\/fedens\/?s={search_term_string}\"},\"query-input\":{\"@type\":\"PropertyValueSpecification\",\"valueRequired\":true,\"valueName\":\"search_term_string\"}}],\"inLanguage\":\"es\"},{\"@type\":\"Organization\",\"@id\":\"https:\/\/www.cgtaragonlarioja.org\/fedens\/#organization\",\"name\":\"CGT Arag\u00f3n y La Rioja - Ense\u00f1anza\",\"url\":\"https:\/\/www.cgtaragonlarioja.org\/fedens\/\",\"logo\":{\"@type\":\"ImageObject\",\"inLanguage\":\"es\",\"@id\":\"https:\/\/www.cgtaragonlarioja.org\/fedens\/#\/schema\/logo\/image\/\",\"url\":\"https:\/\/www.cgtaragonlarioja.org\/fedens\/files\/2021\/02\/logo_cgt_ense_huesca_170x250.png\",\"contentUrl\":\"https:\/\/www.cgtaragonlarioja.org\/fedens\/files\/2021\/02\/logo_cgt_ense_huesca_170x250.png\",\"width\":170,\"height\":250,\"caption\":\"CGT Arag\u00f3n y La Rioja - Ense\u00f1anza\"},\"image\":{\"@id\":\"https:\/\/www.cgtaragonlarioja.org\/fedens\/#\/schema\/logo\/image\/\"},\"sameAs\":[\"https:\/\/www.facebook.com\/CGTEnseAragon\/\",\"https:\/\/x.com\/CGTeduAragon\"]},{\"@type\":\"Person\",\"@id\":\"https:\/\/www.cgtaragonlarioja.org\/fedens\/#\/schema\/person\/dfa7d1616615d62a6d79c9593aa09fc3\",\"name\":\"kike\",\"image\":{\"@type\":\"ImageObject\",\"inLanguage\":\"es\",\"@id\":\"https:\/\/www.cgtaragonlarioja.org\/fedens\/#\/schema\/person\/image\/\",\"url\":\"https:\/\/secure.gravatar.com\/avatar\/f1c0788a733c3717c5f8c071e064a9c188df22c90b22388027f4ed27abaa4f3b?s=96&d=mm&r=g\",\"contentUrl\":\"https:\/\/secure.gravatar.com\/avatar\/f1c0788a733c3717c5f8c071e064a9c188df22c90b22388027f4ed27abaa4f3b?s=96&d=mm&r=g\",\"caption\":\"kike\"},\"url\":\"https:\/\/www.cgtaragonlarioja.org\/fedens\/author\/kike\/\"}]}<\/script>\n<!-- \/ Yoast SEO plugin. -->","yoast_head_json":{"title":"INFORMACI\u00d3N SOBRE EL PASO DE PROFESORADO DE FP AL CUERPO DE SECUNDARIA A1 Y BORRADOR PROCESOS DE ESTABILIZACI\u00d3N","description":"Durante el encuentro celebrado esta semana, el Ministerio de Educaci\u00f3n y Formaci\u00f3n Profesional (MEFP) ha presentado una propuesta verbal, que no ha sido","robots":{"index":"index","follow":"follow","max-snippet":"max-snippet:-1","max-image-preview":"max-image-preview:large","max-video-preview":"max-video-preview:-1"},"canonical":"https:\/\/www.cgtaragonlarioja.org\/fedens\/informacion-sobre-el-paso-de-profesorado-de-fp-al-cuerpo-de-secundaria-a1-y-borrador-procesos-de-estabilizacion\/","og_locale":"es_ES","og_type":"article","og_title":"INFORMACI\u00d3N SOBRE EL PASO DE PROFESORADO DE FP AL CUERPO DE SECUNDARIA A1 Y BORRADOR PROCESOS DE ESTABILIZACI\u00d3N","og_description":"Durante el encuentro celebrado esta semana, el Ministerio de Educaci\u00f3n y Formaci\u00f3n Profesional (MEFP) ha presentado una propuesta verbal, que no ha sido","og_url":"https:\/\/www.cgtaragonlarioja.org\/fedens\/informacion-sobre-el-paso-de-profesorado-de-fp-al-cuerpo-de-secundaria-a1-y-borrador-procesos-de-estabilizacion\/","og_site_name":"CGT Arag\u00f3n - La Rioja. ENSE\u00d1ANZA","article_publisher":"https:\/\/www.facebook.com\/CGTEnseAragon\/","article_published_time":"2022-04-06T12:05:29+00:00","article_modified_time":"2022-04-06T12:06:53+00:00","author":"kike","twitter_card":"summary_large_image","twitter_creator":"@CGTeduAragon","twitter_site":"@CGTeduAragon","twitter_misc":{"Escrito por":"kike","Tiempo de lectura":"2 minutos"},"schema":{"@context":"https:\/\/schema.org","@graph":[{"@type":"Article","@id":"https:\/\/www.cgtaragonlarioja.org\/fedens\/informacion-sobre-el-paso-de-profesorado-de-fp-al-cuerpo-de-secundaria-a1-y-borrador-procesos-de-estabilizacion\/#article","isPartOf":{"@id":"https:\/\/www.cgtaragonlarioja.org\/fedens\/informacion-sobre-el-paso-de-profesorado-de-fp-al-cuerpo-de-secundaria-a1-y-borrador-procesos-de-estabilizacion\/"},"author":{"name":"kike","@id":"https:\/\/www.cgtaragonlarioja.org\/fedens\/#\/schema\/person\/dfa7d1616615d62a6d79c9593aa09fc3"},"headline":"INFORMACI\u00d3N SOBRE EL PASO DE PROFESORADO DE FP AL CUERPO DE SECUNDARIA A1 Y BORRADOR PROCESOS DE ESTABILIZACI\u00d3N","datePublished":"2022-04-06T12:05:29+00:00","dateModified":"2022-04-06T12:06:53+00:00","mainEntityOfPage":{"@id":"https:\/\/www.cgtaragonlarioja.org\/fedens\/informacion-sobre-el-paso-de-profesorado-de-fp-al-cuerpo-de-secundaria-a1-y-borrador-procesos-de-estabilizacion\/"},"wordCount":365,"commentCount":0,"publisher":{"@id":"https:\/\/www.cgtaragonlarioja.org\/fedens\/#organization"},"image":{"@id":"https:\/\/www.cgtaragonlarioja.org\/fedens\/informacion-sobre-el-paso-de-profesorado-de-fp-al-cuerpo-de-secundaria-a1-y-borrador-procesos-de-estabilizacion\/#primaryimage"},"thumbnailUrl":"https:\/\/www.cgtaragonlarioja.org\/fedens\/files\/2022\/04\/AL-NUMERO-285-PT-NUMERO-406-PRI-NUMERO-1280-EF-NUMERO-23-EI-NUMERO-757-FI-NUMERO-843-FF-NUMERO-30-MU-NUMERO-88-pdf.jpg","articleSection":["Noticias"],"inLanguage":"es","potentialAction":[{"@type":"CommentAction","name":"Comment","target":["https:\/\/www.cgtaragonlarioja.org\/fedens\/informacion-sobre-el-paso-de-profesorado-de-fp-al-cuerpo-de-secundaria-a1-y-borrador-procesos-de-estabilizacion\/#respond"]}]},{"@type":"WebPage","@id":"https:\/\/www.cgtaragonlarioja.org\/fedens\/informacion-sobre-el-paso-de-profesorado-de-fp-al-cuerpo-de-secundaria-a1-y-borrador-procesos-de-estabilizacion\/","url":"https:\/\/www.cgtaragonlarioja.org\/fedens\/informacion-sobre-el-paso-de-profesorado-de-fp-al-cuerpo-de-secundaria-a1-y-borrador-procesos-de-estabilizacion\/","name":"INFORMACI\u00d3N SOBRE EL PASO DE PROFESORADO DE FP AL CUERPO DE SECUNDARIA A1 Y BORRADOR PROCESOS DE ESTABILIZACI\u00d3N","isPartOf":{"@id":"https:\/\/www.cgtaragonlarioja.org\/fedens\/#website"},"primaryImageOfPage":{"@id":"https:\/\/www.cgtaragonlarioja.org\/fedens\/informacion-sobre-el-paso-de-profesorado-de-fp-al-cuerpo-de-secundaria-a1-y-borrador-procesos-de-estabilizacion\/#primaryimage"},"image":{"@id":"https:\/\/www.cgtaragonlarioja.org\/fedens\/informacion-sobre-el-paso-de-profesorado-de-fp-al-cuerpo-de-secundaria-a1-y-borrador-procesos-de-estabilizacion\/#primaryimage"},"thumbnailUrl":"https:\/\/www.cgtaragonlarioja.org\/fedens\/files\/2022\/04\/AL-NUMERO-285-PT-NUMERO-406-PRI-NUMERO-1280-EF-NUMERO-23-EI-NUMERO-757-FI-NUMERO-843-FF-NUMERO-30-MU-NUMERO-88-pdf.jpg","datePublished":"2022-04-06T12:05:29+00:00","dateModified":"2022-04-06T12:06:53+00:00","description":"Durante el encuentro celebrado esta semana, el Ministerio de Educaci\u00f3n y Formaci\u00f3n Profesional (MEFP) ha presentado una propuesta verbal, que no ha sido","breadcrumb":{"@id":"https:\/\/www.cgtaragonlarioja.org\/fedens\/informacion-sobre-el-paso-de-profesorado-de-fp-al-cuerpo-de-secundaria-a1-y-borrador-procesos-de-estabilizacion\/#breadcrumb"},"inLanguage":"es","potentialAction":[{"@type":"ReadAction","target":["https:\/\/www.cgtaragonlarioja.org\/fedens\/informacion-sobre-el-paso-de-profesorado-de-fp-al-cuerpo-de-secundaria-a1-y-borrador-procesos-de-estabilizacion\/"]}]},{"@type":"ImageObject","inLanguage":"es","@id":"https:\/\/www.cgtaragonlarioja.org\/fedens\/informacion-sobre-el-paso-de-profesorado-de-fp-al-cuerpo-de-secundaria-a1-y-borrador-procesos-de-estabilizacion\/#primaryimage","url":"https:\/\/www.cgtaragonlarioja.org\/fedens\/files\/2022\/04\/AL-NUMERO-285-PT-NUMERO-406-PRI-NUMERO-1280-EF-NUMERO-23-EI-NUMERO-757-FI-NUMERO-843-FF-NUMERO-30-MU-NUMERO-88-pdf.jpg","contentUrl":"https:\/\/www.cgtaragonlarioja.org\/fedens\/files\/2022\/04\/AL-NUMERO-285-PT-NUMERO-406-PRI-NUMERO-1280-EF-NUMERO-23-EI-NUMERO-757-FI-NUMERO-843-FF-NUMERO-30-MU-NUMERO-88-pdf.jpg"},{"@type":"BreadcrumbList","@id":"https:\/\/www.cgtaragonlarioja.org\/fedens\/informacion-sobre-el-paso-de-profesorado-de-fp-al-cuerpo-de-secundaria-a1-y-borrador-procesos-de-estabilizacion\/#breadcrumb","itemListElement":[{"@type":"ListItem","position":1,"name":"Portada","item":"https:\/\/www.cgtaragonlarioja.org\/fedens\/"},{"@type":"ListItem","position":2,"name":"INFORMACI\u00d3N SOBRE EL PASO DE PROFESORADO DE FP AL CUERPO DE SECUNDARIA A1 Y BORRADOR PROCESOS DE ESTABILIZACI\u00d3N"}]},{"@type":"WebSite","@id":"https:\/\/www.cgtaragonlarioja.org\/fedens\/#website","url":"https:\/\/www.cgtaragonlarioja.org\/fedens\/","name":"CGT Arag\u00f3n - La Rioja. ENSE\u00d1ANZA","description":"CONTACTAR: Calatayud-Aranda: 654897973 \/ Huesca: 974238404 \/ Teruel: 978619265 \/ Zaragoza: 976922002","publisher":{"@id":"https:\/\/www.cgtaragonlarioja.org\/fedens\/#organization"},"potentialAction":[{"@type":"SearchAction","target":{"@type":"EntryPoint","urlTemplate":"https:\/\/www.cgtaragonlarioja.org\/fedens\/?s={search_term_string}"},"query-input":{"@type":"PropertyValueSpecification","valueRequired":true,"valueName":"search_term_string"}}],"inLanguage":"es"},{"@type":"Organization","@id":"https:\/\/www.cgtaragonlarioja.org\/fedens\/#organization","name":"CGT Arag\u00f3n y La Rioja - Ense\u00f1anza","url":"https:\/\/www.cgtaragonlarioja.org\/fedens\/","logo":{"@type":"ImageObject","inLanguage":"es","@id":"https:\/\/www.cgtaragonlarioja.org\/fedens\/#\/schema\/logo\/image\/","url":"https:\/\/www.cgtaragonlarioja.org\/fedens\/files\/2021\/02\/logo_cgt_ense_huesca_170x250.png","contentUrl":"https:\/\/www.cgtaragonlarioja.org\/fedens\/files\/2021\/02\/logo_cgt_ense_huesca_170x250.png","width":170,"height":250,"caption":"CGT Arag\u00f3n y La Rioja - Ense\u00f1anza"},"image":{"@id":"https:\/\/www.cgtaragonlarioja.org\/fedens\/#\/schema\/logo\/image\/"},"sameAs":["https:\/\/www.facebook.com\/CGTEnseAragon\/","https:\/\/x.com\/CGTeduAragon"]},{"@type":"Person","@id":"https:\/\/www.cgtaragonlarioja.org\/fedens\/#\/schema\/person\/dfa7d1616615d62a6d79c9593aa09fc3","name":"kike","image":{"@type":"ImageObject","inLanguage":"es","@id":"https:\/\/www.cgtaragonlarioja.org\/fedens\/#\/schema\/person\/image\/","url":"https:\/\/secure.gravatar.com\/avatar\/f1c0788a733c3717c5f8c071e064a9c188df22c90b22388027f4ed27abaa4f3b?s=96&d=mm&r=g","contentUrl":"https:\/\/secure.gravatar.com\/avatar\/f1c0788a733c3717c5f8c071e064a9c188df22c90b22388027f4ed27abaa4f3b?s=96&d=mm&r=g","caption":"kike"},"url":"https:\/\/www.cgtaragonlarioja.org\/fedens\/author\/kike\/"}]}},"_links":{"self":[{"href":"https:\/\/www.cgtaragonlarioja.org\/fedens\/wp-json\/wp\/v2\/posts\/14543","targetHints":{"allow":["GET"]}}],"collection":[{"href":"https:\/\/www.cgtaragonlarioja.org\/fedens\/wp-json\/wp\/v2\/posts"}],"about":[{"href":"https:\/\/www.cgtaragonlarioja.org\/fedens\/wp-json\/wp\/v2\/types\/post"}],"author":[{"embeddable":true,"href":"https:\/\/www.cgtaragonlarioja.org\/fedens\/wp-json\/wp\/v2\/users\/486"}],"replies":[{"embeddable":true,"href":"https:\/\/www.cgtaragonlarioja.org\/fedens\/wp-json\/wp\/v2\/comments?post=14543"}],"version-history":[{"count":2,"href":"https:\/\/www.cgtaragonlarioja.org\/fedens\/wp-json\/wp\/v2\/posts\/14543\/revisions"}],"predecessor-version":[{"id":14547,"href":"https:\/\/www.cgtaragonlarioja.org\/fedens\/wp-json\/wp\/v2\/posts\/14543\/revisions\/14547"}],"wp:featuredmedia":[{"embeddable":true,"href":"https:\/\/www.cgtaragonlarioja.org\/fedens\/wp-json\/wp\/v2\/media\/14545"}],"wp:attachment":[{"href":"https:\/\/www.cgtaragonlarioja.org\/fedens\/wp-json\/wp\/v2\/media?parent=14543"}],"wp:term":[{"taxonomy":"category","embeddable":true,"href":"https:\/\/www.cgtaragonlarioja.org\/fedens\/wp-json\/wp\/v2\/categories?post=14543"},{"taxonomy":"post_tag","embeddable":true,"href":"https:\/\/www.cgtaragonlarioja.org\/fedens\/wp-json\/wp\/v2\/tags?post=14543"}],"curies":[{"name":"wp","href":"https:\/\/api.w.org\/{rel}","templated":true}]}}