{"id":14382,"date":"2022-03-18T22:48:35","date_gmt":"2022-03-18T21:48:35","guid":{"rendered":"https:\/\/www.cgtaragonlarioja.org\/fedens\/?p=14382"},"modified":"2022-03-18T23:03:53","modified_gmt":"2022-03-18T22:03:53","slug":"cgt-logra-dos-delegadas-en-la-fundacion-down","status":"publish","type":"post","link":"https:\/\/www.cgtaragonlarioja.org\/fedens\/cgt-logra-dos-delegadas-en-la-fundacion-down\/","title":{"rendered":"CGT logra dos delegadas en la Fundaci\u00f3n Down"},"content":{"rendered":"<p>Hoy, 18 de marzo se han realizado por primera vez elecciones sindicales en Fundaci\u00f3n Down, iniciativa promovida por la propia Fundaci\u00f3n, en la q se han presentado dos candidaturas para su Comit\u00e9, la de nuestro sindicato CGT y la de OSTA, quien sostiene la mayor representatividad en el sector de personas con diversidad funcional.<\/p>\n<p>La ma\u00f1ana ha transcurrido con tranquilidad y se ha logrado un 83% de participaci\u00f3n. Estamos muy satisfechas de poder anunciar el logro de 2 delegadas a pesar de que OSTA haya conseguido las otras 3.<\/p>\n<p>Felicidades a nuestras 10 compa\u00f1eras que se han presentado en la lista, felicidades por el trabajo y el esfuerzo, llevado a cabo con mucha ilusi\u00f3n, en estas \u00faltimas semanas. Es un comit\u00e9 muy esperado por la plantilla y, aunque quede un largo camino por recorrer, os deseamos grandes acuerdos.<\/p>\n","protected":false},"excerpt":{"rendered":"<p>Hoy, 18 de marzo se han realizado por primera vez elecciones sindicales en Fundaci\u00f3n Down,<\/p>\n","protected":false},"author":486,"featured_media":11657,"comment_status":"open","ping_status":"open","sticky":false,"template":"","format":"standard","meta":{"footnotes":""},"categories":[506,480],"tags":[],"class_list":["post-14382","post","type-post","status-publish","format-standard","has-post-thumbnail","hentry","category-educacion-social","category-noticias"],"yoast_head":"<!-- This site is optimized with the Yoast SEO plugin v26.7 - https:\/\/yoast.com\/wordpress\/plugins\/seo\/ -->\n<title>CGT logra dos delegadas en la Fundaci\u00f3n Down<\/title>\n<meta name=\"description\" content=\"CGT logr\u00e1 dos delegadas en el comit\u00e9 de empresa de la F. Down afianzando su representaci\u00f3n en el sector de &quot;lo social&quot;.\" \/>\n<meta name=\"robots\" content=\"index, follow, max-snippet:-1, max-image-preview:large, max-video-preview:-1\" \/>\n<link rel=\"canonical\" href=\"https:\/\/www.cgtaragonlarioja.org\/fedens\/cgt-logra-dos-delegadas-en-la-fundacion-down\/\" \/>\n<meta property=\"og:locale\" content=\"es_ES\" \/>\n<meta property=\"og:type\" content=\"article\" \/>\n<meta property=\"og:title\" content=\"CGT logra dos delegadas en la Fundaci\u00f3n Down\" \/>\n<meta property=\"og:description\" content=\"CGT logr\u00e1 dos delegadas en el comit\u00e9 de empresa de la F. Down afianzando su representaci\u00f3n en el sector de &quot;lo social&quot;.\" \/>\n<meta property=\"og:url\" content=\"https:\/\/www.cgtaragonlarioja.org\/fedens\/cgt-logra-dos-delegadas-en-la-fundacion-down\/\" \/>\n<meta property=\"og:site_name\" content=\"CGT Arag\u00f3n - La Rioja. ENSE\u00d1ANZA\" \/>\n<meta property=\"article:publisher\" content=\"https:\/\/www.facebook.com\/CGTEnseAragon\/\" \/>\n<meta property=\"article:published_time\" content=\"2022-03-18T21:48:35+00:00\" \/>\n<meta property=\"article:modified_time\" content=\"2022-03-18T22:03:53+00:00\" \/>\n<meta property=\"og:image\" content=\"https:\/\/www.cgtaragonlarioja.org\/fedens\/files\/2021\/03\/E306DF3E-38D9-4A8C-849C-7E0847AD47C1-e1614850138710.jpeg\" \/>\n\t<meta property=\"og:image:width\" content=\"312\" \/>\n\t<meta property=\"og:image:height\" content=\"312\" \/>\n\t<meta property=\"og:image:type\" content=\"image\/jpeg\" \/>\n<meta name=\"author\" content=\"kike\" \/>\n<meta name=\"twitter:card\" content=\"summary_large_image\" \/>\n<meta name=\"twitter:creator\" content=\"@CGTeduAragon\" \/>\n<meta name=\"twitter:site\" content=\"@CGTeduAragon\" \/>\n<meta name=\"twitter:label1\" content=\"Escrito por\" \/>\n\t<meta name=\"twitter:data1\" content=\"kike\" \/>\n\t<meta name=\"twitter:label2\" content=\"Tiempo de lectura\" \/>\n\t<meta name=\"twitter:data2\" content=\"1 minuto\" \/>\n<script type=\"application\/ld+json\" class=\"yoast-schema-graph\">{\"@context\":\"https:\/\/schema.org\",\"@graph\":[{\"@type\":\"Article\",\"@id\":\"https:\/\/www.cgtaragonlarioja.org\/fedens\/cgt-logra-dos-delegadas-en-la-fundacion-down\/#article\",\"isPartOf\":{\"@id\":\"https:\/\/www.cgtaragonlarioja.org\/fedens\/cgt-logra-dos-delegadas-en-la-fundacion-down\/\"},\"author\":{\"name\":\"kike\",\"@id\":\"https:\/\/www.cgtaragonlarioja.org\/fedens\/#\/schema\/person\/dfa7d1616615d62a6d79c9593aa09fc3\"},\"headline\":\"CGT logra dos delegadas en la Fundaci\u00f3n Down\",\"datePublished\":\"2022-03-18T21:48:35+00:00\",\"dateModified\":\"2022-03-18T22:03:53+00:00\",\"mainEntityOfPage\":{\"@id\":\"https:\/\/www.cgtaragonlarioja.org\/fedens\/cgt-logra-dos-delegadas-en-la-fundacion-down\/\"},\"wordCount\":148,\"commentCount\":0,\"publisher\":{\"@id\":\"https:\/\/www.cgtaragonlarioja.org\/fedens\/#organization\"},\"image\":{\"@id\":\"https:\/\/www.cgtaragonlarioja.org\/fedens\/cgt-logra-dos-delegadas-en-la-fundacion-down\/#primaryimage\"},\"thumbnailUrl\":\"https:\/\/www.cgtaragonlarioja.org\/fedens\/files\/2021\/03\/E306DF3E-38D9-4A8C-849C-7E0847AD47C1-e1614850138710.jpeg\",\"articleSection\":[\"Educaci\u00f3n Social\",\"Noticias\"],\"inLanguage\":\"es\",\"potentialAction\":[{\"@type\":\"CommentAction\",\"name\":\"Comment\",\"target\":[\"https:\/\/www.cgtaragonlarioja.org\/fedens\/cgt-logra-dos-delegadas-en-la-fundacion-down\/#respond\"]}]},{\"@type\":\"WebPage\",\"@id\":\"https:\/\/www.cgtaragonlarioja.org\/fedens\/cgt-logra-dos-delegadas-en-la-fundacion-down\/\",\"url\":\"https:\/\/www.cgtaragonlarioja.org\/fedens\/cgt-logra-dos-delegadas-en-la-fundacion-down\/\",\"name\":\"CGT logra dos delegadas en la Fundaci\u00f3n Down\",\"isPartOf\":{\"@id\":\"https:\/\/www.cgtaragonlarioja.org\/fedens\/#website\"},\"primaryImageOfPage\":{\"@id\":\"https:\/\/www.cgtaragonlarioja.org\/fedens\/cgt-logra-dos-delegadas-en-la-fundacion-down\/#primaryimage\"},\"image\":{\"@id\":\"https:\/\/www.cgtaragonlarioja.org\/fedens\/cgt-logra-dos-delegadas-en-la-fundacion-down\/#primaryimage\"},\"thumbnailUrl\":\"https:\/\/www.cgtaragonlarioja.org\/fedens\/files\/2021\/03\/E306DF3E-38D9-4A8C-849C-7E0847AD47C1-e1614850138710.jpeg\",\"datePublished\":\"2022-03-18T21:48:35+00:00\",\"dateModified\":\"2022-03-18T22:03:53+00:00\",\"description\":\"CGT logr\u00e1 dos delegadas en el comit\u00e9 de empresa de la F. Down afianzando su representaci\u00f3n en el sector de \\\"lo social\\\".\",\"breadcrumb\":{\"@id\":\"https:\/\/www.cgtaragonlarioja.org\/fedens\/cgt-logra-dos-delegadas-en-la-fundacion-down\/#breadcrumb\"},\"inLanguage\":\"es\",\"potentialAction\":[{\"@type\":\"ReadAction\",\"target\":[\"https:\/\/www.cgtaragonlarioja.org\/fedens\/cgt-logra-dos-delegadas-en-la-fundacion-down\/\"]}]},{\"@type\":\"ImageObject\",\"inLanguage\":\"es\",\"@id\":\"https:\/\/www.cgtaragonlarioja.org\/fedens\/cgt-logra-dos-delegadas-en-la-fundacion-down\/#primaryimage\",\"url\":\"https:\/\/www.cgtaragonlarioja.org\/fedens\/files\/2021\/03\/E306DF3E-38D9-4A8C-849C-7E0847AD47C1-e1614850138710.jpeg\",\"contentUrl\":\"https:\/\/www.cgtaragonlarioja.org\/fedens\/files\/2021\/03\/E306DF3E-38D9-4A8C-849C-7E0847AD47C1-e1614850138710.jpeg\",\"width\":312,\"height\":312},{\"@type\":\"BreadcrumbList\",\"@id\":\"https:\/\/www.cgtaragonlarioja.org\/fedens\/cgt-logra-dos-delegadas-en-la-fundacion-down\/#breadcrumb\",\"itemListElement\":[{\"@type\":\"ListItem\",\"position\":1,\"name\":\"Portada\",\"item\":\"https:\/\/www.cgtaragonlarioja.org\/fedens\/\"},{\"@type\":\"ListItem\",\"position\":2,\"name\":\"CGT logra dos delegadas en la Fundaci\u00f3n Down\"}]},{\"@type\":\"WebSite\",\"@id\":\"https:\/\/www.cgtaragonlarioja.org\/fedens\/#website\",\"url\":\"https:\/\/www.cgtaragonlarioja.org\/fedens\/\",\"name\":\"CGT Arag\u00f3n - La Rioja. ENSE\u00d1ANZA\",\"description\":\"CONTACTAR: Calatayud-Aranda: 654897973 \/ Huesca: 974238404 \/ Teruel: 978619265 \/ Zaragoza: 976922002\",\"publisher\":{\"@id\":\"https:\/\/www.cgtaragonlarioja.org\/fedens\/#organization\"},\"potentialAction\":[{\"@type\":\"SearchAction\",\"target\":{\"@type\":\"EntryPoint\",\"urlTemplate\":\"https:\/\/www.cgtaragonlarioja.org\/fedens\/?s={search_term_string}\"},\"query-input\":{\"@type\":\"PropertyValueSpecification\",\"valueRequired\":true,\"valueName\":\"search_term_string\"}}],\"inLanguage\":\"es\"},{\"@type\":\"Organization\",\"@id\":\"https:\/\/www.cgtaragonlarioja.org\/fedens\/#organization\",\"name\":\"CGT Arag\u00f3n y La Rioja - Ense\u00f1anza\",\"url\":\"https:\/\/www.cgtaragonlarioja.org\/fedens\/\",\"logo\":{\"@type\":\"ImageObject\",\"inLanguage\":\"es\",\"@id\":\"https:\/\/www.cgtaragonlarioja.org\/fedens\/#\/schema\/logo\/image\/\",\"url\":\"https:\/\/www.cgtaragonlarioja.org\/fedens\/files\/2021\/02\/logo_cgt_ense_huesca_170x250.png\",\"contentUrl\":\"https:\/\/www.cgtaragonlarioja.org\/fedens\/files\/2021\/02\/logo_cgt_ense_huesca_170x250.png\",\"width\":170,\"height\":250,\"caption\":\"CGT Arag\u00f3n y La Rioja - Ense\u00f1anza\"},\"image\":{\"@id\":\"https:\/\/www.cgtaragonlarioja.org\/fedens\/#\/schema\/logo\/image\/\"},\"sameAs\":[\"https:\/\/www.facebook.com\/CGTEnseAragon\/\",\"https:\/\/x.com\/CGTeduAragon\"]},{\"@type\":\"Person\",\"@id\":\"https:\/\/www.cgtaragonlarioja.org\/fedens\/#\/schema\/person\/dfa7d1616615d62a6d79c9593aa09fc3\",\"name\":\"kike\",\"image\":{\"@type\":\"ImageObject\",\"inLanguage\":\"es\",\"@id\":\"https:\/\/www.cgtaragonlarioja.org\/fedens\/#\/schema\/person\/image\/\",\"url\":\"https:\/\/secure.gravatar.com\/avatar\/f1c0788a733c3717c5f8c071e064a9c188df22c90b22388027f4ed27abaa4f3b?s=96&d=mm&r=g\",\"contentUrl\":\"https:\/\/secure.gravatar.com\/avatar\/f1c0788a733c3717c5f8c071e064a9c188df22c90b22388027f4ed27abaa4f3b?s=96&d=mm&r=g\",\"caption\":\"kike\"},\"url\":\"https:\/\/www.cgtaragonlarioja.org\/fedens\/author\/kike\/\"}]}<\/script>\n<!-- \/ Yoast SEO plugin. -->","yoast_head_json":{"title":"CGT logra dos delegadas en la Fundaci\u00f3n Down","description":"CGT logr\u00e1 dos delegadas en el comit\u00e9 de empresa de la F. Down afianzando su representaci\u00f3n en el sector de \"lo social\".","robots":{"index":"index","follow":"follow","max-snippet":"max-snippet:-1","max-image-preview":"max-image-preview:large","max-video-preview":"max-video-preview:-1"},"canonical":"https:\/\/www.cgtaragonlarioja.org\/fedens\/cgt-logra-dos-delegadas-en-la-fundacion-down\/","og_locale":"es_ES","og_type":"article","og_title":"CGT logra dos delegadas en la Fundaci\u00f3n Down","og_description":"CGT logr\u00e1 dos delegadas en el comit\u00e9 de empresa de la F. Down afianzando su representaci\u00f3n en el sector de \"lo social\".","og_url":"https:\/\/www.cgtaragonlarioja.org\/fedens\/cgt-logra-dos-delegadas-en-la-fundacion-down\/","og_site_name":"CGT Arag\u00f3n - La Rioja. ENSE\u00d1ANZA","article_publisher":"https:\/\/www.facebook.com\/CGTEnseAragon\/","article_published_time":"2022-03-18T21:48:35+00:00","article_modified_time":"2022-03-18T22:03:53+00:00","og_image":[{"width":312,"height":312,"url":"https:\/\/www.cgtaragonlarioja.org\/fedens\/files\/2021\/03\/E306DF3E-38D9-4A8C-849C-7E0847AD47C1-e1614850138710.jpeg","type":"image\/jpeg"}],"author":"kike","twitter_card":"summary_large_image","twitter_creator":"@CGTeduAragon","twitter_site":"@CGTeduAragon","twitter_misc":{"Escrito por":"kike","Tiempo de lectura":"1 minuto"},"schema":{"@context":"https:\/\/schema.org","@graph":[{"@type":"Article","@id":"https:\/\/www.cgtaragonlarioja.org\/fedens\/cgt-logra-dos-delegadas-en-la-fundacion-down\/#article","isPartOf":{"@id":"https:\/\/www.cgtaragonlarioja.org\/fedens\/cgt-logra-dos-delegadas-en-la-fundacion-down\/"},"author":{"name":"kike","@id":"https:\/\/www.cgtaragonlarioja.org\/fedens\/#\/schema\/person\/dfa7d1616615d62a6d79c9593aa09fc3"},"headline":"CGT logra dos delegadas en la Fundaci\u00f3n Down","datePublished":"2022-03-18T21:48:35+00:00","dateModified":"2022-03-18T22:03:53+00:00","mainEntityOfPage":{"@id":"https:\/\/www.cgtaragonlarioja.org\/fedens\/cgt-logra-dos-delegadas-en-la-fundacion-down\/"},"wordCount":148,"commentCount":0,"publisher":{"@id":"https:\/\/www.cgtaragonlarioja.org\/fedens\/#organization"},"image":{"@id":"https:\/\/www.cgtaragonlarioja.org\/fedens\/cgt-logra-dos-delegadas-en-la-fundacion-down\/#primaryimage"},"thumbnailUrl":"https:\/\/www.cgtaragonlarioja.org\/fedens\/files\/2021\/03\/E306DF3E-38D9-4A8C-849C-7E0847AD47C1-e1614850138710.jpeg","articleSection":["Educaci\u00f3n Social","Noticias"],"inLanguage":"es","potentialAction":[{"@type":"CommentAction","name":"Comment","target":["https:\/\/www.cgtaragonlarioja.org\/fedens\/cgt-logra-dos-delegadas-en-la-fundacion-down\/#respond"]}]},{"@type":"WebPage","@id":"https:\/\/www.cgtaragonlarioja.org\/fedens\/cgt-logra-dos-delegadas-en-la-fundacion-down\/","url":"https:\/\/www.cgtaragonlarioja.org\/fedens\/cgt-logra-dos-delegadas-en-la-fundacion-down\/","name":"CGT logra dos delegadas en la Fundaci\u00f3n Down","isPartOf":{"@id":"https:\/\/www.cgtaragonlarioja.org\/fedens\/#website"},"primaryImageOfPage":{"@id":"https:\/\/www.cgtaragonlarioja.org\/fedens\/cgt-logra-dos-delegadas-en-la-fundacion-down\/#primaryimage"},"image":{"@id":"https:\/\/www.cgtaragonlarioja.org\/fedens\/cgt-logra-dos-delegadas-en-la-fundacion-down\/#primaryimage"},"thumbnailUrl":"https:\/\/www.cgtaragonlarioja.org\/fedens\/files\/2021\/03\/E306DF3E-38D9-4A8C-849C-7E0847AD47C1-e1614850138710.jpeg","datePublished":"2022-03-18T21:48:35+00:00","dateModified":"2022-03-18T22:03:53+00:00","description":"CGT logr\u00e1 dos delegadas en el comit\u00e9 de empresa de la F. Down afianzando su representaci\u00f3n en el sector de \"lo social\".","breadcrumb":{"@id":"https:\/\/www.cgtaragonlarioja.org\/fedens\/cgt-logra-dos-delegadas-en-la-fundacion-down\/#breadcrumb"},"inLanguage":"es","potentialAction":[{"@type":"ReadAction","target":["https:\/\/www.cgtaragonlarioja.org\/fedens\/cgt-logra-dos-delegadas-en-la-fundacion-down\/"]}]},{"@type":"ImageObject","inLanguage":"es","@id":"https:\/\/www.cgtaragonlarioja.org\/fedens\/cgt-logra-dos-delegadas-en-la-fundacion-down\/#primaryimage","url":"https:\/\/www.cgtaragonlarioja.org\/fedens\/files\/2021\/03\/E306DF3E-38D9-4A8C-849C-7E0847AD47C1-e1614850138710.jpeg","contentUrl":"https:\/\/www.cgtaragonlarioja.org\/fedens\/files\/2021\/03\/E306DF3E-38D9-4A8C-849C-7E0847AD47C1-e1614850138710.jpeg","width":312,"height":312},{"@type":"BreadcrumbList","@id":"https:\/\/www.cgtaragonlarioja.org\/fedens\/cgt-logra-dos-delegadas-en-la-fundacion-down\/#breadcrumb","itemListElement":[{"@type":"ListItem","position":1,"name":"Portada","item":"https:\/\/www.cgtaragonlarioja.org\/fedens\/"},{"@type":"ListItem","position":2,"name":"CGT logra dos delegadas en la Fundaci\u00f3n Down"}]},{"@type":"WebSite","@id":"https:\/\/www.cgtaragonlarioja.org\/fedens\/#website","url":"https:\/\/www.cgtaragonlarioja.org\/fedens\/","name":"CGT Arag\u00f3n - La Rioja. ENSE\u00d1ANZA","description":"CONTACTAR: Calatayud-Aranda: 654897973 \/ Huesca: 974238404 \/ Teruel: 978619265 \/ Zaragoza: 976922002","publisher":{"@id":"https:\/\/www.cgtaragonlarioja.org\/fedens\/#organization"},"potentialAction":[{"@type":"SearchAction","target":{"@type":"EntryPoint","urlTemplate":"https:\/\/www.cgtaragonlarioja.org\/fedens\/?s={search_term_string}"},"query-input":{"@type":"PropertyValueSpecification","valueRequired":true,"valueName":"search_term_string"}}],"inLanguage":"es"},{"@type":"Organization","@id":"https:\/\/www.cgtaragonlarioja.org\/fedens\/#organization","name":"CGT Arag\u00f3n y La Rioja - Ense\u00f1anza","url":"https:\/\/www.cgtaragonlarioja.org\/fedens\/","logo":{"@type":"ImageObject","inLanguage":"es","@id":"https:\/\/www.cgtaragonlarioja.org\/fedens\/#\/schema\/logo\/image\/","url":"https:\/\/www.cgtaragonlarioja.org\/fedens\/files\/2021\/02\/logo_cgt_ense_huesca_170x250.png","contentUrl":"https:\/\/www.cgtaragonlarioja.org\/fedens\/files\/2021\/02\/logo_cgt_ense_huesca_170x250.png","width":170,"height":250,"caption":"CGT Arag\u00f3n y La Rioja - Ense\u00f1anza"},"image":{"@id":"https:\/\/www.cgtaragonlarioja.org\/fedens\/#\/schema\/logo\/image\/"},"sameAs":["https:\/\/www.facebook.com\/CGTEnseAragon\/","https:\/\/x.com\/CGTeduAragon"]},{"@type":"Person","@id":"https:\/\/www.cgtaragonlarioja.org\/fedens\/#\/schema\/person\/dfa7d1616615d62a6d79c9593aa09fc3","name":"kike","image":{"@type":"ImageObject","inLanguage":"es","@id":"https:\/\/www.cgtaragonlarioja.org\/fedens\/#\/schema\/person\/image\/","url":"https:\/\/secure.gravatar.com\/avatar\/f1c0788a733c3717c5f8c071e064a9c188df22c90b22388027f4ed27abaa4f3b?s=96&d=mm&r=g","contentUrl":"https:\/\/secure.gravatar.com\/avatar\/f1c0788a733c3717c5f8c071e064a9c188df22c90b22388027f4ed27abaa4f3b?s=96&d=mm&r=g","caption":"kike"},"url":"https:\/\/www.cgtaragonlarioja.org\/fedens\/author\/kike\/"}]}},"_links":{"self":[{"href":"https:\/\/www.cgtaragonlarioja.org\/fedens\/wp-json\/wp\/v2\/posts\/14382","targetHints":{"allow":["GET"]}}],"collection":[{"href":"https:\/\/www.cgtaragonlarioja.org\/fedens\/wp-json\/wp\/v2\/posts"}],"about":[{"href":"https:\/\/www.cgtaragonlarioja.org\/fedens\/wp-json\/wp\/v2\/types\/post"}],"author":[{"embeddable":true,"href":"https:\/\/www.cgtaragonlarioja.org\/fedens\/wp-json\/wp\/v2\/users\/486"}],"replies":[{"embeddable":true,"href":"https:\/\/www.cgtaragonlarioja.org\/fedens\/wp-json\/wp\/v2\/comments?post=14382"}],"version-history":[{"count":2,"href":"https:\/\/www.cgtaragonlarioja.org\/fedens\/wp-json\/wp\/v2\/posts\/14382\/revisions"}],"predecessor-version":[{"id":14384,"href":"https:\/\/www.cgtaragonlarioja.org\/fedens\/wp-json\/wp\/v2\/posts\/14382\/revisions\/14384"}],"wp:featuredmedia":[{"embeddable":true,"href":"https:\/\/www.cgtaragonlarioja.org\/fedens\/wp-json\/wp\/v2\/media\/11657"}],"wp:attachment":[{"href":"https:\/\/www.cgtaragonlarioja.org\/fedens\/wp-json\/wp\/v2\/media?parent=14382"}],"wp:term":[{"taxonomy":"category","embeddable":true,"href":"https:\/\/www.cgtaragonlarioja.org\/fedens\/wp-json\/wp\/v2\/categories?post=14382"},{"taxonomy":"post_tag","embeddable":true,"href":"https:\/\/www.cgtaragonlarioja.org\/fedens\/wp-json\/wp\/v2\/tags?post=14382"}],"curies":[{"name":"wp","href":"https:\/\/api.w.org\/{rel}","templated":true}]}}