{"id":14334,"date":"2022-03-15T16:19:13","date_gmt":"2022-03-15T15:19:13","guid":{"rendered":"https:\/\/www.cgtaragonlarioja.org\/fedens\/?p=14334"},"modified":"2022-03-16T13:45:04","modified_gmt":"2022-03-16T12:45:04","slug":"criterios-eleccion-tribunales-oposiciones-cuerpo-de-maestros","status":"publish","type":"post","link":"https:\/\/www.cgtaragonlarioja.org\/fedens\/criterios-eleccion-tribunales-oposiciones-cuerpo-de-maestros\/","title":{"rendered":"Criterios elecci\u00f3n tribunales oposiciones Cuerpo de Maestros"},"content":{"rendered":"<p>Os adjuntamos los criterios y flitros para ser nombrado tribunal en el concurso de oposici\u00f3n al Cuerpo de Maestros de este verano.<\/p>\n<p><a href=\"https:\/\/www.cgtaragonlarioja.org\/fedens\/criterios-eleccion-tribunales-oposiciones-cuerpo-de-maestros\/2022-criterios-y-filtros-tribunales-web\/\" rel=\"attachment wp-att-14335\">2022-Criterios y filtros tribunales WEB<\/a><\/p>\n<p>En este <a href=\"https:\/\/educa.aragon.es\/documents\/20126\/379071\/listado+candidatos+WEB.pdf\/d2a53e63-c083-384d-6a33-21a1b7182404?t=1647337333104\">enlace <\/a>pod\u00e9is ver el listado de candidatos y candidatas a ser tribunal.<\/p>\n<p>El sorteo del n\u00famero para ser tribunal ser\u00e1 el pr\u00f3ximo lunes 21 de marzo a las 10:00<\/p>\n<p>Las personas que est\u00e9is dentro de los criterios para no ser Tribunal tendr\u00e9s que alegar seg\u00fan viene en la convocatoria de las oposiciones, a trav\u00e9s de Padooc y con un plazo de 4 d\u00edas h\u00e1biles desde el sorteo:<\/p>\n<p><em><span id=\"page27R_mcid1052\" class=\"markedContent\"><span dir=\"ltr\" role=\"presentation\">5.4. Abstenci\u00f3n y recusaci\u00f3n.<\/span><\/span><span id=\"page27R_mcid1053\" class=\"markedContent\"><br role=\"presentation\" \/><span dir=\"ltr\" role=\"presentation\">Los miembros de los \u00f3rganos de selecci\u00f3n deber\u00e1n abstenerse de intervenir, notific\u00e1n<\/span><\/span><span id=\"page27R_mcid1055\" class=\"markedContent\"><span dir=\"ltr\" role=\"presentation\">dolo, con la debida justificaci\u00f3n documental, a la Direcci\u00f3n General de Personal, quien resol<\/span><\/span><span id=\"page27R_mcid1056\" class=\"markedContent\"><span dir=\"ltr\" role=\"presentation\">v<\/span><\/span><span id=\"page27R_mcid1057\" class=\"markedContent\"><span dir=\"ltr\" role=\"presentation\">er\u00e1 lo que proceda, cuando concurran en ellos alguna de las circunstancias de las previstas <\/span><\/span><span id=\"page27R_mcid1058\" class=\"markedContent\"><span dir=\"ltr\" role=\"presentation\">en el art\u00edculo 23 de la Ley 40\/2015, de 1 de octubre, de R\u00e9gimen Jur\u00eddico del Sector P\u00fablico, <\/span><\/span><span id=\"page27R_mcid1059\" class=\"markedContent\"><span dir=\"ltr\" role=\"presentation\">o si hubiesen realizado tareas de preparaci\u00f3n de aspirantes a pruebas selectivas, para el <\/span><\/span><span id=\"page27R_mcid1060\" class=\"markedContent\"><span dir=\"ltr\" role=\"presentation\">mismo Cuerpo y especialidad, en los cinco a\u00f1os anteriores a la publicaci\u00f3n de la presente <\/span><\/span><span id=\"page27R_mcid1061\" class=\"markedContent\"><span dir=\"ltr\" role=\"presentation\">convocatoria.<\/span><\/span><span id=\"page27R_mcid1062\" class=\"markedContent\"><br role=\"presentation\" \/><span dir=\"ltr\" role=\"presentation\">Las personas que se encuentren incursas en causas de abstenci\u00f3n lo podr\u00e1n alegar en el <\/span><\/span><span id=\"page27R_mcid1063\" class=\"markedContent\"><span dir=\"ltr\" role=\"presentation\">plazo de los cuatro d\u00edas h\u00e1biles posteriores al sorteo indicado en la base 5.2 y se presentar\u00e1n<\/span><\/span><span id=\"page27R_mcid1064\" class=\"markedContent\"><br role=\"presentation\" \/><span dir=\"ltr\" role=\"presentation\">de forma telem\u00e1tica a trav\u00e9s de la aplicaci\u00f3n PADDOC, accediendo a la misma con clave <\/span><\/span><span id=\"page27R_mcid1065\" class=\"markedContent\"><span dir=\"ltr\" role=\"presentation\">permanente o certificado electr\u00f3nico.<\/span><\/span><span id=\"page27R_mcid1066\" class=\"markedContent\"><br role=\"presentation\" \/><span dir=\"ltr\" role=\"presentation\">En todo caso, la Presidencia solicitar\u00e1 a los miembros de los \u00f3rganos de selecci\u00f3n decla<\/span><\/span><span id=\"page27R_mcid1068\" class=\"markedContent\"><span dir=\"ltr\" role=\"presentation\">raci\u00f3n expresa de no hallarse incursos en las circunstancias previstas en el p\u00e1rrafo primero <\/span><\/span><span id=\"page27R_mcid1069\" class=\"markedContent\"><span dir=\"ltr\" role=\"presentation\">de este apartado.<\/span><\/span><span id=\"page27R_mcid1070\" class=\"markedContent\"><br role=\"presentation\" \/><span dir=\"ltr\" role=\"presentation\">Asimismo, los\/as aspirantes podr\u00e1n recusar a los miembros del Tribunal o de la Comisi\u00f3n <\/span><\/span><span id=\"page27R_mcid1071\" class=\"markedContent\"><span dir=\"ltr\" role=\"presentation\">de Selecci\u00f3n cuando entiendan que concurren las circunstancias previstas en el art\u00edculo 24 <\/span><\/span><span id=\"page27R_mcid1072\" class=\"markedContent\"><span dir=\"ltr\" role=\"presentation\">de la Ley 40\/2015, de 1 de octubre, de R\u00e9gimen Jur\u00eddico del Sector P\u00fablico.<\/span><\/span><span id=\"page27R_mcid1073\" class=\"markedContent\"><br role=\"presentation\" \/><span dir=\"ltr\" role=\"presentation\">La Direcci\u00f3n General de Personal publicar\u00e1 en el \u201cBolet\u00edn Oficial de Arag\u00f3n\u201d la Resoluci\u00f3n <\/span><\/span><span id=\"page27R_mcid1074\" class=\"markedContent\"><span dir=\"ltr\" role=\"presentation\">por la que se nombra a los nuevos miembros de los \u00f3rganos de selecci\u00f3n que hayan de sus<\/span><\/span><span id=\"page27R_mcid1076\" class=\"markedContent\"><span dir=\"ltr\" role=\"presentation\">tituir a los que hayan perdido su condici\u00f3n por alguna de las causas previstas en este apar<\/span><\/span><span id=\"page27R_mcid1077\" class=\"markedContent\"><span dir=\"ltr\" role=\"presentation\">t<\/span><\/span><span id=\"page27R_mcid1078\" class=\"markedContent\"><span dir=\"ltr\" role=\"presentation\">ado o por causa de fuerza mayor<\/span><\/span><\/em><\/p>\n","protected":false},"excerpt":{"rendered":"<p>Os adjuntamos los criterios y flitros para ser nombrado tribunal en el concurso de oposici\u00f3n<\/p>\n","protected":false},"author":486,"featured_media":14336,"comment_status":"open","ping_status":"open","sticky":false,"template":"","format":"standard","meta":{"footnotes":""},"categories":[568,480],"tags":[],"class_list":["post-14334","post","type-post","status-publish","format-standard","has-post-thumbnail","hentry","category-interinas","category-noticias"],"yoast_head":"<!-- This site is optimized with the Yoast SEO plugin v26.7 - https:\/\/yoast.com\/wordpress\/plugins\/seo\/ -->\n<title>Criterios elecci\u00f3n tribunales oposiciones Cuerpo de Maestros<\/title>\n<meta name=\"description\" content=\"Publicados los filtros y los candidatos para ser tribunales en las oposiciones del Cuerpo de Maestros.\" \/>\n<meta name=\"robots\" content=\"index, follow, max-snippet:-1, max-image-preview:large, max-video-preview:-1\" \/>\n<link rel=\"canonical\" href=\"https:\/\/www.cgtaragonlarioja.org\/fedens\/criterios-eleccion-tribunales-oposiciones-cuerpo-de-maestros\/\" \/>\n<meta property=\"og:locale\" content=\"es_ES\" \/>\n<meta property=\"og:type\" content=\"article\" \/>\n<meta property=\"og:title\" content=\"Criterios elecci\u00f3n tribunales oposiciones Cuerpo de Maestros\" \/>\n<meta property=\"og:description\" content=\"Publicados los filtros y los candidatos para ser tribunales en las oposiciones del Cuerpo de Maestros.\" \/>\n<meta property=\"og:url\" content=\"https:\/\/www.cgtaragonlarioja.org\/fedens\/criterios-eleccion-tribunales-oposiciones-cuerpo-de-maestros\/\" \/>\n<meta property=\"og:site_name\" content=\"CGT Arag\u00f3n - La Rioja. ENSE\u00d1ANZA\" \/>\n<meta property=\"article:publisher\" content=\"https:\/\/www.facebook.com\/CGTEnseAragon\/\" \/>\n<meta property=\"article:published_time\" content=\"2022-03-15T15:19:13+00:00\" \/>\n<meta property=\"article:modified_time\" content=\"2022-03-16T12:45:04+00:00\" \/>\n<meta property=\"og:image\" content=\"https:\/\/www.cgtaragonlarioja.org\/fedens\/files\/2022\/03\/El-sorteo-para-los-tribunales-de-oposicion-sera-el-lunes-21.png\" \/>\n\t<meta property=\"og:image:width\" content=\"940\" \/>\n\t<meta property=\"og:image:height\" content=\"788\" \/>\n\t<meta property=\"og:image:type\" content=\"image\/png\" \/>\n<meta name=\"author\" content=\"kike\" \/>\n<meta name=\"twitter:card\" content=\"summary_large_image\" \/>\n<meta name=\"twitter:creator\" content=\"@CGTeduAragon\" \/>\n<meta name=\"twitter:site\" content=\"@CGTeduAragon\" \/>\n<meta name=\"twitter:label1\" content=\"Escrito por\" \/>\n\t<meta name=\"twitter:data1\" content=\"kike\" \/>\n\t<meta name=\"twitter:label2\" content=\"Tiempo de lectura\" \/>\n\t<meta name=\"twitter:data2\" content=\"2 minutos\" \/>\n<script type=\"application\/ld+json\" class=\"yoast-schema-graph\">{\"@context\":\"https:\/\/schema.org\",\"@graph\":[{\"@type\":\"Article\",\"@id\":\"https:\/\/www.cgtaragonlarioja.org\/fedens\/criterios-eleccion-tribunales-oposiciones-cuerpo-de-maestros\/#article\",\"isPartOf\":{\"@id\":\"https:\/\/www.cgtaragonlarioja.org\/fedens\/criterios-eleccion-tribunales-oposiciones-cuerpo-de-maestros\/\"},\"author\":{\"name\":\"kike\",\"@id\":\"https:\/\/www.cgtaragonlarioja.org\/fedens\/#\/schema\/person\/dfa7d1616615d62a6d79c9593aa09fc3\"},\"headline\":\"Criterios elecci\u00f3n tribunales oposiciones Cuerpo de Maestros\",\"datePublished\":\"2022-03-15T15:19:13+00:00\",\"dateModified\":\"2022-03-16T12:45:04+00:00\",\"mainEntityOfPage\":{\"@id\":\"https:\/\/www.cgtaragonlarioja.org\/fedens\/criterios-eleccion-tribunales-oposiciones-cuerpo-de-maestros\/\"},\"wordCount\":418,\"commentCount\":0,\"publisher\":{\"@id\":\"https:\/\/www.cgtaragonlarioja.org\/fedens\/#organization\"},\"image\":{\"@id\":\"https:\/\/www.cgtaragonlarioja.org\/fedens\/criterios-eleccion-tribunales-oposiciones-cuerpo-de-maestros\/#primaryimage\"},\"thumbnailUrl\":\"https:\/\/www.cgtaragonlarioja.org\/fedens\/files\/2022\/03\/El-sorteo-para-los-tribunales-de-oposicion-sera-el-lunes-21.png\",\"articleSection\":[\"Interinas\",\"Noticias\"],\"inLanguage\":\"es\",\"potentialAction\":[{\"@type\":\"CommentAction\",\"name\":\"Comment\",\"target\":[\"https:\/\/www.cgtaragonlarioja.org\/fedens\/criterios-eleccion-tribunales-oposiciones-cuerpo-de-maestros\/#respond\"]}]},{\"@type\":\"WebPage\",\"@id\":\"https:\/\/www.cgtaragonlarioja.org\/fedens\/criterios-eleccion-tribunales-oposiciones-cuerpo-de-maestros\/\",\"url\":\"https:\/\/www.cgtaragonlarioja.org\/fedens\/criterios-eleccion-tribunales-oposiciones-cuerpo-de-maestros\/\",\"name\":\"Criterios elecci\u00f3n tribunales oposiciones Cuerpo de Maestros\",\"isPartOf\":{\"@id\":\"https:\/\/www.cgtaragonlarioja.org\/fedens\/#website\"},\"primaryImageOfPage\":{\"@id\":\"https:\/\/www.cgtaragonlarioja.org\/fedens\/criterios-eleccion-tribunales-oposiciones-cuerpo-de-maestros\/#primaryimage\"},\"image\":{\"@id\":\"https:\/\/www.cgtaragonlarioja.org\/fedens\/criterios-eleccion-tribunales-oposiciones-cuerpo-de-maestros\/#primaryimage\"},\"thumbnailUrl\":\"https:\/\/www.cgtaragonlarioja.org\/fedens\/files\/2022\/03\/El-sorteo-para-los-tribunales-de-oposicion-sera-el-lunes-21.png\",\"datePublished\":\"2022-03-15T15:19:13+00:00\",\"dateModified\":\"2022-03-16T12:45:04+00:00\",\"description\":\"Publicados los filtros y los candidatos para ser tribunales en las oposiciones del Cuerpo de Maestros.\",\"breadcrumb\":{\"@id\":\"https:\/\/www.cgtaragonlarioja.org\/fedens\/criterios-eleccion-tribunales-oposiciones-cuerpo-de-maestros\/#breadcrumb\"},\"inLanguage\":\"es\",\"potentialAction\":[{\"@type\":\"ReadAction\",\"target\":[\"https:\/\/www.cgtaragonlarioja.org\/fedens\/criterios-eleccion-tribunales-oposiciones-cuerpo-de-maestros\/\"]}]},{\"@type\":\"ImageObject\",\"inLanguage\":\"es\",\"@id\":\"https:\/\/www.cgtaragonlarioja.org\/fedens\/criterios-eleccion-tribunales-oposiciones-cuerpo-de-maestros\/#primaryimage\",\"url\":\"https:\/\/www.cgtaragonlarioja.org\/fedens\/files\/2022\/03\/El-sorteo-para-los-tribunales-de-oposicion-sera-el-lunes-21.png\",\"contentUrl\":\"https:\/\/www.cgtaragonlarioja.org\/fedens\/files\/2022\/03\/El-sorteo-para-los-tribunales-de-oposicion-sera-el-lunes-21.png\",\"width\":940,\"height\":788},{\"@type\":\"BreadcrumbList\",\"@id\":\"https:\/\/www.cgtaragonlarioja.org\/fedens\/criterios-eleccion-tribunales-oposiciones-cuerpo-de-maestros\/#breadcrumb\",\"itemListElement\":[{\"@type\":\"ListItem\",\"position\":1,\"name\":\"Portada\",\"item\":\"https:\/\/www.cgtaragonlarioja.org\/fedens\/\"},{\"@type\":\"ListItem\",\"position\":2,\"name\":\"Criterios elecci\u00f3n tribunales oposiciones Cuerpo de Maestros\"}]},{\"@type\":\"WebSite\",\"@id\":\"https:\/\/www.cgtaragonlarioja.org\/fedens\/#website\",\"url\":\"https:\/\/www.cgtaragonlarioja.org\/fedens\/\",\"name\":\"CGT Arag\u00f3n - La Rioja. ENSE\u00d1ANZA\",\"description\":\"CONTACTAR: Calatayud-Aranda: 654897973 \/ Huesca: 974238404 \/ Teruel: 978619265 \/ Zaragoza: 976922002\",\"publisher\":{\"@id\":\"https:\/\/www.cgtaragonlarioja.org\/fedens\/#organization\"},\"potentialAction\":[{\"@type\":\"SearchAction\",\"target\":{\"@type\":\"EntryPoint\",\"urlTemplate\":\"https:\/\/www.cgtaragonlarioja.org\/fedens\/?s={search_term_string}\"},\"query-input\":{\"@type\":\"PropertyValueSpecification\",\"valueRequired\":true,\"valueName\":\"search_term_string\"}}],\"inLanguage\":\"es\"},{\"@type\":\"Organization\",\"@id\":\"https:\/\/www.cgtaragonlarioja.org\/fedens\/#organization\",\"name\":\"CGT Arag\u00f3n y La Rioja - Ense\u00f1anza\",\"url\":\"https:\/\/www.cgtaragonlarioja.org\/fedens\/\",\"logo\":{\"@type\":\"ImageObject\",\"inLanguage\":\"es\",\"@id\":\"https:\/\/www.cgtaragonlarioja.org\/fedens\/#\/schema\/logo\/image\/\",\"url\":\"https:\/\/www.cgtaragonlarioja.org\/fedens\/files\/2021\/02\/logo_cgt_ense_huesca_170x250.png\",\"contentUrl\":\"https:\/\/www.cgtaragonlarioja.org\/fedens\/files\/2021\/02\/logo_cgt_ense_huesca_170x250.png\",\"width\":170,\"height\":250,\"caption\":\"CGT Arag\u00f3n y La Rioja - Ense\u00f1anza\"},\"image\":{\"@id\":\"https:\/\/www.cgtaragonlarioja.org\/fedens\/#\/schema\/logo\/image\/\"},\"sameAs\":[\"https:\/\/www.facebook.com\/CGTEnseAragon\/\",\"https:\/\/x.com\/CGTeduAragon\"]},{\"@type\":\"Person\",\"@id\":\"https:\/\/www.cgtaragonlarioja.org\/fedens\/#\/schema\/person\/dfa7d1616615d62a6d79c9593aa09fc3\",\"name\":\"kike\",\"image\":{\"@type\":\"ImageObject\",\"inLanguage\":\"es\",\"@id\":\"https:\/\/www.cgtaragonlarioja.org\/fedens\/#\/schema\/person\/image\/\",\"url\":\"https:\/\/secure.gravatar.com\/avatar\/f1c0788a733c3717c5f8c071e064a9c188df22c90b22388027f4ed27abaa4f3b?s=96&d=mm&r=g\",\"contentUrl\":\"https:\/\/secure.gravatar.com\/avatar\/f1c0788a733c3717c5f8c071e064a9c188df22c90b22388027f4ed27abaa4f3b?s=96&d=mm&r=g\",\"caption\":\"kike\"},\"url\":\"https:\/\/www.cgtaragonlarioja.org\/fedens\/author\/kike\/\"}]}<\/script>\n<!-- \/ Yoast SEO plugin. -->","yoast_head_json":{"title":"Criterios elecci\u00f3n tribunales oposiciones Cuerpo de Maestros","description":"Publicados los filtros y los candidatos para ser tribunales en las oposiciones del Cuerpo de Maestros.","robots":{"index":"index","follow":"follow","max-snippet":"max-snippet:-1","max-image-preview":"max-image-preview:large","max-video-preview":"max-video-preview:-1"},"canonical":"https:\/\/www.cgtaragonlarioja.org\/fedens\/criterios-eleccion-tribunales-oposiciones-cuerpo-de-maestros\/","og_locale":"es_ES","og_type":"article","og_title":"Criterios elecci\u00f3n tribunales oposiciones Cuerpo de Maestros","og_description":"Publicados los filtros y los candidatos para ser tribunales en las oposiciones del Cuerpo de Maestros.","og_url":"https:\/\/www.cgtaragonlarioja.org\/fedens\/criterios-eleccion-tribunales-oposiciones-cuerpo-de-maestros\/","og_site_name":"CGT Arag\u00f3n - La Rioja. ENSE\u00d1ANZA","article_publisher":"https:\/\/www.facebook.com\/CGTEnseAragon\/","article_published_time":"2022-03-15T15:19:13+00:00","article_modified_time":"2022-03-16T12:45:04+00:00","og_image":[{"width":940,"height":788,"url":"https:\/\/www.cgtaragonlarioja.org\/fedens\/files\/2022\/03\/El-sorteo-para-los-tribunales-de-oposicion-sera-el-lunes-21.png","type":"image\/png"}],"author":"kike","twitter_card":"summary_large_image","twitter_creator":"@CGTeduAragon","twitter_site":"@CGTeduAragon","twitter_misc":{"Escrito por":"kike","Tiempo de lectura":"2 minutos"},"schema":{"@context":"https:\/\/schema.org","@graph":[{"@type":"Article","@id":"https:\/\/www.cgtaragonlarioja.org\/fedens\/criterios-eleccion-tribunales-oposiciones-cuerpo-de-maestros\/#article","isPartOf":{"@id":"https:\/\/www.cgtaragonlarioja.org\/fedens\/criterios-eleccion-tribunales-oposiciones-cuerpo-de-maestros\/"},"author":{"name":"kike","@id":"https:\/\/www.cgtaragonlarioja.org\/fedens\/#\/schema\/person\/dfa7d1616615d62a6d79c9593aa09fc3"},"headline":"Criterios elecci\u00f3n tribunales oposiciones Cuerpo de Maestros","datePublished":"2022-03-15T15:19:13+00:00","dateModified":"2022-03-16T12:45:04+00:00","mainEntityOfPage":{"@id":"https:\/\/www.cgtaragonlarioja.org\/fedens\/criterios-eleccion-tribunales-oposiciones-cuerpo-de-maestros\/"},"wordCount":418,"commentCount":0,"publisher":{"@id":"https:\/\/www.cgtaragonlarioja.org\/fedens\/#organization"},"image":{"@id":"https:\/\/www.cgtaragonlarioja.org\/fedens\/criterios-eleccion-tribunales-oposiciones-cuerpo-de-maestros\/#primaryimage"},"thumbnailUrl":"https:\/\/www.cgtaragonlarioja.org\/fedens\/files\/2022\/03\/El-sorteo-para-los-tribunales-de-oposicion-sera-el-lunes-21.png","articleSection":["Interinas","Noticias"],"inLanguage":"es","potentialAction":[{"@type":"CommentAction","name":"Comment","target":["https:\/\/www.cgtaragonlarioja.org\/fedens\/criterios-eleccion-tribunales-oposiciones-cuerpo-de-maestros\/#respond"]}]},{"@type":"WebPage","@id":"https:\/\/www.cgtaragonlarioja.org\/fedens\/criterios-eleccion-tribunales-oposiciones-cuerpo-de-maestros\/","url":"https:\/\/www.cgtaragonlarioja.org\/fedens\/criterios-eleccion-tribunales-oposiciones-cuerpo-de-maestros\/","name":"Criterios elecci\u00f3n tribunales oposiciones Cuerpo de Maestros","isPartOf":{"@id":"https:\/\/www.cgtaragonlarioja.org\/fedens\/#website"},"primaryImageOfPage":{"@id":"https:\/\/www.cgtaragonlarioja.org\/fedens\/criterios-eleccion-tribunales-oposiciones-cuerpo-de-maestros\/#primaryimage"},"image":{"@id":"https:\/\/www.cgtaragonlarioja.org\/fedens\/criterios-eleccion-tribunales-oposiciones-cuerpo-de-maestros\/#primaryimage"},"thumbnailUrl":"https:\/\/www.cgtaragonlarioja.org\/fedens\/files\/2022\/03\/El-sorteo-para-los-tribunales-de-oposicion-sera-el-lunes-21.png","datePublished":"2022-03-15T15:19:13+00:00","dateModified":"2022-03-16T12:45:04+00:00","description":"Publicados los filtros y los candidatos para ser tribunales en las oposiciones del Cuerpo de Maestros.","breadcrumb":{"@id":"https:\/\/www.cgtaragonlarioja.org\/fedens\/criterios-eleccion-tribunales-oposiciones-cuerpo-de-maestros\/#breadcrumb"},"inLanguage":"es","potentialAction":[{"@type":"ReadAction","target":["https:\/\/www.cgtaragonlarioja.org\/fedens\/criterios-eleccion-tribunales-oposiciones-cuerpo-de-maestros\/"]}]},{"@type":"ImageObject","inLanguage":"es","@id":"https:\/\/www.cgtaragonlarioja.org\/fedens\/criterios-eleccion-tribunales-oposiciones-cuerpo-de-maestros\/#primaryimage","url":"https:\/\/www.cgtaragonlarioja.org\/fedens\/files\/2022\/03\/El-sorteo-para-los-tribunales-de-oposicion-sera-el-lunes-21.png","contentUrl":"https:\/\/www.cgtaragonlarioja.org\/fedens\/files\/2022\/03\/El-sorteo-para-los-tribunales-de-oposicion-sera-el-lunes-21.png","width":940,"height":788},{"@type":"BreadcrumbList","@id":"https:\/\/www.cgtaragonlarioja.org\/fedens\/criterios-eleccion-tribunales-oposiciones-cuerpo-de-maestros\/#breadcrumb","itemListElement":[{"@type":"ListItem","position":1,"name":"Portada","item":"https:\/\/www.cgtaragonlarioja.org\/fedens\/"},{"@type":"ListItem","position":2,"name":"Criterios elecci\u00f3n tribunales oposiciones Cuerpo de Maestros"}]},{"@type":"WebSite","@id":"https:\/\/www.cgtaragonlarioja.org\/fedens\/#website","url":"https:\/\/www.cgtaragonlarioja.org\/fedens\/","name":"CGT Arag\u00f3n - La Rioja. ENSE\u00d1ANZA","description":"CONTACTAR: Calatayud-Aranda: 654897973 \/ Huesca: 974238404 \/ Teruel: 978619265 \/ Zaragoza: 976922002","publisher":{"@id":"https:\/\/www.cgtaragonlarioja.org\/fedens\/#organization"},"potentialAction":[{"@type":"SearchAction","target":{"@type":"EntryPoint","urlTemplate":"https:\/\/www.cgtaragonlarioja.org\/fedens\/?s={search_term_string}"},"query-input":{"@type":"PropertyValueSpecification","valueRequired":true,"valueName":"search_term_string"}}],"inLanguage":"es"},{"@type":"Organization","@id":"https:\/\/www.cgtaragonlarioja.org\/fedens\/#organization","name":"CGT Arag\u00f3n y La Rioja - Ense\u00f1anza","url":"https:\/\/www.cgtaragonlarioja.org\/fedens\/","logo":{"@type":"ImageObject","inLanguage":"es","@id":"https:\/\/www.cgtaragonlarioja.org\/fedens\/#\/schema\/logo\/image\/","url":"https:\/\/www.cgtaragonlarioja.org\/fedens\/files\/2021\/02\/logo_cgt_ense_huesca_170x250.png","contentUrl":"https:\/\/www.cgtaragonlarioja.org\/fedens\/files\/2021\/02\/logo_cgt_ense_huesca_170x250.png","width":170,"height":250,"caption":"CGT Arag\u00f3n y La Rioja - Ense\u00f1anza"},"image":{"@id":"https:\/\/www.cgtaragonlarioja.org\/fedens\/#\/schema\/logo\/image\/"},"sameAs":["https:\/\/www.facebook.com\/CGTEnseAragon\/","https:\/\/x.com\/CGTeduAragon"]},{"@type":"Person","@id":"https:\/\/www.cgtaragonlarioja.org\/fedens\/#\/schema\/person\/dfa7d1616615d62a6d79c9593aa09fc3","name":"kike","image":{"@type":"ImageObject","inLanguage":"es","@id":"https:\/\/www.cgtaragonlarioja.org\/fedens\/#\/schema\/person\/image\/","url":"https:\/\/secure.gravatar.com\/avatar\/f1c0788a733c3717c5f8c071e064a9c188df22c90b22388027f4ed27abaa4f3b?s=96&d=mm&r=g","contentUrl":"https:\/\/secure.gravatar.com\/avatar\/f1c0788a733c3717c5f8c071e064a9c188df22c90b22388027f4ed27abaa4f3b?s=96&d=mm&r=g","caption":"kike"},"url":"https:\/\/www.cgtaragonlarioja.org\/fedens\/author\/kike\/"}]}},"_links":{"self":[{"href":"https:\/\/www.cgtaragonlarioja.org\/fedens\/wp-json\/wp\/v2\/posts\/14334","targetHints":{"allow":["GET"]}}],"collection":[{"href":"https:\/\/www.cgtaragonlarioja.org\/fedens\/wp-json\/wp\/v2\/posts"}],"about":[{"href":"https:\/\/www.cgtaragonlarioja.org\/fedens\/wp-json\/wp\/v2\/types\/post"}],"author":[{"embeddable":true,"href":"https:\/\/www.cgtaragonlarioja.org\/fedens\/wp-json\/wp\/v2\/users\/486"}],"replies":[{"embeddable":true,"href":"https:\/\/www.cgtaragonlarioja.org\/fedens\/wp-json\/wp\/v2\/comments?post=14334"}],"version-history":[{"count":4,"href":"https:\/\/www.cgtaragonlarioja.org\/fedens\/wp-json\/wp\/v2\/posts\/14334\/revisions"}],"predecessor-version":[{"id":14345,"href":"https:\/\/www.cgtaragonlarioja.org\/fedens\/wp-json\/wp\/v2\/posts\/14334\/revisions\/14345"}],"wp:featuredmedia":[{"embeddable":true,"href":"https:\/\/www.cgtaragonlarioja.org\/fedens\/wp-json\/wp\/v2\/media\/14336"}],"wp:attachment":[{"href":"https:\/\/www.cgtaragonlarioja.org\/fedens\/wp-json\/wp\/v2\/media?parent=14334"}],"wp:term":[{"taxonomy":"category","embeddable":true,"href":"https:\/\/www.cgtaragonlarioja.org\/fedens\/wp-json\/wp\/v2\/categories?post=14334"},{"taxonomy":"post_tag","embeddable":true,"href":"https:\/\/www.cgtaragonlarioja.org\/fedens\/wp-json\/wp\/v2\/tags?post=14334"}],"curies":[{"name":"wp","href":"https:\/\/api.w.org\/{rel}","templated":true}]}}