{"id":14330,"date":"2022-03-15T13:59:07","date_gmt":"2022-03-15T12:59:07","guid":{"rendered":"https:\/\/www.cgtaragonlarioja.org\/fedens\/?p=14330"},"modified":"2022-03-15T13:59:07","modified_gmt":"2022-03-15T12:59:07","slug":"cambiar-la-mirada-para-ejercer-una-practica-docente-feminista","status":"publish","type":"post","link":"https:\/\/www.cgtaragonlarioja.org\/fedens\/cambiar-la-mirada-para-ejercer-una-practica-docente-feminista\/","title":{"rendered":"Cambiar la mirada para ejercer una pr\u00e1ctica docente feminista"},"content":{"rendered":"<p style=\"text-align: right\">FOTO: Fuhem<\/p>\n<p><strong>\u00bfHay machismo en el d\u00eda a d\u00eda de los centros educativos? \u00bfQu\u00e9 situaciones identificamos que se podr\u00edan y deber\u00edan erradicar? \u00bfQu\u00e9 podemos hacer como profesionales de la educaci\u00f3n?<\/strong><\/p>\n<p><strong>MARA NIETO<\/strong><\/p>\n<p>Pensemos en un d\u00eda cualquiera en un instituto. Empieza la jornada, el alumnado recorre los pasillos de un centro educativo que se encuentra abarrotado a primera hora. Mientras se dirigen a clase, interact\u00faan entre s\u00ed, \u00bfc\u00f3mo son esas interacciones? Puede que haya grupos claramente definidos y separados de chicos y chicas. Puede ser que los chicos se est\u00e9n riendo o que compartan con sus compa\u00f1eros y compa\u00f1eras una an\u00e9cdota del d\u00eda anterior. O puede que \u201cjueguen\u201d a empujarse unos a otros o a comentar entre ellos la foto de Instagram que subi\u00f3 ayer una de sus compa\u00f1eras. Puede que las chicas est\u00e9n hablando entre ellas, contando algo que les ha pasado o jugando a algo. Puede que chicos, chicas y personas no binarias est\u00e9n mezcladas y que interact\u00faen, por ejemplo, meti\u00e9ndose unos con otras o ellos toc\u00e1ndoles el cuerpo u opinando sobre sus cuerpos sin consentimiento, o puede que las interacciones que existen sean respetuosas e impere una actitud de cuidados.<\/p>\n<p>Si nos trasladamos a un colegio de educaci\u00f3n primaria o una escuela infantil, \u00bfc\u00f3mo se comportan los ni\u00f1os y las ni\u00f1as? Podemos reflexionar sobre el tipo de ropa que llevan, los colores que predominan, qu\u00e9 espacios ocupan ni\u00f1os y ni\u00f1as y c\u00f3mo, qu\u00e9 estilos de juego tienen, c\u00f3mo es el lenguaje que utilizan, c\u00f3mo interact\u00faan entre s\u00ed, etc.<br \/>\nIncluso en un centro de Formaci\u00f3n Profesional o en uno de educaci\u00f3n para personas adultas, \u00bfqu\u00e9 diferencias vemos en los estilos de participaci\u00f3n, en el tipo de comportamientos o en los roles en el aula?<\/p>\n<p>\u00bfC\u00f3mo es un d\u00eda cualquiera en tu centro? Te propongo que llegues una ma\u00f1ana y adoptes una actitud de curiosidad. Como si fuera la primera vez que pisas un centro educativo. Incluso como si fuera la primera vez que pisas La Tierra y no supieras nada de c\u00f3mo nos comportamos. \u00bfC\u00f3mo son las personas que ves? \u00bfC\u00f3mo son sus interacciones? Con actitud de apertura y curiosidad podemos darnos cuenta de cosas que normalmente nos pasan desapercibidas, tanto positivas como negativas.<\/p>\n<p>Hay muchas peque\u00f1as cosas, peque\u00f1as se\u00f1ales, que nos hablan del nivel de machismo que nos rodea. Sigue estando muy presente en todos los \u00e1mbitos y edades. Lo interesante es tomar conciencia de todas esas se\u00f1ales para poder cambiarlas. Por eso es importante que dediquemos tiempo y nos paremos a observar con esta mirada de quien quiere descubrir qu\u00e9 ocurre, para poder reflexionar a partir de lo que vemos.<\/p>\n<p>Si asumimos que el machismo impregna todos los \u00e1mbitos de nuestras vidas, aunque trabajemos para que no sea as\u00ed, es evidente que el \u00e1mbito educativo no se salva. Puede haber machismo en los libros que utilizamos, en el lenguaje con el que nos referimos a nuestro alumnado, en los materiales y las im\u00e1genes que elegimos, en las actividades que proponemos, en c\u00f3mo interactuamos con el profesorado, con las familias, con el alumnado o en c\u00f3mo evaluamos\u2026 S\u00ed, s\u00ed. En c\u00f3mo evaluamos. Aceptar el error como parte del proceso de aprendizaje, por ejemplo, dice mucho de c\u00f3mo entendemos la educaci\u00f3n, pero tambi\u00e9n de c\u00f3mo pensamos el mundo en t\u00e9rminos de cuidados y de respeto, si decidimos castigar o decidimos ayudar. En c\u00f3mo gestionamos la convivencia y los conflictos, en c\u00f3mo fomentamos o no la participaci\u00f3n del alumnado, o en c\u00f3mo aceptamos o no la diversidad tambi\u00e9n encontramos se\u00f1ales. \u00bfQu\u00e9 tipo de intervenciones y medidas ponemos en marcha cuando hay alg\u00fan conflicto? \u00bfOptamos por sanciones y expulsiones o, por el contrario, por medidas de reparaci\u00f3n y reflexi\u00f3n? \u00bfEl alumnado tiene voz y voto en las decisiones del d\u00eda a d\u00eda que le afectan? \u00bfC\u00f3mo recibimos las distintas diversidades (de capacidades, de origen, de orientaciones sexuales, de g\u00e9nero, etc.), y c\u00f3mo las tratamos en el aula? En definitiva, c\u00f3mo nos dirigimos a ellos y ellas cuando les pedimos alguna tarea, c\u00f3mo interactuamos y fomentamos que interact\u00faen entre s\u00ed, y c\u00f3mo les se\u00f1alamos alguna conducta, dice mucho de si entendemos las relaciones en t\u00e9rminos de escucha, respeto y, en definitiva, con una mirada pedag\u00f3gica de cuidados.<\/p>\n<p>Tambi\u00e9n hay mucha pedagog\u00eda en c\u00f3mo transmitimos nuestros deseos y necesidades, y c\u00f3mo educamos al alumnado para que los identifiquen y comuniquen, lo que tambi\u00e9n influye en que se den pr\u00e1cticas en el aula m\u00e1s cuidadosas y feministas o no. Una cuesti\u00f3n esencial desde la pedagog\u00eda feminista y la atenci\u00f3n a c\u00f3mo son nuestras interacciones y qu\u00e9 aprendizajes promovemos en torno a \u00e9stas tiene que ver con el consentimiento, que va m\u00e1s all\u00e1 del \u00e1mbito de lo sexual. El consentimiento tiene que ver con c\u00f3mo expresamos y atendemos lo que deseamos y c\u00f3mo gestionamos los deseos del resto. Y este es un enfoque que, desde esa pedagog\u00eda de los cuidados de la que hablamos, tambi\u00e9n es necesario revisar en la escuela.<\/p>\n<p>Tambi\u00e9n podemos darnos cuenta, con esa mirada curiosa, de otras se\u00f1ales que nos informan de buenas pr\u00e1cticas, de aspectos positivos que ya est\u00e1n en marcha y que ser\u00e1n indispensables para caminar hacia un mundo m\u00e1s feminista. Todas esas otras peque\u00f1as se\u00f1ales, como un abrazo, una actitud de cuidados hacia una persona, una actitud de respeto hacia los procesos de aprendizaje del alumnado, una actividad cooperativa, un proyecto de investigaci\u00f3n en grupo sobre la justicia social\u2026 Podemos entrenarnos para mirar tambi\u00e9n todas esas situaciones y ponerlas en valor, y darles el espacio central que necesitamos que tengan en la escuela para transformar la sociedad.<\/p>\n<p>En mi opini\u00f3n, si tuviera que se\u00f1alar qu\u00e9 aspectos son fundamentales para desarrollar pr\u00e1cticas educativas y pedagog\u00edas m\u00e1s feministas, dir\u00eda que son principalmente dos que, adem\u00e1s, est\u00e1n sumamente interrelacionados. Uno tiene que ver con la mirada curiosa y su entrenamiento, en lo que tiene un papel esencial la formaci\u00f3n al respecto. El segundo tiene que ver con los procesos de reflexi\u00f3n sobre nuestra pr\u00e1ctica. Planteo que son dos cuestiones interrelacionadas porque no podemos tener una sin la otra: necesitamos formarnos en pedagog\u00edas feministas para entrenar nuestra mirada, reflexionar y probar nuevas pr\u00e1cticas, y necesitamos reflexionar sobre nuestra pr\u00e1ctica para darnos cuenta de que necesitamos seguir form\u00e1ndonos e identificar todo aquello que se nos pasa por alto, para transformarlo.<\/p>\n<p>Por tanto, animar\u00eda a toda persona que se dedique al \u00e1mbito educativo a indagar, a cuestionarse y reflexionar sobre la propia pr\u00e1ctica y a formarse. Todo ello para seguir entrenando esa mirada que nos puede ayudar, en el d\u00eda a d\u00eda, a erradicar y transformar el machismo, y a potenciar esas peque\u00f1as acciones que van en la l\u00ednea de una pedagog\u00eda feminista inclusiva, interseccional y respetuosa con las personas y el resto de seres.<\/p>\n<p><strong>Este art\u00edculo fue originalmente publicado en <a href=\"https:\/\/eldiariodelaeducacion.com\/2022\/03\/08\/cambiar-la-mirada-para-ejercer-una-practica-docente-feminista\/\" target=\"_blank\" rel=\"noopener\">eldiariodelaeducacion.com<\/a><\/strong><\/p>\n","protected":false},"excerpt":{"rendered":"<p>FOTO: Fuhem \u00bfHay machismo en el d\u00eda a d\u00eda de los centros educativos? \u00bfQu\u00e9 situaciones<\/p>\n","protected":false},"author":854,"featured_media":14331,"comment_status":"open","ping_status":"open","sticky":false,"template":"","format":"standard","meta":{"footnotes":""},"categories":[504],"tags":[],"class_list":["post-14330","post","type-post","status-publish","format-standard","has-post-thumbnail","hentry","category-a-debate"],"yoast_head":"<!-- This site is optimized with the Yoast SEO plugin v26.7 - https:\/\/yoast.com\/wordpress\/plugins\/seo\/ -->\n<title>Cambiar la mirada para ejercer una pr\u00e1ctica docente feminista<\/title>\n<meta name=\"description\" content=\"FOTO: Fuhem \u00bfHay machismo en el d\u00eda a d\u00eda de los centros educativos? \u00bfQu\u00e9 situaciones identificamos que se podr\u00edan y deber\u00edan erradicar? \u00bfQu\u00e9 podemos\" \/>\n<meta name=\"robots\" content=\"index, follow, max-snippet:-1, max-image-preview:large, max-video-preview:-1\" \/>\n<link rel=\"canonical\" href=\"https:\/\/www.cgtaragonlarioja.org\/fedens\/cambiar-la-mirada-para-ejercer-una-practica-docente-feminista\/\" \/>\n<meta property=\"og:locale\" content=\"es_ES\" \/>\n<meta property=\"og:type\" content=\"article\" \/>\n<meta property=\"og:title\" content=\"Cambiar la mirada para ejercer una pr\u00e1ctica docente feminista\" \/>\n<meta property=\"og:description\" content=\"FOTO: Fuhem \u00bfHay machismo en el d\u00eda a d\u00eda de los centros educativos? \u00bfQu\u00e9 situaciones identificamos que se podr\u00edan y deber\u00edan erradicar? \u00bfQu\u00e9 podemos\" \/>\n<meta property=\"og:url\" content=\"https:\/\/www.cgtaragonlarioja.org\/fedens\/cambiar-la-mirada-para-ejercer-una-practica-docente-feminista\/\" \/>\n<meta property=\"og:site_name\" content=\"CGT Arag\u00f3n - La Rioja. ENSE\u00d1ANZA\" \/>\n<meta property=\"article:publisher\" content=\"https:\/\/www.facebook.com\/CGTEnseAragon\/\" \/>\n<meta property=\"article:published_time\" content=\"2022-03-15T12:59:07+00:00\" \/>\n<meta property=\"og:image\" content=\"https:\/\/www.cgtaragonlarioja.org\/fedens\/files\/2022\/03\/Hipatia_8_marzo_2020-1024x576-1.jpg\" \/>\n\t<meta property=\"og:image:width\" content=\"1024\" \/>\n\t<meta property=\"og:image:height\" content=\"576\" \/>\n\t<meta property=\"og:image:type\" content=\"image\/jpeg\" \/>\n<meta name=\"author\" content=\"CGT Ense\u00f1anza Arag\u00f3n\" \/>\n<meta name=\"twitter:card\" content=\"summary_large_image\" \/>\n<meta name=\"twitter:creator\" content=\"@CGTeduAragon\" \/>\n<meta name=\"twitter:site\" content=\"@CGTeduAragon\" \/>\n<meta name=\"twitter:label1\" content=\"Escrito por\" \/>\n\t<meta name=\"twitter:data1\" content=\"CGT Ense\u00f1anza Arag\u00f3n\" \/>\n\t<meta name=\"twitter:label2\" content=\"Tiempo de lectura\" \/>\n\t<meta name=\"twitter:data2\" content=\"5 minutos\" \/>\n<script type=\"application\/ld+json\" class=\"yoast-schema-graph\">{\"@context\":\"https:\/\/schema.org\",\"@graph\":[{\"@type\":\"Article\",\"@id\":\"https:\/\/www.cgtaragonlarioja.org\/fedens\/cambiar-la-mirada-para-ejercer-una-practica-docente-feminista\/#article\",\"isPartOf\":{\"@id\":\"https:\/\/www.cgtaragonlarioja.org\/fedens\/cambiar-la-mirada-para-ejercer-una-practica-docente-feminista\/\"},\"author\":{\"name\":\"CGT Ense\u00f1anza Arag\u00f3n\",\"@id\":\"https:\/\/www.cgtaragonlarioja.org\/fedens\/#\/schema\/person\/f577cbf9ee1fb7519bfd883ac4f4032f\"},\"headline\":\"Cambiar la mirada para ejercer una pr\u00e1ctica docente feminista\",\"datePublished\":\"2022-03-15T12:59:07+00:00\",\"mainEntityOfPage\":{\"@id\":\"https:\/\/www.cgtaragonlarioja.org\/fedens\/cambiar-la-mirada-para-ejercer-una-practica-docente-feminista\/\"},\"wordCount\":1251,\"commentCount\":0,\"publisher\":{\"@id\":\"https:\/\/www.cgtaragonlarioja.org\/fedens\/#organization\"},\"image\":{\"@id\":\"https:\/\/www.cgtaragonlarioja.org\/fedens\/cambiar-la-mirada-para-ejercer-una-practica-docente-feminista\/#primaryimage\"},\"thumbnailUrl\":\"https:\/\/www.cgtaragonlarioja.org\/fedens\/files\/2022\/03\/Hipatia_8_marzo_2020-1024x576-1.jpg\",\"articleSection\":[\"A Debate\"],\"inLanguage\":\"es\",\"potentialAction\":[{\"@type\":\"CommentAction\",\"name\":\"Comment\",\"target\":[\"https:\/\/www.cgtaragonlarioja.org\/fedens\/cambiar-la-mirada-para-ejercer-una-practica-docente-feminista\/#respond\"]}]},{\"@type\":\"WebPage\",\"@id\":\"https:\/\/www.cgtaragonlarioja.org\/fedens\/cambiar-la-mirada-para-ejercer-una-practica-docente-feminista\/\",\"url\":\"https:\/\/www.cgtaragonlarioja.org\/fedens\/cambiar-la-mirada-para-ejercer-una-practica-docente-feminista\/\",\"name\":\"Cambiar la mirada para ejercer una pr\u00e1ctica docente feminista\",\"isPartOf\":{\"@id\":\"https:\/\/www.cgtaragonlarioja.org\/fedens\/#website\"},\"primaryImageOfPage\":{\"@id\":\"https:\/\/www.cgtaragonlarioja.org\/fedens\/cambiar-la-mirada-para-ejercer-una-practica-docente-feminista\/#primaryimage\"},\"image\":{\"@id\":\"https:\/\/www.cgtaragonlarioja.org\/fedens\/cambiar-la-mirada-para-ejercer-una-practica-docente-feminista\/#primaryimage\"},\"thumbnailUrl\":\"https:\/\/www.cgtaragonlarioja.org\/fedens\/files\/2022\/03\/Hipatia_8_marzo_2020-1024x576-1.jpg\",\"datePublished\":\"2022-03-15T12:59:07+00:00\",\"description\":\"FOTO: Fuhem \u00bfHay machismo en el d\u00eda a d\u00eda de los centros educativos? \u00bfQu\u00e9 situaciones identificamos que se podr\u00edan y deber\u00edan erradicar? \u00bfQu\u00e9 podemos\",\"breadcrumb\":{\"@id\":\"https:\/\/www.cgtaragonlarioja.org\/fedens\/cambiar-la-mirada-para-ejercer-una-practica-docente-feminista\/#breadcrumb\"},\"inLanguage\":\"es\",\"potentialAction\":[{\"@type\":\"ReadAction\",\"target\":[\"https:\/\/www.cgtaragonlarioja.org\/fedens\/cambiar-la-mirada-para-ejercer-una-practica-docente-feminista\/\"]}]},{\"@type\":\"ImageObject\",\"inLanguage\":\"es\",\"@id\":\"https:\/\/www.cgtaragonlarioja.org\/fedens\/cambiar-la-mirada-para-ejercer-una-practica-docente-feminista\/#primaryimage\",\"url\":\"https:\/\/www.cgtaragonlarioja.org\/fedens\/files\/2022\/03\/Hipatia_8_marzo_2020-1024x576-1.jpg\",\"contentUrl\":\"https:\/\/www.cgtaragonlarioja.org\/fedens\/files\/2022\/03\/Hipatia_8_marzo_2020-1024x576-1.jpg\",\"width\":1024,\"height\":576},{\"@type\":\"BreadcrumbList\",\"@id\":\"https:\/\/www.cgtaragonlarioja.org\/fedens\/cambiar-la-mirada-para-ejercer-una-practica-docente-feminista\/#breadcrumb\",\"itemListElement\":[{\"@type\":\"ListItem\",\"position\":1,\"name\":\"Portada\",\"item\":\"https:\/\/www.cgtaragonlarioja.org\/fedens\/\"},{\"@type\":\"ListItem\",\"position\":2,\"name\":\"Cambiar la mirada para ejercer una pr\u00e1ctica docente feminista\"}]},{\"@type\":\"WebSite\",\"@id\":\"https:\/\/www.cgtaragonlarioja.org\/fedens\/#website\",\"url\":\"https:\/\/www.cgtaragonlarioja.org\/fedens\/\",\"name\":\"CGT Arag\u00f3n - La Rioja. ENSE\u00d1ANZA\",\"description\":\"CONTACTAR: Calatayud-Aranda: 654897973 \/ Huesca: 974238404 \/ Teruel: 978619265 \/ Zaragoza: 976922002\",\"publisher\":{\"@id\":\"https:\/\/www.cgtaragonlarioja.org\/fedens\/#organization\"},\"potentialAction\":[{\"@type\":\"SearchAction\",\"target\":{\"@type\":\"EntryPoint\",\"urlTemplate\":\"https:\/\/www.cgtaragonlarioja.org\/fedens\/?s={search_term_string}\"},\"query-input\":{\"@type\":\"PropertyValueSpecification\",\"valueRequired\":true,\"valueName\":\"search_term_string\"}}],\"inLanguage\":\"es\"},{\"@type\":\"Organization\",\"@id\":\"https:\/\/www.cgtaragonlarioja.org\/fedens\/#organization\",\"name\":\"CGT Arag\u00f3n y La Rioja - Ense\u00f1anza\",\"url\":\"https:\/\/www.cgtaragonlarioja.org\/fedens\/\",\"logo\":{\"@type\":\"ImageObject\",\"inLanguage\":\"es\",\"@id\":\"https:\/\/www.cgtaragonlarioja.org\/fedens\/#\/schema\/logo\/image\/\",\"url\":\"https:\/\/www.cgtaragonlarioja.org\/fedens\/files\/2021\/02\/logo_cgt_ense_huesca_170x250.png\",\"contentUrl\":\"https:\/\/www.cgtaragonlarioja.org\/fedens\/files\/2021\/02\/logo_cgt_ense_huesca_170x250.png\",\"width\":170,\"height\":250,\"caption\":\"CGT Arag\u00f3n y La Rioja - Ense\u00f1anza\"},\"image\":{\"@id\":\"https:\/\/www.cgtaragonlarioja.org\/fedens\/#\/schema\/logo\/image\/\"},\"sameAs\":[\"https:\/\/www.facebook.com\/CGTEnseAragon\/\",\"https:\/\/x.com\/CGTeduAragon\"]},{\"@type\":\"Person\",\"@id\":\"https:\/\/www.cgtaragonlarioja.org\/fedens\/#\/schema\/person\/f577cbf9ee1fb7519bfd883ac4f4032f\",\"name\":\"CGT Ense\u00f1anza Arag\u00f3n\",\"image\":{\"@type\":\"ImageObject\",\"inLanguage\":\"es\",\"@id\":\"https:\/\/www.cgtaragonlarioja.org\/fedens\/#\/schema\/person\/image\/\",\"url\":\"https:\/\/secure.gravatar.com\/avatar\/6591cafae8da970274bd48ef06b7f86ae2c2ba705fb2cdafa9b5f7f48c95a765?s=96&d=mm&r=g\",\"contentUrl\":\"https:\/\/secure.gravatar.com\/avatar\/6591cafae8da970274bd48ef06b7f86ae2c2ba705fb2cdafa9b5f7f48c95a765?s=96&d=mm&r=g\",\"caption\":\"CGT Ense\u00f1anza Arag\u00f3n\"},\"url\":\"https:\/\/www.cgtaragonlarioja.org\/fedens\/author\/fasecgt\/\"}]}<\/script>\n<!-- \/ Yoast SEO plugin. -->","yoast_head_json":{"title":"Cambiar la mirada para ejercer una pr\u00e1ctica docente feminista","description":"FOTO: Fuhem \u00bfHay machismo en el d\u00eda a d\u00eda de los centros educativos? \u00bfQu\u00e9 situaciones identificamos que se podr\u00edan y deber\u00edan erradicar? \u00bfQu\u00e9 podemos","robots":{"index":"index","follow":"follow","max-snippet":"max-snippet:-1","max-image-preview":"max-image-preview:large","max-video-preview":"max-video-preview:-1"},"canonical":"https:\/\/www.cgtaragonlarioja.org\/fedens\/cambiar-la-mirada-para-ejercer-una-practica-docente-feminista\/","og_locale":"es_ES","og_type":"article","og_title":"Cambiar la mirada para ejercer una pr\u00e1ctica docente feminista","og_description":"FOTO: Fuhem \u00bfHay machismo en el d\u00eda a d\u00eda de los centros educativos? \u00bfQu\u00e9 situaciones identificamos que se podr\u00edan y deber\u00edan erradicar? \u00bfQu\u00e9 podemos","og_url":"https:\/\/www.cgtaragonlarioja.org\/fedens\/cambiar-la-mirada-para-ejercer-una-practica-docente-feminista\/","og_site_name":"CGT Arag\u00f3n - La Rioja. ENSE\u00d1ANZA","article_publisher":"https:\/\/www.facebook.com\/CGTEnseAragon\/","article_published_time":"2022-03-15T12:59:07+00:00","og_image":[{"width":1024,"height":576,"url":"https:\/\/www.cgtaragonlarioja.org\/fedens\/files\/2022\/03\/Hipatia_8_marzo_2020-1024x576-1.jpg","type":"image\/jpeg"}],"author":"CGT Ense\u00f1anza Arag\u00f3n","twitter_card":"summary_large_image","twitter_creator":"@CGTeduAragon","twitter_site":"@CGTeduAragon","twitter_misc":{"Escrito por":"CGT Ense\u00f1anza Arag\u00f3n","Tiempo de lectura":"5 minutos"},"schema":{"@context":"https:\/\/schema.org","@graph":[{"@type":"Article","@id":"https:\/\/www.cgtaragonlarioja.org\/fedens\/cambiar-la-mirada-para-ejercer-una-practica-docente-feminista\/#article","isPartOf":{"@id":"https:\/\/www.cgtaragonlarioja.org\/fedens\/cambiar-la-mirada-para-ejercer-una-practica-docente-feminista\/"},"author":{"name":"CGT Ense\u00f1anza Arag\u00f3n","@id":"https:\/\/www.cgtaragonlarioja.org\/fedens\/#\/schema\/person\/f577cbf9ee1fb7519bfd883ac4f4032f"},"headline":"Cambiar la mirada para ejercer una pr\u00e1ctica docente feminista","datePublished":"2022-03-15T12:59:07+00:00","mainEntityOfPage":{"@id":"https:\/\/www.cgtaragonlarioja.org\/fedens\/cambiar-la-mirada-para-ejercer-una-practica-docente-feminista\/"},"wordCount":1251,"commentCount":0,"publisher":{"@id":"https:\/\/www.cgtaragonlarioja.org\/fedens\/#organization"},"image":{"@id":"https:\/\/www.cgtaragonlarioja.org\/fedens\/cambiar-la-mirada-para-ejercer-una-practica-docente-feminista\/#primaryimage"},"thumbnailUrl":"https:\/\/www.cgtaragonlarioja.org\/fedens\/files\/2022\/03\/Hipatia_8_marzo_2020-1024x576-1.jpg","articleSection":["A Debate"],"inLanguage":"es","potentialAction":[{"@type":"CommentAction","name":"Comment","target":["https:\/\/www.cgtaragonlarioja.org\/fedens\/cambiar-la-mirada-para-ejercer-una-practica-docente-feminista\/#respond"]}]},{"@type":"WebPage","@id":"https:\/\/www.cgtaragonlarioja.org\/fedens\/cambiar-la-mirada-para-ejercer-una-practica-docente-feminista\/","url":"https:\/\/www.cgtaragonlarioja.org\/fedens\/cambiar-la-mirada-para-ejercer-una-practica-docente-feminista\/","name":"Cambiar la mirada para ejercer una pr\u00e1ctica docente feminista","isPartOf":{"@id":"https:\/\/www.cgtaragonlarioja.org\/fedens\/#website"},"primaryImageOfPage":{"@id":"https:\/\/www.cgtaragonlarioja.org\/fedens\/cambiar-la-mirada-para-ejercer-una-practica-docente-feminista\/#primaryimage"},"image":{"@id":"https:\/\/www.cgtaragonlarioja.org\/fedens\/cambiar-la-mirada-para-ejercer-una-practica-docente-feminista\/#primaryimage"},"thumbnailUrl":"https:\/\/www.cgtaragonlarioja.org\/fedens\/files\/2022\/03\/Hipatia_8_marzo_2020-1024x576-1.jpg","datePublished":"2022-03-15T12:59:07+00:00","description":"FOTO: Fuhem \u00bfHay machismo en el d\u00eda a d\u00eda de los centros educativos? \u00bfQu\u00e9 situaciones identificamos que se podr\u00edan y deber\u00edan erradicar? \u00bfQu\u00e9 podemos","breadcrumb":{"@id":"https:\/\/www.cgtaragonlarioja.org\/fedens\/cambiar-la-mirada-para-ejercer-una-practica-docente-feminista\/#breadcrumb"},"inLanguage":"es","potentialAction":[{"@type":"ReadAction","target":["https:\/\/www.cgtaragonlarioja.org\/fedens\/cambiar-la-mirada-para-ejercer-una-practica-docente-feminista\/"]}]},{"@type":"ImageObject","inLanguage":"es","@id":"https:\/\/www.cgtaragonlarioja.org\/fedens\/cambiar-la-mirada-para-ejercer-una-practica-docente-feminista\/#primaryimage","url":"https:\/\/www.cgtaragonlarioja.org\/fedens\/files\/2022\/03\/Hipatia_8_marzo_2020-1024x576-1.jpg","contentUrl":"https:\/\/www.cgtaragonlarioja.org\/fedens\/files\/2022\/03\/Hipatia_8_marzo_2020-1024x576-1.jpg","width":1024,"height":576},{"@type":"BreadcrumbList","@id":"https:\/\/www.cgtaragonlarioja.org\/fedens\/cambiar-la-mirada-para-ejercer-una-practica-docente-feminista\/#breadcrumb","itemListElement":[{"@type":"ListItem","position":1,"name":"Portada","item":"https:\/\/www.cgtaragonlarioja.org\/fedens\/"},{"@type":"ListItem","position":2,"name":"Cambiar la mirada para ejercer una pr\u00e1ctica docente feminista"}]},{"@type":"WebSite","@id":"https:\/\/www.cgtaragonlarioja.org\/fedens\/#website","url":"https:\/\/www.cgtaragonlarioja.org\/fedens\/","name":"CGT Arag\u00f3n - La Rioja. ENSE\u00d1ANZA","description":"CONTACTAR: Calatayud-Aranda: 654897973 \/ Huesca: 974238404 \/ Teruel: 978619265 \/ Zaragoza: 976922002","publisher":{"@id":"https:\/\/www.cgtaragonlarioja.org\/fedens\/#organization"},"potentialAction":[{"@type":"SearchAction","target":{"@type":"EntryPoint","urlTemplate":"https:\/\/www.cgtaragonlarioja.org\/fedens\/?s={search_term_string}"},"query-input":{"@type":"PropertyValueSpecification","valueRequired":true,"valueName":"search_term_string"}}],"inLanguage":"es"},{"@type":"Organization","@id":"https:\/\/www.cgtaragonlarioja.org\/fedens\/#organization","name":"CGT Arag\u00f3n y La Rioja - Ense\u00f1anza","url":"https:\/\/www.cgtaragonlarioja.org\/fedens\/","logo":{"@type":"ImageObject","inLanguage":"es","@id":"https:\/\/www.cgtaragonlarioja.org\/fedens\/#\/schema\/logo\/image\/","url":"https:\/\/www.cgtaragonlarioja.org\/fedens\/files\/2021\/02\/logo_cgt_ense_huesca_170x250.png","contentUrl":"https:\/\/www.cgtaragonlarioja.org\/fedens\/files\/2021\/02\/logo_cgt_ense_huesca_170x250.png","width":170,"height":250,"caption":"CGT Arag\u00f3n y La Rioja - Ense\u00f1anza"},"image":{"@id":"https:\/\/www.cgtaragonlarioja.org\/fedens\/#\/schema\/logo\/image\/"},"sameAs":["https:\/\/www.facebook.com\/CGTEnseAragon\/","https:\/\/x.com\/CGTeduAragon"]},{"@type":"Person","@id":"https:\/\/www.cgtaragonlarioja.org\/fedens\/#\/schema\/person\/f577cbf9ee1fb7519bfd883ac4f4032f","name":"CGT Ense\u00f1anza Arag\u00f3n","image":{"@type":"ImageObject","inLanguage":"es","@id":"https:\/\/www.cgtaragonlarioja.org\/fedens\/#\/schema\/person\/image\/","url":"https:\/\/secure.gravatar.com\/avatar\/6591cafae8da970274bd48ef06b7f86ae2c2ba705fb2cdafa9b5f7f48c95a765?s=96&d=mm&r=g","contentUrl":"https:\/\/secure.gravatar.com\/avatar\/6591cafae8da970274bd48ef06b7f86ae2c2ba705fb2cdafa9b5f7f48c95a765?s=96&d=mm&r=g","caption":"CGT Ense\u00f1anza Arag\u00f3n"},"url":"https:\/\/www.cgtaragonlarioja.org\/fedens\/author\/fasecgt\/"}]}},"_links":{"self":[{"href":"https:\/\/www.cgtaragonlarioja.org\/fedens\/wp-json\/wp\/v2\/posts\/14330","targetHints":{"allow":["GET"]}}],"collection":[{"href":"https:\/\/www.cgtaragonlarioja.org\/fedens\/wp-json\/wp\/v2\/posts"}],"about":[{"href":"https:\/\/www.cgtaragonlarioja.org\/fedens\/wp-json\/wp\/v2\/types\/post"}],"author":[{"embeddable":true,"href":"https:\/\/www.cgtaragonlarioja.org\/fedens\/wp-json\/wp\/v2\/users\/854"}],"replies":[{"embeddable":true,"href":"https:\/\/www.cgtaragonlarioja.org\/fedens\/wp-json\/wp\/v2\/comments?post=14330"}],"version-history":[{"count":2,"href":"https:\/\/www.cgtaragonlarioja.org\/fedens\/wp-json\/wp\/v2\/posts\/14330\/revisions"}],"predecessor-version":[{"id":14333,"href":"https:\/\/www.cgtaragonlarioja.org\/fedens\/wp-json\/wp\/v2\/posts\/14330\/revisions\/14333"}],"wp:featuredmedia":[{"embeddable":true,"href":"https:\/\/www.cgtaragonlarioja.org\/fedens\/wp-json\/wp\/v2\/media\/14331"}],"wp:attachment":[{"href":"https:\/\/www.cgtaragonlarioja.org\/fedens\/wp-json\/wp\/v2\/media?parent=14330"}],"wp:term":[{"taxonomy":"category","embeddable":true,"href":"https:\/\/www.cgtaragonlarioja.org\/fedens\/wp-json\/wp\/v2\/categories?post=14330"},{"taxonomy":"post_tag","embeddable":true,"href":"https:\/\/www.cgtaragonlarioja.org\/fedens\/wp-json\/wp\/v2\/tags?post=14330"}],"curies":[{"name":"wp","href":"https:\/\/api.w.org\/{rel}","templated":true}]}}