{"id":13729,"date":"2022-02-11T12:01:52","date_gmt":"2022-02-11T11:01:52","guid":{"rendered":"https:\/\/www.cgtaragonlarioja.org\/fedens\/?p=13729"},"modified":"2022-02-11T12:02:42","modified_gmt":"2022-02-11T11:02:42","slug":"dia-internacional-de-las-mujeres-y-ninas-en-la-ciencia","status":"publish","type":"post","link":"https:\/\/www.cgtaragonlarioja.org\/fedens\/dia-internacional-de-las-mujeres-y-ninas-en-la-ciencia\/","title":{"rendered":"D\u00eda Internacional de las Mujeres y Ni\u00f1as en la Ciencia."},"content":{"rendered":"<p>La Asamblea General de Naciones Unidas el 22 de diciembre de 2015 en su resoluci\u00f3n A\/RES\/70\/212, decide proclamar el 11 de febrero de cada a\u00f1o\u00a0<strong><em>D\u00eda Internacional de la Mujer y la Ni\u00f1a en la Ciencia.<\/em><\/strong><\/p>\n<p>La finalidad de conmemorar este d\u00eda es lograr el acceso y la participaci\u00f3n plena y equitativa en la ciencia para las mujeres y las ni\u00f1as, y adem\u00e1s para lograr la igualdad de g\u00e9nero y el empoderamiento de las mujeres y las ni\u00f1as, de igual forma este d\u00eda es un recordatorio de que las mujeres y las ni\u00f1as desempe\u00f1an un papel fundamental en las comunidades de ciencia y tecnolog\u00eda y que su participaci\u00f3n debe fortalecerse. La celebraci\u00f3n de este d\u00eda est\u00e1 dirigida por la UNESCO y ONU-Mujeres, en colaboraci\u00f3n con instituciones y socios de la sociedad civil que promueven el acceso y la participaci\u00f3n de mujeres y ni\u00f1as en la ciencia.<\/p>\n<p>Asimismo, el 14 de marzo de 2011, la Comisi\u00f3n de la Condici\u00f3n Jur\u00eddica y Social de la Mujer aprob\u00f3 el informe en su 55\u00ba per\u00edodo de sesiones, con las conclusiones convenidas sobre el acceso y la participaci\u00f3n de la mujer y la ni\u00f1a en la educaci\u00f3n, la capacitaci\u00f3n y la ciencia y la tecnolog\u00eda, incluida la promoci\u00f3n de la igualdad de acceso de la mujer al pleno empleo y a un trabajo decente.<\/p>\n<p>Lo anterior debido a que la brecha de g\u00e9nero en los sectores de la ciencia, la tecnolog\u00eda, la ingenier\u00eda y las matem\u00e1ticas (STEM) persiste desde hace a\u00f1os en todo el mundo. A pesar de que la participaci\u00f3n de las mujeres en las carreras de grado superior ha aumentado enormemente, \u00e9stas todav\u00eda se encuentran insuficientemente representadas en estos campos.<\/p>\n<p>Un gran problema que debemos erradicar son los prejuicios y los estereotipos de g\u00e9nero que se extienden desde hace mucho tiempo ya que contin\u00faan manteniendo a las ni\u00f1as y mujeres alejadas de los campos relacionados con la ciencia.<\/p>\n<p>Desde CGT Ense\u00f1anza Arag\u00f3n creemos que es muy importante se\u00f1alar este d\u00eda en nuestra agenda docente, recordando a una de las grandes mujeres cient\u00edficas y libertarias de nuestra \u00e9poca : <strong>A<\/strong><strong>mparo Poch y Gasc\u00f3n.<\/strong><\/p>\n<p><strong>Amparo Poch y Gasc\u00f3n<\/strong>\u00a0naci\u00f3 en\u00a0<strong>Zaragoza el 15 de Octubre de 1902<\/strong>, hija de<strong>\u00a0Jos\u00e9<\/strong>\u00a0<strong>Poch Segura y Simona Gasc\u00f3n Cuartero<\/strong>. Quiso estudiar\u00a0<strong>Medicina<\/strong>\u00a0pero su padre se lo impidi\u00f3 con el argumento de que no era profesi\u00f3n de mujeres. Se matricul\u00f3 en\u00a0<strong>Magisterio<\/strong>\u00a0terminando sus estudios con un premio extraordinario. Libre de la presi\u00f3n paterna \u00a0se matricula en\u00a0<strong>Medicina, en 1922<\/strong>, \u00a0carrera que termina en siente a\u00f1os. Durante los estudios denuncia el machismo de las aulas ya que de 1400 estudiantes solo 32 son mujeres. Finaliza siendo la segunda licenciada en\u00a0<strong>Medicina de Zaragoza,<\/strong>\u00a0consigue \u00a0matr\u00edcula de honor en todas las 28 asignaturas de la carrera. Tambi\u00e9n consigue el<strong>\u00a0Premio Extraordinario de Licenciatura<\/strong>\u00a0y en las oposiciones presenta y defiende \u201c<strong><em>Valor del diagnostico del l\u00edquido cefalorraqu\u00eddeo\u201d.<\/em><\/strong><\/p>\n","protected":false},"excerpt":{"rendered":"<p>La Asamblea General de Naciones Unidas el 22 de diciembre de 2015 en su resoluci\u00f3n<\/p>\n","protected":false},"author":854,"featured_media":0,"comment_status":"open","ping_status":"open","sticky":false,"template":"","format":"standard","meta":{"footnotes":""},"categories":[480],"tags":[],"class_list":["post-13729","post","type-post","status-publish","format-standard","hentry","category-noticias"],"yoast_head":"<!-- This site is optimized with the Yoast SEO plugin v26.7 - https:\/\/yoast.com\/wordpress\/plugins\/seo\/ -->\n<title>D\u00eda Internacional de las Mujeres y Ni\u00f1as en la Ciencia.<\/title>\n<meta name=\"description\" content=\"La Asamblea General de Naciones Unidas el 22 de diciembre de 2015 en su resoluci\u00f3n A\/RES\/70\/212, decide proclamar el 11 de febrero de cada a\u00f1o\u00a0D\u00eda\" \/>\n<meta name=\"robots\" content=\"index, follow, max-snippet:-1, max-image-preview:large, max-video-preview:-1\" \/>\n<link rel=\"canonical\" href=\"https:\/\/www.cgtaragonlarioja.org\/fedens\/dia-internacional-de-las-mujeres-y-ninas-en-la-ciencia\/\" \/>\n<meta property=\"og:locale\" content=\"es_ES\" \/>\n<meta property=\"og:type\" content=\"article\" \/>\n<meta property=\"og:title\" content=\"D\u00eda Internacional de las Mujeres y Ni\u00f1as en la Ciencia.\" \/>\n<meta property=\"og:description\" content=\"La Asamblea General de Naciones Unidas el 22 de diciembre de 2015 en su resoluci\u00f3n A\/RES\/70\/212, decide proclamar el 11 de febrero de cada a\u00f1o\u00a0D\u00eda\" \/>\n<meta property=\"og:url\" content=\"https:\/\/www.cgtaragonlarioja.org\/fedens\/dia-internacional-de-las-mujeres-y-ninas-en-la-ciencia\/\" \/>\n<meta property=\"og:site_name\" content=\"CGT Arag\u00f3n - La Rioja. ENSE\u00d1ANZA\" \/>\n<meta property=\"article:publisher\" content=\"https:\/\/www.facebook.com\/CGTEnseAragon\/\" \/>\n<meta property=\"article:published_time\" content=\"2022-02-11T11:01:52+00:00\" \/>\n<meta property=\"article:modified_time\" content=\"2022-02-11T11:02:42+00:00\" \/>\n<meta name=\"author\" content=\"CGT Ense\u00f1anza Arag\u00f3n\" \/>\n<meta name=\"twitter:card\" content=\"summary_large_image\" \/>\n<meta name=\"twitter:creator\" content=\"@CGTeduAragon\" \/>\n<meta name=\"twitter:site\" content=\"@CGTeduAragon\" \/>\n<meta name=\"twitter:label1\" content=\"Escrito por\" \/>\n\t<meta name=\"twitter:data1\" content=\"CGT Ense\u00f1anza Arag\u00f3n\" \/>\n\t<meta name=\"twitter:label2\" content=\"Tiempo de lectura\" \/>\n\t<meta name=\"twitter:data2\" content=\"3 minutos\" \/>\n<script type=\"application\/ld+json\" class=\"yoast-schema-graph\">{\"@context\":\"https:\/\/schema.org\",\"@graph\":[{\"@type\":\"Article\",\"@id\":\"https:\/\/www.cgtaragonlarioja.org\/fedens\/dia-internacional-de-las-mujeres-y-ninas-en-la-ciencia\/#article\",\"isPartOf\":{\"@id\":\"https:\/\/www.cgtaragonlarioja.org\/fedens\/dia-internacional-de-las-mujeres-y-ninas-en-la-ciencia\/\"},\"author\":{\"name\":\"CGT Ense\u00f1anza Arag\u00f3n\",\"@id\":\"https:\/\/www.cgtaragonlarioja.org\/fedens\/#\/schema\/person\/f577cbf9ee1fb7519bfd883ac4f4032f\"},\"headline\":\"D\u00eda Internacional de las Mujeres y Ni\u00f1as en la Ciencia.\",\"datePublished\":\"2022-02-11T11:01:52+00:00\",\"dateModified\":\"2022-02-11T11:02:42+00:00\",\"mainEntityOfPage\":{\"@id\":\"https:\/\/www.cgtaragonlarioja.org\/fedens\/dia-internacional-de-las-mujeres-y-ninas-en-la-ciencia\/\"},\"wordCount\":533,\"commentCount\":0,\"publisher\":{\"@id\":\"https:\/\/www.cgtaragonlarioja.org\/fedens\/#organization\"},\"articleSection\":[\"Noticias\"],\"inLanguage\":\"es\",\"potentialAction\":[{\"@type\":\"CommentAction\",\"name\":\"Comment\",\"target\":[\"https:\/\/www.cgtaragonlarioja.org\/fedens\/dia-internacional-de-las-mujeres-y-ninas-en-la-ciencia\/#respond\"]}]},{\"@type\":\"WebPage\",\"@id\":\"https:\/\/www.cgtaragonlarioja.org\/fedens\/dia-internacional-de-las-mujeres-y-ninas-en-la-ciencia\/\",\"url\":\"https:\/\/www.cgtaragonlarioja.org\/fedens\/dia-internacional-de-las-mujeres-y-ninas-en-la-ciencia\/\",\"name\":\"D\u00eda Internacional de las Mujeres y Ni\u00f1as en la Ciencia.\",\"isPartOf\":{\"@id\":\"https:\/\/www.cgtaragonlarioja.org\/fedens\/#website\"},\"datePublished\":\"2022-02-11T11:01:52+00:00\",\"dateModified\":\"2022-02-11T11:02:42+00:00\",\"description\":\"La Asamblea General de Naciones Unidas el 22 de diciembre de 2015 en su resoluci\u00f3n A\/RES\/70\/212, decide proclamar el 11 de febrero de cada a\u00f1o\u00a0D\u00eda\",\"breadcrumb\":{\"@id\":\"https:\/\/www.cgtaragonlarioja.org\/fedens\/dia-internacional-de-las-mujeres-y-ninas-en-la-ciencia\/#breadcrumb\"},\"inLanguage\":\"es\",\"potentialAction\":[{\"@type\":\"ReadAction\",\"target\":[\"https:\/\/www.cgtaragonlarioja.org\/fedens\/dia-internacional-de-las-mujeres-y-ninas-en-la-ciencia\/\"]}]},{\"@type\":\"BreadcrumbList\",\"@id\":\"https:\/\/www.cgtaragonlarioja.org\/fedens\/dia-internacional-de-las-mujeres-y-ninas-en-la-ciencia\/#breadcrumb\",\"itemListElement\":[{\"@type\":\"ListItem\",\"position\":1,\"name\":\"Portada\",\"item\":\"https:\/\/www.cgtaragonlarioja.org\/fedens\/\"},{\"@type\":\"ListItem\",\"position\":2,\"name\":\"D\u00eda Internacional de las Mujeres y Ni\u00f1as en la Ciencia.\"}]},{\"@type\":\"WebSite\",\"@id\":\"https:\/\/www.cgtaragonlarioja.org\/fedens\/#website\",\"url\":\"https:\/\/www.cgtaragonlarioja.org\/fedens\/\",\"name\":\"CGT Arag\u00f3n - La Rioja. ENSE\u00d1ANZA\",\"description\":\"CONTACTAR: Calatayud-Aranda: 654897973 \/ Huesca: 974238404 \/ Teruel: 978619265 \/ Zaragoza: 976922002\",\"publisher\":{\"@id\":\"https:\/\/www.cgtaragonlarioja.org\/fedens\/#organization\"},\"potentialAction\":[{\"@type\":\"SearchAction\",\"target\":{\"@type\":\"EntryPoint\",\"urlTemplate\":\"https:\/\/www.cgtaragonlarioja.org\/fedens\/?s={search_term_string}\"},\"query-input\":{\"@type\":\"PropertyValueSpecification\",\"valueRequired\":true,\"valueName\":\"search_term_string\"}}],\"inLanguage\":\"es\"},{\"@type\":\"Organization\",\"@id\":\"https:\/\/www.cgtaragonlarioja.org\/fedens\/#organization\",\"name\":\"CGT Arag\u00f3n y La Rioja - Ense\u00f1anza\",\"url\":\"https:\/\/www.cgtaragonlarioja.org\/fedens\/\",\"logo\":{\"@type\":\"ImageObject\",\"inLanguage\":\"es\",\"@id\":\"https:\/\/www.cgtaragonlarioja.org\/fedens\/#\/schema\/logo\/image\/\",\"url\":\"https:\/\/www.cgtaragonlarioja.org\/fedens\/files\/2021\/02\/logo_cgt_ense_huesca_170x250.png\",\"contentUrl\":\"https:\/\/www.cgtaragonlarioja.org\/fedens\/files\/2021\/02\/logo_cgt_ense_huesca_170x250.png\",\"width\":170,\"height\":250,\"caption\":\"CGT Arag\u00f3n y La Rioja - Ense\u00f1anza\"},\"image\":{\"@id\":\"https:\/\/www.cgtaragonlarioja.org\/fedens\/#\/schema\/logo\/image\/\"},\"sameAs\":[\"https:\/\/www.facebook.com\/CGTEnseAragon\/\",\"https:\/\/x.com\/CGTeduAragon\"]},{\"@type\":\"Person\",\"@id\":\"https:\/\/www.cgtaragonlarioja.org\/fedens\/#\/schema\/person\/f577cbf9ee1fb7519bfd883ac4f4032f\",\"name\":\"CGT Ense\u00f1anza Arag\u00f3n\",\"image\":{\"@type\":\"ImageObject\",\"inLanguage\":\"es\",\"@id\":\"https:\/\/www.cgtaragonlarioja.org\/fedens\/#\/schema\/person\/image\/\",\"url\":\"https:\/\/secure.gravatar.com\/avatar\/6591cafae8da970274bd48ef06b7f86ae2c2ba705fb2cdafa9b5f7f48c95a765?s=96&d=mm&r=g\",\"contentUrl\":\"https:\/\/secure.gravatar.com\/avatar\/6591cafae8da970274bd48ef06b7f86ae2c2ba705fb2cdafa9b5f7f48c95a765?s=96&d=mm&r=g\",\"caption\":\"CGT Ense\u00f1anza Arag\u00f3n\"},\"url\":\"https:\/\/www.cgtaragonlarioja.org\/fedens\/author\/fasecgt\/\"}]}<\/script>\n<!-- \/ Yoast SEO plugin. -->","yoast_head_json":{"title":"D\u00eda Internacional de las Mujeres y Ni\u00f1as en la Ciencia.","description":"La Asamblea General de Naciones Unidas el 22 de diciembre de 2015 en su resoluci\u00f3n A\/RES\/70\/212, decide proclamar el 11 de febrero de cada a\u00f1o\u00a0D\u00eda","robots":{"index":"index","follow":"follow","max-snippet":"max-snippet:-1","max-image-preview":"max-image-preview:large","max-video-preview":"max-video-preview:-1"},"canonical":"https:\/\/www.cgtaragonlarioja.org\/fedens\/dia-internacional-de-las-mujeres-y-ninas-en-la-ciencia\/","og_locale":"es_ES","og_type":"article","og_title":"D\u00eda Internacional de las Mujeres y Ni\u00f1as en la Ciencia.","og_description":"La Asamblea General de Naciones Unidas el 22 de diciembre de 2015 en su resoluci\u00f3n A\/RES\/70\/212, decide proclamar el 11 de febrero de cada a\u00f1o\u00a0D\u00eda","og_url":"https:\/\/www.cgtaragonlarioja.org\/fedens\/dia-internacional-de-las-mujeres-y-ninas-en-la-ciencia\/","og_site_name":"CGT Arag\u00f3n - La Rioja. ENSE\u00d1ANZA","article_publisher":"https:\/\/www.facebook.com\/CGTEnseAragon\/","article_published_time":"2022-02-11T11:01:52+00:00","article_modified_time":"2022-02-11T11:02:42+00:00","author":"CGT Ense\u00f1anza Arag\u00f3n","twitter_card":"summary_large_image","twitter_creator":"@CGTeduAragon","twitter_site":"@CGTeduAragon","twitter_misc":{"Escrito por":"CGT Ense\u00f1anza Arag\u00f3n","Tiempo de lectura":"3 minutos"},"schema":{"@context":"https:\/\/schema.org","@graph":[{"@type":"Article","@id":"https:\/\/www.cgtaragonlarioja.org\/fedens\/dia-internacional-de-las-mujeres-y-ninas-en-la-ciencia\/#article","isPartOf":{"@id":"https:\/\/www.cgtaragonlarioja.org\/fedens\/dia-internacional-de-las-mujeres-y-ninas-en-la-ciencia\/"},"author":{"name":"CGT Ense\u00f1anza Arag\u00f3n","@id":"https:\/\/www.cgtaragonlarioja.org\/fedens\/#\/schema\/person\/f577cbf9ee1fb7519bfd883ac4f4032f"},"headline":"D\u00eda Internacional de las Mujeres y Ni\u00f1as en la Ciencia.","datePublished":"2022-02-11T11:01:52+00:00","dateModified":"2022-02-11T11:02:42+00:00","mainEntityOfPage":{"@id":"https:\/\/www.cgtaragonlarioja.org\/fedens\/dia-internacional-de-las-mujeres-y-ninas-en-la-ciencia\/"},"wordCount":533,"commentCount":0,"publisher":{"@id":"https:\/\/www.cgtaragonlarioja.org\/fedens\/#organization"},"articleSection":["Noticias"],"inLanguage":"es","potentialAction":[{"@type":"CommentAction","name":"Comment","target":["https:\/\/www.cgtaragonlarioja.org\/fedens\/dia-internacional-de-las-mujeres-y-ninas-en-la-ciencia\/#respond"]}]},{"@type":"WebPage","@id":"https:\/\/www.cgtaragonlarioja.org\/fedens\/dia-internacional-de-las-mujeres-y-ninas-en-la-ciencia\/","url":"https:\/\/www.cgtaragonlarioja.org\/fedens\/dia-internacional-de-las-mujeres-y-ninas-en-la-ciencia\/","name":"D\u00eda Internacional de las Mujeres y Ni\u00f1as en la Ciencia.","isPartOf":{"@id":"https:\/\/www.cgtaragonlarioja.org\/fedens\/#website"},"datePublished":"2022-02-11T11:01:52+00:00","dateModified":"2022-02-11T11:02:42+00:00","description":"La Asamblea General de Naciones Unidas el 22 de diciembre de 2015 en su resoluci\u00f3n A\/RES\/70\/212, decide proclamar el 11 de febrero de cada a\u00f1o\u00a0D\u00eda","breadcrumb":{"@id":"https:\/\/www.cgtaragonlarioja.org\/fedens\/dia-internacional-de-las-mujeres-y-ninas-en-la-ciencia\/#breadcrumb"},"inLanguage":"es","potentialAction":[{"@type":"ReadAction","target":["https:\/\/www.cgtaragonlarioja.org\/fedens\/dia-internacional-de-las-mujeres-y-ninas-en-la-ciencia\/"]}]},{"@type":"BreadcrumbList","@id":"https:\/\/www.cgtaragonlarioja.org\/fedens\/dia-internacional-de-las-mujeres-y-ninas-en-la-ciencia\/#breadcrumb","itemListElement":[{"@type":"ListItem","position":1,"name":"Portada","item":"https:\/\/www.cgtaragonlarioja.org\/fedens\/"},{"@type":"ListItem","position":2,"name":"D\u00eda Internacional de las Mujeres y Ni\u00f1as en la Ciencia."}]},{"@type":"WebSite","@id":"https:\/\/www.cgtaragonlarioja.org\/fedens\/#website","url":"https:\/\/www.cgtaragonlarioja.org\/fedens\/","name":"CGT Arag\u00f3n - La Rioja. ENSE\u00d1ANZA","description":"CONTACTAR: Calatayud-Aranda: 654897973 \/ Huesca: 974238404 \/ Teruel: 978619265 \/ Zaragoza: 976922002","publisher":{"@id":"https:\/\/www.cgtaragonlarioja.org\/fedens\/#organization"},"potentialAction":[{"@type":"SearchAction","target":{"@type":"EntryPoint","urlTemplate":"https:\/\/www.cgtaragonlarioja.org\/fedens\/?s={search_term_string}"},"query-input":{"@type":"PropertyValueSpecification","valueRequired":true,"valueName":"search_term_string"}}],"inLanguage":"es"},{"@type":"Organization","@id":"https:\/\/www.cgtaragonlarioja.org\/fedens\/#organization","name":"CGT Arag\u00f3n y La Rioja - Ense\u00f1anza","url":"https:\/\/www.cgtaragonlarioja.org\/fedens\/","logo":{"@type":"ImageObject","inLanguage":"es","@id":"https:\/\/www.cgtaragonlarioja.org\/fedens\/#\/schema\/logo\/image\/","url":"https:\/\/www.cgtaragonlarioja.org\/fedens\/files\/2021\/02\/logo_cgt_ense_huesca_170x250.png","contentUrl":"https:\/\/www.cgtaragonlarioja.org\/fedens\/files\/2021\/02\/logo_cgt_ense_huesca_170x250.png","width":170,"height":250,"caption":"CGT Arag\u00f3n y La Rioja - Ense\u00f1anza"},"image":{"@id":"https:\/\/www.cgtaragonlarioja.org\/fedens\/#\/schema\/logo\/image\/"},"sameAs":["https:\/\/www.facebook.com\/CGTEnseAragon\/","https:\/\/x.com\/CGTeduAragon"]},{"@type":"Person","@id":"https:\/\/www.cgtaragonlarioja.org\/fedens\/#\/schema\/person\/f577cbf9ee1fb7519bfd883ac4f4032f","name":"CGT Ense\u00f1anza Arag\u00f3n","image":{"@type":"ImageObject","inLanguage":"es","@id":"https:\/\/www.cgtaragonlarioja.org\/fedens\/#\/schema\/person\/image\/","url":"https:\/\/secure.gravatar.com\/avatar\/6591cafae8da970274bd48ef06b7f86ae2c2ba705fb2cdafa9b5f7f48c95a765?s=96&d=mm&r=g","contentUrl":"https:\/\/secure.gravatar.com\/avatar\/6591cafae8da970274bd48ef06b7f86ae2c2ba705fb2cdafa9b5f7f48c95a765?s=96&d=mm&r=g","caption":"CGT Ense\u00f1anza Arag\u00f3n"},"url":"https:\/\/www.cgtaragonlarioja.org\/fedens\/author\/fasecgt\/"}]}},"_links":{"self":[{"href":"https:\/\/www.cgtaragonlarioja.org\/fedens\/wp-json\/wp\/v2\/posts\/13729","targetHints":{"allow":["GET"]}}],"collection":[{"href":"https:\/\/www.cgtaragonlarioja.org\/fedens\/wp-json\/wp\/v2\/posts"}],"about":[{"href":"https:\/\/www.cgtaragonlarioja.org\/fedens\/wp-json\/wp\/v2\/types\/post"}],"author":[{"embeddable":true,"href":"https:\/\/www.cgtaragonlarioja.org\/fedens\/wp-json\/wp\/v2\/users\/854"}],"replies":[{"embeddable":true,"href":"https:\/\/www.cgtaragonlarioja.org\/fedens\/wp-json\/wp\/v2\/comments?post=13729"}],"version-history":[{"count":2,"href":"https:\/\/www.cgtaragonlarioja.org\/fedens\/wp-json\/wp\/v2\/posts\/13729\/revisions"}],"predecessor-version":[{"id":13732,"href":"https:\/\/www.cgtaragonlarioja.org\/fedens\/wp-json\/wp\/v2\/posts\/13729\/revisions\/13732"}],"wp:attachment":[{"href":"https:\/\/www.cgtaragonlarioja.org\/fedens\/wp-json\/wp\/v2\/media?parent=13729"}],"wp:term":[{"taxonomy":"category","embeddable":true,"href":"https:\/\/www.cgtaragonlarioja.org\/fedens\/wp-json\/wp\/v2\/categories?post=13729"},{"taxonomy":"post_tag","embeddable":true,"href":"https:\/\/www.cgtaragonlarioja.org\/fedens\/wp-json\/wp\/v2\/tags?post=13729"}],"curies":[{"name":"wp","href":"https:\/\/api.w.org\/{rel}","templated":true}]}}