{"id":13637,"date":"2022-01-31T13:46:13","date_gmt":"2022-01-31T12:46:13","guid":{"rendered":"https:\/\/www.cgtaragonlarioja.org\/fedens\/?p=13637"},"modified":"2022-03-02T11:06:53","modified_gmt":"2022-03-02T10:06:53","slug":"cgt-exige-pago-nomina-enero","status":"publish","type":"post","link":"https:\/\/www.cgtaragonlarioja.org\/fedens\/cgt-exige-pago-nomina-enero\/","title":{"rendered":"CGT EXIGE EL PAGO DE LAS N\u00d3MINAS DE ENERO A TODO EL PERSONAL DOCENTE INTERINO DE ARAG\u00d3N"},"content":{"rendered":"<p style=\"text-align: left\">Cientos de personas interinas de ense\u00f1anza se han quedado sin cobrar el mes de enero en Arag\u00f3n. Este problema viene determinado por un bloqueo de los fondos por parte del Departamento de Hacienda de la DGA. Esta situaci\u00f3n se viene a unir a una falta alarmante de personal administrativo, lo cual est\u00e1 dificultando las gestiones en las instituciones educativas, m\u00e1s a\u00fan en este momento que hay cientos de bajas y altas por motivo del COVID. Las personas que hacen estas sustituciones est\u00e1n incurriendo en m\u00e1s gastos de los habituales, ya que las bajas son muy cortas y sucesivas y pueden ser en cualquier punto de la geograf\u00eda aragonesa, por lo que no resulta posible buscar un alojamiento compartido y tienen que recurrir a alojamientos tur\u00edsticos. Consideramos que lo m\u00ednimo que se espera por parte de la administraci\u00f3n es que se paguen las n\u00f3minas de nuestras compa\u00f1eras y compa\u00f1eros.<br \/>\nCGT denuncia, nuevamente, la falta de planificaci\u00f3n de las administraciones educativas y auton\u00f3micas, adem\u00e1s del poco respeto con el que se trata al todo el colectivo docente, el interino en este caso, que al igual que otros sectores est\u00e1 arrimando el hombro para sobrellevar esta crisis sanitaria ofreciendo una ense\u00f1anza de calidad.<br \/>\nDesde nuestro sindicato se ha denunciado numerosas veces la falta de implicaci\u00f3n del Gobierno de Arag\u00f3n con el sector educativo, lo que se ha hecho evidente ante la falta de medios de protecci\u00f3n frente a la pandemia y las continuas exigencias de cara a los y las docentes. En varias ocasiones hemos llegado al extremo de convocar la huelga, como en septiembre de 2020 para denunciar el desamparo ante el que nos encontramos, cuando somos \u201cpersonal esencial\u201d, y se nos supone y exige el esfuerzo, pero sin reconocimiento ni respeto a nuestros derechos b\u00e1sicos en el trabajo.<\/p>\n","protected":false},"excerpt":{"rendered":"<p>Cientos de personas interinas de ense\u00f1anza se han quedado sin cobrar el mes de enero<\/p>\n","protected":false},"author":854,"featured_media":13939,"comment_status":"open","ping_status":"open","sticky":false,"template":"","format":"standard","meta":{"footnotes":""},"categories":[480],"tags":[625,593],"class_list":["post-13637","post","type-post","status-publish","format-standard","has-post-thumbnail","hentry","category-noticias","tag-interinas","tag-interinos"],"yoast_head":"<!-- This site is optimized with the Yoast SEO plugin v26.7 - https:\/\/yoast.com\/wordpress\/plugins\/seo\/ -->\n<title>CGT EXIGE EL PAGO DE LAS N\u00d3MINAS DE ENERO A TODO EL PERSONAL DOCENTE INTERINO DE ARAG\u00d3N<\/title>\n<meta name=\"description\" content=\"Cientos de personas interinas de ense\u00f1anza se han quedado sin cobrar el mes de enero en Arag\u00f3n. Este problema viene determinado por un bloqueo de los\" \/>\n<meta name=\"robots\" content=\"index, follow, max-snippet:-1, max-image-preview:large, max-video-preview:-1\" \/>\n<link rel=\"canonical\" href=\"https:\/\/www.cgtaragonlarioja.org\/fedens\/cgt-exige-pago-nomina-enero\/\" \/>\n<meta property=\"og:locale\" content=\"es_ES\" \/>\n<meta property=\"og:type\" content=\"article\" \/>\n<meta property=\"og:title\" content=\"CGT EXIGE EL PAGO DE LAS N\u00d3MINAS DE ENERO A TODO EL PERSONAL DOCENTE INTERINO DE ARAG\u00d3N\" \/>\n<meta property=\"og:description\" content=\"Cientos de personas interinas de ense\u00f1anza se han quedado sin cobrar el mes de enero en Arag\u00f3n. Este problema viene determinado por un bloqueo de los\" \/>\n<meta property=\"og:url\" content=\"https:\/\/www.cgtaragonlarioja.org\/fedens\/cgt-exige-pago-nomina-enero\/\" \/>\n<meta property=\"og:site_name\" content=\"CGT Arag\u00f3n - La Rioja. ENSE\u00d1ANZA\" \/>\n<meta property=\"article:publisher\" content=\"https:\/\/www.facebook.com\/CGTEnseAragon\/\" \/>\n<meta property=\"article:published_time\" content=\"2022-01-31T12:46:13+00:00\" \/>\n<meta property=\"article:modified_time\" content=\"2022-03-02T10:06:53+00:00\" \/>\n<meta property=\"og:image\" content=\"https:\/\/www.cgtaragonlarioja.org\/fedens\/files\/2022\/01\/DGA-no-paga-interinxs-precarixs-1-1024x724.png\" \/>\n\t<meta property=\"og:image:width\" content=\"1024\" \/>\n\t<meta property=\"og:image:height\" content=\"724\" \/>\n\t<meta property=\"og:image:type\" content=\"image\/png\" \/>\n<meta name=\"author\" content=\"CGT Ense\u00f1anza Arag\u00f3n\" \/>\n<meta name=\"twitter:card\" content=\"summary_large_image\" \/>\n<meta name=\"twitter:creator\" content=\"@CGTeduAragon\" \/>\n<meta name=\"twitter:site\" content=\"@CGTeduAragon\" \/>\n<meta name=\"twitter:label1\" content=\"Escrito por\" \/>\n\t<meta name=\"twitter:data1\" content=\"CGT Ense\u00f1anza Arag\u00f3n\" \/>\n\t<meta name=\"twitter:label2\" content=\"Tiempo de lectura\" \/>\n\t<meta name=\"twitter:data2\" content=\"2 minutos\" \/>\n<script type=\"application\/ld+json\" class=\"yoast-schema-graph\">{\"@context\":\"https:\/\/schema.org\",\"@graph\":[{\"@type\":\"Article\",\"@id\":\"https:\/\/www.cgtaragonlarioja.org\/fedens\/cgt-exige-pago-nomina-enero\/#article\",\"isPartOf\":{\"@id\":\"https:\/\/www.cgtaragonlarioja.org\/fedens\/cgt-exige-pago-nomina-enero\/\"},\"author\":{\"name\":\"CGT Ense\u00f1anza Arag\u00f3n\",\"@id\":\"https:\/\/www.cgtaragonlarioja.org\/fedens\/#\/schema\/person\/f577cbf9ee1fb7519bfd883ac4f4032f\"},\"headline\":\"CGT EXIGE EL PAGO DE LAS N\u00d3MINAS DE ENERO A TODO EL PERSONAL DOCENTE INTERINO DE ARAG\u00d3N\",\"datePublished\":\"2022-01-31T12:46:13+00:00\",\"dateModified\":\"2022-03-02T10:06:53+00:00\",\"mainEntityOfPage\":{\"@id\":\"https:\/\/www.cgtaragonlarioja.org\/fedens\/cgt-exige-pago-nomina-enero\/\"},\"wordCount\":337,\"commentCount\":0,\"publisher\":{\"@id\":\"https:\/\/www.cgtaragonlarioja.org\/fedens\/#organization\"},\"image\":{\"@id\":\"https:\/\/www.cgtaragonlarioja.org\/fedens\/cgt-exige-pago-nomina-enero\/#primaryimage\"},\"thumbnailUrl\":\"https:\/\/www.cgtaragonlarioja.org\/fedens\/files\/2022\/01\/DGA-no-paga-interinxs-precarixs-1.png\",\"keywords\":[\"interinas\",\"interinos\"],\"articleSection\":[\"Noticias\"],\"inLanguage\":\"es\",\"potentialAction\":[{\"@type\":\"CommentAction\",\"name\":\"Comment\",\"target\":[\"https:\/\/www.cgtaragonlarioja.org\/fedens\/cgt-exige-pago-nomina-enero\/#respond\"]}]},{\"@type\":\"WebPage\",\"@id\":\"https:\/\/www.cgtaragonlarioja.org\/fedens\/cgt-exige-pago-nomina-enero\/\",\"url\":\"https:\/\/www.cgtaragonlarioja.org\/fedens\/cgt-exige-pago-nomina-enero\/\",\"name\":\"CGT EXIGE EL PAGO DE LAS N\u00d3MINAS DE ENERO A TODO EL PERSONAL DOCENTE INTERINO DE ARAG\u00d3N\",\"isPartOf\":{\"@id\":\"https:\/\/www.cgtaragonlarioja.org\/fedens\/#website\"},\"primaryImageOfPage\":{\"@id\":\"https:\/\/www.cgtaragonlarioja.org\/fedens\/cgt-exige-pago-nomina-enero\/#primaryimage\"},\"image\":{\"@id\":\"https:\/\/www.cgtaragonlarioja.org\/fedens\/cgt-exige-pago-nomina-enero\/#primaryimage\"},\"thumbnailUrl\":\"https:\/\/www.cgtaragonlarioja.org\/fedens\/files\/2022\/01\/DGA-no-paga-interinxs-precarixs-1.png\",\"datePublished\":\"2022-01-31T12:46:13+00:00\",\"dateModified\":\"2022-03-02T10:06:53+00:00\",\"description\":\"Cientos de personas interinas de ense\u00f1anza se han quedado sin cobrar el mes de enero en Arag\u00f3n. Este problema viene determinado por un bloqueo de los\",\"breadcrumb\":{\"@id\":\"https:\/\/www.cgtaragonlarioja.org\/fedens\/cgt-exige-pago-nomina-enero\/#breadcrumb\"},\"inLanguage\":\"es\",\"potentialAction\":[{\"@type\":\"ReadAction\",\"target\":[\"https:\/\/www.cgtaragonlarioja.org\/fedens\/cgt-exige-pago-nomina-enero\/\"]}]},{\"@type\":\"ImageObject\",\"inLanguage\":\"es\",\"@id\":\"https:\/\/www.cgtaragonlarioja.org\/fedens\/cgt-exige-pago-nomina-enero\/#primaryimage\",\"url\":\"https:\/\/www.cgtaragonlarioja.org\/fedens\/files\/2022\/01\/DGA-no-paga-interinxs-precarixs-1.png\",\"contentUrl\":\"https:\/\/www.cgtaragonlarioja.org\/fedens\/files\/2022\/01\/DGA-no-paga-interinxs-precarixs-1.png\",\"width\":2245,\"height\":1587},{\"@type\":\"BreadcrumbList\",\"@id\":\"https:\/\/www.cgtaragonlarioja.org\/fedens\/cgt-exige-pago-nomina-enero\/#breadcrumb\",\"itemListElement\":[{\"@type\":\"ListItem\",\"position\":1,\"name\":\"Portada\",\"item\":\"https:\/\/www.cgtaragonlarioja.org\/fedens\/\"},{\"@type\":\"ListItem\",\"position\":2,\"name\":\"CGT EXIGE EL PAGO DE LAS N\u00d3MINAS DE ENERO A TODO EL PERSONAL DOCENTE INTERINO DE ARAG\u00d3N\"}]},{\"@type\":\"WebSite\",\"@id\":\"https:\/\/www.cgtaragonlarioja.org\/fedens\/#website\",\"url\":\"https:\/\/www.cgtaragonlarioja.org\/fedens\/\",\"name\":\"CGT Arag\u00f3n - La Rioja. ENSE\u00d1ANZA\",\"description\":\"CONTACTAR: Calatayud-Aranda: 654897973 \/ Huesca: 974238404 \/ Teruel: 978619265 \/ Zaragoza: 976922002\",\"publisher\":{\"@id\":\"https:\/\/www.cgtaragonlarioja.org\/fedens\/#organization\"},\"potentialAction\":[{\"@type\":\"SearchAction\",\"target\":{\"@type\":\"EntryPoint\",\"urlTemplate\":\"https:\/\/www.cgtaragonlarioja.org\/fedens\/?s={search_term_string}\"},\"query-input\":{\"@type\":\"PropertyValueSpecification\",\"valueRequired\":true,\"valueName\":\"search_term_string\"}}],\"inLanguage\":\"es\"},{\"@type\":\"Organization\",\"@id\":\"https:\/\/www.cgtaragonlarioja.org\/fedens\/#organization\",\"name\":\"CGT Arag\u00f3n y La Rioja - Ense\u00f1anza\",\"url\":\"https:\/\/www.cgtaragonlarioja.org\/fedens\/\",\"logo\":{\"@type\":\"ImageObject\",\"inLanguage\":\"es\",\"@id\":\"https:\/\/www.cgtaragonlarioja.org\/fedens\/#\/schema\/logo\/image\/\",\"url\":\"https:\/\/www.cgtaragonlarioja.org\/fedens\/files\/2021\/02\/logo_cgt_ense_huesca_170x250.png\",\"contentUrl\":\"https:\/\/www.cgtaragonlarioja.org\/fedens\/files\/2021\/02\/logo_cgt_ense_huesca_170x250.png\",\"width\":170,\"height\":250,\"caption\":\"CGT Arag\u00f3n y La Rioja - Ense\u00f1anza\"},\"image\":{\"@id\":\"https:\/\/www.cgtaragonlarioja.org\/fedens\/#\/schema\/logo\/image\/\"},\"sameAs\":[\"https:\/\/www.facebook.com\/CGTEnseAragon\/\",\"https:\/\/x.com\/CGTeduAragon\"]},{\"@type\":\"Person\",\"@id\":\"https:\/\/www.cgtaragonlarioja.org\/fedens\/#\/schema\/person\/f577cbf9ee1fb7519bfd883ac4f4032f\",\"name\":\"CGT Ense\u00f1anza Arag\u00f3n\",\"image\":{\"@type\":\"ImageObject\",\"inLanguage\":\"es\",\"@id\":\"https:\/\/www.cgtaragonlarioja.org\/fedens\/#\/schema\/person\/image\/\",\"url\":\"https:\/\/secure.gravatar.com\/avatar\/6591cafae8da970274bd48ef06b7f86ae2c2ba705fb2cdafa9b5f7f48c95a765?s=96&d=mm&r=g\",\"contentUrl\":\"https:\/\/secure.gravatar.com\/avatar\/6591cafae8da970274bd48ef06b7f86ae2c2ba705fb2cdafa9b5f7f48c95a765?s=96&d=mm&r=g\",\"caption\":\"CGT Ense\u00f1anza Arag\u00f3n\"},\"url\":\"https:\/\/www.cgtaragonlarioja.org\/fedens\/author\/fasecgt\/\"}]}<\/script>\n<!-- \/ Yoast SEO plugin. -->","yoast_head_json":{"title":"CGT EXIGE EL PAGO DE LAS N\u00d3MINAS DE ENERO A TODO EL PERSONAL DOCENTE INTERINO DE ARAG\u00d3N","description":"Cientos de personas interinas de ense\u00f1anza se han quedado sin cobrar el mes de enero en Arag\u00f3n. Este problema viene determinado por un bloqueo de los","robots":{"index":"index","follow":"follow","max-snippet":"max-snippet:-1","max-image-preview":"max-image-preview:large","max-video-preview":"max-video-preview:-1"},"canonical":"https:\/\/www.cgtaragonlarioja.org\/fedens\/cgt-exige-pago-nomina-enero\/","og_locale":"es_ES","og_type":"article","og_title":"CGT EXIGE EL PAGO DE LAS N\u00d3MINAS DE ENERO A TODO EL PERSONAL DOCENTE INTERINO DE ARAG\u00d3N","og_description":"Cientos de personas interinas de ense\u00f1anza se han quedado sin cobrar el mes de enero en Arag\u00f3n. Este problema viene determinado por un bloqueo de los","og_url":"https:\/\/www.cgtaragonlarioja.org\/fedens\/cgt-exige-pago-nomina-enero\/","og_site_name":"CGT Arag\u00f3n - La Rioja. ENSE\u00d1ANZA","article_publisher":"https:\/\/www.facebook.com\/CGTEnseAragon\/","article_published_time":"2022-01-31T12:46:13+00:00","article_modified_time":"2022-03-02T10:06:53+00:00","og_image":[{"width":1024,"height":724,"url":"https:\/\/www.cgtaragonlarioja.org\/fedens\/files\/2022\/01\/DGA-no-paga-interinxs-precarixs-1-1024x724.png","type":"image\/png"}],"author":"CGT Ense\u00f1anza Arag\u00f3n","twitter_card":"summary_large_image","twitter_creator":"@CGTeduAragon","twitter_site":"@CGTeduAragon","twitter_misc":{"Escrito por":"CGT Ense\u00f1anza Arag\u00f3n","Tiempo de lectura":"2 minutos"},"schema":{"@context":"https:\/\/schema.org","@graph":[{"@type":"Article","@id":"https:\/\/www.cgtaragonlarioja.org\/fedens\/cgt-exige-pago-nomina-enero\/#article","isPartOf":{"@id":"https:\/\/www.cgtaragonlarioja.org\/fedens\/cgt-exige-pago-nomina-enero\/"},"author":{"name":"CGT Ense\u00f1anza Arag\u00f3n","@id":"https:\/\/www.cgtaragonlarioja.org\/fedens\/#\/schema\/person\/f577cbf9ee1fb7519bfd883ac4f4032f"},"headline":"CGT EXIGE EL PAGO DE LAS N\u00d3MINAS DE ENERO A TODO EL PERSONAL DOCENTE INTERINO DE ARAG\u00d3N","datePublished":"2022-01-31T12:46:13+00:00","dateModified":"2022-03-02T10:06:53+00:00","mainEntityOfPage":{"@id":"https:\/\/www.cgtaragonlarioja.org\/fedens\/cgt-exige-pago-nomina-enero\/"},"wordCount":337,"commentCount":0,"publisher":{"@id":"https:\/\/www.cgtaragonlarioja.org\/fedens\/#organization"},"image":{"@id":"https:\/\/www.cgtaragonlarioja.org\/fedens\/cgt-exige-pago-nomina-enero\/#primaryimage"},"thumbnailUrl":"https:\/\/www.cgtaragonlarioja.org\/fedens\/files\/2022\/01\/DGA-no-paga-interinxs-precarixs-1.png","keywords":["interinas","interinos"],"articleSection":["Noticias"],"inLanguage":"es","potentialAction":[{"@type":"CommentAction","name":"Comment","target":["https:\/\/www.cgtaragonlarioja.org\/fedens\/cgt-exige-pago-nomina-enero\/#respond"]}]},{"@type":"WebPage","@id":"https:\/\/www.cgtaragonlarioja.org\/fedens\/cgt-exige-pago-nomina-enero\/","url":"https:\/\/www.cgtaragonlarioja.org\/fedens\/cgt-exige-pago-nomina-enero\/","name":"CGT EXIGE EL PAGO DE LAS N\u00d3MINAS DE ENERO A TODO EL PERSONAL DOCENTE INTERINO DE ARAG\u00d3N","isPartOf":{"@id":"https:\/\/www.cgtaragonlarioja.org\/fedens\/#website"},"primaryImageOfPage":{"@id":"https:\/\/www.cgtaragonlarioja.org\/fedens\/cgt-exige-pago-nomina-enero\/#primaryimage"},"image":{"@id":"https:\/\/www.cgtaragonlarioja.org\/fedens\/cgt-exige-pago-nomina-enero\/#primaryimage"},"thumbnailUrl":"https:\/\/www.cgtaragonlarioja.org\/fedens\/files\/2022\/01\/DGA-no-paga-interinxs-precarixs-1.png","datePublished":"2022-01-31T12:46:13+00:00","dateModified":"2022-03-02T10:06:53+00:00","description":"Cientos de personas interinas de ense\u00f1anza se han quedado sin cobrar el mes de enero en Arag\u00f3n. Este problema viene determinado por un bloqueo de los","breadcrumb":{"@id":"https:\/\/www.cgtaragonlarioja.org\/fedens\/cgt-exige-pago-nomina-enero\/#breadcrumb"},"inLanguage":"es","potentialAction":[{"@type":"ReadAction","target":["https:\/\/www.cgtaragonlarioja.org\/fedens\/cgt-exige-pago-nomina-enero\/"]}]},{"@type":"ImageObject","inLanguage":"es","@id":"https:\/\/www.cgtaragonlarioja.org\/fedens\/cgt-exige-pago-nomina-enero\/#primaryimage","url":"https:\/\/www.cgtaragonlarioja.org\/fedens\/files\/2022\/01\/DGA-no-paga-interinxs-precarixs-1.png","contentUrl":"https:\/\/www.cgtaragonlarioja.org\/fedens\/files\/2022\/01\/DGA-no-paga-interinxs-precarixs-1.png","width":2245,"height":1587},{"@type":"BreadcrumbList","@id":"https:\/\/www.cgtaragonlarioja.org\/fedens\/cgt-exige-pago-nomina-enero\/#breadcrumb","itemListElement":[{"@type":"ListItem","position":1,"name":"Portada","item":"https:\/\/www.cgtaragonlarioja.org\/fedens\/"},{"@type":"ListItem","position":2,"name":"CGT EXIGE EL PAGO DE LAS N\u00d3MINAS DE ENERO A TODO EL PERSONAL DOCENTE INTERINO DE ARAG\u00d3N"}]},{"@type":"WebSite","@id":"https:\/\/www.cgtaragonlarioja.org\/fedens\/#website","url":"https:\/\/www.cgtaragonlarioja.org\/fedens\/","name":"CGT Arag\u00f3n - La Rioja. ENSE\u00d1ANZA","description":"CONTACTAR: Calatayud-Aranda: 654897973 \/ Huesca: 974238404 \/ Teruel: 978619265 \/ Zaragoza: 976922002","publisher":{"@id":"https:\/\/www.cgtaragonlarioja.org\/fedens\/#organization"},"potentialAction":[{"@type":"SearchAction","target":{"@type":"EntryPoint","urlTemplate":"https:\/\/www.cgtaragonlarioja.org\/fedens\/?s={search_term_string}"},"query-input":{"@type":"PropertyValueSpecification","valueRequired":true,"valueName":"search_term_string"}}],"inLanguage":"es"},{"@type":"Organization","@id":"https:\/\/www.cgtaragonlarioja.org\/fedens\/#organization","name":"CGT Arag\u00f3n y La Rioja - Ense\u00f1anza","url":"https:\/\/www.cgtaragonlarioja.org\/fedens\/","logo":{"@type":"ImageObject","inLanguage":"es","@id":"https:\/\/www.cgtaragonlarioja.org\/fedens\/#\/schema\/logo\/image\/","url":"https:\/\/www.cgtaragonlarioja.org\/fedens\/files\/2021\/02\/logo_cgt_ense_huesca_170x250.png","contentUrl":"https:\/\/www.cgtaragonlarioja.org\/fedens\/files\/2021\/02\/logo_cgt_ense_huesca_170x250.png","width":170,"height":250,"caption":"CGT Arag\u00f3n y La Rioja - Ense\u00f1anza"},"image":{"@id":"https:\/\/www.cgtaragonlarioja.org\/fedens\/#\/schema\/logo\/image\/"},"sameAs":["https:\/\/www.facebook.com\/CGTEnseAragon\/","https:\/\/x.com\/CGTeduAragon"]},{"@type":"Person","@id":"https:\/\/www.cgtaragonlarioja.org\/fedens\/#\/schema\/person\/f577cbf9ee1fb7519bfd883ac4f4032f","name":"CGT Ense\u00f1anza Arag\u00f3n","image":{"@type":"ImageObject","inLanguage":"es","@id":"https:\/\/www.cgtaragonlarioja.org\/fedens\/#\/schema\/person\/image\/","url":"https:\/\/secure.gravatar.com\/avatar\/6591cafae8da970274bd48ef06b7f86ae2c2ba705fb2cdafa9b5f7f48c95a765?s=96&d=mm&r=g","contentUrl":"https:\/\/secure.gravatar.com\/avatar\/6591cafae8da970274bd48ef06b7f86ae2c2ba705fb2cdafa9b5f7f48c95a765?s=96&d=mm&r=g","caption":"CGT Ense\u00f1anza Arag\u00f3n"},"url":"https:\/\/www.cgtaragonlarioja.org\/fedens\/author\/fasecgt\/"}]}},"_links":{"self":[{"href":"https:\/\/www.cgtaragonlarioja.org\/fedens\/wp-json\/wp\/v2\/posts\/13637","targetHints":{"allow":["GET"]}}],"collection":[{"href":"https:\/\/www.cgtaragonlarioja.org\/fedens\/wp-json\/wp\/v2\/posts"}],"about":[{"href":"https:\/\/www.cgtaragonlarioja.org\/fedens\/wp-json\/wp\/v2\/types\/post"}],"author":[{"embeddable":true,"href":"https:\/\/www.cgtaragonlarioja.org\/fedens\/wp-json\/wp\/v2\/users\/854"}],"replies":[{"embeddable":true,"href":"https:\/\/www.cgtaragonlarioja.org\/fedens\/wp-json\/wp\/v2\/comments?post=13637"}],"version-history":[{"count":4,"href":"https:\/\/www.cgtaragonlarioja.org\/fedens\/wp-json\/wp\/v2\/posts\/13637\/revisions"}],"predecessor-version":[{"id":13940,"href":"https:\/\/www.cgtaragonlarioja.org\/fedens\/wp-json\/wp\/v2\/posts\/13637\/revisions\/13940"}],"wp:featuredmedia":[{"embeddable":true,"href":"https:\/\/www.cgtaragonlarioja.org\/fedens\/wp-json\/wp\/v2\/media\/13939"}],"wp:attachment":[{"href":"https:\/\/www.cgtaragonlarioja.org\/fedens\/wp-json\/wp\/v2\/media?parent=13637"}],"wp:term":[{"taxonomy":"category","embeddable":true,"href":"https:\/\/www.cgtaragonlarioja.org\/fedens\/wp-json\/wp\/v2\/categories?post=13637"},{"taxonomy":"post_tag","embeddable":true,"href":"https:\/\/www.cgtaragonlarioja.org\/fedens\/wp-json\/wp\/v2\/tags?post=13637"}],"curies":[{"name":"wp","href":"https:\/\/api.w.org\/{rel}","templated":true}]}}