{"id":13622,"date":"2022-01-28T12:49:24","date_gmt":"2022-01-28T11:49:24","guid":{"rendered":"https:\/\/www.cgtaragonlarioja.org\/fedens\/?p=13622"},"modified":"2022-01-28T12:49:24","modified_gmt":"2022-01-28T11:49:24","slug":"mesa-tecnica-oposiciones-de-maestros","status":"publish","type":"post","link":"https:\/\/www.cgtaragonlarioja.org\/fedens\/mesa-tecnica-oposiciones-de-maestros\/","title":{"rendered":"Mesa T\u00e9cnica oposiciones de Maestros"},"content":{"rendered":"<p>&nbsp;<\/p>\n<ol>\n<li><strong>OPOSICIONES 2022:<\/strong>\n<ul>\n<li><strong>Convocatoria: <\/strong>Se nos comunican las fechas de convocatoria y plazos de inscripci\u00f3n para las pr\u00f3ximas oposiciones, quedando como sigue:<\/li>\n<\/ul>\n<\/li>\n<\/ol>\n<p><strong>Fecha salida convocatoria:\u00a0\u00a0 <\/strong>9 de febrero<\/p>\n<p><strong>Plazo de inscripci\u00f3n:<\/strong> del 10 de febrero\u00a0 2 de marzo<\/p>\n<ul>\n<li><strong>Distribuci\u00f3n de plazas:<\/strong><\/li>\n<\/ul>\n<p>Sobre un total de 658 plazas, estas se distribuir\u00e1n de la siguiente forma, seg\u00fan especialidades:<\/p>\n<table>\n<tbody>\n<tr>\n<td width=\"88\">Especialidad<\/td>\n<td width=\"38\">Total<\/p>\n<p>plazas<\/td>\n<td width=\"55\">Plazas libres<\/td>\n<td width=\"91\">Reserva discapacidad<\/td>\n<td width=\"79\">Reserva v\u00edctimas terrorismo<\/td>\n<td width=\"90\">Reserva transexuales<\/td>\n<td width=\"69\">Reserva violencia de g\u00e9nero<\/td>\n<\/tr>\n<tr>\n<td width=\"88\">Educaci\u00f3n Infantil<\/td>\n<td width=\"38\">180<\/td>\n<td width=\"55\">157<\/td>\n<td width=\"91\">15<\/td>\n<td width=\"79\">2<\/td>\n<td width=\"90\">2<\/td>\n<td width=\"69\">4<\/td>\n<\/tr>\n<tr>\n<td width=\"88\">Filolog\u00eda inglesa<\/td>\n<td width=\"38\">130<\/td>\n<td width=\"55\">114<\/td>\n<td width=\"91\">11<\/td>\n<td width=\"79\">1<\/td>\n<td width=\"90\">1<\/td>\n<td width=\"69\">3<\/td>\n<\/tr>\n<tr>\n<td width=\"88\">Filolog\u00eda francesa<\/td>\n<td width=\"38\">20<\/td>\n<td width=\"55\">18<\/td>\n<td width=\"91\">2<\/td>\n<td width=\"79\">&nbsp;<\/td>\n<td width=\"90\">&nbsp;<\/td>\n<td width=\"69\">&nbsp;<\/td>\n<\/tr>\n<tr>\n<td width=\"88\">Educaci\u00f3n f\u00edsica<\/td>\n<td width=\"38\">59<\/td>\n<td width=\"55\">51<\/td>\n<td width=\"91\">5<\/td>\n<td width=\"79\">1<\/td>\n<td width=\"90\">1<\/td>\n<td width=\"69\">1<\/td>\n<\/tr>\n<tr>\n<td width=\"88\">M\u00fasica<\/td>\n<td width=\"38\">42<\/td>\n<td width=\"55\">38<\/td>\n<td width=\"91\">3<\/td>\n<td width=\"79\">&nbsp;<\/td>\n<td width=\"90\">&nbsp;<\/td>\n<td width=\"69\">1<\/td>\n<\/tr>\n<tr>\n<td width=\"88\">Pedagog\u00eda terap\u00e9utica<\/td>\n<td width=\"38\">54<\/td>\n<td width=\"55\">47<\/td>\n<td width=\"91\">4<\/td>\n<td width=\"79\">1<\/td>\n<td width=\"90\">1<\/td>\n<td width=\"69\">1<\/td>\n<\/tr>\n<tr>\n<td width=\"88\">Audici\u00f3n y lenguaje<\/td>\n<td width=\"38\">28<\/td>\n<td width=\"55\">26<\/td>\n<td width=\"91\">2<\/td>\n<td width=\"79\">&nbsp;<\/td>\n<td width=\"90\">&nbsp;<\/td>\n<td width=\"69\">&nbsp;<\/td>\n<\/tr>\n<tr>\n<td width=\"88\">Educaci\u00f3n primaria<\/td>\n<td width=\"38\">145<\/td>\n<td width=\"55\">127<\/td>\n<td width=\"91\">13<\/td>\n<td width=\"79\">1<\/td>\n<td width=\"90\">1<\/td>\n<td width=\"69\">3<\/td>\n<\/tr>\n<tr>\n<td width=\"88\">TOTAL<\/td>\n<td width=\"38\">658<\/td>\n<td width=\"55\">578<\/td>\n<td width=\"91\">55<\/td>\n<td width=\"79\">6<\/td>\n<td width=\"90\">6<\/td>\n<td width=\"69\">13<\/td>\n<\/tr>\n<\/tbody>\n<\/table>\n<p>&nbsp;<\/p>\n<p>En las plazas de discapacidad est\u00e1n incluidas las tres que sobraron de 2021.<\/p>\n<p>El 8% de las plazas de discapacidad que no queden cubiertas se acumular\u00e1n como tales para la pr\u00f3xima convocatoria y el resto pasar\u00e1 al turno libre.<\/p>\n<ul>\n<li><strong>Sedes de las oposiciones:<\/strong><\/li>\n<\/ul>\n<table>\n<tbody>\n<tr>\n<td rowspan=\"3\" width=\"255\"><strong>HUESCA<\/strong><\/td>\n<td width=\"255\"><strong>Filolog\u00eda francesa<\/strong><\/td>\n<\/tr>\n<tr>\n<td width=\"255\"><strong>Educaci\u00f3n f\u00edsica<\/strong><\/td>\n<\/tr>\n<tr>\n<td width=\"255\"><strong>Audici\u00f3n y lenguaje<\/strong><\/td>\n<\/tr>\n<tr>\n<td rowspan=\"3\" width=\"255\"><strong>TERUEL<\/strong><\/td>\n<td width=\"255\"><strong>Filolog\u00eda inglesa<\/strong><\/td>\n<\/tr>\n<tr>\n<td width=\"255\"><strong>M\u00fasica<\/strong><\/td>\n<\/tr>\n<tr>\n<td width=\"255\"><strong>Audici\u00f3n y lenguaje<\/strong><\/td>\n<\/tr>\n<tr>\n<td rowspan=\"2\" width=\"255\"><strong>ZARAGOZA<\/strong><\/td>\n<td width=\"255\"><strong>Educaci\u00f3n infantil<\/strong><\/td>\n<\/tr>\n<tr>\n<td width=\"255\"><strong>Educaci\u00f3n primaria<\/strong><\/td>\n<\/tr>\n<\/tbody>\n<\/table>\n<p>&nbsp;<\/p>\n<p>No se concreta la fecha exacta de la realizaci\u00f3n de las pruebas.<\/p>\n<ul>\n<li><strong>Normativa aplicable:<\/strong><\/li>\n<\/ul>\n<p>Estas oposiciones se regular\u00e1n por el RD 276\/2007 \u00abpuro\u00bb es decir sin las modificaciones aprobadas en el Real Decreto 84\/2018, de 23 de febrero que regulaba el r\u00e9gimen transitorio de ingreso. En este RD 84 se a\u00f1ad\u00eda\u00a0<em>\u00abuna disposici\u00f3n transitoria que regule un r\u00e9gimen de ingreso aplicable a los procedimientos selectivos de ingreso en la funci\u00f3n docente que se realicen en ejecuci\u00f3n de las ofertas p\u00fablicas de empleo que sean aprobadas y publicadas en los \u00abDiarios Oficiales\u00bb en los ejercicios 2017 a 2019\u2033<\/em>.<\/p>\n<p>Si quieres consultar c\u00f3mo puede afectarte, puedes leer\u00a0 <a href=\"https:\/\/www.cgtaragonlarioja.org\/fedens\/como-seran-las-oposiciones-de-este-verano\/\">AQU\u00cd<\/a><\/p>\n<ul>\n<li><strong>Ruegos y preguntas.<\/strong><\/li>\n<\/ul>\n<p>Desde los sindicatos, se pregunta qu\u00e9 va a pasar con los supuestos pr\u00e1cticos, las conocidas como <strong>\u201c<em>preguntas cortas\u201d<\/em><\/strong>, ya que, en algunas especialidades, dichas preguntas se hab\u00edan alejado del todo de lo que realmente es un <em>\u201cSupuesto pr\u00e1ctico\u201d<\/em> para convertirse en una suerte de preguntas sobre legislaci\u00f3n extremadamente concretas.<\/p>\n<p>Se acuerda que como tales, <strong>se suprimen las preguntas cortas y se plantear\u00e1n correctamente como supuesto pr\u00e1ctico.<\/strong><\/p>\n<p>Tambi\u00e9n se pregunta sobre la <strong>accesibilidad de las sedes<\/strong>, log\u00edstica de transporte, etc. Se nos dice que se tendr\u00e1 en cuenta y que ser\u00e1n sitios lo suficientemente grandes y bien comunicados.<\/p>\n<p>Se pide que se haga ya\u00a0 una <strong>reserva econ\u00f3mica de pago a los tribunales<\/strong>.<\/p>\n<p>Se pregunta qu\u00e9 pasar\u00e1 con aspirantes que resulten estar enfermos de Covid 19. No se podr\u00e1 alargar indefinidamente si hay alguien enfermo porque las fechas en las que el proceso debe estar concluido son muy estrictas. Se tratar\u00e1 de conjugar el llamamiento \u00fanico con la situaci\u00f3n sanitaria, aunque es complicado.<\/p>\n<p>Se pregunta si, para permanecer en Lista 1, seguir\u00e1 sin ser necesario presentarse y pagar tasa, a lo que se nos contesta afirmativamente.<\/p>\n<p>CGT preguntamos si, en previsi\u00f3n de que la situaci\u00f3n sanitaria se agrave repentinamente, tal y como ocurri\u00f3 las pasadas Navidades, existe un plan de contingencia que contemple la apertura de nuevas sedes, etc. Se nos contesta que si se diera una situaci\u00f3n ya ver\u00edan c\u00f3mo lo gestionar\u00edan y nos garantizan que las pruebas se har\u00e1n en condiciones de seguridad para opositores y tribunales (amplitud de espacio, ventilaci\u00f3n\u2026)<\/p>\n","protected":false},"excerpt":{"rendered":"<p>&nbsp; OPOSICIONES 2022: Convocatoria: Se nos comunican las fechas de convocatoria y plazos de inscripci\u00f3n<\/p>\n","protected":false},"author":486,"featured_media":13624,"comment_status":"open","ping_status":"open","sticky":false,"template":"","format":"standard","meta":{"footnotes":""},"categories":[568,480],"tags":[],"class_list":["post-13622","post","type-post","status-publish","format-standard","has-post-thumbnail","hentry","category-interinas","category-noticias"],"yoast_head":"<!-- This site is optimized with the Yoast SEO plugin v26.7 - https:\/\/yoast.com\/wordpress\/plugins\/seo\/ -->\n<title>Mesa T\u00e9cnica oposiciones de Maestros<\/title>\n<meta name=\"description\" content=\"Informaci\u00f3n sobre la publicaci\u00f3n y desarrollo de las oposiciones de Magisterio de 2022.\" \/>\n<meta name=\"robots\" content=\"index, follow, max-snippet:-1, max-image-preview:large, max-video-preview:-1\" \/>\n<link rel=\"canonical\" href=\"https:\/\/www.cgtaragonlarioja.org\/fedens\/mesa-tecnica-oposiciones-de-maestros\/\" \/>\n<meta property=\"og:locale\" content=\"es_ES\" \/>\n<meta property=\"og:type\" content=\"article\" \/>\n<meta property=\"og:title\" content=\"Mesa T\u00e9cnica oposiciones de Maestros\" \/>\n<meta property=\"og:description\" content=\"Informaci\u00f3n sobre la publicaci\u00f3n y desarrollo de las oposiciones de Magisterio de 2022.\" \/>\n<meta property=\"og:url\" content=\"https:\/\/www.cgtaragonlarioja.org\/fedens\/mesa-tecnica-oposiciones-de-maestros\/\" \/>\n<meta property=\"og:site_name\" content=\"CGT Arag\u00f3n - La Rioja. ENSE\u00d1ANZA\" \/>\n<meta property=\"article:publisher\" content=\"https:\/\/www.facebook.com\/CGTEnseAragon\/\" \/>\n<meta property=\"article:published_time\" content=\"2022-01-28T11:49:24+00:00\" \/>\n<meta property=\"og:image\" content=\"https:\/\/www.cgtaragonlarioja.org\/fedens\/files\/2022\/01\/Oposiciones-2022.png\" \/>\n\t<meta property=\"og:image:width\" content=\"940\" \/>\n\t<meta property=\"og:image:height\" content=\"788\" \/>\n\t<meta property=\"og:image:type\" content=\"image\/png\" \/>\n<meta name=\"author\" content=\"kike\" \/>\n<meta name=\"twitter:card\" content=\"summary_large_image\" \/>\n<meta name=\"twitter:creator\" content=\"@CGTeduAragon\" \/>\n<meta name=\"twitter:site\" content=\"@CGTeduAragon\" \/>\n<meta name=\"twitter:label1\" content=\"Escrito por\" \/>\n\t<meta name=\"twitter:data1\" content=\"kike\" \/>\n\t<meta name=\"twitter:label2\" content=\"Tiempo de lectura\" \/>\n\t<meta name=\"twitter:data2\" content=\"3 minutos\" \/>\n<script type=\"application\/ld+json\" class=\"yoast-schema-graph\">{\"@context\":\"https:\/\/schema.org\",\"@graph\":[{\"@type\":\"Article\",\"@id\":\"https:\/\/www.cgtaragonlarioja.org\/fedens\/mesa-tecnica-oposiciones-de-maestros\/#article\",\"isPartOf\":{\"@id\":\"https:\/\/www.cgtaragonlarioja.org\/fedens\/mesa-tecnica-oposiciones-de-maestros\/\"},\"author\":{\"name\":\"kike\",\"@id\":\"https:\/\/www.cgtaragonlarioja.org\/fedens\/#\/schema\/person\/dfa7d1616615d62a6d79c9593aa09fc3\"},\"headline\":\"Mesa T\u00e9cnica oposiciones de Maestros\",\"datePublished\":\"2022-01-28T11:49:24+00:00\",\"mainEntityOfPage\":{\"@id\":\"https:\/\/www.cgtaragonlarioja.org\/fedens\/mesa-tecnica-oposiciones-de-maestros\/\"},\"wordCount\":573,\"commentCount\":0,\"publisher\":{\"@id\":\"https:\/\/www.cgtaragonlarioja.org\/fedens\/#organization\"},\"image\":{\"@id\":\"https:\/\/www.cgtaragonlarioja.org\/fedens\/mesa-tecnica-oposiciones-de-maestros\/#primaryimage\"},\"thumbnailUrl\":\"https:\/\/www.cgtaragonlarioja.org\/fedens\/files\/2022\/01\/Oposiciones-2022.png\",\"articleSection\":[\"Interinas\",\"Noticias\"],\"inLanguage\":\"es\",\"potentialAction\":[{\"@type\":\"CommentAction\",\"name\":\"Comment\",\"target\":[\"https:\/\/www.cgtaragonlarioja.org\/fedens\/mesa-tecnica-oposiciones-de-maestros\/#respond\"]}]},{\"@type\":\"WebPage\",\"@id\":\"https:\/\/www.cgtaragonlarioja.org\/fedens\/mesa-tecnica-oposiciones-de-maestros\/\",\"url\":\"https:\/\/www.cgtaragonlarioja.org\/fedens\/mesa-tecnica-oposiciones-de-maestros\/\",\"name\":\"Mesa T\u00e9cnica oposiciones de Maestros\",\"isPartOf\":{\"@id\":\"https:\/\/www.cgtaragonlarioja.org\/fedens\/#website\"},\"primaryImageOfPage\":{\"@id\":\"https:\/\/www.cgtaragonlarioja.org\/fedens\/mesa-tecnica-oposiciones-de-maestros\/#primaryimage\"},\"image\":{\"@id\":\"https:\/\/www.cgtaragonlarioja.org\/fedens\/mesa-tecnica-oposiciones-de-maestros\/#primaryimage\"},\"thumbnailUrl\":\"https:\/\/www.cgtaragonlarioja.org\/fedens\/files\/2022\/01\/Oposiciones-2022.png\",\"datePublished\":\"2022-01-28T11:49:24+00:00\",\"description\":\"Informaci\u00f3n sobre la publicaci\u00f3n y desarrollo de las oposiciones de Magisterio de 2022.\",\"breadcrumb\":{\"@id\":\"https:\/\/www.cgtaragonlarioja.org\/fedens\/mesa-tecnica-oposiciones-de-maestros\/#breadcrumb\"},\"inLanguage\":\"es\",\"potentialAction\":[{\"@type\":\"ReadAction\",\"target\":[\"https:\/\/www.cgtaragonlarioja.org\/fedens\/mesa-tecnica-oposiciones-de-maestros\/\"]}]},{\"@type\":\"ImageObject\",\"inLanguage\":\"es\",\"@id\":\"https:\/\/www.cgtaragonlarioja.org\/fedens\/mesa-tecnica-oposiciones-de-maestros\/#primaryimage\",\"url\":\"https:\/\/www.cgtaragonlarioja.org\/fedens\/files\/2022\/01\/Oposiciones-2022.png\",\"contentUrl\":\"https:\/\/www.cgtaragonlarioja.org\/fedens\/files\/2022\/01\/Oposiciones-2022.png\",\"width\":940,\"height\":788},{\"@type\":\"BreadcrumbList\",\"@id\":\"https:\/\/www.cgtaragonlarioja.org\/fedens\/mesa-tecnica-oposiciones-de-maestros\/#breadcrumb\",\"itemListElement\":[{\"@type\":\"ListItem\",\"position\":1,\"name\":\"Portada\",\"item\":\"https:\/\/www.cgtaragonlarioja.org\/fedens\/\"},{\"@type\":\"ListItem\",\"position\":2,\"name\":\"Mesa T\u00e9cnica oposiciones de Maestros\"}]},{\"@type\":\"WebSite\",\"@id\":\"https:\/\/www.cgtaragonlarioja.org\/fedens\/#website\",\"url\":\"https:\/\/www.cgtaragonlarioja.org\/fedens\/\",\"name\":\"CGT Arag\u00f3n - La Rioja. ENSE\u00d1ANZA\",\"description\":\"CONTACTAR: Calatayud-Aranda: 654897973 \/ Huesca: 974238404 \/ Teruel: 978619265 \/ Zaragoza: 976922002\",\"publisher\":{\"@id\":\"https:\/\/www.cgtaragonlarioja.org\/fedens\/#organization\"},\"potentialAction\":[{\"@type\":\"SearchAction\",\"target\":{\"@type\":\"EntryPoint\",\"urlTemplate\":\"https:\/\/www.cgtaragonlarioja.org\/fedens\/?s={search_term_string}\"},\"query-input\":{\"@type\":\"PropertyValueSpecification\",\"valueRequired\":true,\"valueName\":\"search_term_string\"}}],\"inLanguage\":\"es\"},{\"@type\":\"Organization\",\"@id\":\"https:\/\/www.cgtaragonlarioja.org\/fedens\/#organization\",\"name\":\"CGT Arag\u00f3n y La Rioja - Ense\u00f1anza\",\"url\":\"https:\/\/www.cgtaragonlarioja.org\/fedens\/\",\"logo\":{\"@type\":\"ImageObject\",\"inLanguage\":\"es\",\"@id\":\"https:\/\/www.cgtaragonlarioja.org\/fedens\/#\/schema\/logo\/image\/\",\"url\":\"https:\/\/www.cgtaragonlarioja.org\/fedens\/files\/2021\/02\/logo_cgt_ense_huesca_170x250.png\",\"contentUrl\":\"https:\/\/www.cgtaragonlarioja.org\/fedens\/files\/2021\/02\/logo_cgt_ense_huesca_170x250.png\",\"width\":170,\"height\":250,\"caption\":\"CGT Arag\u00f3n y La Rioja - Ense\u00f1anza\"},\"image\":{\"@id\":\"https:\/\/www.cgtaragonlarioja.org\/fedens\/#\/schema\/logo\/image\/\"},\"sameAs\":[\"https:\/\/www.facebook.com\/CGTEnseAragon\/\",\"https:\/\/x.com\/CGTeduAragon\"]},{\"@type\":\"Person\",\"@id\":\"https:\/\/www.cgtaragonlarioja.org\/fedens\/#\/schema\/person\/dfa7d1616615d62a6d79c9593aa09fc3\",\"name\":\"kike\",\"image\":{\"@type\":\"ImageObject\",\"inLanguage\":\"es\",\"@id\":\"https:\/\/www.cgtaragonlarioja.org\/fedens\/#\/schema\/person\/image\/\",\"url\":\"https:\/\/secure.gravatar.com\/avatar\/f1c0788a733c3717c5f8c071e064a9c188df22c90b22388027f4ed27abaa4f3b?s=96&d=mm&r=g\",\"contentUrl\":\"https:\/\/secure.gravatar.com\/avatar\/f1c0788a733c3717c5f8c071e064a9c188df22c90b22388027f4ed27abaa4f3b?s=96&d=mm&r=g\",\"caption\":\"kike\"},\"url\":\"https:\/\/www.cgtaragonlarioja.org\/fedens\/author\/kike\/\"}]}<\/script>\n<!-- \/ Yoast SEO plugin. -->","yoast_head_json":{"title":"Mesa T\u00e9cnica oposiciones de Maestros","description":"Informaci\u00f3n sobre la publicaci\u00f3n y desarrollo de las oposiciones de Magisterio de 2022.","robots":{"index":"index","follow":"follow","max-snippet":"max-snippet:-1","max-image-preview":"max-image-preview:large","max-video-preview":"max-video-preview:-1"},"canonical":"https:\/\/www.cgtaragonlarioja.org\/fedens\/mesa-tecnica-oposiciones-de-maestros\/","og_locale":"es_ES","og_type":"article","og_title":"Mesa T\u00e9cnica oposiciones de Maestros","og_description":"Informaci\u00f3n sobre la publicaci\u00f3n y desarrollo de las oposiciones de Magisterio de 2022.","og_url":"https:\/\/www.cgtaragonlarioja.org\/fedens\/mesa-tecnica-oposiciones-de-maestros\/","og_site_name":"CGT Arag\u00f3n - La Rioja. ENSE\u00d1ANZA","article_publisher":"https:\/\/www.facebook.com\/CGTEnseAragon\/","article_published_time":"2022-01-28T11:49:24+00:00","og_image":[{"width":940,"height":788,"url":"https:\/\/www.cgtaragonlarioja.org\/fedens\/files\/2022\/01\/Oposiciones-2022.png","type":"image\/png"}],"author":"kike","twitter_card":"summary_large_image","twitter_creator":"@CGTeduAragon","twitter_site":"@CGTeduAragon","twitter_misc":{"Escrito por":"kike","Tiempo de lectura":"3 minutos"},"schema":{"@context":"https:\/\/schema.org","@graph":[{"@type":"Article","@id":"https:\/\/www.cgtaragonlarioja.org\/fedens\/mesa-tecnica-oposiciones-de-maestros\/#article","isPartOf":{"@id":"https:\/\/www.cgtaragonlarioja.org\/fedens\/mesa-tecnica-oposiciones-de-maestros\/"},"author":{"name":"kike","@id":"https:\/\/www.cgtaragonlarioja.org\/fedens\/#\/schema\/person\/dfa7d1616615d62a6d79c9593aa09fc3"},"headline":"Mesa T\u00e9cnica oposiciones de Maestros","datePublished":"2022-01-28T11:49:24+00:00","mainEntityOfPage":{"@id":"https:\/\/www.cgtaragonlarioja.org\/fedens\/mesa-tecnica-oposiciones-de-maestros\/"},"wordCount":573,"commentCount":0,"publisher":{"@id":"https:\/\/www.cgtaragonlarioja.org\/fedens\/#organization"},"image":{"@id":"https:\/\/www.cgtaragonlarioja.org\/fedens\/mesa-tecnica-oposiciones-de-maestros\/#primaryimage"},"thumbnailUrl":"https:\/\/www.cgtaragonlarioja.org\/fedens\/files\/2022\/01\/Oposiciones-2022.png","articleSection":["Interinas","Noticias"],"inLanguage":"es","potentialAction":[{"@type":"CommentAction","name":"Comment","target":["https:\/\/www.cgtaragonlarioja.org\/fedens\/mesa-tecnica-oposiciones-de-maestros\/#respond"]}]},{"@type":"WebPage","@id":"https:\/\/www.cgtaragonlarioja.org\/fedens\/mesa-tecnica-oposiciones-de-maestros\/","url":"https:\/\/www.cgtaragonlarioja.org\/fedens\/mesa-tecnica-oposiciones-de-maestros\/","name":"Mesa T\u00e9cnica oposiciones de Maestros","isPartOf":{"@id":"https:\/\/www.cgtaragonlarioja.org\/fedens\/#website"},"primaryImageOfPage":{"@id":"https:\/\/www.cgtaragonlarioja.org\/fedens\/mesa-tecnica-oposiciones-de-maestros\/#primaryimage"},"image":{"@id":"https:\/\/www.cgtaragonlarioja.org\/fedens\/mesa-tecnica-oposiciones-de-maestros\/#primaryimage"},"thumbnailUrl":"https:\/\/www.cgtaragonlarioja.org\/fedens\/files\/2022\/01\/Oposiciones-2022.png","datePublished":"2022-01-28T11:49:24+00:00","description":"Informaci\u00f3n sobre la publicaci\u00f3n y desarrollo de las oposiciones de Magisterio de 2022.","breadcrumb":{"@id":"https:\/\/www.cgtaragonlarioja.org\/fedens\/mesa-tecnica-oposiciones-de-maestros\/#breadcrumb"},"inLanguage":"es","potentialAction":[{"@type":"ReadAction","target":["https:\/\/www.cgtaragonlarioja.org\/fedens\/mesa-tecnica-oposiciones-de-maestros\/"]}]},{"@type":"ImageObject","inLanguage":"es","@id":"https:\/\/www.cgtaragonlarioja.org\/fedens\/mesa-tecnica-oposiciones-de-maestros\/#primaryimage","url":"https:\/\/www.cgtaragonlarioja.org\/fedens\/files\/2022\/01\/Oposiciones-2022.png","contentUrl":"https:\/\/www.cgtaragonlarioja.org\/fedens\/files\/2022\/01\/Oposiciones-2022.png","width":940,"height":788},{"@type":"BreadcrumbList","@id":"https:\/\/www.cgtaragonlarioja.org\/fedens\/mesa-tecnica-oposiciones-de-maestros\/#breadcrumb","itemListElement":[{"@type":"ListItem","position":1,"name":"Portada","item":"https:\/\/www.cgtaragonlarioja.org\/fedens\/"},{"@type":"ListItem","position":2,"name":"Mesa T\u00e9cnica oposiciones de Maestros"}]},{"@type":"WebSite","@id":"https:\/\/www.cgtaragonlarioja.org\/fedens\/#website","url":"https:\/\/www.cgtaragonlarioja.org\/fedens\/","name":"CGT Arag\u00f3n - La Rioja. ENSE\u00d1ANZA","description":"CONTACTAR: Calatayud-Aranda: 654897973 \/ Huesca: 974238404 \/ Teruel: 978619265 \/ Zaragoza: 976922002","publisher":{"@id":"https:\/\/www.cgtaragonlarioja.org\/fedens\/#organization"},"potentialAction":[{"@type":"SearchAction","target":{"@type":"EntryPoint","urlTemplate":"https:\/\/www.cgtaragonlarioja.org\/fedens\/?s={search_term_string}"},"query-input":{"@type":"PropertyValueSpecification","valueRequired":true,"valueName":"search_term_string"}}],"inLanguage":"es"},{"@type":"Organization","@id":"https:\/\/www.cgtaragonlarioja.org\/fedens\/#organization","name":"CGT Arag\u00f3n y La Rioja - Ense\u00f1anza","url":"https:\/\/www.cgtaragonlarioja.org\/fedens\/","logo":{"@type":"ImageObject","inLanguage":"es","@id":"https:\/\/www.cgtaragonlarioja.org\/fedens\/#\/schema\/logo\/image\/","url":"https:\/\/www.cgtaragonlarioja.org\/fedens\/files\/2021\/02\/logo_cgt_ense_huesca_170x250.png","contentUrl":"https:\/\/www.cgtaragonlarioja.org\/fedens\/files\/2021\/02\/logo_cgt_ense_huesca_170x250.png","width":170,"height":250,"caption":"CGT Arag\u00f3n y La Rioja - Ense\u00f1anza"},"image":{"@id":"https:\/\/www.cgtaragonlarioja.org\/fedens\/#\/schema\/logo\/image\/"},"sameAs":["https:\/\/www.facebook.com\/CGTEnseAragon\/","https:\/\/x.com\/CGTeduAragon"]},{"@type":"Person","@id":"https:\/\/www.cgtaragonlarioja.org\/fedens\/#\/schema\/person\/dfa7d1616615d62a6d79c9593aa09fc3","name":"kike","image":{"@type":"ImageObject","inLanguage":"es","@id":"https:\/\/www.cgtaragonlarioja.org\/fedens\/#\/schema\/person\/image\/","url":"https:\/\/secure.gravatar.com\/avatar\/f1c0788a733c3717c5f8c071e064a9c188df22c90b22388027f4ed27abaa4f3b?s=96&d=mm&r=g","contentUrl":"https:\/\/secure.gravatar.com\/avatar\/f1c0788a733c3717c5f8c071e064a9c188df22c90b22388027f4ed27abaa4f3b?s=96&d=mm&r=g","caption":"kike"},"url":"https:\/\/www.cgtaragonlarioja.org\/fedens\/author\/kike\/"}]}},"_links":{"self":[{"href":"https:\/\/www.cgtaragonlarioja.org\/fedens\/wp-json\/wp\/v2\/posts\/13622","targetHints":{"allow":["GET"]}}],"collection":[{"href":"https:\/\/www.cgtaragonlarioja.org\/fedens\/wp-json\/wp\/v2\/posts"}],"about":[{"href":"https:\/\/www.cgtaragonlarioja.org\/fedens\/wp-json\/wp\/v2\/types\/post"}],"author":[{"embeddable":true,"href":"https:\/\/www.cgtaragonlarioja.org\/fedens\/wp-json\/wp\/v2\/users\/486"}],"replies":[{"embeddable":true,"href":"https:\/\/www.cgtaragonlarioja.org\/fedens\/wp-json\/wp\/v2\/comments?post=13622"}],"version-history":[{"count":1,"href":"https:\/\/www.cgtaragonlarioja.org\/fedens\/wp-json\/wp\/v2\/posts\/13622\/revisions"}],"predecessor-version":[{"id":13625,"href":"https:\/\/www.cgtaragonlarioja.org\/fedens\/wp-json\/wp\/v2\/posts\/13622\/revisions\/13625"}],"wp:featuredmedia":[{"embeddable":true,"href":"https:\/\/www.cgtaragonlarioja.org\/fedens\/wp-json\/wp\/v2\/media\/13624"}],"wp:attachment":[{"href":"https:\/\/www.cgtaragonlarioja.org\/fedens\/wp-json\/wp\/v2\/media?parent=13622"}],"wp:term":[{"taxonomy":"category","embeddable":true,"href":"https:\/\/www.cgtaragonlarioja.org\/fedens\/wp-json\/wp\/v2\/categories?post=13622"},{"taxonomy":"post_tag","embeddable":true,"href":"https:\/\/www.cgtaragonlarioja.org\/fedens\/wp-json\/wp\/v2\/tags?post=13622"}],"curies":[{"name":"wp","href":"https:\/\/api.w.org\/{rel}","templated":true}]}}