{"id":13359,"date":"2021-11-26T13:14:10","date_gmt":"2021-11-26T12:14:10","guid":{"rendered":"https:\/\/www.cgtaragonlarioja.org\/fedens\/?p=13359"},"modified":"2021-11-26T13:14:10","modified_gmt":"2021-11-26T12:14:10","slug":"resumen-mesa-sectorial-oposiciones-2022","status":"publish","type":"post","link":"https:\/\/www.cgtaragonlarioja.org\/fedens\/resumen-mesa-sectorial-oposiciones-2022\/","title":{"rendered":"Resumen Mesa Sectorial Oposiciones 2022"},"content":{"rendered":"<p>Esta ma\u00f1ana se ha celebrado Mesa Sectorial con un solo punto en el orden del d\u00eda, aprobaci\u00f3n de la oferta de empleo p\u00fablico para este pr\u00f3ximo verano.<\/p>\n<p>-1 Apobaci\u00f3n del acta anterior, se aprueba<\/p>\n<p>-2 Oferta de empleo p\u00fablico:<\/p>\n<p>Previamente nos informa la Administraci\u00f3n de la reuni\u00f3n que tuvieron el pasado mi\u00e9rcoles con el resto de Consejerias de Educaci\u00f3n y el MEC sobre la tramitaci\u00f3n de las enmiendas del llamado \u201cIcetazo\u201d. Nos indican que hay muchas cosas sin definir, pero han creado grupo de trabajo para empezar a concretar el procedimiento de estabilizaci\u00f3n. Siguen existiendo dudas, pero se han resuelto algunas. En cuanto a la oferta de oposiciones como en las de Arag\u00f3n se ofertan solo plazas de reposici\u00f3n, y no de estabiliazaci\u00f3n, no tienen que modificar la oferta. En la misma situaci\u00f3n est\u00e1n Baleares y Asturias.<br \/>\nEn lo que a plazas se refiere a la oferta de empelo p\u00fablico, en la \u00faltima Mesa T\u00e9cnica se ofertaron las plazas vacantes del concurso de traslados m\u00e1s de las jubilaciones, restando las 25 personas en expectativa de destino definitivo, en total 375 plazas. Ante la negativa sindical la Administraci\u00f3n se comprometi\u00f3 a estudiar las jubilaciones del curso que viene subiendo a 533 plazas.<\/p>\n<p>En la intervenci\u00f3n de los sindicatos todos expresamos que es una oferta insuficiente por parte de CGT pedimos que AL y PT suban al menos a 40 y Educaci\u00f3n F\u00edsica m\u00e1s cerca de las 50 que de las 30 ofertadas. Tambi\u00e9n expresamos nuestras dudas ante la situaci\u00f3n de Primeria con una amplia oferta pero con una escasez evidente en Traslados.<\/p>\n<p>Tras un receso en el que los 5 sindicatos acordamos una postura unitaria la Administraci\u00f3n sube su oferta a 658 plazas:<\/p>\n<p>Infantil: 180<br \/>\nIngl\u00e9s: 130<br \/>\nFranc\u00e9s: 20<br \/>\nEF: 59<br \/>\nM\u00fasica: 42<br \/>\nPT: 54<br \/>\nAL: 28<br \/>\nPrimaria: 145<\/p>\n<p>A todos los sindicatos nos parece satisfactoria la subida y votamos a favor, menos STEA que se abstiene. Por parte de CGT viendo la subida en las tres especialidades que ped\u00edamos y viendo que las explicaciones de la tasa de reposici\u00f3n y el Icetazo solventan las dudas de nuestra asamblea votamos a favor. Pero, desde CGT, no hemos firmado la oferta para Conservatorios, ya que el \u201cIcetazo\u201d genera muchas dudas en cuanto a este tipo de plazas y que desde el Conservatorio nos transmitieron la necesidad de convocar oposiciones en distintas especialidades como: Trompeta, Tromb\u00f3n y Tecnolog\u00eda Musical pero no en las ofertadas.<\/p>\n<p>3-Ruegos y preguntas:<\/p>\n<p>CGT no presentamos por escrito nada ya que son preguntas presentadas una y otra vez.<\/p>\n<p>-Pedimos iniciar cuanto antes las negociaciones sobre 18-23h.<\/p>\n<p>-Pedimos la publicaci\u00f3n de la 4\u00aa orden de inclusi\u00f3n<\/p>\n<p>-Y desde el curso pasado venimos exigiendo la apertura de listas en especialidades que no hay interin@s y que se est\u00e1n ofertando plazas por procedimiento extraordinario como puede ser FOL, Administracion y Gestion de Empresas, Produccion de Agraria&#8230;, a lo que nos contestan que s\u00ed que las van abriendo pero priorizando las necesidades m\u00e1s urgentes.<\/p>\n<p>&nbsp;<\/p>\n","protected":false},"excerpt":{"rendered":"<p>Esta ma\u00f1ana se ha celebrado Mesa Sectorial con un solo punto en el orden del<\/p>\n","protected":false},"author":486,"featured_media":13360,"comment_status":"open","ping_status":"open","sticky":false,"template":"","format":"standard","meta":{"footnotes":""},"categories":[568,480],"tags":[],"class_list":["post-13359","post","type-post","status-publish","format-standard","has-post-thumbnail","hentry","category-interinas","category-noticias"],"yoast_head":"<!-- This site is optimized with the Yoast SEO plugin v26.7 - https:\/\/yoast.com\/wordpress\/plugins\/seo\/ -->\n<title>Resumen Mesa Sectorial Oposiciones 2022<\/title>\n<meta name=\"description\" content=\"Aprobada la oferta de empleo p\u00fablico para las oposiciones del Cuerpo de Maestr@s y ingreso a Catedr\u00e1tico de Conservatorio Superior de M\u00fasica.\" \/>\n<meta name=\"robots\" content=\"index, follow, max-snippet:-1, max-image-preview:large, max-video-preview:-1\" \/>\n<link rel=\"canonical\" href=\"https:\/\/www.cgtaragonlarioja.org\/fedens\/resumen-mesa-sectorial-oposiciones-2022\/\" \/>\n<meta property=\"og:locale\" content=\"es_ES\" \/>\n<meta property=\"og:type\" content=\"article\" \/>\n<meta property=\"og:title\" content=\"Resumen Mesa Sectorial Oposiciones 2022\" \/>\n<meta property=\"og:description\" content=\"Aprobada la oferta de empleo p\u00fablico para las oposiciones del Cuerpo de Maestr@s y ingreso a Catedr\u00e1tico de Conservatorio Superior de M\u00fasica.\" \/>\n<meta property=\"og:url\" content=\"https:\/\/www.cgtaragonlarioja.org\/fedens\/resumen-mesa-sectorial-oposiciones-2022\/\" \/>\n<meta property=\"og:site_name\" content=\"CGT Arag\u00f3n - La Rioja. ENSE\u00d1ANZA\" \/>\n<meta property=\"article:publisher\" content=\"https:\/\/www.facebook.com\/CGTEnseAragon\/\" \/>\n<meta property=\"article:published_time\" content=\"2021-11-26T12:14:10+00:00\" \/>\n<meta property=\"og:image\" content=\"https:\/\/www.cgtaragonlarioja.org\/fedens\/files\/2021\/11\/oferta-opos.jpg\" \/>\n\t<meta property=\"og:image:width\" content=\"1280\" \/>\n\t<meta property=\"og:image:height\" content=\"908\" \/>\n\t<meta property=\"og:image:type\" content=\"image\/jpeg\" \/>\n<meta name=\"author\" content=\"kike\" \/>\n<meta name=\"twitter:card\" content=\"summary_large_image\" \/>\n<meta name=\"twitter:creator\" content=\"@CGTeduAragon\" \/>\n<meta name=\"twitter:site\" content=\"@CGTeduAragon\" \/>\n<meta name=\"twitter:label1\" content=\"Escrito por\" \/>\n\t<meta name=\"twitter:data1\" content=\"kike\" \/>\n\t<meta name=\"twitter:label2\" content=\"Tiempo de lectura\" \/>\n\t<meta name=\"twitter:data2\" content=\"3 minutos\" \/>\n<script type=\"application\/ld+json\" class=\"yoast-schema-graph\">{\"@context\":\"https:\/\/schema.org\",\"@graph\":[{\"@type\":\"Article\",\"@id\":\"https:\/\/www.cgtaragonlarioja.org\/fedens\/resumen-mesa-sectorial-oposiciones-2022\/#article\",\"isPartOf\":{\"@id\":\"https:\/\/www.cgtaragonlarioja.org\/fedens\/resumen-mesa-sectorial-oposiciones-2022\/\"},\"author\":{\"name\":\"kike\",\"@id\":\"https:\/\/www.cgtaragonlarioja.org\/fedens\/#\/schema\/person\/dfa7d1616615d62a6d79c9593aa09fc3\"},\"headline\":\"Resumen Mesa Sectorial Oposiciones 2022\",\"datePublished\":\"2021-11-26T12:14:10+00:00\",\"mainEntityOfPage\":{\"@id\":\"https:\/\/www.cgtaragonlarioja.org\/fedens\/resumen-mesa-sectorial-oposiciones-2022\/\"},\"wordCount\":521,\"commentCount\":0,\"publisher\":{\"@id\":\"https:\/\/www.cgtaragonlarioja.org\/fedens\/#organization\"},\"image\":{\"@id\":\"https:\/\/www.cgtaragonlarioja.org\/fedens\/resumen-mesa-sectorial-oposiciones-2022\/#primaryimage\"},\"thumbnailUrl\":\"https:\/\/www.cgtaragonlarioja.org\/fedens\/files\/2021\/11\/oferta-opos.jpg\",\"articleSection\":[\"Interinas\",\"Noticias\"],\"inLanguage\":\"es\",\"potentialAction\":[{\"@type\":\"CommentAction\",\"name\":\"Comment\",\"target\":[\"https:\/\/www.cgtaragonlarioja.org\/fedens\/resumen-mesa-sectorial-oposiciones-2022\/#respond\"]}]},{\"@type\":\"WebPage\",\"@id\":\"https:\/\/www.cgtaragonlarioja.org\/fedens\/resumen-mesa-sectorial-oposiciones-2022\/\",\"url\":\"https:\/\/www.cgtaragonlarioja.org\/fedens\/resumen-mesa-sectorial-oposiciones-2022\/\",\"name\":\"Resumen Mesa Sectorial Oposiciones 2022\",\"isPartOf\":{\"@id\":\"https:\/\/www.cgtaragonlarioja.org\/fedens\/#website\"},\"primaryImageOfPage\":{\"@id\":\"https:\/\/www.cgtaragonlarioja.org\/fedens\/resumen-mesa-sectorial-oposiciones-2022\/#primaryimage\"},\"image\":{\"@id\":\"https:\/\/www.cgtaragonlarioja.org\/fedens\/resumen-mesa-sectorial-oposiciones-2022\/#primaryimage\"},\"thumbnailUrl\":\"https:\/\/www.cgtaragonlarioja.org\/fedens\/files\/2021\/11\/oferta-opos.jpg\",\"datePublished\":\"2021-11-26T12:14:10+00:00\",\"description\":\"Aprobada la oferta de empleo p\u00fablico para las oposiciones del Cuerpo de Maestr@s y ingreso a Catedr\u00e1tico de Conservatorio Superior de M\u00fasica.\",\"breadcrumb\":{\"@id\":\"https:\/\/www.cgtaragonlarioja.org\/fedens\/resumen-mesa-sectorial-oposiciones-2022\/#breadcrumb\"},\"inLanguage\":\"es\",\"potentialAction\":[{\"@type\":\"ReadAction\",\"target\":[\"https:\/\/www.cgtaragonlarioja.org\/fedens\/resumen-mesa-sectorial-oposiciones-2022\/\"]}]},{\"@type\":\"ImageObject\",\"inLanguage\":\"es\",\"@id\":\"https:\/\/www.cgtaragonlarioja.org\/fedens\/resumen-mesa-sectorial-oposiciones-2022\/#primaryimage\",\"url\":\"https:\/\/www.cgtaragonlarioja.org\/fedens\/files\/2021\/11\/oferta-opos.jpg\",\"contentUrl\":\"https:\/\/www.cgtaragonlarioja.org\/fedens\/files\/2021\/11\/oferta-opos.jpg\",\"width\":1280,\"height\":908},{\"@type\":\"BreadcrumbList\",\"@id\":\"https:\/\/www.cgtaragonlarioja.org\/fedens\/resumen-mesa-sectorial-oposiciones-2022\/#breadcrumb\",\"itemListElement\":[{\"@type\":\"ListItem\",\"position\":1,\"name\":\"Portada\",\"item\":\"https:\/\/www.cgtaragonlarioja.org\/fedens\/\"},{\"@type\":\"ListItem\",\"position\":2,\"name\":\"Resumen Mesa Sectorial Oposiciones 2022\"}]},{\"@type\":\"WebSite\",\"@id\":\"https:\/\/www.cgtaragonlarioja.org\/fedens\/#website\",\"url\":\"https:\/\/www.cgtaragonlarioja.org\/fedens\/\",\"name\":\"CGT Arag\u00f3n - La Rioja. ENSE\u00d1ANZA\",\"description\":\"CONTACTAR: Calatayud-Aranda: 654897973 \/ Huesca: 974238404 \/ Teruel: 978619265 \/ Zaragoza: 976922002\",\"publisher\":{\"@id\":\"https:\/\/www.cgtaragonlarioja.org\/fedens\/#organization\"},\"potentialAction\":[{\"@type\":\"SearchAction\",\"target\":{\"@type\":\"EntryPoint\",\"urlTemplate\":\"https:\/\/www.cgtaragonlarioja.org\/fedens\/?s={search_term_string}\"},\"query-input\":{\"@type\":\"PropertyValueSpecification\",\"valueRequired\":true,\"valueName\":\"search_term_string\"}}],\"inLanguage\":\"es\"},{\"@type\":\"Organization\",\"@id\":\"https:\/\/www.cgtaragonlarioja.org\/fedens\/#organization\",\"name\":\"CGT Arag\u00f3n y La Rioja - Ense\u00f1anza\",\"url\":\"https:\/\/www.cgtaragonlarioja.org\/fedens\/\",\"logo\":{\"@type\":\"ImageObject\",\"inLanguage\":\"es\",\"@id\":\"https:\/\/www.cgtaragonlarioja.org\/fedens\/#\/schema\/logo\/image\/\",\"url\":\"https:\/\/www.cgtaragonlarioja.org\/fedens\/files\/2021\/02\/logo_cgt_ense_huesca_170x250.png\",\"contentUrl\":\"https:\/\/www.cgtaragonlarioja.org\/fedens\/files\/2021\/02\/logo_cgt_ense_huesca_170x250.png\",\"width\":170,\"height\":250,\"caption\":\"CGT Arag\u00f3n y La Rioja - Ense\u00f1anza\"},\"image\":{\"@id\":\"https:\/\/www.cgtaragonlarioja.org\/fedens\/#\/schema\/logo\/image\/\"},\"sameAs\":[\"https:\/\/www.facebook.com\/CGTEnseAragon\/\",\"https:\/\/x.com\/CGTeduAragon\"]},{\"@type\":\"Person\",\"@id\":\"https:\/\/www.cgtaragonlarioja.org\/fedens\/#\/schema\/person\/dfa7d1616615d62a6d79c9593aa09fc3\",\"name\":\"kike\",\"image\":{\"@type\":\"ImageObject\",\"inLanguage\":\"es\",\"@id\":\"https:\/\/www.cgtaragonlarioja.org\/fedens\/#\/schema\/person\/image\/\",\"url\":\"https:\/\/secure.gravatar.com\/avatar\/f1c0788a733c3717c5f8c071e064a9c188df22c90b22388027f4ed27abaa4f3b?s=96&d=mm&r=g\",\"contentUrl\":\"https:\/\/secure.gravatar.com\/avatar\/f1c0788a733c3717c5f8c071e064a9c188df22c90b22388027f4ed27abaa4f3b?s=96&d=mm&r=g\",\"caption\":\"kike\"},\"url\":\"https:\/\/www.cgtaragonlarioja.org\/fedens\/author\/kike\/\"}]}<\/script>\n<!-- \/ Yoast SEO plugin. -->","yoast_head_json":{"title":"Resumen Mesa Sectorial Oposiciones 2022","description":"Aprobada la oferta de empleo p\u00fablico para las oposiciones del Cuerpo de Maestr@s y ingreso a Catedr\u00e1tico de Conservatorio Superior de M\u00fasica.","robots":{"index":"index","follow":"follow","max-snippet":"max-snippet:-1","max-image-preview":"max-image-preview:large","max-video-preview":"max-video-preview:-1"},"canonical":"https:\/\/www.cgtaragonlarioja.org\/fedens\/resumen-mesa-sectorial-oposiciones-2022\/","og_locale":"es_ES","og_type":"article","og_title":"Resumen Mesa Sectorial Oposiciones 2022","og_description":"Aprobada la oferta de empleo p\u00fablico para las oposiciones del Cuerpo de Maestr@s y ingreso a Catedr\u00e1tico de Conservatorio Superior de M\u00fasica.","og_url":"https:\/\/www.cgtaragonlarioja.org\/fedens\/resumen-mesa-sectorial-oposiciones-2022\/","og_site_name":"CGT Arag\u00f3n - La Rioja. ENSE\u00d1ANZA","article_publisher":"https:\/\/www.facebook.com\/CGTEnseAragon\/","article_published_time":"2021-11-26T12:14:10+00:00","og_image":[{"width":1280,"height":908,"url":"https:\/\/www.cgtaragonlarioja.org\/fedens\/files\/2021\/11\/oferta-opos.jpg","type":"image\/jpeg"}],"author":"kike","twitter_card":"summary_large_image","twitter_creator":"@CGTeduAragon","twitter_site":"@CGTeduAragon","twitter_misc":{"Escrito por":"kike","Tiempo de lectura":"3 minutos"},"schema":{"@context":"https:\/\/schema.org","@graph":[{"@type":"Article","@id":"https:\/\/www.cgtaragonlarioja.org\/fedens\/resumen-mesa-sectorial-oposiciones-2022\/#article","isPartOf":{"@id":"https:\/\/www.cgtaragonlarioja.org\/fedens\/resumen-mesa-sectorial-oposiciones-2022\/"},"author":{"name":"kike","@id":"https:\/\/www.cgtaragonlarioja.org\/fedens\/#\/schema\/person\/dfa7d1616615d62a6d79c9593aa09fc3"},"headline":"Resumen Mesa Sectorial Oposiciones 2022","datePublished":"2021-11-26T12:14:10+00:00","mainEntityOfPage":{"@id":"https:\/\/www.cgtaragonlarioja.org\/fedens\/resumen-mesa-sectorial-oposiciones-2022\/"},"wordCount":521,"commentCount":0,"publisher":{"@id":"https:\/\/www.cgtaragonlarioja.org\/fedens\/#organization"},"image":{"@id":"https:\/\/www.cgtaragonlarioja.org\/fedens\/resumen-mesa-sectorial-oposiciones-2022\/#primaryimage"},"thumbnailUrl":"https:\/\/www.cgtaragonlarioja.org\/fedens\/files\/2021\/11\/oferta-opos.jpg","articleSection":["Interinas","Noticias"],"inLanguage":"es","potentialAction":[{"@type":"CommentAction","name":"Comment","target":["https:\/\/www.cgtaragonlarioja.org\/fedens\/resumen-mesa-sectorial-oposiciones-2022\/#respond"]}]},{"@type":"WebPage","@id":"https:\/\/www.cgtaragonlarioja.org\/fedens\/resumen-mesa-sectorial-oposiciones-2022\/","url":"https:\/\/www.cgtaragonlarioja.org\/fedens\/resumen-mesa-sectorial-oposiciones-2022\/","name":"Resumen Mesa Sectorial Oposiciones 2022","isPartOf":{"@id":"https:\/\/www.cgtaragonlarioja.org\/fedens\/#website"},"primaryImageOfPage":{"@id":"https:\/\/www.cgtaragonlarioja.org\/fedens\/resumen-mesa-sectorial-oposiciones-2022\/#primaryimage"},"image":{"@id":"https:\/\/www.cgtaragonlarioja.org\/fedens\/resumen-mesa-sectorial-oposiciones-2022\/#primaryimage"},"thumbnailUrl":"https:\/\/www.cgtaragonlarioja.org\/fedens\/files\/2021\/11\/oferta-opos.jpg","datePublished":"2021-11-26T12:14:10+00:00","description":"Aprobada la oferta de empleo p\u00fablico para las oposiciones del Cuerpo de Maestr@s y ingreso a Catedr\u00e1tico de Conservatorio Superior de M\u00fasica.","breadcrumb":{"@id":"https:\/\/www.cgtaragonlarioja.org\/fedens\/resumen-mesa-sectorial-oposiciones-2022\/#breadcrumb"},"inLanguage":"es","potentialAction":[{"@type":"ReadAction","target":["https:\/\/www.cgtaragonlarioja.org\/fedens\/resumen-mesa-sectorial-oposiciones-2022\/"]}]},{"@type":"ImageObject","inLanguage":"es","@id":"https:\/\/www.cgtaragonlarioja.org\/fedens\/resumen-mesa-sectorial-oposiciones-2022\/#primaryimage","url":"https:\/\/www.cgtaragonlarioja.org\/fedens\/files\/2021\/11\/oferta-opos.jpg","contentUrl":"https:\/\/www.cgtaragonlarioja.org\/fedens\/files\/2021\/11\/oferta-opos.jpg","width":1280,"height":908},{"@type":"BreadcrumbList","@id":"https:\/\/www.cgtaragonlarioja.org\/fedens\/resumen-mesa-sectorial-oposiciones-2022\/#breadcrumb","itemListElement":[{"@type":"ListItem","position":1,"name":"Portada","item":"https:\/\/www.cgtaragonlarioja.org\/fedens\/"},{"@type":"ListItem","position":2,"name":"Resumen Mesa Sectorial Oposiciones 2022"}]},{"@type":"WebSite","@id":"https:\/\/www.cgtaragonlarioja.org\/fedens\/#website","url":"https:\/\/www.cgtaragonlarioja.org\/fedens\/","name":"CGT Arag\u00f3n - La Rioja. ENSE\u00d1ANZA","description":"CONTACTAR: Calatayud-Aranda: 654897973 \/ Huesca: 974238404 \/ Teruel: 978619265 \/ Zaragoza: 976922002","publisher":{"@id":"https:\/\/www.cgtaragonlarioja.org\/fedens\/#organization"},"potentialAction":[{"@type":"SearchAction","target":{"@type":"EntryPoint","urlTemplate":"https:\/\/www.cgtaragonlarioja.org\/fedens\/?s={search_term_string}"},"query-input":{"@type":"PropertyValueSpecification","valueRequired":true,"valueName":"search_term_string"}}],"inLanguage":"es"},{"@type":"Organization","@id":"https:\/\/www.cgtaragonlarioja.org\/fedens\/#organization","name":"CGT Arag\u00f3n y La Rioja - Ense\u00f1anza","url":"https:\/\/www.cgtaragonlarioja.org\/fedens\/","logo":{"@type":"ImageObject","inLanguage":"es","@id":"https:\/\/www.cgtaragonlarioja.org\/fedens\/#\/schema\/logo\/image\/","url":"https:\/\/www.cgtaragonlarioja.org\/fedens\/files\/2021\/02\/logo_cgt_ense_huesca_170x250.png","contentUrl":"https:\/\/www.cgtaragonlarioja.org\/fedens\/files\/2021\/02\/logo_cgt_ense_huesca_170x250.png","width":170,"height":250,"caption":"CGT Arag\u00f3n y La Rioja - Ense\u00f1anza"},"image":{"@id":"https:\/\/www.cgtaragonlarioja.org\/fedens\/#\/schema\/logo\/image\/"},"sameAs":["https:\/\/www.facebook.com\/CGTEnseAragon\/","https:\/\/x.com\/CGTeduAragon"]},{"@type":"Person","@id":"https:\/\/www.cgtaragonlarioja.org\/fedens\/#\/schema\/person\/dfa7d1616615d62a6d79c9593aa09fc3","name":"kike","image":{"@type":"ImageObject","inLanguage":"es","@id":"https:\/\/www.cgtaragonlarioja.org\/fedens\/#\/schema\/person\/image\/","url":"https:\/\/secure.gravatar.com\/avatar\/f1c0788a733c3717c5f8c071e064a9c188df22c90b22388027f4ed27abaa4f3b?s=96&d=mm&r=g","contentUrl":"https:\/\/secure.gravatar.com\/avatar\/f1c0788a733c3717c5f8c071e064a9c188df22c90b22388027f4ed27abaa4f3b?s=96&d=mm&r=g","caption":"kike"},"url":"https:\/\/www.cgtaragonlarioja.org\/fedens\/author\/kike\/"}]}},"_links":{"self":[{"href":"https:\/\/www.cgtaragonlarioja.org\/fedens\/wp-json\/wp\/v2\/posts\/13359","targetHints":{"allow":["GET"]}}],"collection":[{"href":"https:\/\/www.cgtaragonlarioja.org\/fedens\/wp-json\/wp\/v2\/posts"}],"about":[{"href":"https:\/\/www.cgtaragonlarioja.org\/fedens\/wp-json\/wp\/v2\/types\/post"}],"author":[{"embeddable":true,"href":"https:\/\/www.cgtaragonlarioja.org\/fedens\/wp-json\/wp\/v2\/users\/486"}],"replies":[{"embeddable":true,"href":"https:\/\/www.cgtaragonlarioja.org\/fedens\/wp-json\/wp\/v2\/comments?post=13359"}],"version-history":[{"count":1,"href":"https:\/\/www.cgtaragonlarioja.org\/fedens\/wp-json\/wp\/v2\/posts\/13359\/revisions"}],"predecessor-version":[{"id":13361,"href":"https:\/\/www.cgtaragonlarioja.org\/fedens\/wp-json\/wp\/v2\/posts\/13359\/revisions\/13361"}],"wp:featuredmedia":[{"embeddable":true,"href":"https:\/\/www.cgtaragonlarioja.org\/fedens\/wp-json\/wp\/v2\/media\/13360"}],"wp:attachment":[{"href":"https:\/\/www.cgtaragonlarioja.org\/fedens\/wp-json\/wp\/v2\/media?parent=13359"}],"wp:term":[{"taxonomy":"category","embeddable":true,"href":"https:\/\/www.cgtaragonlarioja.org\/fedens\/wp-json\/wp\/v2\/categories?post=13359"},{"taxonomy":"post_tag","embeddable":true,"href":"https:\/\/www.cgtaragonlarioja.org\/fedens\/wp-json\/wp\/v2\/tags?post=13359"}],"curies":[{"name":"wp","href":"https:\/\/api.w.org\/{rel}","templated":true}]}}