{"id":13308,"date":"2021-11-17T10:27:08","date_gmt":"2021-11-17T09:27:08","guid":{"rendered":"https:\/\/www.cgtaragonlarioja.org\/fedens\/?p=13308"},"modified":"2021-11-17T11:59:28","modified_gmt":"2021-11-17T10:59:28","slug":"mesa-sectorial-17-11","status":"publish","type":"post","link":"https:\/\/www.cgtaragonlarioja.org\/fedens\/mesa-sectorial-17-11\/","title":{"rendered":"Mesa Sectorial 17\/11"},"content":{"rendered":"<p><strong>Resumen Mesa Sectorial del 17 de noviembre de 2021.<\/strong><\/p>\n<p><strong>Orden del d\u00eda<\/strong>:<\/p>\n<p><strong>1-Aprobaci\u00f3n acta anterior<\/strong><\/p>\n<p><strong>2-Aprobaci\u00f3n decretos CPEIP Javalambre y Olba y Mediana de Arag\u00f3n y Burgo de Ebro.<\/strong><\/p>\n<p>Se crean ahora los centros y posteriormente se crear\u00e1n y trabajar\u00e1n las plantillas.<br \/>\nLos sindicatos nos reiteramos en las dudas de expresadas en la Mesa T\u00e9cnica sobre la falta de algunas especialidades en la plantilla de dichos centros.<\/p>\n<p><strong>3-Ratificaci\u00f3n pago sexenios interinos y pr\u00e1cticas:<\/strong><\/p>\n<p>Se van a pagar en <strong>dos ejercicios<\/strong> frente a 4 a\u00f1os, como se est\u00e1 haciendo con Funci\u00f3n P\u00fablica; un 50% se abonar\u00eda en la n\u00f3mina de este mes de diciembre y el restante en la n\u00f3mina de 2022. Dicha m\u00e9todo de pago entra en contradicci\u00f3n con la petici\u00f3n hecha desde los sindicatos de un abono \u00fanico del 100%.<br \/>\nLa Administraci\u00f3n nos dice que quien, en la n\u00f3mina de diciembre, no reciba este primer pago, se ponga en contacto con el sindicato. As\u00ed, desde aqu\u00ed, lo notificaremos a Personal, donde proceder\u00e1n a rectificarlo.<br \/>\nPreguntamos qu\u00e9 pasa con las personas que cumplen sexenio y trienio en el a\u00f1o de pr\u00e1cticas. Desde la Administraci\u00f3n nos dicen que lo van a mirar y nos dir\u00e1n en qu\u00e9 situaci\u00f3n quedan. CGT tiene un caso judicializado.<\/p>\n<p><strong>4.Ampliaci\u00f3n permisos familias monomarentales<\/strong>.<\/p>\n<p>Hasta ahora hab\u00eda solicitudes presentadas a DGA, tanto a nivel individual como de la asociaci\u00f3n de familias. As\u00ed mismo, hab\u00eda peticiones realizadas en el juzgado, de las cuales, a 27 de octubre, ya hay dos ganadas en el TSJA (ambas ganadas por CGT ). Se va a dar orden de ejecutar dichas sentencias al Servicio Provincial. Finalmente, hay una tercera solicitud, tambi\u00e9n ganada, donde la demandada es la Seguridad Social; se supone que, quien deber\u00e1 ejecutar esta \u00faltima sentencia es la propia Seguridad Social.<br \/>\nEn Funci\u00f3n P\u00fablica \u00abse colg\u00f3\u00bb en el Plan de Igualdad, pero en Educaci\u00f3n no existe dicho plan de igualdad. Sea como sea, la Administraci\u00f3n dice que eso no deber\u00eda ser obst\u00e1culo para reconocer y ejecutar este derecho .<br \/>\nA este respecto, la Administraci\u00f3n nos dice que se est\u00e1 elaborando una instrucci\u00f3n en el mismo sentido que la de Funci\u00f3n P\u00fablica.<\/p>\n<p>Desde CGT, pedimos que las 16 semanas se puedan disfrutar tambi\u00e9n a media jornada en 32 semanas. Como respuesta, nos dicen que s\u00ed, pero tiene que ser todo el permiso en la misma condici\u00f3n, es decir, no se podr\u00eda combinar X semanas a media jornada y X semanas a jornada completa. CGT nos quejamos de haber tenido que ir a los juzgados cuando en Funci\u00f3n P\u00fablica ya estaba aprobado y legislado. Es un gasto de dinero tanto para el sindicato como para las demandantes y la Administraci\u00f3n.<\/p>\n<p><strong>5 Ruegos y preguntas<\/strong><\/p>\n<ul>\n<li><strong>CCOO pregunta sobre las plazas de unidades acompa\u00f1amiento de las PTSC para Equipos.<\/strong> Seg\u00fan les ha llegado, hay falta de espacios (incluso ordenadores), los Equipos Directivos no conocen las funciones de estas nuevas trabajadoras, qu\u00e9 funci\u00f3n van a cumplir si tienen que ir tambi\u00e9n a IES cuando los Equipos son solo de Colegios&#8230;..<\/li>\n<\/ul>\n<p><strong>Desde Planificaci\u00f3n les comunican que no es as\u00ed<\/strong>. Es un programa europeo y es por distribuci\u00f3n de zonas, por zonas desfavorecidas. Esta unidad busca trabajar el absentismo, por eso no se trabaja por centros, sino por familias y alumnado. Se han creado 18 frente a las 15 exigidas por Europa, una de ellas es la de coordinador. Ha habido reuniones con los centros, los equipos directivos y se les ha explicado el funcionamiento y las funciones.<br \/>\nUGT pregunta porque hay plazas completas o medias, Planificaci\u00f3n responde que el criterio es num\u00e9rico seg\u00fan el n\u00famero alumnado absentista.<\/p>\n<p><strong>PREGUNTAS DE CGT PARA MESA SECTORIAL<\/strong><\/p>\n<p><strong>1-<\/strong>\u00bfPor qu\u00e9 desde Zaragoza se han venido bloqueando algunos <strong>desdoblamientos de aulas en escuelas rurales<\/strong>, cuando estas cumplen los n\u00fameros para que dichos desdoblamientos se lleven a cabo?<br \/>\nDesde nuestro sindicato de Teruel nos alertan de que esta situaci\u00f3n ya se ha producido en varios casos en que hab\u00eda dos aulas donde deber\u00eda haber tres. El desdoblamiento se pidi\u00f3 desde Teruel y en Zaragoza se ha tardado casi un mes en contratar.<br \/>\nPodemos poner como ejemplo el CRA Teruel 1 de Alfambra. En este centro hab\u00eda 29 alumnos en 2 aulas y les correspond\u00eda un desdoblamiento. A pesar de que estas cifras se sab\u00edan desde el primer d\u00eda de curso, no fue hasta el 1 de octubre que sali\u00f3 la plaza correspondiente. Ello con el consiguiente perjuicio para docentes y Equipos directivos.<\/p>\n<p><strong>2-<\/strong>\u00bfQu\u00e9 ocurre con el <strong>tel\u00e9fono de atenci\u00f3n al profesorado del Servicio Provincial de Educaci\u00f3n de Zaragoza<\/strong>? Con frecuencia casi diaria os encontramos con llamadas que dan cuenta de la imposibilidad de ponerse en contacto con dicho servicio, cosa que solemos comprobar en este sindicato con una frecuencia similar. \u00bfEst\u00e1 previsto dotar de personal suficiente a este servicio para que se pueda atender al profesorado de una manera eficiente?<\/p>\n<p><strong>3-<\/strong>\u00bfDe verdad es necesario tener que judicializar, como recientemente ha vuelto a ocurrir, el <strong>pago de los complementos correspondientes para las personas que han tenido que realizar sustituciones en Equipos Directivos<\/strong>? Acogerse a duplicidades no es raz\u00f3n suficiente para escatimar el pago de dichos complementos a las compa\u00f1eras que realizan estas sustituciones y que, por lo tanto, llevan a cabo el mismo trabajo que las titulares de dichos puestos. Solicitamos de la Administraci\u00f3n que reconozcan los servicios prestados a estas docentes sin necesidad de tener que recurrir a costosos procesos con los que solo se consigue dilatar lo que entendemos que es inevitable, y esto es retribuir a cada trabajadora por la labor que realiza.<\/p>\n<p>A la pregunta de CGT de la falta de atenci\u00f3n al p\u00fablico telef\u00f3nico por parte del Servicio Provincial de Zaragoza la Directora Provincial no tiene nada que contestar.<\/p>\n","protected":false},"excerpt":{"rendered":"<p>Resumen Mesa Sectorial del 17 de noviembre de 2021. Orden del d\u00eda: 1-Aprobaci\u00f3n acta anterior<\/p>\n","protected":false},"author":486,"featured_media":0,"comment_status":"open","ping_status":"open","sticky":false,"template":"","format":"standard","meta":{"footnotes":""},"categories":[508,480],"tags":[],"class_list":["post-13308","post","type-post","status-publish","format-standard","hentry","category-mesas-sectoriales-tecnicas","category-noticias"],"yoast_head":"<!-- This site is optimized with the Yoast SEO plugin v26.7 - https:\/\/yoast.com\/wordpress\/plugins\/seo\/ -->\n<title>Mesa Sectorial de Educci\u00f3n P\u00fablica de Arag\u00f3n<\/title>\n<meta name=\"description\" content=\"Resumen mesa sectorial sobre sexenios y familias monomarentales\" \/>\n<meta name=\"robots\" content=\"index, follow, max-snippet:-1, max-image-preview:large, max-video-preview:-1\" \/>\n<link rel=\"canonical\" href=\"https:\/\/www.cgtaragonlarioja.org\/fedens\/mesa-sectorial-17-11\/\" \/>\n<meta property=\"og:locale\" content=\"es_ES\" \/>\n<meta property=\"og:type\" content=\"article\" \/>\n<meta property=\"og:title\" content=\"Mesa Sectorial de Educci\u00f3n P\u00fablica de Arag\u00f3n\" \/>\n<meta property=\"og:description\" content=\"Resumen mesa sectorial sobre sexenios y familias monomarentales\" \/>\n<meta property=\"og:url\" content=\"https:\/\/www.cgtaragonlarioja.org\/fedens\/mesa-sectorial-17-11\/\" \/>\n<meta property=\"og:site_name\" content=\"CGT Arag\u00f3n - La Rioja. ENSE\u00d1ANZA\" \/>\n<meta property=\"article:publisher\" content=\"https:\/\/www.facebook.com\/CGTEnseAragon\/\" \/>\n<meta property=\"article:published_time\" content=\"2021-11-17T09:27:08+00:00\" \/>\n<meta property=\"article:modified_time\" content=\"2021-11-17T10:59:28+00:00\" \/>\n<meta property=\"og:image\" content=\"https:\/\/www.cgtaragonlarioja.org\/fedens\/files\/2020\/04\/LOGO_MESA_SECTORIAL_2.jpg\" \/>\n\t<meta property=\"og:image:width\" content=\"940\" \/>\n\t<meta property=\"og:image:height\" content=\"788\" \/>\n\t<meta property=\"og:image:type\" content=\"image\/jpeg\" \/>\n<meta name=\"author\" content=\"kike\" \/>\n<meta name=\"twitter:card\" content=\"summary_large_image\" \/>\n<meta name=\"twitter:creator\" content=\"@CGTeduAragon\" \/>\n<meta name=\"twitter:site\" content=\"@CGTeduAragon\" \/>\n<meta name=\"twitter:label1\" content=\"Escrito por\" \/>\n\t<meta name=\"twitter:data1\" content=\"kike\" \/>\n\t<meta name=\"twitter:label2\" content=\"Tiempo de lectura\" \/>\n\t<meta name=\"twitter:data2\" content=\"5 minutos\" \/>\n<script type=\"application\/ld+json\" class=\"yoast-schema-graph\">{\"@context\":\"https:\/\/schema.org\",\"@graph\":[{\"@type\":\"Article\",\"@id\":\"https:\/\/www.cgtaragonlarioja.org\/fedens\/mesa-sectorial-17-11\/#article\",\"isPartOf\":{\"@id\":\"https:\/\/www.cgtaragonlarioja.org\/fedens\/mesa-sectorial-17-11\/\"},\"author\":{\"name\":\"kike\",\"@id\":\"https:\/\/www.cgtaragonlarioja.org\/fedens\/#\/schema\/person\/dfa7d1616615d62a6d79c9593aa09fc3\"},\"headline\":\"Mesa Sectorial 17\/11\",\"datePublished\":\"2021-11-17T09:27:08+00:00\",\"dateModified\":\"2021-11-17T10:59:28+00:00\",\"mainEntityOfPage\":{\"@id\":\"https:\/\/www.cgtaragonlarioja.org\/fedens\/mesa-sectorial-17-11\/\"},\"wordCount\":1001,\"commentCount\":0,\"publisher\":{\"@id\":\"https:\/\/www.cgtaragonlarioja.org\/fedens\/#organization\"},\"articleSection\":[\"Mesas sectoriales-t\u00e9cnicas\",\"Noticias\"],\"inLanguage\":\"es\",\"potentialAction\":[{\"@type\":\"CommentAction\",\"name\":\"Comment\",\"target\":[\"https:\/\/www.cgtaragonlarioja.org\/fedens\/mesa-sectorial-17-11\/#respond\"]}]},{\"@type\":\"WebPage\",\"@id\":\"https:\/\/www.cgtaragonlarioja.org\/fedens\/mesa-sectorial-17-11\/\",\"url\":\"https:\/\/www.cgtaragonlarioja.org\/fedens\/mesa-sectorial-17-11\/\",\"name\":\"Mesa Sectorial de Educci\u00f3n P\u00fablica de Arag\u00f3n\",\"isPartOf\":{\"@id\":\"https:\/\/www.cgtaragonlarioja.org\/fedens\/#website\"},\"datePublished\":\"2021-11-17T09:27:08+00:00\",\"dateModified\":\"2021-11-17T10:59:28+00:00\",\"description\":\"Resumen mesa sectorial sobre sexenios y familias monomarentales\",\"breadcrumb\":{\"@id\":\"https:\/\/www.cgtaragonlarioja.org\/fedens\/mesa-sectorial-17-11\/#breadcrumb\"},\"inLanguage\":\"es\",\"potentialAction\":[{\"@type\":\"ReadAction\",\"target\":[\"https:\/\/www.cgtaragonlarioja.org\/fedens\/mesa-sectorial-17-11\/\"]}]},{\"@type\":\"BreadcrumbList\",\"@id\":\"https:\/\/www.cgtaragonlarioja.org\/fedens\/mesa-sectorial-17-11\/#breadcrumb\",\"itemListElement\":[{\"@type\":\"ListItem\",\"position\":1,\"name\":\"Portada\",\"item\":\"https:\/\/www.cgtaragonlarioja.org\/fedens\/\"},{\"@type\":\"ListItem\",\"position\":2,\"name\":\"Mesa Sectorial 17\/11\"}]},{\"@type\":\"WebSite\",\"@id\":\"https:\/\/www.cgtaragonlarioja.org\/fedens\/#website\",\"url\":\"https:\/\/www.cgtaragonlarioja.org\/fedens\/\",\"name\":\"CGT Arag\u00f3n - La Rioja. ENSE\u00d1ANZA\",\"description\":\"CONTACTAR: Calatayud-Aranda: 654897973 \/ Huesca: 974238404 \/ Teruel: 978619265 \/ Zaragoza: 976922002\",\"publisher\":{\"@id\":\"https:\/\/www.cgtaragonlarioja.org\/fedens\/#organization\"},\"potentialAction\":[{\"@type\":\"SearchAction\",\"target\":{\"@type\":\"EntryPoint\",\"urlTemplate\":\"https:\/\/www.cgtaragonlarioja.org\/fedens\/?s={search_term_string}\"},\"query-input\":{\"@type\":\"PropertyValueSpecification\",\"valueRequired\":true,\"valueName\":\"search_term_string\"}}],\"inLanguage\":\"es\"},{\"@type\":\"Organization\",\"@id\":\"https:\/\/www.cgtaragonlarioja.org\/fedens\/#organization\",\"name\":\"CGT Arag\u00f3n y La Rioja - Ense\u00f1anza\",\"url\":\"https:\/\/www.cgtaragonlarioja.org\/fedens\/\",\"logo\":{\"@type\":\"ImageObject\",\"inLanguage\":\"es\",\"@id\":\"https:\/\/www.cgtaragonlarioja.org\/fedens\/#\/schema\/logo\/image\/\",\"url\":\"https:\/\/www.cgtaragonlarioja.org\/fedens\/files\/2021\/02\/logo_cgt_ense_huesca_170x250.png\",\"contentUrl\":\"https:\/\/www.cgtaragonlarioja.org\/fedens\/files\/2021\/02\/logo_cgt_ense_huesca_170x250.png\",\"width\":170,\"height\":250,\"caption\":\"CGT Arag\u00f3n y La Rioja - Ense\u00f1anza\"},\"image\":{\"@id\":\"https:\/\/www.cgtaragonlarioja.org\/fedens\/#\/schema\/logo\/image\/\"},\"sameAs\":[\"https:\/\/www.facebook.com\/CGTEnseAragon\/\",\"https:\/\/x.com\/CGTeduAragon\"]},{\"@type\":\"Person\",\"@id\":\"https:\/\/www.cgtaragonlarioja.org\/fedens\/#\/schema\/person\/dfa7d1616615d62a6d79c9593aa09fc3\",\"name\":\"kike\",\"image\":{\"@type\":\"ImageObject\",\"inLanguage\":\"es\",\"@id\":\"https:\/\/www.cgtaragonlarioja.org\/fedens\/#\/schema\/person\/image\/\",\"url\":\"https:\/\/secure.gravatar.com\/avatar\/f1c0788a733c3717c5f8c071e064a9c188df22c90b22388027f4ed27abaa4f3b?s=96&d=mm&r=g\",\"contentUrl\":\"https:\/\/secure.gravatar.com\/avatar\/f1c0788a733c3717c5f8c071e064a9c188df22c90b22388027f4ed27abaa4f3b?s=96&d=mm&r=g\",\"caption\":\"kike\"},\"url\":\"https:\/\/www.cgtaragonlarioja.org\/fedens\/author\/kike\/\"}]}<\/script>\n<!-- \/ Yoast SEO plugin. -->","yoast_head_json":{"title":"Mesa Sectorial de Educci\u00f3n P\u00fablica de Arag\u00f3n","description":"Resumen mesa sectorial sobre sexenios y familias monomarentales","robots":{"index":"index","follow":"follow","max-snippet":"max-snippet:-1","max-image-preview":"max-image-preview:large","max-video-preview":"max-video-preview:-1"},"canonical":"https:\/\/www.cgtaragonlarioja.org\/fedens\/mesa-sectorial-17-11\/","og_locale":"es_ES","og_type":"article","og_title":"Mesa Sectorial de Educci\u00f3n P\u00fablica de Arag\u00f3n","og_description":"Resumen mesa sectorial sobre sexenios y familias monomarentales","og_url":"https:\/\/www.cgtaragonlarioja.org\/fedens\/mesa-sectorial-17-11\/","og_site_name":"CGT Arag\u00f3n - La Rioja. ENSE\u00d1ANZA","article_publisher":"https:\/\/www.facebook.com\/CGTEnseAragon\/","article_published_time":"2021-11-17T09:27:08+00:00","article_modified_time":"2021-11-17T10:59:28+00:00","og_image":[{"width":940,"height":788,"url":"https:\/\/www.cgtaragonlarioja.org\/fedens\/files\/2020\/04\/LOGO_MESA_SECTORIAL_2.jpg","type":"image\/jpeg"}],"author":"kike","twitter_card":"summary_large_image","twitter_creator":"@CGTeduAragon","twitter_site":"@CGTeduAragon","twitter_misc":{"Escrito por":"kike","Tiempo de lectura":"5 minutos"},"schema":{"@context":"https:\/\/schema.org","@graph":[{"@type":"Article","@id":"https:\/\/www.cgtaragonlarioja.org\/fedens\/mesa-sectorial-17-11\/#article","isPartOf":{"@id":"https:\/\/www.cgtaragonlarioja.org\/fedens\/mesa-sectorial-17-11\/"},"author":{"name":"kike","@id":"https:\/\/www.cgtaragonlarioja.org\/fedens\/#\/schema\/person\/dfa7d1616615d62a6d79c9593aa09fc3"},"headline":"Mesa Sectorial 17\/11","datePublished":"2021-11-17T09:27:08+00:00","dateModified":"2021-11-17T10:59:28+00:00","mainEntityOfPage":{"@id":"https:\/\/www.cgtaragonlarioja.org\/fedens\/mesa-sectorial-17-11\/"},"wordCount":1001,"commentCount":0,"publisher":{"@id":"https:\/\/www.cgtaragonlarioja.org\/fedens\/#organization"},"articleSection":["Mesas sectoriales-t\u00e9cnicas","Noticias"],"inLanguage":"es","potentialAction":[{"@type":"CommentAction","name":"Comment","target":["https:\/\/www.cgtaragonlarioja.org\/fedens\/mesa-sectorial-17-11\/#respond"]}]},{"@type":"WebPage","@id":"https:\/\/www.cgtaragonlarioja.org\/fedens\/mesa-sectorial-17-11\/","url":"https:\/\/www.cgtaragonlarioja.org\/fedens\/mesa-sectorial-17-11\/","name":"Mesa Sectorial de Educci\u00f3n P\u00fablica de Arag\u00f3n","isPartOf":{"@id":"https:\/\/www.cgtaragonlarioja.org\/fedens\/#website"},"datePublished":"2021-11-17T09:27:08+00:00","dateModified":"2021-11-17T10:59:28+00:00","description":"Resumen mesa sectorial sobre sexenios y familias monomarentales","breadcrumb":{"@id":"https:\/\/www.cgtaragonlarioja.org\/fedens\/mesa-sectorial-17-11\/#breadcrumb"},"inLanguage":"es","potentialAction":[{"@type":"ReadAction","target":["https:\/\/www.cgtaragonlarioja.org\/fedens\/mesa-sectorial-17-11\/"]}]},{"@type":"BreadcrumbList","@id":"https:\/\/www.cgtaragonlarioja.org\/fedens\/mesa-sectorial-17-11\/#breadcrumb","itemListElement":[{"@type":"ListItem","position":1,"name":"Portada","item":"https:\/\/www.cgtaragonlarioja.org\/fedens\/"},{"@type":"ListItem","position":2,"name":"Mesa Sectorial 17\/11"}]},{"@type":"WebSite","@id":"https:\/\/www.cgtaragonlarioja.org\/fedens\/#website","url":"https:\/\/www.cgtaragonlarioja.org\/fedens\/","name":"CGT Arag\u00f3n - La Rioja. ENSE\u00d1ANZA","description":"CONTACTAR: Calatayud-Aranda: 654897973 \/ Huesca: 974238404 \/ Teruel: 978619265 \/ Zaragoza: 976922002","publisher":{"@id":"https:\/\/www.cgtaragonlarioja.org\/fedens\/#organization"},"potentialAction":[{"@type":"SearchAction","target":{"@type":"EntryPoint","urlTemplate":"https:\/\/www.cgtaragonlarioja.org\/fedens\/?s={search_term_string}"},"query-input":{"@type":"PropertyValueSpecification","valueRequired":true,"valueName":"search_term_string"}}],"inLanguage":"es"},{"@type":"Organization","@id":"https:\/\/www.cgtaragonlarioja.org\/fedens\/#organization","name":"CGT Arag\u00f3n y La Rioja - Ense\u00f1anza","url":"https:\/\/www.cgtaragonlarioja.org\/fedens\/","logo":{"@type":"ImageObject","inLanguage":"es","@id":"https:\/\/www.cgtaragonlarioja.org\/fedens\/#\/schema\/logo\/image\/","url":"https:\/\/www.cgtaragonlarioja.org\/fedens\/files\/2021\/02\/logo_cgt_ense_huesca_170x250.png","contentUrl":"https:\/\/www.cgtaragonlarioja.org\/fedens\/files\/2021\/02\/logo_cgt_ense_huesca_170x250.png","width":170,"height":250,"caption":"CGT Arag\u00f3n y La Rioja - Ense\u00f1anza"},"image":{"@id":"https:\/\/www.cgtaragonlarioja.org\/fedens\/#\/schema\/logo\/image\/"},"sameAs":["https:\/\/www.facebook.com\/CGTEnseAragon\/","https:\/\/x.com\/CGTeduAragon"]},{"@type":"Person","@id":"https:\/\/www.cgtaragonlarioja.org\/fedens\/#\/schema\/person\/dfa7d1616615d62a6d79c9593aa09fc3","name":"kike","image":{"@type":"ImageObject","inLanguage":"es","@id":"https:\/\/www.cgtaragonlarioja.org\/fedens\/#\/schema\/person\/image\/","url":"https:\/\/secure.gravatar.com\/avatar\/f1c0788a733c3717c5f8c071e064a9c188df22c90b22388027f4ed27abaa4f3b?s=96&d=mm&r=g","contentUrl":"https:\/\/secure.gravatar.com\/avatar\/f1c0788a733c3717c5f8c071e064a9c188df22c90b22388027f4ed27abaa4f3b?s=96&d=mm&r=g","caption":"kike"},"url":"https:\/\/www.cgtaragonlarioja.org\/fedens\/author\/kike\/"}]}},"_links":{"self":[{"href":"https:\/\/www.cgtaragonlarioja.org\/fedens\/wp-json\/wp\/v2\/posts\/13308","targetHints":{"allow":["GET"]}}],"collection":[{"href":"https:\/\/www.cgtaragonlarioja.org\/fedens\/wp-json\/wp\/v2\/posts"}],"about":[{"href":"https:\/\/www.cgtaragonlarioja.org\/fedens\/wp-json\/wp\/v2\/types\/post"}],"author":[{"embeddable":true,"href":"https:\/\/www.cgtaragonlarioja.org\/fedens\/wp-json\/wp\/v2\/users\/486"}],"replies":[{"embeddable":true,"href":"https:\/\/www.cgtaragonlarioja.org\/fedens\/wp-json\/wp\/v2\/comments?post=13308"}],"version-history":[{"count":5,"href":"https:\/\/www.cgtaragonlarioja.org\/fedens\/wp-json\/wp\/v2\/posts\/13308\/revisions"}],"predecessor-version":[{"id":13318,"href":"https:\/\/www.cgtaragonlarioja.org\/fedens\/wp-json\/wp\/v2\/posts\/13308\/revisions\/13318"}],"wp:attachment":[{"href":"https:\/\/www.cgtaragonlarioja.org\/fedens\/wp-json\/wp\/v2\/media?parent=13308"}],"wp:term":[{"taxonomy":"category","embeddable":true,"href":"https:\/\/www.cgtaragonlarioja.org\/fedens\/wp-json\/wp\/v2\/categories?post=13308"},{"taxonomy":"post_tag","embeddable":true,"href":"https:\/\/www.cgtaragonlarioja.org\/fedens\/wp-json\/wp\/v2\/tags?post=13308"}],"curies":[{"name":"wp","href":"https:\/\/api.w.org\/{rel}","templated":true}]}}