{"id":13270,"date":"2021-11-09T09:26:08","date_gmt":"2021-11-09T08:26:08","guid":{"rendered":"https:\/\/www.cgtaragonlarioja.org\/fedens\/?p=13270"},"modified":"2022-02-22T17:16:08","modified_gmt":"2022-02-22T16:16:08","slug":"educacion-y-rebelion-para-actuar-ante-el-cambio-climatico","status":"publish","type":"post","link":"https:\/\/www.cgtaragonlarioja.org\/fedens\/educacion-y-rebelion-para-actuar-ante-el-cambio-climatico\/","title":{"rendered":"Educaci\u00f3n y rebeli\u00f3n para actuar ante el cambio clim\u00e1tico"},"content":{"rendered":"<p><strong>Se acaba el tiempo, la COP 26 no es la soluci\u00f3n y tendremos que movilizarnos para ello, tenemos un compromiso social y debemos arriesgarnos a \u201cser en\u201d la ecolog\u00eda. Debemos provocar para que esta visi\u00f3n, sea un problema pol\u00edtico, social e individual, actuando en conjunto.<\/strong><\/p>\n<p><strong>Por Alejandro Hidalgo Zamorano<\/strong><\/p>\n<p>El gran problema del cambio clim\u00e1tico, lo resumo en una genuina pregunta: \u00bfEstamos a tiempo?<\/p>\n<p>Esta semana, el secretario general de la ONU, Ant\u00f3nio Guterres, en la apertura de la Cumbre del Clima, COP 26, es lapidario al decir: \u201cBasta de tratar a la naturaleza como un retrete y de cavar nuestra propia tumba\u201d.<\/p>\n<p>Hace un mes atr\u00e1s, en la cumbre juvenil sobre el clima, escuchamos a la activista Greta Thunberg, que se burlaba de los discursos de los gobernantes mundiales, diciendo que todo eran falsas promesas convertidas en \u201cbla, bla, bla\u201d. Y la escuchamos hoy, diciendo que la COP 26 no va a generar los cambios que necesitamos.<\/p>\n<p>Y a todo lo anterior, les sumamos que la naturaleza nos habla y nos invita a convivir de la mejor manera.<\/p>\n<p>Son grandes llamados de atenci\u00f3n, pero no se trata de estar en bandos opuestos, todo lo contrario, necesitamos despertar y asumir que todos podemos aportar para preservar el ecosistema.<\/p>\n<p>El conocimiento, la voluntad y el entendimiento, deben estar al servicio de la naturaleza. Si esto fracasa, es posible que no tengamos la capacidad para dimensionar cuanto nos queda por conocer, admirar y preservar de nuestro planeta.<\/p>\n<p>Cuando hablamos de educaci\u00f3n, debemos asumir que a\u00fan somos analfabetos para enfrentar los desaf\u00edos del siglo XXI, es decir, equilibrar nuestro ser racional, formarse para la vida y convivir en un entorno arm\u00f3nico. Y al parecer, est\u00e1 resultando un caos.<\/p>\n<p>La naturaleza es un amoroso ejemplo de convivencia, ella habita en un gran equilibrio interno y desaf\u00eda a la especie humana para que haga lo mismo.<\/p>\n<p>Nacimos con una idea preconcebida: el ser humano al centro del universo y el ecosistema alrededor de \u00e9l, para satisfacer sus necesidades. Pero al parecer estamos en contra del tiempo para dar vuelta a esta idea y poner al centro de todo a nuestro ecosistema y nosotros al servicio de \u00e9l, como siempre debi\u00f3 ser. Como fue desde los inicios. Como fue desde nuestros inicios.<\/p>\n<p>\u00bfQu\u00e9 se hace desde la educaci\u00f3n para asumir esta responsabilidad y favorecer ambientes ecol\u00f3gicos?<\/p>\n<p>Se hace un trabajo interesante para generar espacios de conciencia ecol\u00f3gica. Algunas veces esto impacta fuera del aula, llega a las casas, se instala en el entorno inmediato. Podr\u00edamos afirmar que las escuelas van haciendo lo que est\u00e1 a su alcance, por ejemplo: huertos, reciclaje, excursiones, entre otras acciones. Es m\u00e1s, hay escuelas que han podido articular el curr\u00edculum con tem\u00e1ticas medioambientales, de manera transversal. Puede parecer simple, pero es una gran innovaci\u00f3n para un sistema educativo que hab\u00eda puesto foco en el rendimiento acad\u00e9mico y que decidieron revertir situaciones que estaban al alcance, es decir, trabajar lo educativo m\u00e1s all\u00e1 del sal\u00f3n de clases.<\/p>\n<p>Pero, volviendo a la pregunta inicial, es momento de cambiar la mirada para profundizar en algunos temas y as\u00ed generar mayor conciencia sobre nuestro entorno.<\/p>\n<p><strong>Miremos desde la naturaleza<\/strong>, a la sociedad. Hagamos ese ejercicio. C\u00f3mo se ve la escuela si la miramos desde el entorno natural.<\/p>\n<p>Necesitamos provocar, ser osados, tomar decisiones, invertir energ\u00eda, articular, dise\u00f1ar, implementar.<\/p>\n<ul>\n<li>Provocar y proponer tem\u00e1ticas que sean de debates, pero con acciones concretas a implementar.<\/li>\n<li>Ser osados e ir por m\u00e1s de lo que ya se ha hecho. Vemos que los tiempos son cortos y nuestros espacios comunes debemos convertirlos en fuentes de conciencia del ecosistema.<\/li>\n<li>Tomar decisiones individuales, colectivas y pol\u00edticas, que favorezcan la preservaci\u00f3n de nuestro entorno.<\/li>\n<li>Invertir energ\u00eda en escuchar, dialogar y acordar.<\/li>\n<li>Articular nuestras acciones cotidianas con alguna finalidad que favorezca el entorno.<\/li>\n<li>Dise\u00f1ar planes que fomenten una vida consciente de uno mimos y para con otros.<\/li>\n<li>Implementar todas las acciones que est\u00e9n a nuestro alcance y que favorezcan una vida que conviven en forma arm\u00f3nica con nuestro entorno.<\/li>\n<\/ul>\n<p>Necesitamos hacerlo, \u00a1ya!<\/p>\n<p>\u00bfEs un tema de educaci\u00f3n? Claro que lo es, pero desde la rebeli\u00f3n.<br \/>\nAs\u00ed lo hacen los \u00e1rboles, cuando las madres frondosas no dejan pasar completamente la luz a sus reto\u00f1os, con la finalidad de conservar la especie y logrando que, al paso de 80 a\u00f1os, est\u00e9n cubiertos por \u00e1rboles de 200 a\u00f1os. Lo \u00e1rboles j\u00f3venes crecen lentamente para garantizar una edad avanzada y un crecimiento de manera robusta. Todo esto ayudado del ecosistema que confabula a su favor.<\/p>\n<p>Nada queda al azar.<\/p>\n<p>Nos falta tener un profundo entendimiento de la naturaleza porque necesitamos educar a nuestra sociedad de la existencia de nuestro ecosistema. Debemos volver a la concepci\u00f3n inicial, los seres humanos al servicio de la naturaleza.<\/p>\n<p>La educaci\u00f3n nos deber\u00eda llevar a generar un sistema colectivo mucho m\u00e1s sustentable. Para eso, necesitamos un poder pol\u00edtico y econ\u00f3mico, \u201ca la altura\u201d, es decir, todo lo contrario de un sistema que devora todo a su paso, con tal de ser eficiente monetariamente.<\/p>\n<p>Necesitamos traspasar l\u00edmites y fronteras e ir por el otro, encontrarnos, porque en ese espacio, tambi\u00e9n estamos nosotros. Somos \u00fanicos, pero no individualistas, necesitamos del colectivo, ahora m\u00e1s que nunca y para siempre.<\/p>\n<p><strong>\u00bfEstamos a tiempo?<\/strong><\/p>\n<p>Se acaba el tiempo, la COP 26 no es la soluci\u00f3n y tendremos que movilizarnos para ello, tenemos un compromiso social y debemos arriesgarnos a \u201cser en\u201d la ecolog\u00eda. Debemos provocar para que esta visi\u00f3n, sea un problema pol\u00edtico, social e individual, actuando en conjunto.<\/p>\n<p>Las comunidades que avanzan en esta l\u00ednea, son aquellas que, en los elementos m\u00e1s b\u00e1sicos de subsistencia, saben como actuar, es decir, comunidades que saben que el agua no nos pertenece, que nosotros pertenecemos al agua.<\/p>\n<p>Finalmente quisiera acudir a las palabras de Jos\u00e9 Mujica, expresidente de Uruguay, quien expuso ante la ONU en septiembre de 2013 y all\u00ed nos dejaba estas sabias palabras: \u00ab<strong>Piensen que la vida humana es un milagro. Que estamos vivos por milagro y nada vale m\u00e1s que la vida. Y que nuestro deber biol\u00f3gico es por encima de todas las cosas respetar la vida e impulsarla, cuidarla, procrearla y entender que la especie es \u2018nuestro nosotros&#8217;\u00bb.<\/strong><\/p>\n<p>Necesitamos asumir un liderazgo \u00e9tico, que nos haga \u201cser en\u201d el ecosistema.<\/p>\n<p><strong>Este art\u00edculo fue originalmente publicado en <a href=\"https:\/\/eldiariodelaeducacion.com\/2021\/11\/05\/educacion-y-rebelion-para-actuar-ante-el-cambio-climatico\/\" target=\"_blank\" rel=\"noopener\">eldiariodelaeducacion.com<\/a><\/strong><\/p>\n","protected":false},"excerpt":{"rendered":"<p>Se acaba el tiempo, la COP 26 no es la soluci\u00f3n y tendremos que movilizarnos<\/p>\n","protected":false},"author":854,"featured_media":13271,"comment_status":"open","ping_status":"open","sticky":false,"template":"","format":"standard","meta":{"footnotes":""},"categories":[504],"tags":[],"class_list":["post-13270","post","type-post","status-publish","format-standard","has-post-thumbnail","hentry","category-a-debate"],"yoast_head":"<!-- This site is optimized with the Yoast SEO plugin v26.7 - https:\/\/yoast.com\/wordpress\/plugins\/seo\/ -->\n<title>Educaci\u00f3n y rebeli\u00f3n para actuar ante el cambio clim\u00e1tico<\/title>\n<meta name=\"description\" content=\"Se acaba el tiempo, la COP 26 no es la soluci\u00f3n y tendremos que movilizarnos para ello, tenemos un compromiso social y debemos arriesgarnos a \u201cser en\u201d la\" \/>\n<meta name=\"robots\" content=\"index, follow, max-snippet:-1, max-image-preview:large, max-video-preview:-1\" \/>\n<link rel=\"canonical\" href=\"https:\/\/www.cgtaragonlarioja.org\/fedens\/educacion-y-rebelion-para-actuar-ante-el-cambio-climatico\/\" \/>\n<meta property=\"og:locale\" content=\"es_ES\" \/>\n<meta property=\"og:type\" content=\"article\" \/>\n<meta property=\"og:title\" content=\"Educaci\u00f3n y rebeli\u00f3n para actuar ante el cambio clim\u00e1tico\" \/>\n<meta property=\"og:description\" content=\"Se acaba el tiempo, la COP 26 no es la soluci\u00f3n y tendremos que movilizarnos para ello, tenemos un compromiso social y debemos arriesgarnos a \u201cser en\u201d la\" \/>\n<meta property=\"og:url\" content=\"https:\/\/www.cgtaragonlarioja.org\/fedens\/educacion-y-rebelion-para-actuar-ante-el-cambio-climatico\/\" \/>\n<meta property=\"og:site_name\" content=\"CGT Arag\u00f3n - La Rioja. ENSE\u00d1ANZA\" \/>\n<meta property=\"article:publisher\" content=\"https:\/\/www.facebook.com\/CGTEnseAragon\/\" \/>\n<meta property=\"article:published_time\" content=\"2021-11-09T08:26:08+00:00\" \/>\n<meta property=\"article:modified_time\" content=\"2022-02-22T16:16:08+00:00\" \/>\n<meta property=\"og:image\" content=\"https:\/\/www.cgtaragonlarioja.org\/fedens\/files\/2021\/11\/cop-26_b3461a77_1000x625.jpeg\" \/>\n\t<meta property=\"og:image:width\" content=\"1000\" \/>\n\t<meta property=\"og:image:height\" content=\"625\" \/>\n\t<meta property=\"og:image:type\" content=\"image\/jpeg\" \/>\n<meta name=\"author\" content=\"CGT Ense\u00f1anza Arag\u00f3n\" \/>\n<meta name=\"twitter:card\" content=\"summary_large_image\" \/>\n<meta name=\"twitter:creator\" content=\"@CGTeduAragon\" \/>\n<meta name=\"twitter:site\" content=\"@CGTeduAragon\" \/>\n<meta name=\"twitter:label1\" content=\"Escrito por\" \/>\n\t<meta name=\"twitter:data1\" content=\"CGT Ense\u00f1anza Arag\u00f3n\" \/>\n\t<meta name=\"twitter:label2\" content=\"Tiempo de lectura\" \/>\n\t<meta name=\"twitter:data2\" content=\"5 minutos\" \/>\n<script type=\"application\/ld+json\" class=\"yoast-schema-graph\">{\"@context\":\"https:\/\/schema.org\",\"@graph\":[{\"@type\":\"Article\",\"@id\":\"https:\/\/www.cgtaragonlarioja.org\/fedens\/educacion-y-rebelion-para-actuar-ante-el-cambio-climatico\/#article\",\"isPartOf\":{\"@id\":\"https:\/\/www.cgtaragonlarioja.org\/fedens\/educacion-y-rebelion-para-actuar-ante-el-cambio-climatico\/\"},\"author\":{\"name\":\"CGT Ense\u00f1anza Arag\u00f3n\",\"@id\":\"https:\/\/www.cgtaragonlarioja.org\/fedens\/#\/schema\/person\/f577cbf9ee1fb7519bfd883ac4f4032f\"},\"headline\":\"Educaci\u00f3n y rebeli\u00f3n para actuar ante el cambio clim\u00e1tico\",\"datePublished\":\"2021-11-09T08:26:08+00:00\",\"dateModified\":\"2022-02-22T16:16:08+00:00\",\"mainEntityOfPage\":{\"@id\":\"https:\/\/www.cgtaragonlarioja.org\/fedens\/educacion-y-rebelion-para-actuar-ante-el-cambio-climatico\/\"},\"wordCount\":1109,\"commentCount\":0,\"publisher\":{\"@id\":\"https:\/\/www.cgtaragonlarioja.org\/fedens\/#organization\"},\"image\":{\"@id\":\"https:\/\/www.cgtaragonlarioja.org\/fedens\/educacion-y-rebelion-para-actuar-ante-el-cambio-climatico\/#primaryimage\"},\"thumbnailUrl\":\"https:\/\/www.cgtaragonlarioja.org\/fedens\/files\/2021\/11\/cop-26_b3461a77_1000x625.jpeg\",\"articleSection\":[\"A Debate\"],\"inLanguage\":\"es\",\"potentialAction\":[{\"@type\":\"CommentAction\",\"name\":\"Comment\",\"target\":[\"https:\/\/www.cgtaragonlarioja.org\/fedens\/educacion-y-rebelion-para-actuar-ante-el-cambio-climatico\/#respond\"]}]},{\"@type\":\"WebPage\",\"@id\":\"https:\/\/www.cgtaragonlarioja.org\/fedens\/educacion-y-rebelion-para-actuar-ante-el-cambio-climatico\/\",\"url\":\"https:\/\/www.cgtaragonlarioja.org\/fedens\/educacion-y-rebelion-para-actuar-ante-el-cambio-climatico\/\",\"name\":\"Educaci\u00f3n y rebeli\u00f3n para actuar ante el cambio clim\u00e1tico\",\"isPartOf\":{\"@id\":\"https:\/\/www.cgtaragonlarioja.org\/fedens\/#website\"},\"primaryImageOfPage\":{\"@id\":\"https:\/\/www.cgtaragonlarioja.org\/fedens\/educacion-y-rebelion-para-actuar-ante-el-cambio-climatico\/#primaryimage\"},\"image\":{\"@id\":\"https:\/\/www.cgtaragonlarioja.org\/fedens\/educacion-y-rebelion-para-actuar-ante-el-cambio-climatico\/#primaryimage\"},\"thumbnailUrl\":\"https:\/\/www.cgtaragonlarioja.org\/fedens\/files\/2021\/11\/cop-26_b3461a77_1000x625.jpeg\",\"datePublished\":\"2021-11-09T08:26:08+00:00\",\"dateModified\":\"2022-02-22T16:16:08+00:00\",\"description\":\"Se acaba el tiempo, la COP 26 no es la soluci\u00f3n y tendremos que movilizarnos para ello, tenemos un compromiso social y debemos arriesgarnos a \u201cser en\u201d la\",\"breadcrumb\":{\"@id\":\"https:\/\/www.cgtaragonlarioja.org\/fedens\/educacion-y-rebelion-para-actuar-ante-el-cambio-climatico\/#breadcrumb\"},\"inLanguage\":\"es\",\"potentialAction\":[{\"@type\":\"ReadAction\",\"target\":[\"https:\/\/www.cgtaragonlarioja.org\/fedens\/educacion-y-rebelion-para-actuar-ante-el-cambio-climatico\/\"]}]},{\"@type\":\"ImageObject\",\"inLanguage\":\"es\",\"@id\":\"https:\/\/www.cgtaragonlarioja.org\/fedens\/educacion-y-rebelion-para-actuar-ante-el-cambio-climatico\/#primaryimage\",\"url\":\"https:\/\/www.cgtaragonlarioja.org\/fedens\/files\/2021\/11\/cop-26_b3461a77_1000x625.jpeg\",\"contentUrl\":\"https:\/\/www.cgtaragonlarioja.org\/fedens\/files\/2021\/11\/cop-26_b3461a77_1000x625.jpeg\",\"width\":1000,\"height\":625},{\"@type\":\"BreadcrumbList\",\"@id\":\"https:\/\/www.cgtaragonlarioja.org\/fedens\/educacion-y-rebelion-para-actuar-ante-el-cambio-climatico\/#breadcrumb\",\"itemListElement\":[{\"@type\":\"ListItem\",\"position\":1,\"name\":\"Portada\",\"item\":\"https:\/\/www.cgtaragonlarioja.org\/fedens\/\"},{\"@type\":\"ListItem\",\"position\":2,\"name\":\"Educaci\u00f3n y rebeli\u00f3n para actuar ante el cambio clim\u00e1tico\"}]},{\"@type\":\"WebSite\",\"@id\":\"https:\/\/www.cgtaragonlarioja.org\/fedens\/#website\",\"url\":\"https:\/\/www.cgtaragonlarioja.org\/fedens\/\",\"name\":\"CGT Arag\u00f3n - La Rioja. ENSE\u00d1ANZA\",\"description\":\"CONTACTAR: Calatayud-Aranda: 654897973 \/ Huesca: 974238404 \/ Teruel: 978619265 \/ Zaragoza: 976922002\",\"publisher\":{\"@id\":\"https:\/\/www.cgtaragonlarioja.org\/fedens\/#organization\"},\"potentialAction\":[{\"@type\":\"SearchAction\",\"target\":{\"@type\":\"EntryPoint\",\"urlTemplate\":\"https:\/\/www.cgtaragonlarioja.org\/fedens\/?s={search_term_string}\"},\"query-input\":{\"@type\":\"PropertyValueSpecification\",\"valueRequired\":true,\"valueName\":\"search_term_string\"}}],\"inLanguage\":\"es\"},{\"@type\":\"Organization\",\"@id\":\"https:\/\/www.cgtaragonlarioja.org\/fedens\/#organization\",\"name\":\"CGT Arag\u00f3n y La Rioja - Ense\u00f1anza\",\"url\":\"https:\/\/www.cgtaragonlarioja.org\/fedens\/\",\"logo\":{\"@type\":\"ImageObject\",\"inLanguage\":\"es\",\"@id\":\"https:\/\/www.cgtaragonlarioja.org\/fedens\/#\/schema\/logo\/image\/\",\"url\":\"https:\/\/www.cgtaragonlarioja.org\/fedens\/files\/2021\/02\/logo_cgt_ense_huesca_170x250.png\",\"contentUrl\":\"https:\/\/www.cgtaragonlarioja.org\/fedens\/files\/2021\/02\/logo_cgt_ense_huesca_170x250.png\",\"width\":170,\"height\":250,\"caption\":\"CGT Arag\u00f3n y La Rioja - Ense\u00f1anza\"},\"image\":{\"@id\":\"https:\/\/www.cgtaragonlarioja.org\/fedens\/#\/schema\/logo\/image\/\"},\"sameAs\":[\"https:\/\/www.facebook.com\/CGTEnseAragon\/\",\"https:\/\/x.com\/CGTeduAragon\"]},{\"@type\":\"Person\",\"@id\":\"https:\/\/www.cgtaragonlarioja.org\/fedens\/#\/schema\/person\/f577cbf9ee1fb7519bfd883ac4f4032f\",\"name\":\"CGT Ense\u00f1anza Arag\u00f3n\",\"image\":{\"@type\":\"ImageObject\",\"inLanguage\":\"es\",\"@id\":\"https:\/\/www.cgtaragonlarioja.org\/fedens\/#\/schema\/person\/image\/\",\"url\":\"https:\/\/secure.gravatar.com\/avatar\/6591cafae8da970274bd48ef06b7f86ae2c2ba705fb2cdafa9b5f7f48c95a765?s=96&d=mm&r=g\",\"contentUrl\":\"https:\/\/secure.gravatar.com\/avatar\/6591cafae8da970274bd48ef06b7f86ae2c2ba705fb2cdafa9b5f7f48c95a765?s=96&d=mm&r=g\",\"caption\":\"CGT Ense\u00f1anza Arag\u00f3n\"},\"url\":\"https:\/\/www.cgtaragonlarioja.org\/fedens\/author\/fasecgt\/\"}]}<\/script>\n<!-- \/ Yoast SEO plugin. -->","yoast_head_json":{"title":"Educaci\u00f3n y rebeli\u00f3n para actuar ante el cambio clim\u00e1tico","description":"Se acaba el tiempo, la COP 26 no es la soluci\u00f3n y tendremos que movilizarnos para ello, tenemos un compromiso social y debemos arriesgarnos a \u201cser en\u201d la","robots":{"index":"index","follow":"follow","max-snippet":"max-snippet:-1","max-image-preview":"max-image-preview:large","max-video-preview":"max-video-preview:-1"},"canonical":"https:\/\/www.cgtaragonlarioja.org\/fedens\/educacion-y-rebelion-para-actuar-ante-el-cambio-climatico\/","og_locale":"es_ES","og_type":"article","og_title":"Educaci\u00f3n y rebeli\u00f3n para actuar ante el cambio clim\u00e1tico","og_description":"Se acaba el tiempo, la COP 26 no es la soluci\u00f3n y tendremos que movilizarnos para ello, tenemos un compromiso social y debemos arriesgarnos a \u201cser en\u201d la","og_url":"https:\/\/www.cgtaragonlarioja.org\/fedens\/educacion-y-rebelion-para-actuar-ante-el-cambio-climatico\/","og_site_name":"CGT Arag\u00f3n - La Rioja. ENSE\u00d1ANZA","article_publisher":"https:\/\/www.facebook.com\/CGTEnseAragon\/","article_published_time":"2021-11-09T08:26:08+00:00","article_modified_time":"2022-02-22T16:16:08+00:00","og_image":[{"width":1000,"height":625,"url":"https:\/\/www.cgtaragonlarioja.org\/fedens\/files\/2021\/11\/cop-26_b3461a77_1000x625.jpeg","type":"image\/jpeg"}],"author":"CGT Ense\u00f1anza Arag\u00f3n","twitter_card":"summary_large_image","twitter_creator":"@CGTeduAragon","twitter_site":"@CGTeduAragon","twitter_misc":{"Escrito por":"CGT Ense\u00f1anza Arag\u00f3n","Tiempo de lectura":"5 minutos"},"schema":{"@context":"https:\/\/schema.org","@graph":[{"@type":"Article","@id":"https:\/\/www.cgtaragonlarioja.org\/fedens\/educacion-y-rebelion-para-actuar-ante-el-cambio-climatico\/#article","isPartOf":{"@id":"https:\/\/www.cgtaragonlarioja.org\/fedens\/educacion-y-rebelion-para-actuar-ante-el-cambio-climatico\/"},"author":{"name":"CGT Ense\u00f1anza Arag\u00f3n","@id":"https:\/\/www.cgtaragonlarioja.org\/fedens\/#\/schema\/person\/f577cbf9ee1fb7519bfd883ac4f4032f"},"headline":"Educaci\u00f3n y rebeli\u00f3n para actuar ante el cambio clim\u00e1tico","datePublished":"2021-11-09T08:26:08+00:00","dateModified":"2022-02-22T16:16:08+00:00","mainEntityOfPage":{"@id":"https:\/\/www.cgtaragonlarioja.org\/fedens\/educacion-y-rebelion-para-actuar-ante-el-cambio-climatico\/"},"wordCount":1109,"commentCount":0,"publisher":{"@id":"https:\/\/www.cgtaragonlarioja.org\/fedens\/#organization"},"image":{"@id":"https:\/\/www.cgtaragonlarioja.org\/fedens\/educacion-y-rebelion-para-actuar-ante-el-cambio-climatico\/#primaryimage"},"thumbnailUrl":"https:\/\/www.cgtaragonlarioja.org\/fedens\/files\/2021\/11\/cop-26_b3461a77_1000x625.jpeg","articleSection":["A Debate"],"inLanguage":"es","potentialAction":[{"@type":"CommentAction","name":"Comment","target":["https:\/\/www.cgtaragonlarioja.org\/fedens\/educacion-y-rebelion-para-actuar-ante-el-cambio-climatico\/#respond"]}]},{"@type":"WebPage","@id":"https:\/\/www.cgtaragonlarioja.org\/fedens\/educacion-y-rebelion-para-actuar-ante-el-cambio-climatico\/","url":"https:\/\/www.cgtaragonlarioja.org\/fedens\/educacion-y-rebelion-para-actuar-ante-el-cambio-climatico\/","name":"Educaci\u00f3n y rebeli\u00f3n para actuar ante el cambio clim\u00e1tico","isPartOf":{"@id":"https:\/\/www.cgtaragonlarioja.org\/fedens\/#website"},"primaryImageOfPage":{"@id":"https:\/\/www.cgtaragonlarioja.org\/fedens\/educacion-y-rebelion-para-actuar-ante-el-cambio-climatico\/#primaryimage"},"image":{"@id":"https:\/\/www.cgtaragonlarioja.org\/fedens\/educacion-y-rebelion-para-actuar-ante-el-cambio-climatico\/#primaryimage"},"thumbnailUrl":"https:\/\/www.cgtaragonlarioja.org\/fedens\/files\/2021\/11\/cop-26_b3461a77_1000x625.jpeg","datePublished":"2021-11-09T08:26:08+00:00","dateModified":"2022-02-22T16:16:08+00:00","description":"Se acaba el tiempo, la COP 26 no es la soluci\u00f3n y tendremos que movilizarnos para ello, tenemos un compromiso social y debemos arriesgarnos a \u201cser en\u201d la","breadcrumb":{"@id":"https:\/\/www.cgtaragonlarioja.org\/fedens\/educacion-y-rebelion-para-actuar-ante-el-cambio-climatico\/#breadcrumb"},"inLanguage":"es","potentialAction":[{"@type":"ReadAction","target":["https:\/\/www.cgtaragonlarioja.org\/fedens\/educacion-y-rebelion-para-actuar-ante-el-cambio-climatico\/"]}]},{"@type":"ImageObject","inLanguage":"es","@id":"https:\/\/www.cgtaragonlarioja.org\/fedens\/educacion-y-rebelion-para-actuar-ante-el-cambio-climatico\/#primaryimage","url":"https:\/\/www.cgtaragonlarioja.org\/fedens\/files\/2021\/11\/cop-26_b3461a77_1000x625.jpeg","contentUrl":"https:\/\/www.cgtaragonlarioja.org\/fedens\/files\/2021\/11\/cop-26_b3461a77_1000x625.jpeg","width":1000,"height":625},{"@type":"BreadcrumbList","@id":"https:\/\/www.cgtaragonlarioja.org\/fedens\/educacion-y-rebelion-para-actuar-ante-el-cambio-climatico\/#breadcrumb","itemListElement":[{"@type":"ListItem","position":1,"name":"Portada","item":"https:\/\/www.cgtaragonlarioja.org\/fedens\/"},{"@type":"ListItem","position":2,"name":"Educaci\u00f3n y rebeli\u00f3n para actuar ante el cambio clim\u00e1tico"}]},{"@type":"WebSite","@id":"https:\/\/www.cgtaragonlarioja.org\/fedens\/#website","url":"https:\/\/www.cgtaragonlarioja.org\/fedens\/","name":"CGT Arag\u00f3n - La Rioja. ENSE\u00d1ANZA","description":"CONTACTAR: Calatayud-Aranda: 654897973 \/ Huesca: 974238404 \/ Teruel: 978619265 \/ Zaragoza: 976922002","publisher":{"@id":"https:\/\/www.cgtaragonlarioja.org\/fedens\/#organization"},"potentialAction":[{"@type":"SearchAction","target":{"@type":"EntryPoint","urlTemplate":"https:\/\/www.cgtaragonlarioja.org\/fedens\/?s={search_term_string}"},"query-input":{"@type":"PropertyValueSpecification","valueRequired":true,"valueName":"search_term_string"}}],"inLanguage":"es"},{"@type":"Organization","@id":"https:\/\/www.cgtaragonlarioja.org\/fedens\/#organization","name":"CGT Arag\u00f3n y La Rioja - Ense\u00f1anza","url":"https:\/\/www.cgtaragonlarioja.org\/fedens\/","logo":{"@type":"ImageObject","inLanguage":"es","@id":"https:\/\/www.cgtaragonlarioja.org\/fedens\/#\/schema\/logo\/image\/","url":"https:\/\/www.cgtaragonlarioja.org\/fedens\/files\/2021\/02\/logo_cgt_ense_huesca_170x250.png","contentUrl":"https:\/\/www.cgtaragonlarioja.org\/fedens\/files\/2021\/02\/logo_cgt_ense_huesca_170x250.png","width":170,"height":250,"caption":"CGT Arag\u00f3n y La Rioja - Ense\u00f1anza"},"image":{"@id":"https:\/\/www.cgtaragonlarioja.org\/fedens\/#\/schema\/logo\/image\/"},"sameAs":["https:\/\/www.facebook.com\/CGTEnseAragon\/","https:\/\/x.com\/CGTeduAragon"]},{"@type":"Person","@id":"https:\/\/www.cgtaragonlarioja.org\/fedens\/#\/schema\/person\/f577cbf9ee1fb7519bfd883ac4f4032f","name":"CGT Ense\u00f1anza Arag\u00f3n","image":{"@type":"ImageObject","inLanguage":"es","@id":"https:\/\/www.cgtaragonlarioja.org\/fedens\/#\/schema\/person\/image\/","url":"https:\/\/secure.gravatar.com\/avatar\/6591cafae8da970274bd48ef06b7f86ae2c2ba705fb2cdafa9b5f7f48c95a765?s=96&d=mm&r=g","contentUrl":"https:\/\/secure.gravatar.com\/avatar\/6591cafae8da970274bd48ef06b7f86ae2c2ba705fb2cdafa9b5f7f48c95a765?s=96&d=mm&r=g","caption":"CGT Ense\u00f1anza Arag\u00f3n"},"url":"https:\/\/www.cgtaragonlarioja.org\/fedens\/author\/fasecgt\/"}]}},"_links":{"self":[{"href":"https:\/\/www.cgtaragonlarioja.org\/fedens\/wp-json\/wp\/v2\/posts\/13270","targetHints":{"allow":["GET"]}}],"collection":[{"href":"https:\/\/www.cgtaragonlarioja.org\/fedens\/wp-json\/wp\/v2\/posts"}],"about":[{"href":"https:\/\/www.cgtaragonlarioja.org\/fedens\/wp-json\/wp\/v2\/types\/post"}],"author":[{"embeddable":true,"href":"https:\/\/www.cgtaragonlarioja.org\/fedens\/wp-json\/wp\/v2\/users\/854"}],"replies":[{"embeddable":true,"href":"https:\/\/www.cgtaragonlarioja.org\/fedens\/wp-json\/wp\/v2\/comments?post=13270"}],"version-history":[{"count":1,"href":"https:\/\/www.cgtaragonlarioja.org\/fedens\/wp-json\/wp\/v2\/posts\/13270\/revisions"}],"predecessor-version":[{"id":13272,"href":"https:\/\/www.cgtaragonlarioja.org\/fedens\/wp-json\/wp\/v2\/posts\/13270\/revisions\/13272"}],"wp:featuredmedia":[{"embeddable":true,"href":"https:\/\/www.cgtaragonlarioja.org\/fedens\/wp-json\/wp\/v2\/media\/13271"}],"wp:attachment":[{"href":"https:\/\/www.cgtaragonlarioja.org\/fedens\/wp-json\/wp\/v2\/media?parent=13270"}],"wp:term":[{"taxonomy":"category","embeddable":true,"href":"https:\/\/www.cgtaragonlarioja.org\/fedens\/wp-json\/wp\/v2\/categories?post=13270"},{"taxonomy":"post_tag","embeddable":true,"href":"https:\/\/www.cgtaragonlarioja.org\/fedens\/wp-json\/wp\/v2\/tags?post=13270"}],"curies":[{"name":"wp","href":"https:\/\/api.w.org\/{rel}","templated":true}]}}