{"id":13266,"date":"2021-11-05T12:34:02","date_gmt":"2021-11-05T11:34:02","guid":{"rendered":"https:\/\/www.cgtaragonlarioja.org\/fedens\/?p=13266"},"modified":"2023-03-01T10:18:55","modified_gmt":"2023-03-01T09:18:55","slug":"cgt-gana-dos-sentencias-que-reconocen-derecho-de-madres-monomarentales-en-sector-publico","status":"publish","type":"post","link":"https:\/\/www.cgtaragonlarioja.org\/fedens\/cgt-gana-dos-sentencias-que-reconocen-derecho-de-madres-monomarentales-en-sector-publico\/","title":{"rendered":"CGT gana dos sentencias que reconocen derecho de madres monomarentales en sector p\u00fablico"},"content":{"rendered":"<p>Ante la negativa del Departamento de Educaci\u00f3n a acabar con la discriminaci\u00f3n que sufren las familias monoparentales, CGT ense\u00f1anza present\u00f3 dos demandas solicitando la ampliaci\u00f3n del permiso de maternidad de dos profesoras afectadas por esta discriminaci\u00f3n. La raz\u00f3n de esta demanda fue que los beb\u00e9s de dichas familias solo pueden acceder al tiempo de cuidados establecido por la ley para la madre, mientras que los y las menores que forman parte de n\u00facleos familiares biparentales pueden acceder, adem\u00e1s, al permiso que la ley establece para el otro progenitor (permiso de paternidad).<\/p>\n<p>El TSJA ha dictado sentencia en la que reconoce el derecho de las dos madres a disfrutar del permiso paternidad.<em> \u201cSe reconoce como situaci\u00f3n jur\u00eddica individualizada el derecho de la recurrente, como integrante de familia monoparental, a la ampliaci\u00f3n de su permiso por nacimiento de hija por el tiempo correspondiente\u201d. <\/em><\/p>\n<p>El TSJA ha argumentado la sentencia bas\u00e1ndose en el inter\u00e9s superior del menor: <em>\u201cel derecho de igualdad y la primac\u00eda del inter\u00e9s y protecci\u00f3n de los hijos menores consagrado en nuestra CE y en las normas internacionales citadas, impide que la atenci\u00f3n, cuidado y desarrollo del menor de la familia monoparental sufra una merma respecto a aquellos otros menores de familias biparentales que van a recibir un distinto periodo de cuidado y atenci\u00f3n directos de sus progenitores, siendo rechazable la discriminaci\u00f3n del menor por su propia condici\u00f3n o por el estado civil o situaci\u00f3n de su progenitor\u201d<\/em><\/p>\n<p>CGT lamenta profundamente que las familias monoparentales tengan que padecer un v\u00eda crucis judicial para que se reconozcan sus derechos. La situaci\u00f3n es triplemente grave porque a las dificultades normales que tiene atender a un beb\u00e9 por un solo progenitor, se suma tener que realizar un sinf\u00edn de tr\u00e1mites burocr\u00e1ticos y judiciales, para que su hijo pueda tener el mismo derecho que cualquier ni\u00f1o de una familia biparental. A este problema se suman tanto\u00a0 el consiguiente coste econ\u00f3mico derivado de tener que contratar abogados, como que el disfrute del permiso por nacimiento del segundo progenitor (permiso paternidad) se podr\u00e1 realizar pasados varios a\u00f1os, cuando lo razonable es que se disfrute cuando el ni\u00f1o es un beb\u00e9.<\/p>\n<p>CGT conf\u00eda en que el Departamento de Educaci\u00f3n cumplir\u00e1 la sentencia a la mayor brevedad, y a partir de ahora mostrar\u00e1 empat\u00eda hacia las familias monoparentales dejando de discriminarlas y por tanto les reconozca de oficio, el derecho que les pertenece.<\/p>\n","protected":false},"excerpt":{"rendered":"<p>Ante la negativa del Departamento de Educaci\u00f3n a acabar con la discriminaci\u00f3n que sufren las<\/p>\n","protected":false},"author":486,"featured_media":13267,"comment_status":"open","ping_status":"open","sticky":false,"template":"","format":"standard","meta":{"footnotes":""},"categories":[480],"tags":[],"class_list":["post-13266","post","type-post","status-publish","format-standard","has-post-thumbnail","hentry","category-noticias"],"yoast_head":"<!-- This site is optimized with the Yoast SEO plugin v26.7 - https:\/\/yoast.com\/wordpress\/plugins\/seo\/ -->\n<title>CGT gana dos sentencias que reconocen derecho de madres monomarentales en sector p\u00fablico<\/title>\n<meta name=\"description\" content=\"CGT gana dos sentencias que reconocen el derecho de las madres monomarentales a disfrutar del permiso paternidad\" \/>\n<meta name=\"robots\" content=\"index, follow, max-snippet:-1, max-image-preview:large, max-video-preview:-1\" \/>\n<link rel=\"canonical\" href=\"https:\/\/www.cgtaragonlarioja.org\/fedens\/cgt-gana-dos-sentencias-que-reconocen-derecho-de-madres-monomarentales-en-sector-publico\/\" \/>\n<meta property=\"og:locale\" content=\"es_ES\" \/>\n<meta property=\"og:type\" content=\"article\" \/>\n<meta property=\"og:title\" content=\"CGT gana dos sentencias que reconocen derecho de madres monomarentales en sector p\u00fablico\" \/>\n<meta property=\"og:description\" content=\"CGT gana dos sentencias que reconocen el derecho de las madres monomarentales a disfrutar del permiso paternidad\" \/>\n<meta property=\"og:url\" content=\"https:\/\/www.cgtaragonlarioja.org\/fedens\/cgt-gana-dos-sentencias-que-reconocen-derecho-de-madres-monomarentales-en-sector-publico\/\" \/>\n<meta property=\"og:site_name\" content=\"CGT Arag\u00f3n - La Rioja. ENSE\u00d1ANZA\" \/>\n<meta property=\"article:publisher\" content=\"https:\/\/www.facebook.com\/CGTEnseAragon\/\" \/>\n<meta property=\"article:published_time\" content=\"2021-11-05T11:34:02+00:00\" \/>\n<meta property=\"article:modified_time\" content=\"2023-03-01T09:18:55+00:00\" \/>\n<meta property=\"og:image\" content=\"https:\/\/www.cgtaragonlarioja.org\/fedens\/files\/2021\/11\/cristina-valles-y-su-hijo-madre-sola-que-reclama-una-prestacion-por-maternidad-mas-amplia.r_d.1890-1397-2655.jpeg\" \/>\n\t<meta property=\"og:image:width\" content=\"990\" \/>\n\t<meta property=\"og:image:height\" content=\"742\" \/>\n\t<meta property=\"og:image:type\" content=\"image\/jpeg\" \/>\n<meta name=\"author\" content=\"kike\" \/>\n<meta name=\"twitter:card\" content=\"summary_large_image\" \/>\n<meta name=\"twitter:creator\" content=\"@CGTeduAragon\" \/>\n<meta name=\"twitter:site\" content=\"@CGTeduAragon\" \/>\n<meta name=\"twitter:label1\" content=\"Escrito por\" \/>\n\t<meta name=\"twitter:data1\" content=\"kike\" \/>\n\t<meta name=\"twitter:label2\" content=\"Tiempo de lectura\" \/>\n\t<meta name=\"twitter:data2\" content=\"2 minutos\" \/>\n<script type=\"application\/ld+json\" class=\"yoast-schema-graph\">{\"@context\":\"https:\/\/schema.org\",\"@graph\":[{\"@type\":\"Article\",\"@id\":\"https:\/\/www.cgtaragonlarioja.org\/fedens\/cgt-gana-dos-sentencias-que-reconocen-derecho-de-madres-monomarentales-en-sector-publico\/#article\",\"isPartOf\":{\"@id\":\"https:\/\/www.cgtaragonlarioja.org\/fedens\/cgt-gana-dos-sentencias-que-reconocen-derecho-de-madres-monomarentales-en-sector-publico\/\"},\"author\":{\"name\":\"kike\",\"@id\":\"https:\/\/www.cgtaragonlarioja.org\/fedens\/#\/schema\/person\/dfa7d1616615d62a6d79c9593aa09fc3\"},\"headline\":\"CGT gana dos sentencias que reconocen derecho de madres monomarentales en sector p\u00fablico\",\"datePublished\":\"2021-11-05T11:34:02+00:00\",\"dateModified\":\"2023-03-01T09:18:55+00:00\",\"mainEntityOfPage\":{\"@id\":\"https:\/\/www.cgtaragonlarioja.org\/fedens\/cgt-gana-dos-sentencias-que-reconocen-derecho-de-madres-monomarentales-en-sector-publico\/\"},\"wordCount\":443,\"commentCount\":0,\"publisher\":{\"@id\":\"https:\/\/www.cgtaragonlarioja.org\/fedens\/#organization\"},\"image\":{\"@id\":\"https:\/\/www.cgtaragonlarioja.org\/fedens\/cgt-gana-dos-sentencias-que-reconocen-derecho-de-madres-monomarentales-en-sector-publico\/#primaryimage\"},\"thumbnailUrl\":\"https:\/\/www.cgtaragonlarioja.org\/fedens\/files\/2021\/11\/cristina-valles-y-su-hijo-madre-sola-que-reclama-una-prestacion-por-maternidad-mas-amplia.r_d.1890-1397-2655.jpeg\",\"articleSection\":[\"Noticias\"],\"inLanguage\":\"es\",\"potentialAction\":[{\"@type\":\"CommentAction\",\"name\":\"Comment\",\"target\":[\"https:\/\/www.cgtaragonlarioja.org\/fedens\/cgt-gana-dos-sentencias-que-reconocen-derecho-de-madres-monomarentales-en-sector-publico\/#respond\"]}]},{\"@type\":\"WebPage\",\"@id\":\"https:\/\/www.cgtaragonlarioja.org\/fedens\/cgt-gana-dos-sentencias-que-reconocen-derecho-de-madres-monomarentales-en-sector-publico\/\",\"url\":\"https:\/\/www.cgtaragonlarioja.org\/fedens\/cgt-gana-dos-sentencias-que-reconocen-derecho-de-madres-monomarentales-en-sector-publico\/\",\"name\":\"CGT gana dos sentencias que reconocen derecho de madres monomarentales en sector p\u00fablico\",\"isPartOf\":{\"@id\":\"https:\/\/www.cgtaragonlarioja.org\/fedens\/#website\"},\"primaryImageOfPage\":{\"@id\":\"https:\/\/www.cgtaragonlarioja.org\/fedens\/cgt-gana-dos-sentencias-que-reconocen-derecho-de-madres-monomarentales-en-sector-publico\/#primaryimage\"},\"image\":{\"@id\":\"https:\/\/www.cgtaragonlarioja.org\/fedens\/cgt-gana-dos-sentencias-que-reconocen-derecho-de-madres-monomarentales-en-sector-publico\/#primaryimage\"},\"thumbnailUrl\":\"https:\/\/www.cgtaragonlarioja.org\/fedens\/files\/2021\/11\/cristina-valles-y-su-hijo-madre-sola-que-reclama-una-prestacion-por-maternidad-mas-amplia.r_d.1890-1397-2655.jpeg\",\"datePublished\":\"2021-11-05T11:34:02+00:00\",\"dateModified\":\"2023-03-01T09:18:55+00:00\",\"description\":\"CGT gana dos sentencias que reconocen el derecho de las madres monomarentales a disfrutar del permiso paternidad\",\"breadcrumb\":{\"@id\":\"https:\/\/www.cgtaragonlarioja.org\/fedens\/cgt-gana-dos-sentencias-que-reconocen-derecho-de-madres-monomarentales-en-sector-publico\/#breadcrumb\"},\"inLanguage\":\"es\",\"potentialAction\":[{\"@type\":\"ReadAction\",\"target\":[\"https:\/\/www.cgtaragonlarioja.org\/fedens\/cgt-gana-dos-sentencias-que-reconocen-derecho-de-madres-monomarentales-en-sector-publico\/\"]}]},{\"@type\":\"ImageObject\",\"inLanguage\":\"es\",\"@id\":\"https:\/\/www.cgtaragonlarioja.org\/fedens\/cgt-gana-dos-sentencias-que-reconocen-derecho-de-madres-monomarentales-en-sector-publico\/#primaryimage\",\"url\":\"https:\/\/www.cgtaragonlarioja.org\/fedens\/files\/2021\/11\/cristina-valles-y-su-hijo-madre-sola-que-reclama-una-prestacion-por-maternidad-mas-amplia.r_d.1890-1397-2655.jpeg\",\"contentUrl\":\"https:\/\/www.cgtaragonlarioja.org\/fedens\/files\/2021\/11\/cristina-valles-y-su-hijo-madre-sola-que-reclama-una-prestacion-por-maternidad-mas-amplia.r_d.1890-1397-2655.jpeg\",\"width\":990,\"height\":742},{\"@type\":\"BreadcrumbList\",\"@id\":\"https:\/\/www.cgtaragonlarioja.org\/fedens\/cgt-gana-dos-sentencias-que-reconocen-derecho-de-madres-monomarentales-en-sector-publico\/#breadcrumb\",\"itemListElement\":[{\"@type\":\"ListItem\",\"position\":1,\"name\":\"Portada\",\"item\":\"https:\/\/www.cgtaragonlarioja.org\/fedens\/\"},{\"@type\":\"ListItem\",\"position\":2,\"name\":\"CGT gana dos sentencias que reconocen derecho de madres monomarentales en sector p\u00fablico\"}]},{\"@type\":\"WebSite\",\"@id\":\"https:\/\/www.cgtaragonlarioja.org\/fedens\/#website\",\"url\":\"https:\/\/www.cgtaragonlarioja.org\/fedens\/\",\"name\":\"CGT Arag\u00f3n - La Rioja. ENSE\u00d1ANZA\",\"description\":\"CONTACTAR: Calatayud-Aranda: 654897973 \/ Huesca: 974238404 \/ Teruel: 978619265 \/ Zaragoza: 976922002\",\"publisher\":{\"@id\":\"https:\/\/www.cgtaragonlarioja.org\/fedens\/#organization\"},\"potentialAction\":[{\"@type\":\"SearchAction\",\"target\":{\"@type\":\"EntryPoint\",\"urlTemplate\":\"https:\/\/www.cgtaragonlarioja.org\/fedens\/?s={search_term_string}\"},\"query-input\":{\"@type\":\"PropertyValueSpecification\",\"valueRequired\":true,\"valueName\":\"search_term_string\"}}],\"inLanguage\":\"es\"},{\"@type\":\"Organization\",\"@id\":\"https:\/\/www.cgtaragonlarioja.org\/fedens\/#organization\",\"name\":\"CGT Arag\u00f3n y La Rioja - Ense\u00f1anza\",\"url\":\"https:\/\/www.cgtaragonlarioja.org\/fedens\/\",\"logo\":{\"@type\":\"ImageObject\",\"inLanguage\":\"es\",\"@id\":\"https:\/\/www.cgtaragonlarioja.org\/fedens\/#\/schema\/logo\/image\/\",\"url\":\"https:\/\/www.cgtaragonlarioja.org\/fedens\/files\/2021\/02\/logo_cgt_ense_huesca_170x250.png\",\"contentUrl\":\"https:\/\/www.cgtaragonlarioja.org\/fedens\/files\/2021\/02\/logo_cgt_ense_huesca_170x250.png\",\"width\":170,\"height\":250,\"caption\":\"CGT Arag\u00f3n y La Rioja - Ense\u00f1anza\"},\"image\":{\"@id\":\"https:\/\/www.cgtaragonlarioja.org\/fedens\/#\/schema\/logo\/image\/\"},\"sameAs\":[\"https:\/\/www.facebook.com\/CGTEnseAragon\/\",\"https:\/\/x.com\/CGTeduAragon\"]},{\"@type\":\"Person\",\"@id\":\"https:\/\/www.cgtaragonlarioja.org\/fedens\/#\/schema\/person\/dfa7d1616615d62a6d79c9593aa09fc3\",\"name\":\"kike\",\"image\":{\"@type\":\"ImageObject\",\"inLanguage\":\"es\",\"@id\":\"https:\/\/www.cgtaragonlarioja.org\/fedens\/#\/schema\/person\/image\/\",\"url\":\"https:\/\/secure.gravatar.com\/avatar\/f1c0788a733c3717c5f8c071e064a9c188df22c90b22388027f4ed27abaa4f3b?s=96&d=mm&r=g\",\"contentUrl\":\"https:\/\/secure.gravatar.com\/avatar\/f1c0788a733c3717c5f8c071e064a9c188df22c90b22388027f4ed27abaa4f3b?s=96&d=mm&r=g\",\"caption\":\"kike\"},\"url\":\"https:\/\/www.cgtaragonlarioja.org\/fedens\/author\/kike\/\"}]}<\/script>\n<!-- \/ Yoast SEO plugin. -->","yoast_head_json":{"title":"CGT gana dos sentencias que reconocen derecho de madres monomarentales en sector p\u00fablico","description":"CGT gana dos sentencias que reconocen el derecho de las madres monomarentales a disfrutar del permiso paternidad","robots":{"index":"index","follow":"follow","max-snippet":"max-snippet:-1","max-image-preview":"max-image-preview:large","max-video-preview":"max-video-preview:-1"},"canonical":"https:\/\/www.cgtaragonlarioja.org\/fedens\/cgt-gana-dos-sentencias-que-reconocen-derecho-de-madres-monomarentales-en-sector-publico\/","og_locale":"es_ES","og_type":"article","og_title":"CGT gana dos sentencias que reconocen derecho de madres monomarentales en sector p\u00fablico","og_description":"CGT gana dos sentencias que reconocen el derecho de las madres monomarentales a disfrutar del permiso paternidad","og_url":"https:\/\/www.cgtaragonlarioja.org\/fedens\/cgt-gana-dos-sentencias-que-reconocen-derecho-de-madres-monomarentales-en-sector-publico\/","og_site_name":"CGT Arag\u00f3n - La Rioja. ENSE\u00d1ANZA","article_publisher":"https:\/\/www.facebook.com\/CGTEnseAragon\/","article_published_time":"2021-11-05T11:34:02+00:00","article_modified_time":"2023-03-01T09:18:55+00:00","og_image":[{"width":990,"height":742,"url":"https:\/\/www.cgtaragonlarioja.org\/fedens\/files\/2021\/11\/cristina-valles-y-su-hijo-madre-sola-que-reclama-una-prestacion-por-maternidad-mas-amplia.r_d.1890-1397-2655.jpeg","type":"image\/jpeg"}],"author":"kike","twitter_card":"summary_large_image","twitter_creator":"@CGTeduAragon","twitter_site":"@CGTeduAragon","twitter_misc":{"Escrito por":"kike","Tiempo de lectura":"2 minutos"},"schema":{"@context":"https:\/\/schema.org","@graph":[{"@type":"Article","@id":"https:\/\/www.cgtaragonlarioja.org\/fedens\/cgt-gana-dos-sentencias-que-reconocen-derecho-de-madres-monomarentales-en-sector-publico\/#article","isPartOf":{"@id":"https:\/\/www.cgtaragonlarioja.org\/fedens\/cgt-gana-dos-sentencias-que-reconocen-derecho-de-madres-monomarentales-en-sector-publico\/"},"author":{"name":"kike","@id":"https:\/\/www.cgtaragonlarioja.org\/fedens\/#\/schema\/person\/dfa7d1616615d62a6d79c9593aa09fc3"},"headline":"CGT gana dos sentencias que reconocen derecho de madres monomarentales en sector p\u00fablico","datePublished":"2021-11-05T11:34:02+00:00","dateModified":"2023-03-01T09:18:55+00:00","mainEntityOfPage":{"@id":"https:\/\/www.cgtaragonlarioja.org\/fedens\/cgt-gana-dos-sentencias-que-reconocen-derecho-de-madres-monomarentales-en-sector-publico\/"},"wordCount":443,"commentCount":0,"publisher":{"@id":"https:\/\/www.cgtaragonlarioja.org\/fedens\/#organization"},"image":{"@id":"https:\/\/www.cgtaragonlarioja.org\/fedens\/cgt-gana-dos-sentencias-que-reconocen-derecho-de-madres-monomarentales-en-sector-publico\/#primaryimage"},"thumbnailUrl":"https:\/\/www.cgtaragonlarioja.org\/fedens\/files\/2021\/11\/cristina-valles-y-su-hijo-madre-sola-que-reclama-una-prestacion-por-maternidad-mas-amplia.r_d.1890-1397-2655.jpeg","articleSection":["Noticias"],"inLanguage":"es","potentialAction":[{"@type":"CommentAction","name":"Comment","target":["https:\/\/www.cgtaragonlarioja.org\/fedens\/cgt-gana-dos-sentencias-que-reconocen-derecho-de-madres-monomarentales-en-sector-publico\/#respond"]}]},{"@type":"WebPage","@id":"https:\/\/www.cgtaragonlarioja.org\/fedens\/cgt-gana-dos-sentencias-que-reconocen-derecho-de-madres-monomarentales-en-sector-publico\/","url":"https:\/\/www.cgtaragonlarioja.org\/fedens\/cgt-gana-dos-sentencias-que-reconocen-derecho-de-madres-monomarentales-en-sector-publico\/","name":"CGT gana dos sentencias que reconocen derecho de madres monomarentales en sector p\u00fablico","isPartOf":{"@id":"https:\/\/www.cgtaragonlarioja.org\/fedens\/#website"},"primaryImageOfPage":{"@id":"https:\/\/www.cgtaragonlarioja.org\/fedens\/cgt-gana-dos-sentencias-que-reconocen-derecho-de-madres-monomarentales-en-sector-publico\/#primaryimage"},"image":{"@id":"https:\/\/www.cgtaragonlarioja.org\/fedens\/cgt-gana-dos-sentencias-que-reconocen-derecho-de-madres-monomarentales-en-sector-publico\/#primaryimage"},"thumbnailUrl":"https:\/\/www.cgtaragonlarioja.org\/fedens\/files\/2021\/11\/cristina-valles-y-su-hijo-madre-sola-que-reclama-una-prestacion-por-maternidad-mas-amplia.r_d.1890-1397-2655.jpeg","datePublished":"2021-11-05T11:34:02+00:00","dateModified":"2023-03-01T09:18:55+00:00","description":"CGT gana dos sentencias que reconocen el derecho de las madres monomarentales a disfrutar del permiso paternidad","breadcrumb":{"@id":"https:\/\/www.cgtaragonlarioja.org\/fedens\/cgt-gana-dos-sentencias-que-reconocen-derecho-de-madres-monomarentales-en-sector-publico\/#breadcrumb"},"inLanguage":"es","potentialAction":[{"@type":"ReadAction","target":["https:\/\/www.cgtaragonlarioja.org\/fedens\/cgt-gana-dos-sentencias-que-reconocen-derecho-de-madres-monomarentales-en-sector-publico\/"]}]},{"@type":"ImageObject","inLanguage":"es","@id":"https:\/\/www.cgtaragonlarioja.org\/fedens\/cgt-gana-dos-sentencias-que-reconocen-derecho-de-madres-monomarentales-en-sector-publico\/#primaryimage","url":"https:\/\/www.cgtaragonlarioja.org\/fedens\/files\/2021\/11\/cristina-valles-y-su-hijo-madre-sola-que-reclama-una-prestacion-por-maternidad-mas-amplia.r_d.1890-1397-2655.jpeg","contentUrl":"https:\/\/www.cgtaragonlarioja.org\/fedens\/files\/2021\/11\/cristina-valles-y-su-hijo-madre-sola-que-reclama-una-prestacion-por-maternidad-mas-amplia.r_d.1890-1397-2655.jpeg","width":990,"height":742},{"@type":"BreadcrumbList","@id":"https:\/\/www.cgtaragonlarioja.org\/fedens\/cgt-gana-dos-sentencias-que-reconocen-derecho-de-madres-monomarentales-en-sector-publico\/#breadcrumb","itemListElement":[{"@type":"ListItem","position":1,"name":"Portada","item":"https:\/\/www.cgtaragonlarioja.org\/fedens\/"},{"@type":"ListItem","position":2,"name":"CGT gana dos sentencias que reconocen derecho de madres monomarentales en sector p\u00fablico"}]},{"@type":"WebSite","@id":"https:\/\/www.cgtaragonlarioja.org\/fedens\/#website","url":"https:\/\/www.cgtaragonlarioja.org\/fedens\/","name":"CGT Arag\u00f3n - La Rioja. ENSE\u00d1ANZA","description":"CONTACTAR: Calatayud-Aranda: 654897973 \/ Huesca: 974238404 \/ Teruel: 978619265 \/ Zaragoza: 976922002","publisher":{"@id":"https:\/\/www.cgtaragonlarioja.org\/fedens\/#organization"},"potentialAction":[{"@type":"SearchAction","target":{"@type":"EntryPoint","urlTemplate":"https:\/\/www.cgtaragonlarioja.org\/fedens\/?s={search_term_string}"},"query-input":{"@type":"PropertyValueSpecification","valueRequired":true,"valueName":"search_term_string"}}],"inLanguage":"es"},{"@type":"Organization","@id":"https:\/\/www.cgtaragonlarioja.org\/fedens\/#organization","name":"CGT Arag\u00f3n y La Rioja - Ense\u00f1anza","url":"https:\/\/www.cgtaragonlarioja.org\/fedens\/","logo":{"@type":"ImageObject","inLanguage":"es","@id":"https:\/\/www.cgtaragonlarioja.org\/fedens\/#\/schema\/logo\/image\/","url":"https:\/\/www.cgtaragonlarioja.org\/fedens\/files\/2021\/02\/logo_cgt_ense_huesca_170x250.png","contentUrl":"https:\/\/www.cgtaragonlarioja.org\/fedens\/files\/2021\/02\/logo_cgt_ense_huesca_170x250.png","width":170,"height":250,"caption":"CGT Arag\u00f3n y La Rioja - Ense\u00f1anza"},"image":{"@id":"https:\/\/www.cgtaragonlarioja.org\/fedens\/#\/schema\/logo\/image\/"},"sameAs":["https:\/\/www.facebook.com\/CGTEnseAragon\/","https:\/\/x.com\/CGTeduAragon"]},{"@type":"Person","@id":"https:\/\/www.cgtaragonlarioja.org\/fedens\/#\/schema\/person\/dfa7d1616615d62a6d79c9593aa09fc3","name":"kike","image":{"@type":"ImageObject","inLanguage":"es","@id":"https:\/\/www.cgtaragonlarioja.org\/fedens\/#\/schema\/person\/image\/","url":"https:\/\/secure.gravatar.com\/avatar\/f1c0788a733c3717c5f8c071e064a9c188df22c90b22388027f4ed27abaa4f3b?s=96&d=mm&r=g","contentUrl":"https:\/\/secure.gravatar.com\/avatar\/f1c0788a733c3717c5f8c071e064a9c188df22c90b22388027f4ed27abaa4f3b?s=96&d=mm&r=g","caption":"kike"},"url":"https:\/\/www.cgtaragonlarioja.org\/fedens\/author\/kike\/"}]}},"_links":{"self":[{"href":"https:\/\/www.cgtaragonlarioja.org\/fedens\/wp-json\/wp\/v2\/posts\/13266","targetHints":{"allow":["GET"]}}],"collection":[{"href":"https:\/\/www.cgtaragonlarioja.org\/fedens\/wp-json\/wp\/v2\/posts"}],"about":[{"href":"https:\/\/www.cgtaragonlarioja.org\/fedens\/wp-json\/wp\/v2\/types\/post"}],"author":[{"embeddable":true,"href":"https:\/\/www.cgtaragonlarioja.org\/fedens\/wp-json\/wp\/v2\/users\/486"}],"replies":[{"embeddable":true,"href":"https:\/\/www.cgtaragonlarioja.org\/fedens\/wp-json\/wp\/v2\/comments?post=13266"}],"version-history":[{"count":1,"href":"https:\/\/www.cgtaragonlarioja.org\/fedens\/wp-json\/wp\/v2\/posts\/13266\/revisions"}],"predecessor-version":[{"id":13268,"href":"https:\/\/www.cgtaragonlarioja.org\/fedens\/wp-json\/wp\/v2\/posts\/13266\/revisions\/13268"}],"wp:featuredmedia":[{"embeddable":true,"href":"https:\/\/www.cgtaragonlarioja.org\/fedens\/wp-json\/wp\/v2\/media\/13267"}],"wp:attachment":[{"href":"https:\/\/www.cgtaragonlarioja.org\/fedens\/wp-json\/wp\/v2\/media?parent=13266"}],"wp:term":[{"taxonomy":"category","embeddable":true,"href":"https:\/\/www.cgtaragonlarioja.org\/fedens\/wp-json\/wp\/v2\/categories?post=13266"},{"taxonomy":"post_tag","embeddable":true,"href":"https:\/\/www.cgtaragonlarioja.org\/fedens\/wp-json\/wp\/v2\/tags?post=13266"}],"curies":[{"name":"wp","href":"https:\/\/api.w.org\/{rel}","templated":true}]}}