{"id":13195,"date":"2021-10-29T12:16:15","date_gmt":"2021-10-29T10:16:15","guid":{"rendered":"https:\/\/www.cgtaragonlarioja.org\/fedens\/?p=13195"},"modified":"2021-10-29T13:31:12","modified_gmt":"2021-10-29T11:31:12","slug":"seguimiento-huelga-28-o","status":"publish","type":"post","link":"https:\/\/www.cgtaragonlarioja.org\/fedens\/seguimiento-huelga-28-o\/","title":{"rendered":"Seguimiento huelga 28-O"},"content":{"rendered":"<p><em>Este pasado jueves 28 de octubre se ha vivido una nueva jornada de protestas contra el llamado Icetazo a nivel estatal. En Arag\u00f3n pese a las trabas impuestas por la Administraci\u00f3n con unos servicios m\u00ednimos abusivos en Educaci\u00f3n y Sanidad o en el Ayuntamiento sin ni siquiera informar a los y las representantes de las trabajadoras.<\/em><\/p>\n<p>Servicios m\u00ednimos del 70% en los colegios de Infantil y Primaria, rondando el 100% en los Colegios Rurales Agrupados y poco m\u00e1s del 30%. En Educaci\u00f3n teniendo en cuenta el porcentaje abusivos el seguimiento se cifra entre el 15 y el 20%.<\/p>\n<p>En Sanidad las presencias en algunos servicios y turnos hicieron imposible ejercer el derecho a huelga ya que son todos servicios m\u00ednimos. En Ayuntamiento no se inform\u00f3 de los servicios m\u00ednimos por lo que hubo\u00a0 algunos museos, la Lonja del Pescado o algunos servicios sociales que han amanecidos cerrados.<\/p>\n<p>En el resto del Estado el seguimiento y la presencia en las manifestaciones fue abrumadora, con miles de personas en ciudades como Barcelona, Valencia&#8230;Os adjuntamos fotos de las tres capitales aragonesas, de Barcelona, Sevilla, Valencia, M\u00e1laga, Granada, Valladolid, Madrid\u00a0 y C\u00e1diz<\/p>\n<p>El colectivo interino se juega mucho con la reforma del Icetazo y su tr\u00e1mite en el Congreso, demasiado. A veces es dificil entender como ante semejante incertidumbre y ante las posiblidades de lograr que se reconozca un derecho como el se\u00f1alado desde las instancias europeas los y las interinas de Arag\u00f3n no salgan a la calle como han salido en otras partes del Estado. Como organizaci\u00f3n sindical vamos a seguir defendiendo al colectivo interino, como hemos hecho hasta ahora, y vamos a seguir informando y movilizando con este asunto. Hay mucho en juego.<\/p>\n<p><img loading=\"lazy\" decoding=\"async\" class=\"alignnone size-medium wp-image-13196\" src=\"https:\/\/www.cgtaragonlarioja.org\/fedens\/files\/2021\/10\/barna-300x225.jpg\" alt=\"\" width=\"300\" height=\"225\" srcset=\"https:\/\/www.cgtaragonlarioja.org\/fedens\/files\/2021\/10\/barna-300x225.jpg 300w, https:\/\/www.cgtaragonlarioja.org\/fedens\/files\/2021\/10\/barna-1024x768.jpg 1024w, https:\/\/www.cgtaragonlarioja.org\/fedens\/files\/2021\/10\/barna-768x576.jpg 768w, https:\/\/www.cgtaragonlarioja.org\/fedens\/files\/2021\/10\/barna-1536x1152.jpg 1536w, https:\/\/www.cgtaragonlarioja.org\/fedens\/files\/2021\/10\/barna-720x540.jpg 720w, https:\/\/www.cgtaragonlarioja.org\/fedens\/files\/2021\/10\/barna-600x450.jpg 600w, https:\/\/www.cgtaragonlarioja.org\/fedens\/files\/2021\/10\/barna.jpg 2000w\" sizes=\"auto, (max-width: 300px) 100vw, 300px\" \/>\u00a0 <img loading=\"lazy\" decoding=\"async\" class=\"alignnone  wp-image-13198\" src=\"https:\/\/www.cgtaragonlarioja.org\/fedens\/files\/2021\/10\/cadiz1-300x169.jpg\" alt=\"\" width=\"399\" height=\"225\" srcset=\"https:\/\/www.cgtaragonlarioja.org\/fedens\/files\/2021\/10\/cadiz1-300x169.jpg 300w, https:\/\/www.cgtaragonlarioja.org\/fedens\/files\/2021\/10\/cadiz1-1024x576.jpg 1024w, https:\/\/www.cgtaragonlarioja.org\/fedens\/files\/2021\/10\/cadiz1-768x432.jpg 768w, https:\/\/www.cgtaragonlarioja.org\/fedens\/files\/2021\/10\/cadiz1-1536x864.jpg 1536w, https:\/\/www.cgtaragonlarioja.org\/fedens\/files\/2021\/10\/cadiz1-800x450.jpg 800w, https:\/\/www.cgtaragonlarioja.org\/fedens\/files\/2021\/10\/cadiz1.jpg 1920w\" sizes=\"auto, (max-width: 399px) 100vw, 399px\" \/>\u00a0 <img loading=\"lazy\" decoding=\"async\" class=\"alignnone size-medium wp-image-13199\" src=\"https:\/\/www.cgtaragonlarioja.org\/fedens\/files\/2021\/10\/granada-300x225.jpg\" alt=\"\" width=\"300\" height=\"225\" srcset=\"https:\/\/www.cgtaragonlarioja.org\/fedens\/files\/2021\/10\/granada-300x225.jpg 300w, https:\/\/www.cgtaragonlarioja.org\/fedens\/files\/2021\/10\/granada-1024x768.jpg 1024w, https:\/\/www.cgtaragonlarioja.org\/fedens\/files\/2021\/10\/granada-768x576.jpg 768w, https:\/\/www.cgtaragonlarioja.org\/fedens\/files\/2021\/10\/granada-1536x1152.jpg 1536w, https:\/\/www.cgtaragonlarioja.org\/fedens\/files\/2021\/10\/granada-720x540.jpg 720w, https:\/\/www.cgtaragonlarioja.org\/fedens\/files\/2021\/10\/granada-600x450.jpg 600w, https:\/\/www.cgtaragonlarioja.org\/fedens\/files\/2021\/10\/granada.jpg 1600w\" sizes=\"auto, (max-width: 300px) 100vw, 300px\" \/>\u00a0 <img loading=\"lazy\" decoding=\"async\" class=\"alignnone size-medium wp-image-13197\" src=\"https:\/\/www.cgtaragonlarioja.org\/fedens\/files\/2021\/10\/barna1-225x300.jpg\" alt=\"\" width=\"225\" height=\"300\" srcset=\"https:\/\/www.cgtaragonlarioja.org\/fedens\/files\/2021\/10\/barna1-225x300.jpg 225w, https:\/\/www.cgtaragonlarioja.org\/fedens\/files\/2021\/10\/barna1-450x600.jpg 450w, https:\/\/www.cgtaragonlarioja.org\/fedens\/files\/2021\/10\/barna1.jpg 768w\" sizes=\"auto, (max-width: 225px) 100vw, 225px\" \/><img loading=\"lazy\" decoding=\"async\" class=\"alignnone size-medium wp-image-13200\" src=\"https:\/\/www.cgtaragonlarioja.org\/fedens\/files\/2021\/10\/huesca-300x225.jpeg\" alt=\"\" width=\"300\" height=\"225\" srcset=\"https:\/\/www.cgtaragonlarioja.org\/fedens\/files\/2021\/10\/huesca-300x225.jpeg 300w, https:\/\/www.cgtaragonlarioja.org\/fedens\/files\/2021\/10\/huesca-1024x768.jpeg 1024w, https:\/\/www.cgtaragonlarioja.org\/fedens\/files\/2021\/10\/huesca-768x576.jpeg 768w, https:\/\/www.cgtaragonlarioja.org\/fedens\/files\/2021\/10\/huesca-720x540.jpeg 720w, https:\/\/www.cgtaragonlarioja.org\/fedens\/files\/2021\/10\/huesca-600x450.jpeg 600w, https:\/\/www.cgtaragonlarioja.org\/fedens\/files\/2021\/10\/huesca.jpeg 1280w\" sizes=\"auto, (max-width: 300px) 100vw, 300px\" \/> <img loading=\"lazy\" decoding=\"async\" class=\"alignnone  wp-image-13201\" src=\"https:\/\/www.cgtaragonlarioja.org\/fedens\/files\/2021\/10\/indice-300x169.jpg\" alt=\"\" width=\"399\" height=\"225\" srcset=\"https:\/\/www.cgtaragonlarioja.org\/fedens\/files\/2021\/10\/indice-300x169.jpg 300w, https:\/\/www.cgtaragonlarioja.org\/fedens\/files\/2021\/10\/indice-1024x576.jpg 1024w, https:\/\/www.cgtaragonlarioja.org\/fedens\/files\/2021\/10\/indice-768x432.jpg 768w, https:\/\/www.cgtaragonlarioja.org\/fedens\/files\/2021\/10\/indice-800x450.jpg 800w, https:\/\/www.cgtaragonlarioja.org\/fedens\/files\/2021\/10\/indice.jpg 1280w\" sizes=\"auto, (max-width: 399px) 100vw, 399px\" \/> <img loading=\"lazy\" decoding=\"async\" class=\"alignnone size-medium wp-image-13202\" src=\"https:\/\/www.cgtaragonlarioja.org\/fedens\/files\/2021\/10\/malaga-300x225.jpg\" alt=\"\" width=\"300\" height=\"225\" srcset=\"https:\/\/www.cgtaragonlarioja.org\/fedens\/files\/2021\/10\/malaga-300x225.jpg 300w, https:\/\/www.cgtaragonlarioja.org\/fedens\/files\/2021\/10\/malaga-1024x768.jpg 1024w, https:\/\/www.cgtaragonlarioja.org\/fedens\/files\/2021\/10\/malaga-768x576.jpg 768w, https:\/\/www.cgtaragonlarioja.org\/fedens\/files\/2021\/10\/malaga-1536x1152.jpg 1536w, https:\/\/www.cgtaragonlarioja.org\/fedens\/files\/2021\/10\/malaga-720x540.jpg 720w, https:\/\/www.cgtaragonlarioja.org\/fedens\/files\/2021\/10\/malaga-600x450.jpg 600w, https:\/\/www.cgtaragonlarioja.org\/fedens\/files\/2021\/10\/malaga.jpg 1600w\" sizes=\"auto, (max-width: 300px) 100vw, 300px\" \/> <img loading=\"lazy\" decoding=\"async\" class=\"alignnone size-medium wp-image-13203\" src=\"https:\/\/www.cgtaragonlarioja.org\/fedens\/files\/2021\/10\/sevilla-300x225.jpg\" alt=\"\" width=\"300\" height=\"225\" srcset=\"https:\/\/www.cgtaragonlarioja.org\/fedens\/files\/2021\/10\/sevilla-300x225.jpg 300w, https:\/\/www.cgtaragonlarioja.org\/fedens\/files\/2021\/10\/sevilla-1024x768.jpg 1024w, https:\/\/www.cgtaragonlarioja.org\/fedens\/files\/2021\/10\/sevilla-768x576.jpg 768w, https:\/\/www.cgtaragonlarioja.org\/fedens\/files\/2021\/10\/sevilla-1536x1152.jpg 1536w, https:\/\/www.cgtaragonlarioja.org\/fedens\/files\/2021\/10\/sevilla-720x540.jpg 720w, https:\/\/www.cgtaragonlarioja.org\/fedens\/files\/2021\/10\/sevilla-600x450.jpg 600w, https:\/\/www.cgtaragonlarioja.org\/fedens\/files\/2021\/10\/sevilla.jpg 1600w\" sizes=\"auto, (max-width: 300px) 100vw, 300px\" \/> <img loading=\"lazy\" decoding=\"async\" class=\"alignnone  wp-image-13204\" src=\"https:\/\/www.cgtaragonlarioja.org\/fedens\/files\/2021\/10\/sevilla1-300x300.jpg\" alt=\"\" width=\"251\" height=\"251\" srcset=\"https:\/\/www.cgtaragonlarioja.org\/fedens\/files\/2021\/10\/sevilla1-300x300.jpg 300w, https:\/\/www.cgtaragonlarioja.org\/fedens\/files\/2021\/10\/sevilla1-1024x1024.jpg 1024w, https:\/\/www.cgtaragonlarioja.org\/fedens\/files\/2021\/10\/sevilla1-150x150.jpg 150w, https:\/\/www.cgtaragonlarioja.org\/fedens\/files\/2021\/10\/sevilla1-768x768.jpg 768w, https:\/\/www.cgtaragonlarioja.org\/fedens\/files\/2021\/10\/sevilla1.jpg 1080w\" sizes=\"auto, (max-width: 251px) 100vw, 251px\" \/> <img loading=\"lazy\" decoding=\"async\" class=\"alignnone  wp-image-13205\" src=\"https:\/\/www.cgtaragonlarioja.org\/fedens\/files\/2021\/10\/teruel-300x225.jpg\" alt=\"\" width=\"336\" height=\"252\" srcset=\"https:\/\/www.cgtaragonlarioja.org\/fedens\/files\/2021\/10\/teruel-300x225.jpg 300w, https:\/\/www.cgtaragonlarioja.org\/fedens\/files\/2021\/10\/teruel-1024x768.jpg 1024w, https:\/\/www.cgtaragonlarioja.org\/fedens\/files\/2021\/10\/teruel-768x576.jpg 768w, https:\/\/www.cgtaragonlarioja.org\/fedens\/files\/2021\/10\/teruel-720x540.jpg 720w, https:\/\/www.cgtaragonlarioja.org\/fedens\/files\/2021\/10\/teruel-600x450.jpg 600w, https:\/\/www.cgtaragonlarioja.org\/fedens\/files\/2021\/10\/teruel.jpg 1280w\" sizes=\"auto, (max-width: 336px) 100vw, 336px\" \/> <img loading=\"lazy\" decoding=\"async\" class=\"alignnone  wp-image-13206\" src=\"https:\/\/www.cgtaragonlarioja.org\/fedens\/files\/2021\/10\/valencia-300x169.jpg\" alt=\"\" width=\"444\" height=\"250\" srcset=\"https:\/\/www.cgtaragonlarioja.org\/fedens\/files\/2021\/10\/valencia-300x169.jpg 300w, https:\/\/www.cgtaragonlarioja.org\/fedens\/files\/2021\/10\/valencia-1024x577.jpg 1024w, https:\/\/www.cgtaragonlarioja.org\/fedens\/files\/2021\/10\/valencia-768x433.jpg 768w, https:\/\/www.cgtaragonlarioja.org\/fedens\/files\/2021\/10\/valencia-800x450.jpg 800w, https:\/\/www.cgtaragonlarioja.org\/fedens\/files\/2021\/10\/valencia.jpg 1280w\" sizes=\"auto, (max-width: 444px) 100vw, 444px\" \/><\/p>\n<p><img loading=\"lazy\" decoding=\"async\" class=\"alignnone size-medium wp-image-13207\" src=\"https:\/\/www.cgtaragonlarioja.org\/fedens\/files\/2021\/10\/valladolid-300x225.jpg\" alt=\"\" width=\"300\" height=\"225\" srcset=\"https:\/\/www.cgtaragonlarioja.org\/fedens\/files\/2021\/10\/valladolid-300x225.jpg 300w, https:\/\/www.cgtaragonlarioja.org\/fedens\/files\/2021\/10\/valladolid-1024x768.jpg 1024w, https:\/\/www.cgtaragonlarioja.org\/fedens\/files\/2021\/10\/valladolid-768x576.jpg 768w, https:\/\/www.cgtaragonlarioja.org\/fedens\/files\/2021\/10\/valladolid-1536x1152.jpg 1536w, https:\/\/www.cgtaragonlarioja.org\/fedens\/files\/2021\/10\/valladolid-720x540.jpg 720w, https:\/\/www.cgtaragonlarioja.org\/fedens\/files\/2021\/10\/valladolid-600x450.jpg 600w, https:\/\/www.cgtaragonlarioja.org\/fedens\/files\/2021\/10\/valladolid.jpg 1984w\" sizes=\"auto, (max-width: 300px) 100vw, 300px\" \/> <img loading=\"lazy\" decoding=\"async\" class=\"alignnone size-medium wp-image-13208\" src=\"https:\/\/www.cgtaragonlarioja.org\/fedens\/files\/2021\/10\/zaragoza-300x225.jpg\" alt=\"\" width=\"300\" height=\"225\" srcset=\"https:\/\/www.cgtaragonlarioja.org\/fedens\/files\/2021\/10\/zaragoza-300x225.jpg 300w, https:\/\/www.cgtaragonlarioja.org\/fedens\/files\/2021\/10\/zaragoza-1024x768.jpg 1024w, https:\/\/www.cgtaragonlarioja.org\/fedens\/files\/2021\/10\/zaragoza-768x576.jpg 768w, https:\/\/www.cgtaragonlarioja.org\/fedens\/files\/2021\/10\/zaragoza-720x540.jpg 720w, https:\/\/www.cgtaragonlarioja.org\/fedens\/files\/2021\/10\/zaragoza-600x450.jpg 600w, https:\/\/www.cgtaragonlarioja.org\/fedens\/files\/2021\/10\/zaragoza.jpg 1280w\" sizes=\"auto, (max-width: 300px) 100vw, 300px\" \/>\u00a0 <img loading=\"lazy\" decoding=\"async\" class=\"alignnone size-medium wp-image-13213\" src=\"https:\/\/www.cgtaragonlarioja.org\/fedens\/files\/2021\/10\/madrid-300x225.jpg\" alt=\"\" width=\"300\" height=\"225\" srcset=\"https:\/\/www.cgtaragonlarioja.org\/fedens\/files\/2021\/10\/madrid-300x225.jpg 300w, https:\/\/www.cgtaragonlarioja.org\/fedens\/files\/2021\/10\/madrid-1024x768.jpg 1024w, https:\/\/www.cgtaragonlarioja.org\/fedens\/files\/2021\/10\/madrid-768x576.jpg 768w, https:\/\/www.cgtaragonlarioja.org\/fedens\/files\/2021\/10\/madrid-1536x1152.jpg 1536w, https:\/\/www.cgtaragonlarioja.org\/fedens\/files\/2021\/10\/madrid-720x540.jpg 720w, https:\/\/www.cgtaragonlarioja.org\/fedens\/files\/2021\/10\/madrid-600x450.jpg 600w, https:\/\/www.cgtaragonlarioja.org\/fedens\/files\/2021\/10\/madrid.jpg 2048w\" sizes=\"auto, (max-width: 300px) 100vw, 300px\" \/> <img loading=\"lazy\" decoding=\"async\" class=\"alignnone size-medium wp-image-13214\" src=\"https:\/\/www.cgtaragonlarioja.org\/fedens\/files\/2021\/10\/malaga1-300x225.jpg\" alt=\"\" width=\"300\" height=\"225\" srcset=\"https:\/\/www.cgtaragonlarioja.org\/fedens\/files\/2021\/10\/malaga1-300x225.jpg 300w, https:\/\/www.cgtaragonlarioja.org\/fedens\/files\/2021\/10\/malaga1-1024x768.jpg 1024w, https:\/\/www.cgtaragonlarioja.org\/fedens\/files\/2021\/10\/malaga1-768x576.jpg 768w, https:\/\/www.cgtaragonlarioja.org\/fedens\/files\/2021\/10\/malaga1-1536x1152.jpg 1536w, https:\/\/www.cgtaragonlarioja.org\/fedens\/files\/2021\/10\/malaga1-720x540.jpg 720w, https:\/\/www.cgtaragonlarioja.org\/fedens\/files\/2021\/10\/malaga1-600x450.jpg 600w, https:\/\/www.cgtaragonlarioja.org\/fedens\/files\/2021\/10\/malaga1.jpg 2048w\" sizes=\"auto, (max-width: 300px) 100vw, 300px\" \/><\/p>\n<p>&nbsp;<\/p>\n","protected":false},"excerpt":{"rendered":"<p>Este pasado jueves 28 de octubre se ha vivido una nueva jornada de protestas contra<\/p>\n","protected":false},"author":486,"featured_media":13208,"comment_status":"open","ping_status":"open","sticky":false,"template":"","format":"standard","meta":{"footnotes":""},"categories":[568,480],"tags":[],"class_list":["post-13195","post","type-post","status-publish","format-standard","has-post-thumbnail","hentry","category-interinas","category-noticias"],"yoast_head":"<!-- This site is optimized with the Yoast SEO plugin v26.7 - https:\/\/yoast.com\/wordpress\/plugins\/seo\/ -->\n<title>Seguimiento huelga 28-O<\/title>\n<meta name=\"description\" content=\"Resumen de la jornada de huelga en defensa del colectivo interino.\" \/>\n<meta name=\"robots\" content=\"index, follow, max-snippet:-1, max-image-preview:large, max-video-preview:-1\" \/>\n<link rel=\"canonical\" href=\"https:\/\/www.cgtaragonlarioja.org\/fedens\/seguimiento-huelga-28-o\/\" \/>\n<meta property=\"og:locale\" content=\"es_ES\" \/>\n<meta property=\"og:type\" content=\"article\" \/>\n<meta property=\"og:title\" content=\"Seguimiento huelga 28-O\" \/>\n<meta property=\"og:description\" content=\"Resumen de la jornada de huelga en defensa del colectivo interino.\" \/>\n<meta property=\"og:url\" content=\"https:\/\/www.cgtaragonlarioja.org\/fedens\/seguimiento-huelga-28-o\/\" \/>\n<meta property=\"og:site_name\" content=\"CGT Arag\u00f3n - La Rioja. ENSE\u00d1ANZA\" \/>\n<meta property=\"article:publisher\" content=\"https:\/\/www.facebook.com\/CGTEnseAragon\/\" \/>\n<meta property=\"article:published_time\" content=\"2021-10-29T10:16:15+00:00\" \/>\n<meta property=\"article:modified_time\" content=\"2021-10-29T11:31:12+00:00\" \/>\n<meta property=\"og:image\" content=\"https:\/\/www.cgtaragonlarioja.org\/fedens\/files\/2021\/10\/zaragoza.jpg\" \/>\n\t<meta property=\"og:image:width\" content=\"1280\" \/>\n\t<meta property=\"og:image:height\" content=\"960\" \/>\n\t<meta property=\"og:image:type\" content=\"image\/jpeg\" \/>\n<meta name=\"author\" content=\"kike\" \/>\n<meta name=\"twitter:card\" content=\"summary_large_image\" \/>\n<meta name=\"twitter:creator\" content=\"@CGTeduAragon\" \/>\n<meta name=\"twitter:site\" content=\"@CGTeduAragon\" \/>\n<meta name=\"twitter:label1\" content=\"Escrito por\" \/>\n\t<meta name=\"twitter:data1\" content=\"kike\" \/>\n\t<meta name=\"twitter:label2\" content=\"Tiempo de lectura\" \/>\n\t<meta name=\"twitter:data2\" content=\"5 minutos\" \/>\n<script type=\"application\/ld+json\" class=\"yoast-schema-graph\">{\"@context\":\"https:\/\/schema.org\",\"@graph\":[{\"@type\":\"Article\",\"@id\":\"https:\/\/www.cgtaragonlarioja.org\/fedens\/seguimiento-huelga-28-o\/#article\",\"isPartOf\":{\"@id\":\"https:\/\/www.cgtaragonlarioja.org\/fedens\/seguimiento-huelga-28-o\/\"},\"author\":{\"name\":\"kike\",\"@id\":\"https:\/\/www.cgtaragonlarioja.org\/fedens\/#\/schema\/person\/dfa7d1616615d62a6d79c9593aa09fc3\"},\"headline\":\"Seguimiento huelga 28-O\",\"datePublished\":\"2021-10-29T10:16:15+00:00\",\"dateModified\":\"2021-10-29T11:31:12+00:00\",\"mainEntityOfPage\":{\"@id\":\"https:\/\/www.cgtaragonlarioja.org\/fedens\/seguimiento-huelga-28-o\/\"},\"wordCount\":295,\"commentCount\":1,\"publisher\":{\"@id\":\"https:\/\/www.cgtaragonlarioja.org\/fedens\/#organization\"},\"image\":{\"@id\":\"https:\/\/www.cgtaragonlarioja.org\/fedens\/seguimiento-huelga-28-o\/#primaryimage\"},\"thumbnailUrl\":\"https:\/\/www.cgtaragonlarioja.org\/fedens\/files\/2021\/10\/zaragoza.jpg\",\"articleSection\":[\"Interinas\",\"Noticias\"],\"inLanguage\":\"es\",\"potentialAction\":[{\"@type\":\"CommentAction\",\"name\":\"Comment\",\"target\":[\"https:\/\/www.cgtaragonlarioja.org\/fedens\/seguimiento-huelga-28-o\/#respond\"]}]},{\"@type\":\"WebPage\",\"@id\":\"https:\/\/www.cgtaragonlarioja.org\/fedens\/seguimiento-huelga-28-o\/\",\"url\":\"https:\/\/www.cgtaragonlarioja.org\/fedens\/seguimiento-huelga-28-o\/\",\"name\":\"Seguimiento huelga 28-O\",\"isPartOf\":{\"@id\":\"https:\/\/www.cgtaragonlarioja.org\/fedens\/#website\"},\"primaryImageOfPage\":{\"@id\":\"https:\/\/www.cgtaragonlarioja.org\/fedens\/seguimiento-huelga-28-o\/#primaryimage\"},\"image\":{\"@id\":\"https:\/\/www.cgtaragonlarioja.org\/fedens\/seguimiento-huelga-28-o\/#primaryimage\"},\"thumbnailUrl\":\"https:\/\/www.cgtaragonlarioja.org\/fedens\/files\/2021\/10\/zaragoza.jpg\",\"datePublished\":\"2021-10-29T10:16:15+00:00\",\"dateModified\":\"2021-10-29T11:31:12+00:00\",\"description\":\"Resumen de la jornada de huelga en defensa del colectivo interino.\",\"breadcrumb\":{\"@id\":\"https:\/\/www.cgtaragonlarioja.org\/fedens\/seguimiento-huelga-28-o\/#breadcrumb\"},\"inLanguage\":\"es\",\"potentialAction\":[{\"@type\":\"ReadAction\",\"target\":[\"https:\/\/www.cgtaragonlarioja.org\/fedens\/seguimiento-huelga-28-o\/\"]}]},{\"@type\":\"ImageObject\",\"inLanguage\":\"es\",\"@id\":\"https:\/\/www.cgtaragonlarioja.org\/fedens\/seguimiento-huelga-28-o\/#primaryimage\",\"url\":\"https:\/\/www.cgtaragonlarioja.org\/fedens\/files\/2021\/10\/zaragoza.jpg\",\"contentUrl\":\"https:\/\/www.cgtaragonlarioja.org\/fedens\/files\/2021\/10\/zaragoza.jpg\",\"width\":1280,\"height\":960},{\"@type\":\"BreadcrumbList\",\"@id\":\"https:\/\/www.cgtaragonlarioja.org\/fedens\/seguimiento-huelga-28-o\/#breadcrumb\",\"itemListElement\":[{\"@type\":\"ListItem\",\"position\":1,\"name\":\"Portada\",\"item\":\"https:\/\/www.cgtaragonlarioja.org\/fedens\/\"},{\"@type\":\"ListItem\",\"position\":2,\"name\":\"Seguimiento huelga 28-O\"}]},{\"@type\":\"WebSite\",\"@id\":\"https:\/\/www.cgtaragonlarioja.org\/fedens\/#website\",\"url\":\"https:\/\/www.cgtaragonlarioja.org\/fedens\/\",\"name\":\"CGT Arag\u00f3n - La Rioja. ENSE\u00d1ANZA\",\"description\":\"CONTACTAR: Calatayud-Aranda: 654897973 \/ Huesca: 974238404 \/ Teruel: 978619265 \/ Zaragoza: 976922002\",\"publisher\":{\"@id\":\"https:\/\/www.cgtaragonlarioja.org\/fedens\/#organization\"},\"potentialAction\":[{\"@type\":\"SearchAction\",\"target\":{\"@type\":\"EntryPoint\",\"urlTemplate\":\"https:\/\/www.cgtaragonlarioja.org\/fedens\/?s={search_term_string}\"},\"query-input\":{\"@type\":\"PropertyValueSpecification\",\"valueRequired\":true,\"valueName\":\"search_term_string\"}}],\"inLanguage\":\"es\"},{\"@type\":\"Organization\",\"@id\":\"https:\/\/www.cgtaragonlarioja.org\/fedens\/#organization\",\"name\":\"CGT Arag\u00f3n y La Rioja - Ense\u00f1anza\",\"url\":\"https:\/\/www.cgtaragonlarioja.org\/fedens\/\",\"logo\":{\"@type\":\"ImageObject\",\"inLanguage\":\"es\",\"@id\":\"https:\/\/www.cgtaragonlarioja.org\/fedens\/#\/schema\/logo\/image\/\",\"url\":\"https:\/\/www.cgtaragonlarioja.org\/fedens\/files\/2021\/02\/logo_cgt_ense_huesca_170x250.png\",\"contentUrl\":\"https:\/\/www.cgtaragonlarioja.org\/fedens\/files\/2021\/02\/logo_cgt_ense_huesca_170x250.png\",\"width\":170,\"height\":250,\"caption\":\"CGT Arag\u00f3n y La Rioja - Ense\u00f1anza\"},\"image\":{\"@id\":\"https:\/\/www.cgtaragonlarioja.org\/fedens\/#\/schema\/logo\/image\/\"},\"sameAs\":[\"https:\/\/www.facebook.com\/CGTEnseAragon\/\",\"https:\/\/x.com\/CGTeduAragon\"]},{\"@type\":\"Person\",\"@id\":\"https:\/\/www.cgtaragonlarioja.org\/fedens\/#\/schema\/person\/dfa7d1616615d62a6d79c9593aa09fc3\",\"name\":\"kike\",\"image\":{\"@type\":\"ImageObject\",\"inLanguage\":\"es\",\"@id\":\"https:\/\/www.cgtaragonlarioja.org\/fedens\/#\/schema\/person\/image\/\",\"url\":\"https:\/\/secure.gravatar.com\/avatar\/f1c0788a733c3717c5f8c071e064a9c188df22c90b22388027f4ed27abaa4f3b?s=96&d=mm&r=g\",\"contentUrl\":\"https:\/\/secure.gravatar.com\/avatar\/f1c0788a733c3717c5f8c071e064a9c188df22c90b22388027f4ed27abaa4f3b?s=96&d=mm&r=g\",\"caption\":\"kike\"},\"url\":\"https:\/\/www.cgtaragonlarioja.org\/fedens\/author\/kike\/\"}]}<\/script>\n<!-- \/ Yoast SEO plugin. -->","yoast_head_json":{"title":"Seguimiento huelga 28-O","description":"Resumen de la jornada de huelga en defensa del colectivo interino.","robots":{"index":"index","follow":"follow","max-snippet":"max-snippet:-1","max-image-preview":"max-image-preview:large","max-video-preview":"max-video-preview:-1"},"canonical":"https:\/\/www.cgtaragonlarioja.org\/fedens\/seguimiento-huelga-28-o\/","og_locale":"es_ES","og_type":"article","og_title":"Seguimiento huelga 28-O","og_description":"Resumen de la jornada de huelga en defensa del colectivo interino.","og_url":"https:\/\/www.cgtaragonlarioja.org\/fedens\/seguimiento-huelga-28-o\/","og_site_name":"CGT Arag\u00f3n - La Rioja. ENSE\u00d1ANZA","article_publisher":"https:\/\/www.facebook.com\/CGTEnseAragon\/","article_published_time":"2021-10-29T10:16:15+00:00","article_modified_time":"2021-10-29T11:31:12+00:00","og_image":[{"width":1280,"height":960,"url":"https:\/\/www.cgtaragonlarioja.org\/fedens\/files\/2021\/10\/zaragoza.jpg","type":"image\/jpeg"}],"author":"kike","twitter_card":"summary_large_image","twitter_creator":"@CGTeduAragon","twitter_site":"@CGTeduAragon","twitter_misc":{"Escrito por":"kike","Tiempo de lectura":"5 minutos"},"schema":{"@context":"https:\/\/schema.org","@graph":[{"@type":"Article","@id":"https:\/\/www.cgtaragonlarioja.org\/fedens\/seguimiento-huelga-28-o\/#article","isPartOf":{"@id":"https:\/\/www.cgtaragonlarioja.org\/fedens\/seguimiento-huelga-28-o\/"},"author":{"name":"kike","@id":"https:\/\/www.cgtaragonlarioja.org\/fedens\/#\/schema\/person\/dfa7d1616615d62a6d79c9593aa09fc3"},"headline":"Seguimiento huelga 28-O","datePublished":"2021-10-29T10:16:15+00:00","dateModified":"2021-10-29T11:31:12+00:00","mainEntityOfPage":{"@id":"https:\/\/www.cgtaragonlarioja.org\/fedens\/seguimiento-huelga-28-o\/"},"wordCount":295,"commentCount":1,"publisher":{"@id":"https:\/\/www.cgtaragonlarioja.org\/fedens\/#organization"},"image":{"@id":"https:\/\/www.cgtaragonlarioja.org\/fedens\/seguimiento-huelga-28-o\/#primaryimage"},"thumbnailUrl":"https:\/\/www.cgtaragonlarioja.org\/fedens\/files\/2021\/10\/zaragoza.jpg","articleSection":["Interinas","Noticias"],"inLanguage":"es","potentialAction":[{"@type":"CommentAction","name":"Comment","target":["https:\/\/www.cgtaragonlarioja.org\/fedens\/seguimiento-huelga-28-o\/#respond"]}]},{"@type":"WebPage","@id":"https:\/\/www.cgtaragonlarioja.org\/fedens\/seguimiento-huelga-28-o\/","url":"https:\/\/www.cgtaragonlarioja.org\/fedens\/seguimiento-huelga-28-o\/","name":"Seguimiento huelga 28-O","isPartOf":{"@id":"https:\/\/www.cgtaragonlarioja.org\/fedens\/#website"},"primaryImageOfPage":{"@id":"https:\/\/www.cgtaragonlarioja.org\/fedens\/seguimiento-huelga-28-o\/#primaryimage"},"image":{"@id":"https:\/\/www.cgtaragonlarioja.org\/fedens\/seguimiento-huelga-28-o\/#primaryimage"},"thumbnailUrl":"https:\/\/www.cgtaragonlarioja.org\/fedens\/files\/2021\/10\/zaragoza.jpg","datePublished":"2021-10-29T10:16:15+00:00","dateModified":"2021-10-29T11:31:12+00:00","description":"Resumen de la jornada de huelga en defensa del colectivo interino.","breadcrumb":{"@id":"https:\/\/www.cgtaragonlarioja.org\/fedens\/seguimiento-huelga-28-o\/#breadcrumb"},"inLanguage":"es","potentialAction":[{"@type":"ReadAction","target":["https:\/\/www.cgtaragonlarioja.org\/fedens\/seguimiento-huelga-28-o\/"]}]},{"@type":"ImageObject","inLanguage":"es","@id":"https:\/\/www.cgtaragonlarioja.org\/fedens\/seguimiento-huelga-28-o\/#primaryimage","url":"https:\/\/www.cgtaragonlarioja.org\/fedens\/files\/2021\/10\/zaragoza.jpg","contentUrl":"https:\/\/www.cgtaragonlarioja.org\/fedens\/files\/2021\/10\/zaragoza.jpg","width":1280,"height":960},{"@type":"BreadcrumbList","@id":"https:\/\/www.cgtaragonlarioja.org\/fedens\/seguimiento-huelga-28-o\/#breadcrumb","itemListElement":[{"@type":"ListItem","position":1,"name":"Portada","item":"https:\/\/www.cgtaragonlarioja.org\/fedens\/"},{"@type":"ListItem","position":2,"name":"Seguimiento huelga 28-O"}]},{"@type":"WebSite","@id":"https:\/\/www.cgtaragonlarioja.org\/fedens\/#website","url":"https:\/\/www.cgtaragonlarioja.org\/fedens\/","name":"CGT Arag\u00f3n - La Rioja. ENSE\u00d1ANZA","description":"CONTACTAR: Calatayud-Aranda: 654897973 \/ Huesca: 974238404 \/ Teruel: 978619265 \/ Zaragoza: 976922002","publisher":{"@id":"https:\/\/www.cgtaragonlarioja.org\/fedens\/#organization"},"potentialAction":[{"@type":"SearchAction","target":{"@type":"EntryPoint","urlTemplate":"https:\/\/www.cgtaragonlarioja.org\/fedens\/?s={search_term_string}"},"query-input":{"@type":"PropertyValueSpecification","valueRequired":true,"valueName":"search_term_string"}}],"inLanguage":"es"},{"@type":"Organization","@id":"https:\/\/www.cgtaragonlarioja.org\/fedens\/#organization","name":"CGT Arag\u00f3n y La Rioja - Ense\u00f1anza","url":"https:\/\/www.cgtaragonlarioja.org\/fedens\/","logo":{"@type":"ImageObject","inLanguage":"es","@id":"https:\/\/www.cgtaragonlarioja.org\/fedens\/#\/schema\/logo\/image\/","url":"https:\/\/www.cgtaragonlarioja.org\/fedens\/files\/2021\/02\/logo_cgt_ense_huesca_170x250.png","contentUrl":"https:\/\/www.cgtaragonlarioja.org\/fedens\/files\/2021\/02\/logo_cgt_ense_huesca_170x250.png","width":170,"height":250,"caption":"CGT Arag\u00f3n y La Rioja - Ense\u00f1anza"},"image":{"@id":"https:\/\/www.cgtaragonlarioja.org\/fedens\/#\/schema\/logo\/image\/"},"sameAs":["https:\/\/www.facebook.com\/CGTEnseAragon\/","https:\/\/x.com\/CGTeduAragon"]},{"@type":"Person","@id":"https:\/\/www.cgtaragonlarioja.org\/fedens\/#\/schema\/person\/dfa7d1616615d62a6d79c9593aa09fc3","name":"kike","image":{"@type":"ImageObject","inLanguage":"es","@id":"https:\/\/www.cgtaragonlarioja.org\/fedens\/#\/schema\/person\/image\/","url":"https:\/\/secure.gravatar.com\/avatar\/f1c0788a733c3717c5f8c071e064a9c188df22c90b22388027f4ed27abaa4f3b?s=96&d=mm&r=g","contentUrl":"https:\/\/secure.gravatar.com\/avatar\/f1c0788a733c3717c5f8c071e064a9c188df22c90b22388027f4ed27abaa4f3b?s=96&d=mm&r=g","caption":"kike"},"url":"https:\/\/www.cgtaragonlarioja.org\/fedens\/author\/kike\/"}]}},"_links":{"self":[{"href":"https:\/\/www.cgtaragonlarioja.org\/fedens\/wp-json\/wp\/v2\/posts\/13195","targetHints":{"allow":["GET"]}}],"collection":[{"href":"https:\/\/www.cgtaragonlarioja.org\/fedens\/wp-json\/wp\/v2\/posts"}],"about":[{"href":"https:\/\/www.cgtaragonlarioja.org\/fedens\/wp-json\/wp\/v2\/types\/post"}],"author":[{"embeddable":true,"href":"https:\/\/www.cgtaragonlarioja.org\/fedens\/wp-json\/wp\/v2\/users\/486"}],"replies":[{"embeddable":true,"href":"https:\/\/www.cgtaragonlarioja.org\/fedens\/wp-json\/wp\/v2\/comments?post=13195"}],"version-history":[{"count":3,"href":"https:\/\/www.cgtaragonlarioja.org\/fedens\/wp-json\/wp\/v2\/posts\/13195\/revisions"}],"predecessor-version":[{"id":13212,"href":"https:\/\/www.cgtaragonlarioja.org\/fedens\/wp-json\/wp\/v2\/posts\/13195\/revisions\/13212"}],"wp:featuredmedia":[{"embeddable":true,"href":"https:\/\/www.cgtaragonlarioja.org\/fedens\/wp-json\/wp\/v2\/media\/13208"}],"wp:attachment":[{"href":"https:\/\/www.cgtaragonlarioja.org\/fedens\/wp-json\/wp\/v2\/media?parent=13195"}],"wp:term":[{"taxonomy":"category","embeddable":true,"href":"https:\/\/www.cgtaragonlarioja.org\/fedens\/wp-json\/wp\/v2\/categories?post=13195"},{"taxonomy":"post_tag","embeddable":true,"href":"https:\/\/www.cgtaragonlarioja.org\/fedens\/wp-json\/wp\/v2\/tags?post=13195"}],"curies":[{"name":"wp","href":"https:\/\/api.w.org\/{rel}","templated":true}]}}