{"id":12559,"date":"2021-06-08T10:16:21","date_gmt":"2021-06-08T08:16:21","guid":{"rendered":"https:\/\/www.cgtaragonlarioja.org\/fedens\/?p=12559"},"modified":"2022-03-21T14:34:29","modified_gmt":"2022-03-21T13:34:29","slug":"por-lo-menos-no-insultar-a-las-victimas","status":"publish","type":"post","link":"https:\/\/www.cgtaragonlarioja.org\/fedens\/por-lo-menos-no-insultar-a-las-victimas\/","title":{"rendered":"Por lo menos, no insultar a las v\u00edctimas"},"content":{"rendered":"<p>Ser\u00eda el a\u00f1o 1971 cuando el profesor Don Eusebio me tir\u00f3 el borrador del pizarr\u00f3n a la cabeza (un cacharro de madera maciza que deb\u00eda pesar m\u00e1s de medio kilo) porque, distra\u00eddo, me hab\u00eda quedado sentado mientras sonaba el himno nacional al comienzo de la clase. Nuestra obligaci\u00f3n era ponernos respetuosamente firmes y guardar silencio. Encima de la pizarra, colgaba un crucifijo y un retrato de Franco. Y por la ventana se pod\u00eda ver, en efecto, la bandera rojigualda que ondeaba a lo alto. Estos eran nuestros s\u00edmbolos. Y se parecen mucho, much\u00edsimo, a los que Jos\u00e9 \u00c1ngel Antelo ha declarado que \u00abnos representan y nos unen a todos\u00bb: la bandera, el crucifijo y el himno son casi lo mismos; el retrato, al fin y al cabo, es heredero de una decisi\u00f3n del dictador Francisco Franco, sobre la que luego Adolfo Suarez se neg\u00f3 a consultar a los espa\u00f1oles porque las encuestas no avalaban la monarqu\u00eda.<\/p>\n<p>Para m\u00ed, personalmente, esos s\u00edmbolos representan los \u00fanicos a\u00f1os en los que he sido espantosamente infeliz en toda mi vida. Fueron doce a\u00f1os encerrado en una prisi\u00f3n ideol\u00f3gica totalitaria, gestionada por unos marianistas en general psic\u00f3patas, muchos de ellos ped\u00f3filos (como luego se ha demostrado en los tribunales), algunos s\u00e1dicos de manual, que se satisfac\u00edan matando a hostias a ni\u00f1os peque\u00f1os. Luego te amenazaban con las penas del infierno por masturbarte. A m\u00ed, como ten\u00eda hermanos mayores y un consecuente \u00abprestigio zumosol\u00bb, mis compa\u00f1eros nunca se atrevieron a considerarme marica, de tal manera que me ahorr\u00e9 la celda de castigo en la que el colegio se convert\u00eda para los sospechosos de homosexualidad: doce a\u00f1os de torturas, siete d\u00edas a la semana. Pero muy cis tampoco era, as\u00ed es que igualmente me asfixiaba en el ambiente machirulo que la separaci\u00f3n de sexos, el franquismo y la Iglesia hab\u00edan apuntalado. Un desastre humano estremecedor.<\/p>\n<p>Algunas leyes educativas y la ense\u00f1anza p\u00fablica han acabado con esa atrocidad. La cosa sigue coleando, por supuesto, en los colegios privados y concertados, en los que los padres pueden todav\u00eda prohibir a sus hijos el contacto con la diversidad, encerr\u00e1ndoles en la c\u00e1rcel ideol\u00f3gica de sus prejuicios de derechas o de izquierdas (mayormente de derechas y cat\u00f3licos). Pero, por lo general, el progreso ha sido un verdadero paso de gigante. La ense\u00f1anza p\u00fablica, por ejemplo, ha conseguido que, actualmente, la sociedad espa\u00f1ola sea una de las menos hom\u00f3fobas del mundo. No es poca cosa, aunque sea tan s\u00f3lo un ejemplo. De todos modos, se acabaron las hostias, y se penalizaron los abusos sexuales, el acoso, los castigos humillantes&#8230; en fin, se ha logrado civilizar bastante toda esa barbarie.<\/p>\n<p>En virtud de ese progreso, algunos nos hemos esforzados por olvidar tanto sufrimiento y tragar con esos s\u00edmbolos que seg\u00fan Vox y el PP tanto nos unen. Nos ha costado mucho, s\u00ed, porque el caso es que toda esa tortura escolar (al mismo tiempo que la tortura policial en las comisar\u00edas), sonaba, ten\u00eda m\u00fasica, ten\u00eda ritmos, ten\u00eda s\u00edmbolos, ten\u00eda colores rojos y gualdos. No ha sido f\u00e1cil poner entre par\u00e9ntesis todo eso. Ni el mejor psicoanalista del mundo podr\u00eda lograr que el himno nacional dejara de sonar a sangre, torturas, represi\u00f3n, machismo, segregaci\u00f3n por sexos, abusos, incienso y confesionario. Al menos, para algunos, para los que ahora tenemos sesenta a\u00f1os.<\/p>\n<p>Pero hemos puesto todo nuestro voluntarismo c\u00edvico para olvidar nuestra condici\u00f3n de v\u00edctimas del terrorismo nacional-cat\u00f3lico y por no sentirnos insultados. En esto hemos sido la comunidad de v\u00edctimas del terrorismo m\u00e1s condescendiente del mundo. Y lo hemos hecho con magn\u00e1nima alegr\u00eda, intentando recordar cuando vemos la execrable bandera rojigualda que una vez signific\u00f3 que hab\u00edamos ganado un mundial o no s\u00e9 qu\u00e9 copa. Lo del himno no tiene remedio porque es una m\u00fasica horripilante, pero tambi\u00e9n hemos hecho lo posible para no asociarlo con los curas pederastas y los torturadores de la Direcci\u00f3n General de Seguridad. Lo \u00fanico que ped\u00edamos era que no se nos tocaran las narices traspasando los l\u00edmites del sarcasmo.<\/p>\n<p>Es m\u00e1s, nuestra relaci\u00f3n con los s\u00edmbolos patrios gir\u00f3 180\u00ba con el surgimiento de Podemos, a partir del 15M. Estaba muy claro que la izquierda nunca lograr\u00eda gobernar agitando banderas republicanas, hoces y martillos. Hab\u00eda que explicar a la \u00abgente\u00bb que merec\u00eda apostar por un \u00abpatriotismo constitucional\u00bb a favor de un pa\u00eds que blindara su seguridad social, su escuela p\u00fablica y su derecho laboral. Un patriota, como dec\u00eda Pablo Iglesias, no es alguien que lleva la bandera espa\u00f1ola en la correa del perro, sino alguien que paga impuestos y defiende nuestras instituciones de garant\u00eda respecto a nuestros derechos constitucionales. \u00bfEsta forma de \u00abpatriotismo\u00bb no ten\u00eda s\u00edmbolos? \u00bfNo conven\u00eda que los tuviera? \u00bfNos pod\u00edamos permitir cambiar de s\u00edmbolos para cambiar de mitos y quien sabe si de dioses? Este es el tema del \u00faltimo libro de Santiago Alba Rico: <a href=\"https:\/\/lenguadetrapo.com\/libros\/ensayo\/espana\/\">Espa\u00f1a<\/a>. No es un problema f\u00e1cil (el libro, aunque lo parezca, tampoco lo es). En la propia portada del libro tenemos una esperanza, la de que alg\u00fan d\u00eda, en lugar de excluyentes banderas afiladas, agitemos simp\u00e1ticos banderines de colores. Pero por ahora no hemos encontrado la f\u00f3rmula para ello. Y el camino que ha emprendido Vox con su propuesta en Murcia va en direcci\u00f3n contraria.<\/p>\n<p>La cosa podr\u00eda haber quedado en <em>El Mundo Today<\/em> o haber pasado sin m\u00e1s trascendencia como una ocurrencia o un chiste de mal gusto. Pero resulta que ha tenido un cierto eco en el PP e incluso en C&#8217;s. Esto involucra a la mitad de la poblaci\u00f3n espa\u00f1ola en una burla a las v\u00edctimas que, bajo esos s\u00edmbolos patrios -la misma melod\u00eda, los mismos colores- fueron encarcelados, torturados, fusilados, marginados por su condici\u00f3n sexual o por haber perdido la virginidad antes de tiempo, v\u00edctimas que sufrieron brutalmente la segregaci\u00f3n de sexos, a las que se les oblig\u00f3 a vivir en un ambiente masculino o femenino que, bien sazonado con dogmas religiosos abominables, se convert\u00eda siempre en el mejor caldo de cultivo para lo m\u00e1s vil y mezquino del esp\u00edritu humano.<\/p>\n<p>Como dijo en una ocasi\u00f3n Richard Dawkins, \u00ablas personas buenas hacen cosas buenas y las personas malas hacen cosas malas. Para que las personas buenas hagan cosas malas, hacen falta las religiones\u00bb. El nacional-catolicismo, a golpe de bandera e himno, invent\u00f3 la infalible receta para convertir a los adolescentes en una pandilla de acosadores, machistas, maltratadores, abusones lobotomizados idiotas de remate e, incluso, en malas personas. Como dice el joven Lincoln en la pel\u00edcula de John Ford: \u00abHay cosas que hacemos juntos y que nos avergonzar\u00eda hacer a solas\u00bb. A solas todos ten\u00edamos un pase, juntos \u00e9ramos una horda repulsiva, machista, hom\u00f3foba y potencialmente criminal. De lo que mientras tanto pasaba con el sexo femenino no tengo ni idea, porque ni sab\u00eda que exist\u00eda.<\/p>\n<p>Todo esto podr\u00eda superarse y precisamente en la escuela p\u00fablica. Pero sin escupir sobre la memoria de las v\u00edctimas, como ha hecho ese se\u00f1or de Vox al que ha secundado el PP.<\/p>\n<p>El mejor servicio que se puede hacer a la escuela p\u00fablica no es adornarla con banderas y retratos. Bastar\u00eda, para empezar, reconocer que es probablemente la instituci\u00f3n m\u00e1s noble y m\u00e1s bella que ha inventado la Humanidad. Y que esto es as\u00ed, precisamente, porque nos permiti\u00f3 romper con el adoctrinamiento ideol\u00f3gico y sectario. La escuela p\u00fablica es, de hecho, lo \u00fanico que ha inventado la Humanidad para combatir el adoctrinamiento, la \u00fanica receta que existe para proteger a los menores del totalitarismo ideol\u00f3gico que los padres podr\u00edan imponer sobre sus hijos, educ\u00e1ndoles exclusivamente en sus prejuicios sectarios e impidi\u00e9ndoles, as\u00ed, el paso a la ciudadan\u00eda y la existencia civil.<\/p>\n<p>La Constituci\u00f3n defiende la libertad de ense\u00f1anza, pero no creo que defienda el derecho de los padres a impedir que sus hijos conozcan otra realidad y otros valores que los suyos propios. La libertad de ense\u00f1anza es, ante todo, el derecho que tienen los ni\u00f1os a librarse de sus padres. Y eso s\u00f3lo lo puede garantizar la escuela p\u00fablica, en donde los profesores ser\u00e1n diversos\u00a0 y los alumnos, tambi\u00e9n. Es un aut\u00e9ntico milagro civilizatorio que un ni\u00f1o pueda tener un profesor de Matem\u00e1ticas hom\u00f3fobo y una profesora de Educaci\u00f3n F\u00edsica transexual, una profesora de lengua votante de Vox y otra de Historia de Unidas Podemos. Un compa\u00f1ero de pupitre latino y una compa\u00f1era senegalesa, otro rico y ateo y otro qui\u00e9n sabe si pobre y testigo de Jehov\u00e1, al tiempo que \u00e9l mismo es, por ejemplo, musulm\u00e1n o, quiz\u00e1s, <a href=\"https:\/\/es.wikipedia.org\/wiki\/Pastafarismo\">pastafari<\/a>. Esto lo garantiza la escuela p\u00fablica y lo imposibilita la escuela privada y concertada, donde se exigen carnets ideol\u00f3gicos para ingresar, adem\u00e1s de imponer\u00a0 tasas que filtran a las clases sociales.<\/p>\n<p>Esto es lo mejor que se puede hacer para mejorar la escuela p\u00fablica o por lo menos para impedir que se siga deteriorando: recordar que fue ella la que nos libr\u00f3 de la atrocidad nacional-cat\u00f3lica, cuando entr\u00e1bamos en clase con el himno nacional (desdichadamente con el mismo que tenemos ahora) y ten\u00edamos una bandera roja y gualda en todas las esquinas. El rojo representaba la sangre de los espa\u00f1oles asesinados por los masones y los comunistas. Y el gualdo era el color del oro de Mosc\u00fa que hab\u00eda robado el gobierno republicano. Ha sido muy dif\u00edcil olvidarnos de todo esto. Pero, de vez en cuando, conviene recordar que la escuela p\u00fablica ha sido y sigue siendo el mejor instrumento para librarnos de ello. Ese es el primer paso para reconciliarnos con nuestros s\u00edmbolos patrios.<\/p>\n<p><strong>Este art\u00edculo fue originalmente publicado en <a href=\"https:\/\/blogs.publico.es\/otrasmiradas\/49601\/por-lo-menos-no-insultar-a-las-victimas\/\" target=\"_blank\" rel=\"noopener\">publico.es<\/a><\/strong><\/p>\n","protected":false},"excerpt":{"rendered":"<p>Ser\u00eda el a\u00f1o 1971 cuando el profesor Don Eusebio me tir\u00f3 el borrador del pizarr\u00f3n<\/p>\n","protected":false},"author":854,"featured_media":0,"comment_status":"open","ping_status":"open","sticky":false,"template":"","format":"standard","meta":{"footnotes":""},"categories":[504],"tags":[],"class_list":["post-12559","post","type-post","status-publish","format-standard","hentry","category-a-debate"],"yoast_head":"<!-- This site is optimized with the Yoast SEO plugin v26.7 - https:\/\/yoast.com\/wordpress\/plugins\/seo\/ -->\n<title>Por lo menos, no insultar a las v\u00edctimas<\/title>\n<meta name=\"description\" content=\"Ser\u00eda el a\u00f1o 1971 cuando el profesor Don Eusebio me tir\u00f3 el borrador del pizarr\u00f3n a la cabeza (un cacharro de madera maciza que deb\u00eda pesar m\u00e1s de medio\" \/>\n<meta name=\"robots\" content=\"index, follow, max-snippet:-1, max-image-preview:large, max-video-preview:-1\" \/>\n<link rel=\"canonical\" href=\"https:\/\/www.cgtaragonlarioja.org\/fedens\/por-lo-menos-no-insultar-a-las-victimas\/\" \/>\n<meta property=\"og:locale\" content=\"es_ES\" \/>\n<meta property=\"og:type\" content=\"article\" \/>\n<meta property=\"og:title\" content=\"Por lo menos, no insultar a las v\u00edctimas\" \/>\n<meta property=\"og:description\" content=\"Ser\u00eda el a\u00f1o 1971 cuando el profesor Don Eusebio me tir\u00f3 el borrador del pizarr\u00f3n a la cabeza (un cacharro de madera maciza que deb\u00eda pesar m\u00e1s de medio\" \/>\n<meta property=\"og:url\" content=\"https:\/\/www.cgtaragonlarioja.org\/fedens\/por-lo-menos-no-insultar-a-las-victimas\/\" \/>\n<meta property=\"og:site_name\" content=\"CGT Arag\u00f3n - La Rioja. ENSE\u00d1ANZA\" \/>\n<meta property=\"article:publisher\" content=\"https:\/\/www.facebook.com\/CGTEnseAragon\/\" \/>\n<meta property=\"article:published_time\" content=\"2021-06-08T08:16:21+00:00\" \/>\n<meta property=\"article:modified_time\" content=\"2022-03-21T13:34:29+00:00\" \/>\n<meta name=\"author\" content=\"CGT Ense\u00f1anza Arag\u00f3n\" \/>\n<meta name=\"twitter:card\" content=\"summary_large_image\" \/>\n<meta name=\"twitter:creator\" content=\"@CGTeduAragon\" \/>\n<meta name=\"twitter:site\" content=\"@CGTeduAragon\" \/>\n<meta name=\"twitter:label1\" content=\"Escrito por\" \/>\n\t<meta name=\"twitter:data1\" content=\"CGT Ense\u00f1anza Arag\u00f3n\" \/>\n\t<meta name=\"twitter:label2\" content=\"Tiempo de lectura\" \/>\n\t<meta name=\"twitter:data2\" content=\"7 minutos\" \/>\n<script type=\"application\/ld+json\" class=\"yoast-schema-graph\">{\"@context\":\"https:\/\/schema.org\",\"@graph\":[{\"@type\":\"Article\",\"@id\":\"https:\/\/www.cgtaragonlarioja.org\/fedens\/por-lo-menos-no-insultar-a-las-victimas\/#article\",\"isPartOf\":{\"@id\":\"https:\/\/www.cgtaragonlarioja.org\/fedens\/por-lo-menos-no-insultar-a-las-victimas\/\"},\"author\":{\"name\":\"CGT Ense\u00f1anza Arag\u00f3n\",\"@id\":\"https:\/\/www.cgtaragonlarioja.org\/fedens\/#\/schema\/person\/f577cbf9ee1fb7519bfd883ac4f4032f\"},\"headline\":\"Por lo menos, no insultar a las v\u00edctimas\",\"datePublished\":\"2021-06-08T08:16:21+00:00\",\"dateModified\":\"2022-03-21T13:34:29+00:00\",\"mainEntityOfPage\":{\"@id\":\"https:\/\/www.cgtaragonlarioja.org\/fedens\/por-lo-menos-no-insultar-a-las-victimas\/\"},\"wordCount\":1744,\"commentCount\":0,\"publisher\":{\"@id\":\"https:\/\/www.cgtaragonlarioja.org\/fedens\/#organization\"},\"articleSection\":[\"A Debate\"],\"inLanguage\":\"es\",\"potentialAction\":[{\"@type\":\"CommentAction\",\"name\":\"Comment\",\"target\":[\"https:\/\/www.cgtaragonlarioja.org\/fedens\/por-lo-menos-no-insultar-a-las-victimas\/#respond\"]}]},{\"@type\":\"WebPage\",\"@id\":\"https:\/\/www.cgtaragonlarioja.org\/fedens\/por-lo-menos-no-insultar-a-las-victimas\/\",\"url\":\"https:\/\/www.cgtaragonlarioja.org\/fedens\/por-lo-menos-no-insultar-a-las-victimas\/\",\"name\":\"Por lo menos, no insultar a las v\u00edctimas\",\"isPartOf\":{\"@id\":\"https:\/\/www.cgtaragonlarioja.org\/fedens\/#website\"},\"datePublished\":\"2021-06-08T08:16:21+00:00\",\"dateModified\":\"2022-03-21T13:34:29+00:00\",\"description\":\"Ser\u00eda el a\u00f1o 1971 cuando el profesor Don Eusebio me tir\u00f3 el borrador del pizarr\u00f3n a la cabeza (un cacharro de madera maciza que deb\u00eda pesar m\u00e1s de medio\",\"breadcrumb\":{\"@id\":\"https:\/\/www.cgtaragonlarioja.org\/fedens\/por-lo-menos-no-insultar-a-las-victimas\/#breadcrumb\"},\"inLanguage\":\"es\",\"potentialAction\":[{\"@type\":\"ReadAction\",\"target\":[\"https:\/\/www.cgtaragonlarioja.org\/fedens\/por-lo-menos-no-insultar-a-las-victimas\/\"]}]},{\"@type\":\"BreadcrumbList\",\"@id\":\"https:\/\/www.cgtaragonlarioja.org\/fedens\/por-lo-menos-no-insultar-a-las-victimas\/#breadcrumb\",\"itemListElement\":[{\"@type\":\"ListItem\",\"position\":1,\"name\":\"Portada\",\"item\":\"https:\/\/www.cgtaragonlarioja.org\/fedens\/\"},{\"@type\":\"ListItem\",\"position\":2,\"name\":\"Por lo menos, no insultar a las v\u00edctimas\"}]},{\"@type\":\"WebSite\",\"@id\":\"https:\/\/www.cgtaragonlarioja.org\/fedens\/#website\",\"url\":\"https:\/\/www.cgtaragonlarioja.org\/fedens\/\",\"name\":\"CGT Arag\u00f3n - La Rioja. ENSE\u00d1ANZA\",\"description\":\"CONTACTAR: Calatayud-Aranda: 654897973 \/ Huesca: 974238404 \/ Teruel: 978619265 \/ Zaragoza: 976922002\",\"publisher\":{\"@id\":\"https:\/\/www.cgtaragonlarioja.org\/fedens\/#organization\"},\"potentialAction\":[{\"@type\":\"SearchAction\",\"target\":{\"@type\":\"EntryPoint\",\"urlTemplate\":\"https:\/\/www.cgtaragonlarioja.org\/fedens\/?s={search_term_string}\"},\"query-input\":{\"@type\":\"PropertyValueSpecification\",\"valueRequired\":true,\"valueName\":\"search_term_string\"}}],\"inLanguage\":\"es\"},{\"@type\":\"Organization\",\"@id\":\"https:\/\/www.cgtaragonlarioja.org\/fedens\/#organization\",\"name\":\"CGT Arag\u00f3n y La Rioja - Ense\u00f1anza\",\"url\":\"https:\/\/www.cgtaragonlarioja.org\/fedens\/\",\"logo\":{\"@type\":\"ImageObject\",\"inLanguage\":\"es\",\"@id\":\"https:\/\/www.cgtaragonlarioja.org\/fedens\/#\/schema\/logo\/image\/\",\"url\":\"https:\/\/www.cgtaragonlarioja.org\/fedens\/files\/2021\/02\/logo_cgt_ense_huesca_170x250.png\",\"contentUrl\":\"https:\/\/www.cgtaragonlarioja.org\/fedens\/files\/2021\/02\/logo_cgt_ense_huesca_170x250.png\",\"width\":170,\"height\":250,\"caption\":\"CGT Arag\u00f3n y La Rioja - Ense\u00f1anza\"},\"image\":{\"@id\":\"https:\/\/www.cgtaragonlarioja.org\/fedens\/#\/schema\/logo\/image\/\"},\"sameAs\":[\"https:\/\/www.facebook.com\/CGTEnseAragon\/\",\"https:\/\/x.com\/CGTeduAragon\"]},{\"@type\":\"Person\",\"@id\":\"https:\/\/www.cgtaragonlarioja.org\/fedens\/#\/schema\/person\/f577cbf9ee1fb7519bfd883ac4f4032f\",\"name\":\"CGT Ense\u00f1anza Arag\u00f3n\",\"image\":{\"@type\":\"ImageObject\",\"inLanguage\":\"es\",\"@id\":\"https:\/\/www.cgtaragonlarioja.org\/fedens\/#\/schema\/person\/image\/\",\"url\":\"https:\/\/secure.gravatar.com\/avatar\/6591cafae8da970274bd48ef06b7f86ae2c2ba705fb2cdafa9b5f7f48c95a765?s=96&d=mm&r=g\",\"contentUrl\":\"https:\/\/secure.gravatar.com\/avatar\/6591cafae8da970274bd48ef06b7f86ae2c2ba705fb2cdafa9b5f7f48c95a765?s=96&d=mm&r=g\",\"caption\":\"CGT Ense\u00f1anza Arag\u00f3n\"},\"url\":\"https:\/\/www.cgtaragonlarioja.org\/fedens\/author\/fasecgt\/\"}]}<\/script>\n<!-- \/ Yoast SEO plugin. -->","yoast_head_json":{"title":"Por lo menos, no insultar a las v\u00edctimas","description":"Ser\u00eda el a\u00f1o 1971 cuando el profesor Don Eusebio me tir\u00f3 el borrador del pizarr\u00f3n a la cabeza (un cacharro de madera maciza que deb\u00eda pesar m\u00e1s de medio","robots":{"index":"index","follow":"follow","max-snippet":"max-snippet:-1","max-image-preview":"max-image-preview:large","max-video-preview":"max-video-preview:-1"},"canonical":"https:\/\/www.cgtaragonlarioja.org\/fedens\/por-lo-menos-no-insultar-a-las-victimas\/","og_locale":"es_ES","og_type":"article","og_title":"Por lo menos, no insultar a las v\u00edctimas","og_description":"Ser\u00eda el a\u00f1o 1971 cuando el profesor Don Eusebio me tir\u00f3 el borrador del pizarr\u00f3n a la cabeza (un cacharro de madera maciza que deb\u00eda pesar m\u00e1s de medio","og_url":"https:\/\/www.cgtaragonlarioja.org\/fedens\/por-lo-menos-no-insultar-a-las-victimas\/","og_site_name":"CGT Arag\u00f3n - La Rioja. ENSE\u00d1ANZA","article_publisher":"https:\/\/www.facebook.com\/CGTEnseAragon\/","article_published_time":"2021-06-08T08:16:21+00:00","article_modified_time":"2022-03-21T13:34:29+00:00","author":"CGT Ense\u00f1anza Arag\u00f3n","twitter_card":"summary_large_image","twitter_creator":"@CGTeduAragon","twitter_site":"@CGTeduAragon","twitter_misc":{"Escrito por":"CGT Ense\u00f1anza Arag\u00f3n","Tiempo de lectura":"7 minutos"},"schema":{"@context":"https:\/\/schema.org","@graph":[{"@type":"Article","@id":"https:\/\/www.cgtaragonlarioja.org\/fedens\/por-lo-menos-no-insultar-a-las-victimas\/#article","isPartOf":{"@id":"https:\/\/www.cgtaragonlarioja.org\/fedens\/por-lo-menos-no-insultar-a-las-victimas\/"},"author":{"name":"CGT Ense\u00f1anza Arag\u00f3n","@id":"https:\/\/www.cgtaragonlarioja.org\/fedens\/#\/schema\/person\/f577cbf9ee1fb7519bfd883ac4f4032f"},"headline":"Por lo menos, no insultar a las v\u00edctimas","datePublished":"2021-06-08T08:16:21+00:00","dateModified":"2022-03-21T13:34:29+00:00","mainEntityOfPage":{"@id":"https:\/\/www.cgtaragonlarioja.org\/fedens\/por-lo-menos-no-insultar-a-las-victimas\/"},"wordCount":1744,"commentCount":0,"publisher":{"@id":"https:\/\/www.cgtaragonlarioja.org\/fedens\/#organization"},"articleSection":["A Debate"],"inLanguage":"es","potentialAction":[{"@type":"CommentAction","name":"Comment","target":["https:\/\/www.cgtaragonlarioja.org\/fedens\/por-lo-menos-no-insultar-a-las-victimas\/#respond"]}]},{"@type":"WebPage","@id":"https:\/\/www.cgtaragonlarioja.org\/fedens\/por-lo-menos-no-insultar-a-las-victimas\/","url":"https:\/\/www.cgtaragonlarioja.org\/fedens\/por-lo-menos-no-insultar-a-las-victimas\/","name":"Por lo menos, no insultar a las v\u00edctimas","isPartOf":{"@id":"https:\/\/www.cgtaragonlarioja.org\/fedens\/#website"},"datePublished":"2021-06-08T08:16:21+00:00","dateModified":"2022-03-21T13:34:29+00:00","description":"Ser\u00eda el a\u00f1o 1971 cuando el profesor Don Eusebio me tir\u00f3 el borrador del pizarr\u00f3n a la cabeza (un cacharro de madera maciza que deb\u00eda pesar m\u00e1s de medio","breadcrumb":{"@id":"https:\/\/www.cgtaragonlarioja.org\/fedens\/por-lo-menos-no-insultar-a-las-victimas\/#breadcrumb"},"inLanguage":"es","potentialAction":[{"@type":"ReadAction","target":["https:\/\/www.cgtaragonlarioja.org\/fedens\/por-lo-menos-no-insultar-a-las-victimas\/"]}]},{"@type":"BreadcrumbList","@id":"https:\/\/www.cgtaragonlarioja.org\/fedens\/por-lo-menos-no-insultar-a-las-victimas\/#breadcrumb","itemListElement":[{"@type":"ListItem","position":1,"name":"Portada","item":"https:\/\/www.cgtaragonlarioja.org\/fedens\/"},{"@type":"ListItem","position":2,"name":"Por lo menos, no insultar a las v\u00edctimas"}]},{"@type":"WebSite","@id":"https:\/\/www.cgtaragonlarioja.org\/fedens\/#website","url":"https:\/\/www.cgtaragonlarioja.org\/fedens\/","name":"CGT Arag\u00f3n - La Rioja. ENSE\u00d1ANZA","description":"CONTACTAR: Calatayud-Aranda: 654897973 \/ Huesca: 974238404 \/ Teruel: 978619265 \/ Zaragoza: 976922002","publisher":{"@id":"https:\/\/www.cgtaragonlarioja.org\/fedens\/#organization"},"potentialAction":[{"@type":"SearchAction","target":{"@type":"EntryPoint","urlTemplate":"https:\/\/www.cgtaragonlarioja.org\/fedens\/?s={search_term_string}"},"query-input":{"@type":"PropertyValueSpecification","valueRequired":true,"valueName":"search_term_string"}}],"inLanguage":"es"},{"@type":"Organization","@id":"https:\/\/www.cgtaragonlarioja.org\/fedens\/#organization","name":"CGT Arag\u00f3n y La Rioja - Ense\u00f1anza","url":"https:\/\/www.cgtaragonlarioja.org\/fedens\/","logo":{"@type":"ImageObject","inLanguage":"es","@id":"https:\/\/www.cgtaragonlarioja.org\/fedens\/#\/schema\/logo\/image\/","url":"https:\/\/www.cgtaragonlarioja.org\/fedens\/files\/2021\/02\/logo_cgt_ense_huesca_170x250.png","contentUrl":"https:\/\/www.cgtaragonlarioja.org\/fedens\/files\/2021\/02\/logo_cgt_ense_huesca_170x250.png","width":170,"height":250,"caption":"CGT Arag\u00f3n y La Rioja - Ense\u00f1anza"},"image":{"@id":"https:\/\/www.cgtaragonlarioja.org\/fedens\/#\/schema\/logo\/image\/"},"sameAs":["https:\/\/www.facebook.com\/CGTEnseAragon\/","https:\/\/x.com\/CGTeduAragon"]},{"@type":"Person","@id":"https:\/\/www.cgtaragonlarioja.org\/fedens\/#\/schema\/person\/f577cbf9ee1fb7519bfd883ac4f4032f","name":"CGT Ense\u00f1anza Arag\u00f3n","image":{"@type":"ImageObject","inLanguage":"es","@id":"https:\/\/www.cgtaragonlarioja.org\/fedens\/#\/schema\/person\/image\/","url":"https:\/\/secure.gravatar.com\/avatar\/6591cafae8da970274bd48ef06b7f86ae2c2ba705fb2cdafa9b5f7f48c95a765?s=96&d=mm&r=g","contentUrl":"https:\/\/secure.gravatar.com\/avatar\/6591cafae8da970274bd48ef06b7f86ae2c2ba705fb2cdafa9b5f7f48c95a765?s=96&d=mm&r=g","caption":"CGT Ense\u00f1anza Arag\u00f3n"},"url":"https:\/\/www.cgtaragonlarioja.org\/fedens\/author\/fasecgt\/"}]}},"_links":{"self":[{"href":"https:\/\/www.cgtaragonlarioja.org\/fedens\/wp-json\/wp\/v2\/posts\/12559","targetHints":{"allow":["GET"]}}],"collection":[{"href":"https:\/\/www.cgtaragonlarioja.org\/fedens\/wp-json\/wp\/v2\/posts"}],"about":[{"href":"https:\/\/www.cgtaragonlarioja.org\/fedens\/wp-json\/wp\/v2\/types\/post"}],"author":[{"embeddable":true,"href":"https:\/\/www.cgtaragonlarioja.org\/fedens\/wp-json\/wp\/v2\/users\/854"}],"replies":[{"embeddable":true,"href":"https:\/\/www.cgtaragonlarioja.org\/fedens\/wp-json\/wp\/v2\/comments?post=12559"}],"version-history":[{"count":1,"href":"https:\/\/www.cgtaragonlarioja.org\/fedens\/wp-json\/wp\/v2\/posts\/12559\/revisions"}],"predecessor-version":[{"id":12561,"href":"https:\/\/www.cgtaragonlarioja.org\/fedens\/wp-json\/wp\/v2\/posts\/12559\/revisions\/12561"}],"wp:attachment":[{"href":"https:\/\/www.cgtaragonlarioja.org\/fedens\/wp-json\/wp\/v2\/media?parent=12559"}],"wp:term":[{"taxonomy":"category","embeddable":true,"href":"https:\/\/www.cgtaragonlarioja.org\/fedens\/wp-json\/wp\/v2\/categories?post=12559"},{"taxonomy":"post_tag","embeddable":true,"href":"https:\/\/www.cgtaragonlarioja.org\/fedens\/wp-json\/wp\/v2\/tags?post=12559"}],"curies":[{"name":"wp","href":"https:\/\/api.w.org\/{rel}","templated":true}]}}