{"id":12553,"date":"2021-06-07T15:14:20","date_gmt":"2021-06-07T13:14:20","guid":{"rendered":"https:\/\/www.cgtaragonlarioja.org\/fedens\/?p=12553"},"modified":"2021-06-07T15:19:27","modified_gmt":"2021-06-07T13:19:27","slug":"cgt-se-reune-con-el-colegio-de-educadores-sociales","status":"publish","type":"post","link":"https:\/\/www.cgtaragonlarioja.org\/fedens\/cgt-se-reune-con-el-colegio-de-educadores-sociales\/","title":{"rendered":"CGT se reune con el Colegio de Educadores Sociales"},"content":{"rendered":"<p>El pasado 26 de mayo nos reunimos de forma on-line con la nueva Junta Directiva del Colegio de educadores, en su representaci\u00f3n asisti\u00f3 la Presidenta Pilar Callen y Carlos G\u00e1llego que es el encargado de la defensa de la profesi\u00f3n.<\/p>\n<p>Desde CGT quer\u00edamos trasladar al colegio los nuevos retos que la situaci\u00f3n laboral actual tras la reciente publicaci\u00f3n del IV Convenio de protecci\u00f3n y reforma traer\u00e1 a los educadores sociales, el cual para su implantaci\u00f3n en el 2022 es necesario que las empresas actualicen las tablas salariales y que la administraci\u00f3n en los servicios que tiene subcontratados actualice los contratos. El Colegio tiene clara la diferencia entre una labor sindical y la del Colegio pero considera muy importante el trabajo que todos podemos hacer para poner en valor en trabajo del educador y eso se tiene que ver reflejado en las condiciones laborales.<\/p>\n<p>Tambi\u00e9n nos manifest\u00f3 su rechazo ante el intrusismo profesional que supone la figura del auxiliar t\u00e9cnico educativo, que a tratado de incorporar la administraci\u00f3n a diferentes servicios en las \u00faltimas fechas y despu\u00e9s de que el sindicato le denunciar\u00e1 la situaci\u00f3n que se est\u00e1 viviendo en diferentes centros de protecci\u00f3n, donde, los titulares de la plaza son educadores sociales pero las incidencias, las cubren con trabajadores carentes de esta titulaci\u00f3n que el propio pliego marcar sin que las direcciones p\u00fablicas de los centros hagan nada al respecto<\/p>\n<p>CGT valoro de forma positiva el nuevo enfoque que transmit\u00eda el Colegio de educadores sociales para la defensa de la profesi\u00f3n.<\/p>\n","protected":false},"excerpt":{"rendered":"<p>El pasado 26 de mayo nos reunimos de forma on-line con la nueva Junta Directiva<\/p>\n","protected":false},"author":486,"featured_media":12556,"comment_status":"open","ping_status":"open","sticky":false,"template":"","format":"standard","meta":{"footnotes":""},"categories":[506,480],"tags":[],"class_list":["post-12553","post","type-post","status-publish","format-standard","has-post-thumbnail","hentry","category-educacion-social","category-noticias"],"yoast_head":"<!-- This site is optimized with the Yoast SEO plugin v26.7 - https:\/\/yoast.com\/wordpress\/plugins\/seo\/ -->\n<title>CGT se reune con el Colegio de Educadores Sociales<\/title>\n<meta name=\"description\" content=\"CGT traslada al CEES los nuevos retos que la situaci\u00f3n laboral actual tras la reciente publicaci\u00f3n del IV Convenio de protecci\u00f3n y reforma\" \/>\n<meta name=\"robots\" content=\"index, follow, max-snippet:-1, max-image-preview:large, max-video-preview:-1\" \/>\n<link rel=\"canonical\" href=\"https:\/\/www.cgtaragonlarioja.org\/fedens\/cgt-se-reune-con-el-colegio-de-educadores-sociales\/\" \/>\n<meta property=\"og:locale\" content=\"es_ES\" \/>\n<meta property=\"og:type\" content=\"article\" \/>\n<meta property=\"og:title\" content=\"CGT se reune con el Colegio de Educadores Sociales\" \/>\n<meta property=\"og:description\" content=\"CGT traslada al CEES los nuevos retos que la situaci\u00f3n laboral actual tras la reciente publicaci\u00f3n del IV Convenio de protecci\u00f3n y reforma\" \/>\n<meta property=\"og:url\" content=\"https:\/\/www.cgtaragonlarioja.org\/fedens\/cgt-se-reune-con-el-colegio-de-educadores-sociales\/\" \/>\n<meta property=\"og:site_name\" content=\"CGT Arag\u00f3n - La Rioja. ENSE\u00d1ANZA\" \/>\n<meta property=\"article:publisher\" content=\"https:\/\/www.facebook.com\/CGTEnseAragon\/\" \/>\n<meta property=\"article:published_time\" content=\"2021-06-07T13:14:20+00:00\" \/>\n<meta property=\"article:modified_time\" content=\"2021-06-07T13:19:27+00:00\" \/>\n<meta property=\"og:image\" content=\"https:\/\/www.cgtaragonlarioja.org\/fedens\/files\/2021\/06\/indice.jpg\" \/>\n\t<meta property=\"og:image:width\" content=\"2000\" \/>\n\t<meta property=\"og:image:height\" content=\"1500\" \/>\n\t<meta property=\"og:image:type\" content=\"image\/jpeg\" \/>\n<meta name=\"author\" content=\"kike\" \/>\n<meta name=\"twitter:card\" content=\"summary_large_image\" \/>\n<meta name=\"twitter:creator\" content=\"@CGTeduAragon\" \/>\n<meta name=\"twitter:site\" content=\"@CGTeduAragon\" \/>\n<meta name=\"twitter:label1\" content=\"Escrito por\" \/>\n\t<meta name=\"twitter:data1\" content=\"kike\" \/>\n\t<meta name=\"twitter:label2\" content=\"Tiempo de lectura\" \/>\n\t<meta name=\"twitter:data2\" content=\"2 minutos\" \/>\n<script type=\"application\/ld+json\" class=\"yoast-schema-graph\">{\"@context\":\"https:\/\/schema.org\",\"@graph\":[{\"@type\":\"Article\",\"@id\":\"https:\/\/www.cgtaragonlarioja.org\/fedens\/cgt-se-reune-con-el-colegio-de-educadores-sociales\/#article\",\"isPartOf\":{\"@id\":\"https:\/\/www.cgtaragonlarioja.org\/fedens\/cgt-se-reune-con-el-colegio-de-educadores-sociales\/\"},\"author\":{\"name\":\"kike\",\"@id\":\"https:\/\/www.cgtaragonlarioja.org\/fedens\/#\/schema\/person\/dfa7d1616615d62a6d79c9593aa09fc3\"},\"headline\":\"CGT se reune con el Colegio de Educadores Sociales\",\"datePublished\":\"2021-06-07T13:14:20+00:00\",\"dateModified\":\"2021-06-07T13:19:27+00:00\",\"mainEntityOfPage\":{\"@id\":\"https:\/\/www.cgtaragonlarioja.org\/fedens\/cgt-se-reune-con-el-colegio-de-educadores-sociales\/\"},\"wordCount\":277,\"commentCount\":0,\"publisher\":{\"@id\":\"https:\/\/www.cgtaragonlarioja.org\/fedens\/#organization\"},\"image\":{\"@id\":\"https:\/\/www.cgtaragonlarioja.org\/fedens\/cgt-se-reune-con-el-colegio-de-educadores-sociales\/#primaryimage\"},\"thumbnailUrl\":\"https:\/\/www.cgtaragonlarioja.org\/fedens\/files\/2021\/06\/indice.jpg\",\"articleSection\":[\"Educaci\u00f3n Social\",\"Noticias\"],\"inLanguage\":\"es\",\"potentialAction\":[{\"@type\":\"CommentAction\",\"name\":\"Comment\",\"target\":[\"https:\/\/www.cgtaragonlarioja.org\/fedens\/cgt-se-reune-con-el-colegio-de-educadores-sociales\/#respond\"]}]},{\"@type\":\"WebPage\",\"@id\":\"https:\/\/www.cgtaragonlarioja.org\/fedens\/cgt-se-reune-con-el-colegio-de-educadores-sociales\/\",\"url\":\"https:\/\/www.cgtaragonlarioja.org\/fedens\/cgt-se-reune-con-el-colegio-de-educadores-sociales\/\",\"name\":\"CGT se reune con el Colegio de Educadores Sociales\",\"isPartOf\":{\"@id\":\"https:\/\/www.cgtaragonlarioja.org\/fedens\/#website\"},\"primaryImageOfPage\":{\"@id\":\"https:\/\/www.cgtaragonlarioja.org\/fedens\/cgt-se-reune-con-el-colegio-de-educadores-sociales\/#primaryimage\"},\"image\":{\"@id\":\"https:\/\/www.cgtaragonlarioja.org\/fedens\/cgt-se-reune-con-el-colegio-de-educadores-sociales\/#primaryimage\"},\"thumbnailUrl\":\"https:\/\/www.cgtaragonlarioja.org\/fedens\/files\/2021\/06\/indice.jpg\",\"datePublished\":\"2021-06-07T13:14:20+00:00\",\"dateModified\":\"2021-06-07T13:19:27+00:00\",\"description\":\"CGT traslada al CEES los nuevos retos que la situaci\u00f3n laboral actual tras la reciente publicaci\u00f3n del IV Convenio de protecci\u00f3n y reforma\",\"breadcrumb\":{\"@id\":\"https:\/\/www.cgtaragonlarioja.org\/fedens\/cgt-se-reune-con-el-colegio-de-educadores-sociales\/#breadcrumb\"},\"inLanguage\":\"es\",\"potentialAction\":[{\"@type\":\"ReadAction\",\"target\":[\"https:\/\/www.cgtaragonlarioja.org\/fedens\/cgt-se-reune-con-el-colegio-de-educadores-sociales\/\"]}]},{\"@type\":\"ImageObject\",\"inLanguage\":\"es\",\"@id\":\"https:\/\/www.cgtaragonlarioja.org\/fedens\/cgt-se-reune-con-el-colegio-de-educadores-sociales\/#primaryimage\",\"url\":\"https:\/\/www.cgtaragonlarioja.org\/fedens\/files\/2021\/06\/indice.jpg\",\"contentUrl\":\"https:\/\/www.cgtaragonlarioja.org\/fedens\/files\/2021\/06\/indice.jpg\",\"width\":2000,\"height\":1500},{\"@type\":\"BreadcrumbList\",\"@id\":\"https:\/\/www.cgtaragonlarioja.org\/fedens\/cgt-se-reune-con-el-colegio-de-educadores-sociales\/#breadcrumb\",\"itemListElement\":[{\"@type\":\"ListItem\",\"position\":1,\"name\":\"Portada\",\"item\":\"https:\/\/www.cgtaragonlarioja.org\/fedens\/\"},{\"@type\":\"ListItem\",\"position\":2,\"name\":\"CGT se reune con el Colegio de Educadores Sociales\"}]},{\"@type\":\"WebSite\",\"@id\":\"https:\/\/www.cgtaragonlarioja.org\/fedens\/#website\",\"url\":\"https:\/\/www.cgtaragonlarioja.org\/fedens\/\",\"name\":\"CGT Arag\u00f3n - La Rioja. ENSE\u00d1ANZA\",\"description\":\"CONTACTAR: Calatayud-Aranda: 654897973 \/ Huesca: 974238404 \/ Teruel: 978619265 \/ Zaragoza: 976922002\",\"publisher\":{\"@id\":\"https:\/\/www.cgtaragonlarioja.org\/fedens\/#organization\"},\"potentialAction\":[{\"@type\":\"SearchAction\",\"target\":{\"@type\":\"EntryPoint\",\"urlTemplate\":\"https:\/\/www.cgtaragonlarioja.org\/fedens\/?s={search_term_string}\"},\"query-input\":{\"@type\":\"PropertyValueSpecification\",\"valueRequired\":true,\"valueName\":\"search_term_string\"}}],\"inLanguage\":\"es\"},{\"@type\":\"Organization\",\"@id\":\"https:\/\/www.cgtaragonlarioja.org\/fedens\/#organization\",\"name\":\"CGT Arag\u00f3n y La Rioja - Ense\u00f1anza\",\"url\":\"https:\/\/www.cgtaragonlarioja.org\/fedens\/\",\"logo\":{\"@type\":\"ImageObject\",\"inLanguage\":\"es\",\"@id\":\"https:\/\/www.cgtaragonlarioja.org\/fedens\/#\/schema\/logo\/image\/\",\"url\":\"https:\/\/www.cgtaragonlarioja.org\/fedens\/files\/2021\/02\/logo_cgt_ense_huesca_170x250.png\",\"contentUrl\":\"https:\/\/www.cgtaragonlarioja.org\/fedens\/files\/2021\/02\/logo_cgt_ense_huesca_170x250.png\",\"width\":170,\"height\":250,\"caption\":\"CGT Arag\u00f3n y La Rioja - Ense\u00f1anza\"},\"image\":{\"@id\":\"https:\/\/www.cgtaragonlarioja.org\/fedens\/#\/schema\/logo\/image\/\"},\"sameAs\":[\"https:\/\/www.facebook.com\/CGTEnseAragon\/\",\"https:\/\/x.com\/CGTeduAragon\"]},{\"@type\":\"Person\",\"@id\":\"https:\/\/www.cgtaragonlarioja.org\/fedens\/#\/schema\/person\/dfa7d1616615d62a6d79c9593aa09fc3\",\"name\":\"kike\",\"image\":{\"@type\":\"ImageObject\",\"inLanguage\":\"es\",\"@id\":\"https:\/\/www.cgtaragonlarioja.org\/fedens\/#\/schema\/person\/image\/\",\"url\":\"https:\/\/secure.gravatar.com\/avatar\/f1c0788a733c3717c5f8c071e064a9c188df22c90b22388027f4ed27abaa4f3b?s=96&d=mm&r=g\",\"contentUrl\":\"https:\/\/secure.gravatar.com\/avatar\/f1c0788a733c3717c5f8c071e064a9c188df22c90b22388027f4ed27abaa4f3b?s=96&d=mm&r=g\",\"caption\":\"kike\"},\"url\":\"https:\/\/www.cgtaragonlarioja.org\/fedens\/author\/kike\/\"}]}<\/script>\n<!-- \/ Yoast SEO plugin. -->","yoast_head_json":{"title":"CGT se reune con el Colegio de Educadores Sociales","description":"CGT traslada al CEES los nuevos retos que la situaci\u00f3n laboral actual tras la reciente publicaci\u00f3n del IV Convenio de protecci\u00f3n y reforma","robots":{"index":"index","follow":"follow","max-snippet":"max-snippet:-1","max-image-preview":"max-image-preview:large","max-video-preview":"max-video-preview:-1"},"canonical":"https:\/\/www.cgtaragonlarioja.org\/fedens\/cgt-se-reune-con-el-colegio-de-educadores-sociales\/","og_locale":"es_ES","og_type":"article","og_title":"CGT se reune con el Colegio de Educadores Sociales","og_description":"CGT traslada al CEES los nuevos retos que la situaci\u00f3n laboral actual tras la reciente publicaci\u00f3n del IV Convenio de protecci\u00f3n y reforma","og_url":"https:\/\/www.cgtaragonlarioja.org\/fedens\/cgt-se-reune-con-el-colegio-de-educadores-sociales\/","og_site_name":"CGT Arag\u00f3n - La Rioja. ENSE\u00d1ANZA","article_publisher":"https:\/\/www.facebook.com\/CGTEnseAragon\/","article_published_time":"2021-06-07T13:14:20+00:00","article_modified_time":"2021-06-07T13:19:27+00:00","og_image":[{"width":2000,"height":1500,"url":"https:\/\/www.cgtaragonlarioja.org\/fedens\/files\/2021\/06\/indice.jpg","type":"image\/jpeg"}],"author":"kike","twitter_card":"summary_large_image","twitter_creator":"@CGTeduAragon","twitter_site":"@CGTeduAragon","twitter_misc":{"Escrito por":"kike","Tiempo de lectura":"2 minutos"},"schema":{"@context":"https:\/\/schema.org","@graph":[{"@type":"Article","@id":"https:\/\/www.cgtaragonlarioja.org\/fedens\/cgt-se-reune-con-el-colegio-de-educadores-sociales\/#article","isPartOf":{"@id":"https:\/\/www.cgtaragonlarioja.org\/fedens\/cgt-se-reune-con-el-colegio-de-educadores-sociales\/"},"author":{"name":"kike","@id":"https:\/\/www.cgtaragonlarioja.org\/fedens\/#\/schema\/person\/dfa7d1616615d62a6d79c9593aa09fc3"},"headline":"CGT se reune con el Colegio de Educadores Sociales","datePublished":"2021-06-07T13:14:20+00:00","dateModified":"2021-06-07T13:19:27+00:00","mainEntityOfPage":{"@id":"https:\/\/www.cgtaragonlarioja.org\/fedens\/cgt-se-reune-con-el-colegio-de-educadores-sociales\/"},"wordCount":277,"commentCount":0,"publisher":{"@id":"https:\/\/www.cgtaragonlarioja.org\/fedens\/#organization"},"image":{"@id":"https:\/\/www.cgtaragonlarioja.org\/fedens\/cgt-se-reune-con-el-colegio-de-educadores-sociales\/#primaryimage"},"thumbnailUrl":"https:\/\/www.cgtaragonlarioja.org\/fedens\/files\/2021\/06\/indice.jpg","articleSection":["Educaci\u00f3n Social","Noticias"],"inLanguage":"es","potentialAction":[{"@type":"CommentAction","name":"Comment","target":["https:\/\/www.cgtaragonlarioja.org\/fedens\/cgt-se-reune-con-el-colegio-de-educadores-sociales\/#respond"]}]},{"@type":"WebPage","@id":"https:\/\/www.cgtaragonlarioja.org\/fedens\/cgt-se-reune-con-el-colegio-de-educadores-sociales\/","url":"https:\/\/www.cgtaragonlarioja.org\/fedens\/cgt-se-reune-con-el-colegio-de-educadores-sociales\/","name":"CGT se reune con el Colegio de Educadores Sociales","isPartOf":{"@id":"https:\/\/www.cgtaragonlarioja.org\/fedens\/#website"},"primaryImageOfPage":{"@id":"https:\/\/www.cgtaragonlarioja.org\/fedens\/cgt-se-reune-con-el-colegio-de-educadores-sociales\/#primaryimage"},"image":{"@id":"https:\/\/www.cgtaragonlarioja.org\/fedens\/cgt-se-reune-con-el-colegio-de-educadores-sociales\/#primaryimage"},"thumbnailUrl":"https:\/\/www.cgtaragonlarioja.org\/fedens\/files\/2021\/06\/indice.jpg","datePublished":"2021-06-07T13:14:20+00:00","dateModified":"2021-06-07T13:19:27+00:00","description":"CGT traslada al CEES los nuevos retos que la situaci\u00f3n laboral actual tras la reciente publicaci\u00f3n del IV Convenio de protecci\u00f3n y reforma","breadcrumb":{"@id":"https:\/\/www.cgtaragonlarioja.org\/fedens\/cgt-se-reune-con-el-colegio-de-educadores-sociales\/#breadcrumb"},"inLanguage":"es","potentialAction":[{"@type":"ReadAction","target":["https:\/\/www.cgtaragonlarioja.org\/fedens\/cgt-se-reune-con-el-colegio-de-educadores-sociales\/"]}]},{"@type":"ImageObject","inLanguage":"es","@id":"https:\/\/www.cgtaragonlarioja.org\/fedens\/cgt-se-reune-con-el-colegio-de-educadores-sociales\/#primaryimage","url":"https:\/\/www.cgtaragonlarioja.org\/fedens\/files\/2021\/06\/indice.jpg","contentUrl":"https:\/\/www.cgtaragonlarioja.org\/fedens\/files\/2021\/06\/indice.jpg","width":2000,"height":1500},{"@type":"BreadcrumbList","@id":"https:\/\/www.cgtaragonlarioja.org\/fedens\/cgt-se-reune-con-el-colegio-de-educadores-sociales\/#breadcrumb","itemListElement":[{"@type":"ListItem","position":1,"name":"Portada","item":"https:\/\/www.cgtaragonlarioja.org\/fedens\/"},{"@type":"ListItem","position":2,"name":"CGT se reune con el Colegio de Educadores Sociales"}]},{"@type":"WebSite","@id":"https:\/\/www.cgtaragonlarioja.org\/fedens\/#website","url":"https:\/\/www.cgtaragonlarioja.org\/fedens\/","name":"CGT Arag\u00f3n - La Rioja. ENSE\u00d1ANZA","description":"CONTACTAR: Calatayud-Aranda: 654897973 \/ Huesca: 974238404 \/ Teruel: 978619265 \/ Zaragoza: 976922002","publisher":{"@id":"https:\/\/www.cgtaragonlarioja.org\/fedens\/#organization"},"potentialAction":[{"@type":"SearchAction","target":{"@type":"EntryPoint","urlTemplate":"https:\/\/www.cgtaragonlarioja.org\/fedens\/?s={search_term_string}"},"query-input":{"@type":"PropertyValueSpecification","valueRequired":true,"valueName":"search_term_string"}}],"inLanguage":"es"},{"@type":"Organization","@id":"https:\/\/www.cgtaragonlarioja.org\/fedens\/#organization","name":"CGT Arag\u00f3n y La Rioja - Ense\u00f1anza","url":"https:\/\/www.cgtaragonlarioja.org\/fedens\/","logo":{"@type":"ImageObject","inLanguage":"es","@id":"https:\/\/www.cgtaragonlarioja.org\/fedens\/#\/schema\/logo\/image\/","url":"https:\/\/www.cgtaragonlarioja.org\/fedens\/files\/2021\/02\/logo_cgt_ense_huesca_170x250.png","contentUrl":"https:\/\/www.cgtaragonlarioja.org\/fedens\/files\/2021\/02\/logo_cgt_ense_huesca_170x250.png","width":170,"height":250,"caption":"CGT Arag\u00f3n y La Rioja - Ense\u00f1anza"},"image":{"@id":"https:\/\/www.cgtaragonlarioja.org\/fedens\/#\/schema\/logo\/image\/"},"sameAs":["https:\/\/www.facebook.com\/CGTEnseAragon\/","https:\/\/x.com\/CGTeduAragon"]},{"@type":"Person","@id":"https:\/\/www.cgtaragonlarioja.org\/fedens\/#\/schema\/person\/dfa7d1616615d62a6d79c9593aa09fc3","name":"kike","image":{"@type":"ImageObject","inLanguage":"es","@id":"https:\/\/www.cgtaragonlarioja.org\/fedens\/#\/schema\/person\/image\/","url":"https:\/\/secure.gravatar.com\/avatar\/f1c0788a733c3717c5f8c071e064a9c188df22c90b22388027f4ed27abaa4f3b?s=96&d=mm&r=g","contentUrl":"https:\/\/secure.gravatar.com\/avatar\/f1c0788a733c3717c5f8c071e064a9c188df22c90b22388027f4ed27abaa4f3b?s=96&d=mm&r=g","caption":"kike"},"url":"https:\/\/www.cgtaragonlarioja.org\/fedens\/author\/kike\/"}]}},"_links":{"self":[{"href":"https:\/\/www.cgtaragonlarioja.org\/fedens\/wp-json\/wp\/v2\/posts\/12553","targetHints":{"allow":["GET"]}}],"collection":[{"href":"https:\/\/www.cgtaragonlarioja.org\/fedens\/wp-json\/wp\/v2\/posts"}],"about":[{"href":"https:\/\/www.cgtaragonlarioja.org\/fedens\/wp-json\/wp\/v2\/types\/post"}],"author":[{"embeddable":true,"href":"https:\/\/www.cgtaragonlarioja.org\/fedens\/wp-json\/wp\/v2\/users\/486"}],"replies":[{"embeddable":true,"href":"https:\/\/www.cgtaragonlarioja.org\/fedens\/wp-json\/wp\/v2\/comments?post=12553"}],"version-history":[{"count":1,"href":"https:\/\/www.cgtaragonlarioja.org\/fedens\/wp-json\/wp\/v2\/posts\/12553\/revisions"}],"predecessor-version":[{"id":12555,"href":"https:\/\/www.cgtaragonlarioja.org\/fedens\/wp-json\/wp\/v2\/posts\/12553\/revisions\/12555"}],"wp:featuredmedia":[{"embeddable":true,"href":"https:\/\/www.cgtaragonlarioja.org\/fedens\/wp-json\/wp\/v2\/media\/12556"}],"wp:attachment":[{"href":"https:\/\/www.cgtaragonlarioja.org\/fedens\/wp-json\/wp\/v2\/media?parent=12553"}],"wp:term":[{"taxonomy":"category","embeddable":true,"href":"https:\/\/www.cgtaragonlarioja.org\/fedens\/wp-json\/wp\/v2\/categories?post=12553"},{"taxonomy":"post_tag","embeddable":true,"href":"https:\/\/www.cgtaragonlarioja.org\/fedens\/wp-json\/wp\/v2\/tags?post=12553"}],"curies":[{"name":"wp","href":"https:\/\/api.w.org\/{rel}","templated":true}]}}