{"id":12423,"date":"2021-05-18T19:46:47","date_gmt":"2021-05-18T17:46:47","guid":{"rendered":"https:\/\/www.cgtaragonlarioja.org\/fedens\/?p=12423"},"modified":"2021-05-18T20:01:19","modified_gmt":"2021-05-18T18:01:19","slug":"resumen-mesa-sectorial-sobre-prevencion-de-riesgos-laborales","status":"publish","type":"post","link":"https:\/\/www.cgtaragonlarioja.org\/fedens\/resumen-mesa-sectorial-sobre-prevencion-de-riesgos-laborales\/","title":{"rendered":"Resumen Mesa Sectorial sobre Prevenci\u00f3n de Riesgos Laborales"},"content":{"rendered":"<p>Zaragoza, 18 de mayo de 2021<\/p>\n<p>En la ma\u00f1ana de hoy se ha reunido la Mesa Sectorial de educaci\u00f3n compuesta por\u00a0 los sindicatos, Directora General de Personal y el Jefe de Secci\u00f3n de Prevenci\u00f3n de riesgos laborales. Se nos presenta el siguiente orden del d\u00eda:<\/p>\n<p>&nbsp;<\/p>\n<ul>\n<li><strong> Informaci\u00f3n sobre la elaboraci\u00f3n por parte del Departamento de la <em>Orden de distribuci\u00f3n de competencias y responsabilidades en materia de Prevenci\u00f3n de Riesgos Laborales en el Departamento de Educaci\u00f3n, Cultura y Deporte<\/em>. Se adjunta borrador de la misma.<\/strong><\/li>\n<\/ul>\n<p>Toma la palabra la Directora General de Personal para informan que han sido numerosas las incidencias que han tenido con Prevenci\u00f3n de Riesgos Laborales, fundamentalmente por la pandemia de coronavirus. Son conscientes de que llegan tarde, pero que se deben de ir dando pasos, y este es el primero de muchos que se deber\u00edan de dar.<\/p>\n<p>Toma la palabra el Jefe de Secci\u00f3n de Prevenci\u00f3n de Riesgos Laborales y nos presenta la nueva <em>Orden de distribuci\u00f3n de competencias y responsabilidades en materia de Prevenci\u00f3n de Riesgos Laborales en el Departamento de Educaci\u00f3n, Cultura y Deporte<\/em>. Esta normativa se centra en c\u00f3mo se va a estructurar jer\u00e1rquicamente las responsabilidades en materia de prevenci\u00f3n de riesgos dentro de la administraci\u00f3n educativa.<\/p>\n<p>Comenta que no ha hecho ninguna modificaci\u00f3n a propuesta de los sindicatos. En lo que respecta al \u00e1mbito educativo, la Orden adjudica a las direcciones de los centros la m\u00e1xima responsabilidad en cuesti\u00f3n de prevenci\u00f3n de Riesgos Laborales. En una primera ronda de respuestas, los sindicatos aportan sus impresiones:<\/p>\n<p>Desde CGT consideramos que es muy buena noticia que se d\u00e9 inicio al Plan Preventivo, y que dirimiendo responsabilidades dentro de la administraci\u00f3n se da un primer paso para este hecho. Recalcamos que es un aspecto que hab\u00edamos reclamado con insistencia y nos congratulamos de que, al fin, la administraci\u00f3n inicie la aplicaci\u00f3n de la Ley de Prevenci\u00f3n de Riesgos Laborales de 1995. Para CGT-Ense\u00f1anza esta Orden permite tres lecturas:<\/p>\n<ol>\n<li>Es un elemento que llega con 25 a\u00f1os de retraso, una se\u00f1al inequ\u00edvoca del proceso de degradaci\u00f3n que ha experimentado la educaci\u00f3n p\u00fablica en el \u00faltimo cuarto de siglo y el evidente desinter\u00e9s del Departamento y la administraci\u00f3n en la Prevenci\u00f3n de los Riesgos Laborales en el \u00e1mbito educativo.<\/li>\n<li>En un momento tan cr\u00edtico como el vivido por la pandemia, el profesorado ha estado expuesto a riesgos muy importantes sin que hubiera una m\u00ednima preparaci\u00f3n para afrontarlos. No se han adaptado puestos de trabajo y no se ha dotado a los trabajadores y trabajadoras de los materiales de seguridad suficientes.<\/li>\n<\/ol>\n<p>Por \u00faltimo, hay que aplicar esta norma con celeridad y dar forma a un Plan Preventivo para evitar situaciones que se est\u00e1n reiterando hoy en d\u00eda en las aulas aragonesas. Por ejemplo:<\/p>\n<ul>\n<li style=\"list-style-type: none\">\n<ul>\n<li>Incumplimiento de las resoluciones de adaptaci\u00f3n.<\/li>\n<li>Dar una respuesta adecuada a las personas que acceden a la funci\u00f3n docente a trav\u00e9s del turno de discapacidad.<\/li>\n<li>Investigar de una manera contundente los accidentes ocurridos en diferentes puestos de trabajo.<\/li>\n<li>Aportar una formaci\u00f3n obligatoria en prevenci\u00f3n de riesgos para crear una cultura preventiva entre el colectivo docente en esta materia.<\/li>\n<li>Facilitar el acceso a la informaci\u00f3n a los representantes sindicales para acabar con esa pol\u00edtica de oscurantismo que se han vivido estos \u00faltimos a\u00f1os y que se ha potenciado durante la pandemia.<\/li>\n<\/ul>\n<\/li>\n<\/ul>\n<p>Por \u00faltimo, se\u00f1alamos que falta mucho trabajo por hacer, que para implementar una acci\u00f3n preventiva importante debe de haber voluntad pol\u00edtica y hacer una fuerte inversi\u00f3n de medios. Adem\u00e1s, si directores y directoras van a asumir una mayor carga burocr\u00e1tica y de responsabilidad (realmente ya la ten\u00edan sin saberlo, algo que era muy grave), deber\u00edan de ser liberados de carga lectiva o de otras tareas.<\/p>\n<p>En este momento toma la palabra la persona responsable de seguridad de Funci\u00f3n P\u00fablica. Explica que est\u00e1n trabajando en el Plan Preventivo para todo el personal de la Administraci\u00f3n de la DGA, que son conscientes de las carencias pero que van intentar dar forma a toda la estructura de la funci\u00f3n p\u00fablica aragonesa.<\/p>\n<ul>\n<li><strong> Ruegos y preguntas<\/strong><\/li>\n<\/ul>\n<p>Desde CGT se\u00f1alamos que en materia preventiva la responsabilidad es de la administraci\u00f3n, pero que los sindicatos somos corresponsables. Si la situaci\u00f3n es tan precaria no s\u00f3lo ha sido culpa de la administraci\u00f3n, que tambi\u00e9n los sindicatos deber\u00edamos presionar mucho m\u00e1s porque es nuestra responsabilidad. As\u00ed lo entendemos y as\u00ed lo hemos venido practicando desde CGT.<\/p>\n<p><a href=\"https:\/\/www.cgtaragonlarioja.org\/fedens\/files\/2021\/05\/18-05-2021-Resumen-mesa-sectorial..pdf\" target=\"_blank\" rel=\"noopener\"><img loading=\"lazy\" decoding=\"async\" class=\"alignnone size-medium wp-image-12425\" src=\"https:\/\/www.cgtaragonlarioja.org\/fedens\/files\/2021\/05\/Prevencion-188x300.jpg\" alt=\"\" width=\"188\" height=\"300\" srcset=\"https:\/\/www.cgtaragonlarioja.org\/fedens\/files\/2021\/05\/Prevencion-188x300.jpg 188w, https:\/\/www.cgtaragonlarioja.org\/fedens\/files\/2021\/05\/Prevencion.jpg 496w\" sizes=\"auto, (max-width: 188px) 100vw, 188px\" \/><\/a><\/p>\n","protected":false},"excerpt":{"rendered":"<p>Zaragoza, 18 de mayo de 2021 En la ma\u00f1ana de hoy se ha reunido la<\/p>\n","protected":false},"author":854,"featured_media":10326,"comment_status":"open","ping_status":"open","sticky":false,"template":"","format":"standard","meta":{"footnotes":""},"categories":[508,480],"tags":[],"class_list":["post-12423","post","type-post","status-publish","format-standard","has-post-thumbnail","hentry","category-mesas-sectoriales-tecnicas","category-noticias"],"yoast_head":"<!-- This site is optimized with the Yoast SEO plugin v26.7 - https:\/\/yoast.com\/wordpress\/plugins\/seo\/ -->\n<title>Resumen Mesa Sectorial sobre Prevenci\u00f3n de Riesgos Laborales<\/title>\n<meta name=\"description\" content=\"Zaragoza, 18 de mayo de 2021 En la ma\u00f1ana de hoy se ha reunido la Mesa Sectorial de educaci\u00f3n compuesta por\u00a0 los sindicatos, Directora General de Personal\" \/>\n<meta name=\"robots\" content=\"index, follow, max-snippet:-1, max-image-preview:large, max-video-preview:-1\" \/>\n<link rel=\"canonical\" href=\"https:\/\/www.cgtaragonlarioja.org\/fedens\/resumen-mesa-sectorial-sobre-prevencion-de-riesgos-laborales\/\" \/>\n<meta property=\"og:locale\" content=\"es_ES\" \/>\n<meta property=\"og:type\" content=\"article\" \/>\n<meta property=\"og:title\" content=\"Resumen Mesa Sectorial sobre Prevenci\u00f3n de Riesgos Laborales\" \/>\n<meta property=\"og:description\" content=\"Zaragoza, 18 de mayo de 2021 En la ma\u00f1ana de hoy se ha reunido la Mesa Sectorial de educaci\u00f3n compuesta por\u00a0 los sindicatos, Directora General de Personal\" \/>\n<meta property=\"og:url\" content=\"https:\/\/www.cgtaragonlarioja.org\/fedens\/resumen-mesa-sectorial-sobre-prevencion-de-riesgos-laborales\/\" \/>\n<meta property=\"og:site_name\" content=\"CGT Arag\u00f3n - La Rioja. ENSE\u00d1ANZA\" \/>\n<meta property=\"article:publisher\" content=\"https:\/\/www.facebook.com\/CGTEnseAragon\/\" \/>\n<meta property=\"article:published_time\" content=\"2021-05-18T17:46:47+00:00\" \/>\n<meta property=\"article:modified_time\" content=\"2021-05-18T18:01:19+00:00\" \/>\n<meta property=\"og:image\" content=\"https:\/\/www.cgtaragonlarioja.org\/fedens\/files\/2020\/06\/Imagen_mesa_sectorial.png\" \/>\n\t<meta property=\"og:image:width\" content=\"220\" \/>\n\t<meta property=\"og:image:height\" content=\"229\" \/>\n\t<meta property=\"og:image:type\" content=\"image\/png\" \/>\n<meta name=\"author\" content=\"CGT Ense\u00f1anza Arag\u00f3n\" \/>\n<meta name=\"twitter:card\" content=\"summary_large_image\" \/>\n<meta name=\"twitter:creator\" content=\"@CGTeduAragon\" \/>\n<meta name=\"twitter:site\" content=\"@CGTeduAragon\" \/>\n<meta name=\"twitter:label1\" content=\"Escrito por\" \/>\n\t<meta name=\"twitter:data1\" content=\"CGT Ense\u00f1anza Arag\u00f3n\" \/>\n\t<meta name=\"twitter:label2\" content=\"Tiempo de lectura\" \/>\n\t<meta name=\"twitter:data2\" content=\"4 minutos\" \/>\n<script type=\"application\/ld+json\" class=\"yoast-schema-graph\">{\"@context\":\"https:\/\/schema.org\",\"@graph\":[{\"@type\":\"Article\",\"@id\":\"https:\/\/www.cgtaragonlarioja.org\/fedens\/resumen-mesa-sectorial-sobre-prevencion-de-riesgos-laborales\/#article\",\"isPartOf\":{\"@id\":\"https:\/\/www.cgtaragonlarioja.org\/fedens\/resumen-mesa-sectorial-sobre-prevencion-de-riesgos-laborales\/\"},\"author\":{\"name\":\"CGT Ense\u00f1anza Arag\u00f3n\",\"@id\":\"https:\/\/www.cgtaragonlarioja.org\/fedens\/#\/schema\/person\/f577cbf9ee1fb7519bfd883ac4f4032f\"},\"headline\":\"Resumen Mesa Sectorial sobre Prevenci\u00f3n de Riesgos Laborales\",\"datePublished\":\"2021-05-18T17:46:47+00:00\",\"dateModified\":\"2021-05-18T18:01:19+00:00\",\"mainEntityOfPage\":{\"@id\":\"https:\/\/www.cgtaragonlarioja.org\/fedens\/resumen-mesa-sectorial-sobre-prevencion-de-riesgos-laborales\/\"},\"wordCount\":801,\"commentCount\":0,\"publisher\":{\"@id\":\"https:\/\/www.cgtaragonlarioja.org\/fedens\/#organization\"},\"image\":{\"@id\":\"https:\/\/www.cgtaragonlarioja.org\/fedens\/resumen-mesa-sectorial-sobre-prevencion-de-riesgos-laborales\/#primaryimage\"},\"thumbnailUrl\":\"https:\/\/www.cgtaragonlarioja.org\/fedens\/files\/2020\/06\/Imagen_mesa_sectorial.png\",\"articleSection\":[\"Mesas sectoriales-t\u00e9cnicas\",\"Noticias\"],\"inLanguage\":\"es\",\"potentialAction\":[{\"@type\":\"CommentAction\",\"name\":\"Comment\",\"target\":[\"https:\/\/www.cgtaragonlarioja.org\/fedens\/resumen-mesa-sectorial-sobre-prevencion-de-riesgos-laborales\/#respond\"]}]},{\"@type\":\"WebPage\",\"@id\":\"https:\/\/www.cgtaragonlarioja.org\/fedens\/resumen-mesa-sectorial-sobre-prevencion-de-riesgos-laborales\/\",\"url\":\"https:\/\/www.cgtaragonlarioja.org\/fedens\/resumen-mesa-sectorial-sobre-prevencion-de-riesgos-laborales\/\",\"name\":\"Resumen Mesa Sectorial sobre Prevenci\u00f3n de Riesgos Laborales\",\"isPartOf\":{\"@id\":\"https:\/\/www.cgtaragonlarioja.org\/fedens\/#website\"},\"primaryImageOfPage\":{\"@id\":\"https:\/\/www.cgtaragonlarioja.org\/fedens\/resumen-mesa-sectorial-sobre-prevencion-de-riesgos-laborales\/#primaryimage\"},\"image\":{\"@id\":\"https:\/\/www.cgtaragonlarioja.org\/fedens\/resumen-mesa-sectorial-sobre-prevencion-de-riesgos-laborales\/#primaryimage\"},\"thumbnailUrl\":\"https:\/\/www.cgtaragonlarioja.org\/fedens\/files\/2020\/06\/Imagen_mesa_sectorial.png\",\"datePublished\":\"2021-05-18T17:46:47+00:00\",\"dateModified\":\"2021-05-18T18:01:19+00:00\",\"description\":\"Zaragoza, 18 de mayo de 2021 En la ma\u00f1ana de hoy se ha reunido la Mesa Sectorial de educaci\u00f3n compuesta por\u00a0 los sindicatos, Directora General de Personal\",\"breadcrumb\":{\"@id\":\"https:\/\/www.cgtaragonlarioja.org\/fedens\/resumen-mesa-sectorial-sobre-prevencion-de-riesgos-laborales\/#breadcrumb\"},\"inLanguage\":\"es\",\"potentialAction\":[{\"@type\":\"ReadAction\",\"target\":[\"https:\/\/www.cgtaragonlarioja.org\/fedens\/resumen-mesa-sectorial-sobre-prevencion-de-riesgos-laborales\/\"]}]},{\"@type\":\"ImageObject\",\"inLanguage\":\"es\",\"@id\":\"https:\/\/www.cgtaragonlarioja.org\/fedens\/resumen-mesa-sectorial-sobre-prevencion-de-riesgos-laborales\/#primaryimage\",\"url\":\"https:\/\/www.cgtaragonlarioja.org\/fedens\/files\/2020\/06\/Imagen_mesa_sectorial.png\",\"contentUrl\":\"https:\/\/www.cgtaragonlarioja.org\/fedens\/files\/2020\/06\/Imagen_mesa_sectorial.png\",\"width\":220,\"height\":229,\"caption\":\"Imagen_mesa_sectorial.png\"},{\"@type\":\"BreadcrumbList\",\"@id\":\"https:\/\/www.cgtaragonlarioja.org\/fedens\/resumen-mesa-sectorial-sobre-prevencion-de-riesgos-laborales\/#breadcrumb\",\"itemListElement\":[{\"@type\":\"ListItem\",\"position\":1,\"name\":\"Portada\",\"item\":\"https:\/\/www.cgtaragonlarioja.org\/fedens\/\"},{\"@type\":\"ListItem\",\"position\":2,\"name\":\"Resumen Mesa Sectorial sobre Prevenci\u00f3n de Riesgos Laborales\"}]},{\"@type\":\"WebSite\",\"@id\":\"https:\/\/www.cgtaragonlarioja.org\/fedens\/#website\",\"url\":\"https:\/\/www.cgtaragonlarioja.org\/fedens\/\",\"name\":\"CGT Arag\u00f3n - La Rioja. ENSE\u00d1ANZA\",\"description\":\"CONTACTAR: Calatayud-Aranda: 654897973 \/ Huesca: 974238404 \/ Teruel: 978619265 \/ Zaragoza: 976922002\",\"publisher\":{\"@id\":\"https:\/\/www.cgtaragonlarioja.org\/fedens\/#organization\"},\"potentialAction\":[{\"@type\":\"SearchAction\",\"target\":{\"@type\":\"EntryPoint\",\"urlTemplate\":\"https:\/\/www.cgtaragonlarioja.org\/fedens\/?s={search_term_string}\"},\"query-input\":{\"@type\":\"PropertyValueSpecification\",\"valueRequired\":true,\"valueName\":\"search_term_string\"}}],\"inLanguage\":\"es\"},{\"@type\":\"Organization\",\"@id\":\"https:\/\/www.cgtaragonlarioja.org\/fedens\/#organization\",\"name\":\"CGT Arag\u00f3n y La Rioja - Ense\u00f1anza\",\"url\":\"https:\/\/www.cgtaragonlarioja.org\/fedens\/\",\"logo\":{\"@type\":\"ImageObject\",\"inLanguage\":\"es\",\"@id\":\"https:\/\/www.cgtaragonlarioja.org\/fedens\/#\/schema\/logo\/image\/\",\"url\":\"https:\/\/www.cgtaragonlarioja.org\/fedens\/files\/2021\/02\/logo_cgt_ense_huesca_170x250.png\",\"contentUrl\":\"https:\/\/www.cgtaragonlarioja.org\/fedens\/files\/2021\/02\/logo_cgt_ense_huesca_170x250.png\",\"width\":170,\"height\":250,\"caption\":\"CGT Arag\u00f3n y La Rioja - Ense\u00f1anza\"},\"image\":{\"@id\":\"https:\/\/www.cgtaragonlarioja.org\/fedens\/#\/schema\/logo\/image\/\"},\"sameAs\":[\"https:\/\/www.facebook.com\/CGTEnseAragon\/\",\"https:\/\/x.com\/CGTeduAragon\"]},{\"@type\":\"Person\",\"@id\":\"https:\/\/www.cgtaragonlarioja.org\/fedens\/#\/schema\/person\/f577cbf9ee1fb7519bfd883ac4f4032f\",\"name\":\"CGT Ense\u00f1anza Arag\u00f3n\",\"image\":{\"@type\":\"ImageObject\",\"inLanguage\":\"es\",\"@id\":\"https:\/\/www.cgtaragonlarioja.org\/fedens\/#\/schema\/person\/image\/\",\"url\":\"https:\/\/secure.gravatar.com\/avatar\/6591cafae8da970274bd48ef06b7f86ae2c2ba705fb2cdafa9b5f7f48c95a765?s=96&d=mm&r=g\",\"contentUrl\":\"https:\/\/secure.gravatar.com\/avatar\/6591cafae8da970274bd48ef06b7f86ae2c2ba705fb2cdafa9b5f7f48c95a765?s=96&d=mm&r=g\",\"caption\":\"CGT Ense\u00f1anza Arag\u00f3n\"},\"url\":\"https:\/\/www.cgtaragonlarioja.org\/fedens\/author\/fasecgt\/\"}]}<\/script>\n<!-- \/ Yoast SEO plugin. -->","yoast_head_json":{"title":"Resumen Mesa Sectorial sobre Prevenci\u00f3n de Riesgos Laborales","description":"Zaragoza, 18 de mayo de 2021 En la ma\u00f1ana de hoy se ha reunido la Mesa Sectorial de educaci\u00f3n compuesta por\u00a0 los sindicatos, Directora General de Personal","robots":{"index":"index","follow":"follow","max-snippet":"max-snippet:-1","max-image-preview":"max-image-preview:large","max-video-preview":"max-video-preview:-1"},"canonical":"https:\/\/www.cgtaragonlarioja.org\/fedens\/resumen-mesa-sectorial-sobre-prevencion-de-riesgos-laborales\/","og_locale":"es_ES","og_type":"article","og_title":"Resumen Mesa Sectorial sobre Prevenci\u00f3n de Riesgos Laborales","og_description":"Zaragoza, 18 de mayo de 2021 En la ma\u00f1ana de hoy se ha reunido la Mesa Sectorial de educaci\u00f3n compuesta por\u00a0 los sindicatos, Directora General de Personal","og_url":"https:\/\/www.cgtaragonlarioja.org\/fedens\/resumen-mesa-sectorial-sobre-prevencion-de-riesgos-laborales\/","og_site_name":"CGT Arag\u00f3n - La Rioja. ENSE\u00d1ANZA","article_publisher":"https:\/\/www.facebook.com\/CGTEnseAragon\/","article_published_time":"2021-05-18T17:46:47+00:00","article_modified_time":"2021-05-18T18:01:19+00:00","og_image":[{"width":220,"height":229,"url":"https:\/\/www.cgtaragonlarioja.org\/fedens\/files\/2020\/06\/Imagen_mesa_sectorial.png","type":"image\/png"}],"author":"CGT Ense\u00f1anza Arag\u00f3n","twitter_card":"summary_large_image","twitter_creator":"@CGTeduAragon","twitter_site":"@CGTeduAragon","twitter_misc":{"Escrito por":"CGT Ense\u00f1anza Arag\u00f3n","Tiempo de lectura":"4 minutos"},"schema":{"@context":"https:\/\/schema.org","@graph":[{"@type":"Article","@id":"https:\/\/www.cgtaragonlarioja.org\/fedens\/resumen-mesa-sectorial-sobre-prevencion-de-riesgos-laborales\/#article","isPartOf":{"@id":"https:\/\/www.cgtaragonlarioja.org\/fedens\/resumen-mesa-sectorial-sobre-prevencion-de-riesgos-laborales\/"},"author":{"name":"CGT Ense\u00f1anza Arag\u00f3n","@id":"https:\/\/www.cgtaragonlarioja.org\/fedens\/#\/schema\/person\/f577cbf9ee1fb7519bfd883ac4f4032f"},"headline":"Resumen Mesa Sectorial sobre Prevenci\u00f3n de Riesgos Laborales","datePublished":"2021-05-18T17:46:47+00:00","dateModified":"2021-05-18T18:01:19+00:00","mainEntityOfPage":{"@id":"https:\/\/www.cgtaragonlarioja.org\/fedens\/resumen-mesa-sectorial-sobre-prevencion-de-riesgos-laborales\/"},"wordCount":801,"commentCount":0,"publisher":{"@id":"https:\/\/www.cgtaragonlarioja.org\/fedens\/#organization"},"image":{"@id":"https:\/\/www.cgtaragonlarioja.org\/fedens\/resumen-mesa-sectorial-sobre-prevencion-de-riesgos-laborales\/#primaryimage"},"thumbnailUrl":"https:\/\/www.cgtaragonlarioja.org\/fedens\/files\/2020\/06\/Imagen_mesa_sectorial.png","articleSection":["Mesas sectoriales-t\u00e9cnicas","Noticias"],"inLanguage":"es","potentialAction":[{"@type":"CommentAction","name":"Comment","target":["https:\/\/www.cgtaragonlarioja.org\/fedens\/resumen-mesa-sectorial-sobre-prevencion-de-riesgos-laborales\/#respond"]}]},{"@type":"WebPage","@id":"https:\/\/www.cgtaragonlarioja.org\/fedens\/resumen-mesa-sectorial-sobre-prevencion-de-riesgos-laborales\/","url":"https:\/\/www.cgtaragonlarioja.org\/fedens\/resumen-mesa-sectorial-sobre-prevencion-de-riesgos-laborales\/","name":"Resumen Mesa Sectorial sobre Prevenci\u00f3n de Riesgos Laborales","isPartOf":{"@id":"https:\/\/www.cgtaragonlarioja.org\/fedens\/#website"},"primaryImageOfPage":{"@id":"https:\/\/www.cgtaragonlarioja.org\/fedens\/resumen-mesa-sectorial-sobre-prevencion-de-riesgos-laborales\/#primaryimage"},"image":{"@id":"https:\/\/www.cgtaragonlarioja.org\/fedens\/resumen-mesa-sectorial-sobre-prevencion-de-riesgos-laborales\/#primaryimage"},"thumbnailUrl":"https:\/\/www.cgtaragonlarioja.org\/fedens\/files\/2020\/06\/Imagen_mesa_sectorial.png","datePublished":"2021-05-18T17:46:47+00:00","dateModified":"2021-05-18T18:01:19+00:00","description":"Zaragoza, 18 de mayo de 2021 En la ma\u00f1ana de hoy se ha reunido la Mesa Sectorial de educaci\u00f3n compuesta por\u00a0 los sindicatos, Directora General de Personal","breadcrumb":{"@id":"https:\/\/www.cgtaragonlarioja.org\/fedens\/resumen-mesa-sectorial-sobre-prevencion-de-riesgos-laborales\/#breadcrumb"},"inLanguage":"es","potentialAction":[{"@type":"ReadAction","target":["https:\/\/www.cgtaragonlarioja.org\/fedens\/resumen-mesa-sectorial-sobre-prevencion-de-riesgos-laborales\/"]}]},{"@type":"ImageObject","inLanguage":"es","@id":"https:\/\/www.cgtaragonlarioja.org\/fedens\/resumen-mesa-sectorial-sobre-prevencion-de-riesgos-laborales\/#primaryimage","url":"https:\/\/www.cgtaragonlarioja.org\/fedens\/files\/2020\/06\/Imagen_mesa_sectorial.png","contentUrl":"https:\/\/www.cgtaragonlarioja.org\/fedens\/files\/2020\/06\/Imagen_mesa_sectorial.png","width":220,"height":229,"caption":"Imagen_mesa_sectorial.png"},{"@type":"BreadcrumbList","@id":"https:\/\/www.cgtaragonlarioja.org\/fedens\/resumen-mesa-sectorial-sobre-prevencion-de-riesgos-laborales\/#breadcrumb","itemListElement":[{"@type":"ListItem","position":1,"name":"Portada","item":"https:\/\/www.cgtaragonlarioja.org\/fedens\/"},{"@type":"ListItem","position":2,"name":"Resumen Mesa Sectorial sobre Prevenci\u00f3n de Riesgos Laborales"}]},{"@type":"WebSite","@id":"https:\/\/www.cgtaragonlarioja.org\/fedens\/#website","url":"https:\/\/www.cgtaragonlarioja.org\/fedens\/","name":"CGT Arag\u00f3n - La Rioja. ENSE\u00d1ANZA","description":"CONTACTAR: Calatayud-Aranda: 654897973 \/ Huesca: 974238404 \/ Teruel: 978619265 \/ Zaragoza: 976922002","publisher":{"@id":"https:\/\/www.cgtaragonlarioja.org\/fedens\/#organization"},"potentialAction":[{"@type":"SearchAction","target":{"@type":"EntryPoint","urlTemplate":"https:\/\/www.cgtaragonlarioja.org\/fedens\/?s={search_term_string}"},"query-input":{"@type":"PropertyValueSpecification","valueRequired":true,"valueName":"search_term_string"}}],"inLanguage":"es"},{"@type":"Organization","@id":"https:\/\/www.cgtaragonlarioja.org\/fedens\/#organization","name":"CGT Arag\u00f3n y La Rioja - Ense\u00f1anza","url":"https:\/\/www.cgtaragonlarioja.org\/fedens\/","logo":{"@type":"ImageObject","inLanguage":"es","@id":"https:\/\/www.cgtaragonlarioja.org\/fedens\/#\/schema\/logo\/image\/","url":"https:\/\/www.cgtaragonlarioja.org\/fedens\/files\/2021\/02\/logo_cgt_ense_huesca_170x250.png","contentUrl":"https:\/\/www.cgtaragonlarioja.org\/fedens\/files\/2021\/02\/logo_cgt_ense_huesca_170x250.png","width":170,"height":250,"caption":"CGT Arag\u00f3n y La Rioja - Ense\u00f1anza"},"image":{"@id":"https:\/\/www.cgtaragonlarioja.org\/fedens\/#\/schema\/logo\/image\/"},"sameAs":["https:\/\/www.facebook.com\/CGTEnseAragon\/","https:\/\/x.com\/CGTeduAragon"]},{"@type":"Person","@id":"https:\/\/www.cgtaragonlarioja.org\/fedens\/#\/schema\/person\/f577cbf9ee1fb7519bfd883ac4f4032f","name":"CGT Ense\u00f1anza Arag\u00f3n","image":{"@type":"ImageObject","inLanguage":"es","@id":"https:\/\/www.cgtaragonlarioja.org\/fedens\/#\/schema\/person\/image\/","url":"https:\/\/secure.gravatar.com\/avatar\/6591cafae8da970274bd48ef06b7f86ae2c2ba705fb2cdafa9b5f7f48c95a765?s=96&d=mm&r=g","contentUrl":"https:\/\/secure.gravatar.com\/avatar\/6591cafae8da970274bd48ef06b7f86ae2c2ba705fb2cdafa9b5f7f48c95a765?s=96&d=mm&r=g","caption":"CGT Ense\u00f1anza Arag\u00f3n"},"url":"https:\/\/www.cgtaragonlarioja.org\/fedens\/author\/fasecgt\/"}]}},"_links":{"self":[{"href":"https:\/\/www.cgtaragonlarioja.org\/fedens\/wp-json\/wp\/v2\/posts\/12423","targetHints":{"allow":["GET"]}}],"collection":[{"href":"https:\/\/www.cgtaragonlarioja.org\/fedens\/wp-json\/wp\/v2\/posts"}],"about":[{"href":"https:\/\/www.cgtaragonlarioja.org\/fedens\/wp-json\/wp\/v2\/types\/post"}],"author":[{"embeddable":true,"href":"https:\/\/www.cgtaragonlarioja.org\/fedens\/wp-json\/wp\/v2\/users\/854"}],"replies":[{"embeddable":true,"href":"https:\/\/www.cgtaragonlarioja.org\/fedens\/wp-json\/wp\/v2\/comments?post=12423"}],"version-history":[{"count":1,"href":"https:\/\/www.cgtaragonlarioja.org\/fedens\/wp-json\/wp\/v2\/posts\/12423\/revisions"}],"predecessor-version":[{"id":12426,"href":"https:\/\/www.cgtaragonlarioja.org\/fedens\/wp-json\/wp\/v2\/posts\/12423\/revisions\/12426"}],"wp:featuredmedia":[{"embeddable":true,"href":"https:\/\/www.cgtaragonlarioja.org\/fedens\/wp-json\/wp\/v2\/media\/10326"}],"wp:attachment":[{"href":"https:\/\/www.cgtaragonlarioja.org\/fedens\/wp-json\/wp\/v2\/media?parent=12423"}],"wp:term":[{"taxonomy":"category","embeddable":true,"href":"https:\/\/www.cgtaragonlarioja.org\/fedens\/wp-json\/wp\/v2\/categories?post=12423"},{"taxonomy":"post_tag","embeddable":true,"href":"https:\/\/www.cgtaragonlarioja.org\/fedens\/wp-json\/wp\/v2\/tags?post=12423"}],"curies":[{"name":"wp","href":"https:\/\/api.w.org\/{rel}","templated":true}]}}