{"id":12391,"date":"2021-05-13T10:50:11","date_gmt":"2021-05-13T08:50:11","guid":{"rendered":"https:\/\/www.cgtaragonlarioja.org\/fedens\/?p=12391"},"modified":"2021-05-13T20:06:39","modified_gmt":"2021-05-13T18:06:39","slug":"situacion-insostenible-en-el-reformatorio","status":"publish","type":"post","link":"https:\/\/www.cgtaragonlarioja.org\/fedens\/situacion-insostenible-en-el-reformatorio\/","title":{"rendered":"Situaci\u00f3n insostenible en el Reformatorio"},"content":{"rendered":"<p><em>La situaci\u00f3n de sobreocupaci\u00f3n, los recortes en las plazas de educadores sociales, contrataci\u00f3n de categor\u00edas profesionales inexistentes\u2026la situaci\u00f3n que se vive en el\u00a0 Centro de Educaci\u00f3n e Internamiento por Medida Judicial no es nueva, se arrastra al menos desde hace 20 a\u00f1os<\/em>.<\/p>\n<p>En los \u00faltimos d\u00edas los y las trabajadoras del \u201cReformatorio\u201d han hecho p\u00fablico la situaci\u00f3n insostenible que se vive en dicho Centro. Con un porcentaje de ocupaci\u00f3n de menores del 130%, con falta de personal, con situaciones conflictivas\u00a0 de agresiones muy graves\u2026situaci\u00f3n que ha llegado incluso a las Cortes de Arag\u00f3n.<\/p>\n<p>Con la entrada en vigor de la Ley del Menor, hace m\u00e1s de 20 a\u00f1os, comenz\u00f3 una situaci\u00f3n conflictiva en el centro entonces ubicado en Valdefierro. La mala gesti\u00f3n de la empresa adjudicataria de la gesti\u00f3n llevo a unas <a href=\"https:\/\/www.elperiodicodearagon.com\/aragon\/2003\/09\/15\/educadores-san-jorge-huelga-48294855.html\">movilizaciones importantes por la plantilla<\/a> e incluso a una resoluci\u00f3n en 2004 de hacer p\u00fablico el servicio, algo que nunca lleg\u00f3 a ocurrir. La externalizaci\u00f3n de este servicio lleva a que cada poco tiempo nos encontremos en situaciones como la actual denunciada por los y las trabajadoras.<\/p>\n<p>La falta de personal, ante el aumento de la ocupaci\u00f3n de menores, impide poder realizar en unas condiciones m\u00ednimas el trabajo de la plantilla, no pudiendo, por ejemplo, llevar a cabo las intervenciones\u00a0 psicoterap\u00e9uticas con los y las menores con problemas de salud mental.<\/p>\n<p>Ante esta situaci\u00f3n el Comit\u00e9 de Empresa solicit\u00f3 a FAIM (empresa externa encargada de la gesti\u00f3n) y al IASS la contrataci\u00f3n de 10 profesionales de distinto perfil profesional para poder abordar la situaci\u00f3n con unas garant\u00edas m\u00ednimas. En la pr\u00e1ctica ser\u00eda volver a la plantilla existente antes de 2006, a\u00f1o en que hubo una importante merma, recorte, en dicha plantilla.<\/p>\n<p>La respuesta de la Administraci\u00f3n, a entender de este sindicato, es cuando menos decepcionante. Se ha procedido a contratar a 3 educador@s sociales pero solo al 75% de jornada y ha llegado a proponer la contrataci\u00f3n de la figura de la contrataci\u00f3n de Auxiliares T\u00e9cnicos Educativos; categor\u00eda profesional que no existe y que el propio IASS extingui\u00f3 en 2006.<\/p>\n<p>Desde CGT, como sindicato mayoritario en el \u00e1mbito de la educaci\u00f3n e intervenci\u00f3n social, exigimos a la Consejera Mar\u00eda Victoria Broto que afronte de una vez por todas la situaci\u00f3n del Centro de Menores y que acabe con la pol\u00edtica de parches. As\u00ed mismo, desde esta organizaci\u00f3n sindical apoyaremos y participaremos en todas las movilizaciones que convoquen los y las trabajadoras del Centro<\/p>\n","protected":false},"excerpt":{"rendered":"<p>La situaci\u00f3n de sobreocupaci\u00f3n, los recortes en las plazas de educadores sociales, contrataci\u00f3n de categor\u00edas<\/p>\n","protected":false},"author":486,"featured_media":12401,"comment_status":"open","ping_status":"open","sticky":false,"template":"","format":"standard","meta":{"footnotes":""},"categories":[506,480],"tags":[],"class_list":["post-12391","post","type-post","status-publish","format-standard","has-post-thumbnail","hentry","category-educacion-social","category-noticias"],"yoast_head":"<!-- This site is optimized with the Yoast SEO plugin v26.7 - https:\/\/yoast.com\/wordpress\/plugins\/seo\/ -->\n<title>Situaci\u00f3n insostenible en el Reformatorio<\/title>\n<meta name=\"description\" content=\"La situaci\u00f3n de sobreocupaci\u00f3n, los recortes en las plazas de educadores sociales.La situaci\u00f3n que se vive en el\u00a0Reformatorio no es nueva,\" \/>\n<meta name=\"robots\" content=\"index, follow, max-snippet:-1, max-image-preview:large, max-video-preview:-1\" \/>\n<link rel=\"canonical\" href=\"https:\/\/www.cgtaragonlarioja.org\/fedens\/situacion-insostenible-en-el-reformatorio\/\" \/>\n<meta property=\"og:locale\" content=\"es_ES\" \/>\n<meta property=\"og:type\" content=\"article\" \/>\n<meta property=\"og:title\" content=\"Situaci\u00f3n insostenible en el Reformatorio\" \/>\n<meta property=\"og:description\" content=\"La situaci\u00f3n de sobreocupaci\u00f3n, los recortes en las plazas de educadores sociales.La situaci\u00f3n que se vive en el\u00a0Reformatorio no es nueva,\" \/>\n<meta property=\"og:url\" content=\"https:\/\/www.cgtaragonlarioja.org\/fedens\/situacion-insostenible-en-el-reformatorio\/\" \/>\n<meta property=\"og:site_name\" content=\"CGT Arag\u00f3n - La Rioja. ENSE\u00d1ANZA\" \/>\n<meta property=\"article:publisher\" content=\"https:\/\/www.facebook.com\/CGTEnseAragon\/\" \/>\n<meta property=\"article:published_time\" content=\"2021-05-13T08:50:11+00:00\" \/>\n<meta property=\"article:modified_time\" content=\"2021-05-13T18:06:39+00:00\" \/>\n<meta property=\"og:image\" content=\"https:\/\/www.cgtaragonlarioja.org\/fedens\/files\/2021\/05\/reformatorio_57466f0d.jpg\" \/>\n\t<meta property=\"og:image:width\" content=\"1200\" \/>\n\t<meta property=\"og:image:height\" content=\"675\" \/>\n\t<meta property=\"og:image:type\" content=\"image\/jpeg\" \/>\n<meta name=\"author\" content=\"kike\" \/>\n<meta name=\"twitter:card\" content=\"summary_large_image\" \/>\n<meta name=\"twitter:creator\" content=\"@CGTeduAragon\" \/>\n<meta name=\"twitter:site\" content=\"@CGTeduAragon\" \/>\n<meta name=\"twitter:label1\" content=\"Escrito por\" \/>\n\t<meta name=\"twitter:data1\" content=\"kike\" \/>\n\t<meta name=\"twitter:label2\" content=\"Tiempo de lectura\" \/>\n\t<meta name=\"twitter:data2\" content=\"2 minutos\" \/>\n<script type=\"application\/ld+json\" class=\"yoast-schema-graph\">{\"@context\":\"https:\/\/schema.org\",\"@graph\":[{\"@type\":\"Article\",\"@id\":\"https:\/\/www.cgtaragonlarioja.org\/fedens\/situacion-insostenible-en-el-reformatorio\/#article\",\"isPartOf\":{\"@id\":\"https:\/\/www.cgtaragonlarioja.org\/fedens\/situacion-insostenible-en-el-reformatorio\/\"},\"author\":{\"name\":\"kike\",\"@id\":\"https:\/\/www.cgtaragonlarioja.org\/fedens\/#\/schema\/person\/dfa7d1616615d62a6d79c9593aa09fc3\"},\"headline\":\"Situaci\u00f3n insostenible en el Reformatorio\",\"datePublished\":\"2021-05-13T08:50:11+00:00\",\"dateModified\":\"2021-05-13T18:06:39+00:00\",\"mainEntityOfPage\":{\"@id\":\"https:\/\/www.cgtaragonlarioja.org\/fedens\/situacion-insostenible-en-el-reformatorio\/\"},\"wordCount\":449,\"commentCount\":0,\"publisher\":{\"@id\":\"https:\/\/www.cgtaragonlarioja.org\/fedens\/#organization\"},\"image\":{\"@id\":\"https:\/\/www.cgtaragonlarioja.org\/fedens\/situacion-insostenible-en-el-reformatorio\/#primaryimage\"},\"thumbnailUrl\":\"https:\/\/www.cgtaragonlarioja.org\/fedens\/files\/2021\/05\/reformatorio_57466f0d.jpg\",\"articleSection\":[\"Educaci\u00f3n Social\",\"Noticias\"],\"inLanguage\":\"es\",\"potentialAction\":[{\"@type\":\"CommentAction\",\"name\":\"Comment\",\"target\":[\"https:\/\/www.cgtaragonlarioja.org\/fedens\/situacion-insostenible-en-el-reformatorio\/#respond\"]}]},{\"@type\":\"WebPage\",\"@id\":\"https:\/\/www.cgtaragonlarioja.org\/fedens\/situacion-insostenible-en-el-reformatorio\/\",\"url\":\"https:\/\/www.cgtaragonlarioja.org\/fedens\/situacion-insostenible-en-el-reformatorio\/\",\"name\":\"Situaci\u00f3n insostenible en el Reformatorio\",\"isPartOf\":{\"@id\":\"https:\/\/www.cgtaragonlarioja.org\/fedens\/#website\"},\"primaryImageOfPage\":{\"@id\":\"https:\/\/www.cgtaragonlarioja.org\/fedens\/situacion-insostenible-en-el-reformatorio\/#primaryimage\"},\"image\":{\"@id\":\"https:\/\/www.cgtaragonlarioja.org\/fedens\/situacion-insostenible-en-el-reformatorio\/#primaryimage\"},\"thumbnailUrl\":\"https:\/\/www.cgtaragonlarioja.org\/fedens\/files\/2021\/05\/reformatorio_57466f0d.jpg\",\"datePublished\":\"2021-05-13T08:50:11+00:00\",\"dateModified\":\"2021-05-13T18:06:39+00:00\",\"description\":\"La situaci\u00f3n de sobreocupaci\u00f3n, los recortes en las plazas de educadores sociales.La situaci\u00f3n que se vive en el\u00a0Reformatorio no es nueva,\",\"breadcrumb\":{\"@id\":\"https:\/\/www.cgtaragonlarioja.org\/fedens\/situacion-insostenible-en-el-reformatorio\/#breadcrumb\"},\"inLanguage\":\"es\",\"potentialAction\":[{\"@type\":\"ReadAction\",\"target\":[\"https:\/\/www.cgtaragonlarioja.org\/fedens\/situacion-insostenible-en-el-reformatorio\/\"]}]},{\"@type\":\"ImageObject\",\"inLanguage\":\"es\",\"@id\":\"https:\/\/www.cgtaragonlarioja.org\/fedens\/situacion-insostenible-en-el-reformatorio\/#primaryimage\",\"url\":\"https:\/\/www.cgtaragonlarioja.org\/fedens\/files\/2021\/05\/reformatorio_57466f0d.jpg\",\"contentUrl\":\"https:\/\/www.cgtaragonlarioja.org\/fedens\/files\/2021\/05\/reformatorio_57466f0d.jpg\",\"width\":1200,\"height\":675},{\"@type\":\"BreadcrumbList\",\"@id\":\"https:\/\/www.cgtaragonlarioja.org\/fedens\/situacion-insostenible-en-el-reformatorio\/#breadcrumb\",\"itemListElement\":[{\"@type\":\"ListItem\",\"position\":1,\"name\":\"Portada\",\"item\":\"https:\/\/www.cgtaragonlarioja.org\/fedens\/\"},{\"@type\":\"ListItem\",\"position\":2,\"name\":\"Situaci\u00f3n insostenible en el Reformatorio\"}]},{\"@type\":\"WebSite\",\"@id\":\"https:\/\/www.cgtaragonlarioja.org\/fedens\/#website\",\"url\":\"https:\/\/www.cgtaragonlarioja.org\/fedens\/\",\"name\":\"CGT Arag\u00f3n - La Rioja. ENSE\u00d1ANZA\",\"description\":\"CONTACTAR: Calatayud-Aranda: 654897973 \/ Huesca: 974238404 \/ Teruel: 978619265 \/ Zaragoza: 976922002\",\"publisher\":{\"@id\":\"https:\/\/www.cgtaragonlarioja.org\/fedens\/#organization\"},\"potentialAction\":[{\"@type\":\"SearchAction\",\"target\":{\"@type\":\"EntryPoint\",\"urlTemplate\":\"https:\/\/www.cgtaragonlarioja.org\/fedens\/?s={search_term_string}\"},\"query-input\":{\"@type\":\"PropertyValueSpecification\",\"valueRequired\":true,\"valueName\":\"search_term_string\"}}],\"inLanguage\":\"es\"},{\"@type\":\"Organization\",\"@id\":\"https:\/\/www.cgtaragonlarioja.org\/fedens\/#organization\",\"name\":\"CGT Arag\u00f3n y La Rioja - Ense\u00f1anza\",\"url\":\"https:\/\/www.cgtaragonlarioja.org\/fedens\/\",\"logo\":{\"@type\":\"ImageObject\",\"inLanguage\":\"es\",\"@id\":\"https:\/\/www.cgtaragonlarioja.org\/fedens\/#\/schema\/logo\/image\/\",\"url\":\"https:\/\/www.cgtaragonlarioja.org\/fedens\/files\/2021\/02\/logo_cgt_ense_huesca_170x250.png\",\"contentUrl\":\"https:\/\/www.cgtaragonlarioja.org\/fedens\/files\/2021\/02\/logo_cgt_ense_huesca_170x250.png\",\"width\":170,\"height\":250,\"caption\":\"CGT Arag\u00f3n y La Rioja - Ense\u00f1anza\"},\"image\":{\"@id\":\"https:\/\/www.cgtaragonlarioja.org\/fedens\/#\/schema\/logo\/image\/\"},\"sameAs\":[\"https:\/\/www.facebook.com\/CGTEnseAragon\/\",\"https:\/\/x.com\/CGTeduAragon\"]},{\"@type\":\"Person\",\"@id\":\"https:\/\/www.cgtaragonlarioja.org\/fedens\/#\/schema\/person\/dfa7d1616615d62a6d79c9593aa09fc3\",\"name\":\"kike\",\"image\":{\"@type\":\"ImageObject\",\"inLanguage\":\"es\",\"@id\":\"https:\/\/www.cgtaragonlarioja.org\/fedens\/#\/schema\/person\/image\/\",\"url\":\"https:\/\/secure.gravatar.com\/avatar\/f1c0788a733c3717c5f8c071e064a9c188df22c90b22388027f4ed27abaa4f3b?s=96&d=mm&r=g\",\"contentUrl\":\"https:\/\/secure.gravatar.com\/avatar\/f1c0788a733c3717c5f8c071e064a9c188df22c90b22388027f4ed27abaa4f3b?s=96&d=mm&r=g\",\"caption\":\"kike\"},\"url\":\"https:\/\/www.cgtaragonlarioja.org\/fedens\/author\/kike\/\"}]}<\/script>\n<!-- \/ Yoast SEO plugin. -->","yoast_head_json":{"title":"Situaci\u00f3n insostenible en el Reformatorio","description":"La situaci\u00f3n de sobreocupaci\u00f3n, los recortes en las plazas de educadores sociales.La situaci\u00f3n que se vive en el\u00a0Reformatorio no es nueva,","robots":{"index":"index","follow":"follow","max-snippet":"max-snippet:-1","max-image-preview":"max-image-preview:large","max-video-preview":"max-video-preview:-1"},"canonical":"https:\/\/www.cgtaragonlarioja.org\/fedens\/situacion-insostenible-en-el-reformatorio\/","og_locale":"es_ES","og_type":"article","og_title":"Situaci\u00f3n insostenible en el Reformatorio","og_description":"La situaci\u00f3n de sobreocupaci\u00f3n, los recortes en las plazas de educadores sociales.La situaci\u00f3n que se vive en el\u00a0Reformatorio no es nueva,","og_url":"https:\/\/www.cgtaragonlarioja.org\/fedens\/situacion-insostenible-en-el-reformatorio\/","og_site_name":"CGT Arag\u00f3n - La Rioja. ENSE\u00d1ANZA","article_publisher":"https:\/\/www.facebook.com\/CGTEnseAragon\/","article_published_time":"2021-05-13T08:50:11+00:00","article_modified_time":"2021-05-13T18:06:39+00:00","og_image":[{"width":1200,"height":675,"url":"https:\/\/www.cgtaragonlarioja.org\/fedens\/files\/2021\/05\/reformatorio_57466f0d.jpg","type":"image\/jpeg"}],"author":"kike","twitter_card":"summary_large_image","twitter_creator":"@CGTeduAragon","twitter_site":"@CGTeduAragon","twitter_misc":{"Escrito por":"kike","Tiempo de lectura":"2 minutos"},"schema":{"@context":"https:\/\/schema.org","@graph":[{"@type":"Article","@id":"https:\/\/www.cgtaragonlarioja.org\/fedens\/situacion-insostenible-en-el-reformatorio\/#article","isPartOf":{"@id":"https:\/\/www.cgtaragonlarioja.org\/fedens\/situacion-insostenible-en-el-reformatorio\/"},"author":{"name":"kike","@id":"https:\/\/www.cgtaragonlarioja.org\/fedens\/#\/schema\/person\/dfa7d1616615d62a6d79c9593aa09fc3"},"headline":"Situaci\u00f3n insostenible en el Reformatorio","datePublished":"2021-05-13T08:50:11+00:00","dateModified":"2021-05-13T18:06:39+00:00","mainEntityOfPage":{"@id":"https:\/\/www.cgtaragonlarioja.org\/fedens\/situacion-insostenible-en-el-reformatorio\/"},"wordCount":449,"commentCount":0,"publisher":{"@id":"https:\/\/www.cgtaragonlarioja.org\/fedens\/#organization"},"image":{"@id":"https:\/\/www.cgtaragonlarioja.org\/fedens\/situacion-insostenible-en-el-reformatorio\/#primaryimage"},"thumbnailUrl":"https:\/\/www.cgtaragonlarioja.org\/fedens\/files\/2021\/05\/reformatorio_57466f0d.jpg","articleSection":["Educaci\u00f3n Social","Noticias"],"inLanguage":"es","potentialAction":[{"@type":"CommentAction","name":"Comment","target":["https:\/\/www.cgtaragonlarioja.org\/fedens\/situacion-insostenible-en-el-reformatorio\/#respond"]}]},{"@type":"WebPage","@id":"https:\/\/www.cgtaragonlarioja.org\/fedens\/situacion-insostenible-en-el-reformatorio\/","url":"https:\/\/www.cgtaragonlarioja.org\/fedens\/situacion-insostenible-en-el-reformatorio\/","name":"Situaci\u00f3n insostenible en el Reformatorio","isPartOf":{"@id":"https:\/\/www.cgtaragonlarioja.org\/fedens\/#website"},"primaryImageOfPage":{"@id":"https:\/\/www.cgtaragonlarioja.org\/fedens\/situacion-insostenible-en-el-reformatorio\/#primaryimage"},"image":{"@id":"https:\/\/www.cgtaragonlarioja.org\/fedens\/situacion-insostenible-en-el-reformatorio\/#primaryimage"},"thumbnailUrl":"https:\/\/www.cgtaragonlarioja.org\/fedens\/files\/2021\/05\/reformatorio_57466f0d.jpg","datePublished":"2021-05-13T08:50:11+00:00","dateModified":"2021-05-13T18:06:39+00:00","description":"La situaci\u00f3n de sobreocupaci\u00f3n, los recortes en las plazas de educadores sociales.La situaci\u00f3n que se vive en el\u00a0Reformatorio no es nueva,","breadcrumb":{"@id":"https:\/\/www.cgtaragonlarioja.org\/fedens\/situacion-insostenible-en-el-reformatorio\/#breadcrumb"},"inLanguage":"es","potentialAction":[{"@type":"ReadAction","target":["https:\/\/www.cgtaragonlarioja.org\/fedens\/situacion-insostenible-en-el-reformatorio\/"]}]},{"@type":"ImageObject","inLanguage":"es","@id":"https:\/\/www.cgtaragonlarioja.org\/fedens\/situacion-insostenible-en-el-reformatorio\/#primaryimage","url":"https:\/\/www.cgtaragonlarioja.org\/fedens\/files\/2021\/05\/reformatorio_57466f0d.jpg","contentUrl":"https:\/\/www.cgtaragonlarioja.org\/fedens\/files\/2021\/05\/reformatorio_57466f0d.jpg","width":1200,"height":675},{"@type":"BreadcrumbList","@id":"https:\/\/www.cgtaragonlarioja.org\/fedens\/situacion-insostenible-en-el-reformatorio\/#breadcrumb","itemListElement":[{"@type":"ListItem","position":1,"name":"Portada","item":"https:\/\/www.cgtaragonlarioja.org\/fedens\/"},{"@type":"ListItem","position":2,"name":"Situaci\u00f3n insostenible en el Reformatorio"}]},{"@type":"WebSite","@id":"https:\/\/www.cgtaragonlarioja.org\/fedens\/#website","url":"https:\/\/www.cgtaragonlarioja.org\/fedens\/","name":"CGT Arag\u00f3n - La Rioja. ENSE\u00d1ANZA","description":"CONTACTAR: Calatayud-Aranda: 654897973 \/ Huesca: 974238404 \/ Teruel: 978619265 \/ Zaragoza: 976922002","publisher":{"@id":"https:\/\/www.cgtaragonlarioja.org\/fedens\/#organization"},"potentialAction":[{"@type":"SearchAction","target":{"@type":"EntryPoint","urlTemplate":"https:\/\/www.cgtaragonlarioja.org\/fedens\/?s={search_term_string}"},"query-input":{"@type":"PropertyValueSpecification","valueRequired":true,"valueName":"search_term_string"}}],"inLanguage":"es"},{"@type":"Organization","@id":"https:\/\/www.cgtaragonlarioja.org\/fedens\/#organization","name":"CGT Arag\u00f3n y La Rioja - Ense\u00f1anza","url":"https:\/\/www.cgtaragonlarioja.org\/fedens\/","logo":{"@type":"ImageObject","inLanguage":"es","@id":"https:\/\/www.cgtaragonlarioja.org\/fedens\/#\/schema\/logo\/image\/","url":"https:\/\/www.cgtaragonlarioja.org\/fedens\/files\/2021\/02\/logo_cgt_ense_huesca_170x250.png","contentUrl":"https:\/\/www.cgtaragonlarioja.org\/fedens\/files\/2021\/02\/logo_cgt_ense_huesca_170x250.png","width":170,"height":250,"caption":"CGT Arag\u00f3n y La Rioja - Ense\u00f1anza"},"image":{"@id":"https:\/\/www.cgtaragonlarioja.org\/fedens\/#\/schema\/logo\/image\/"},"sameAs":["https:\/\/www.facebook.com\/CGTEnseAragon\/","https:\/\/x.com\/CGTeduAragon"]},{"@type":"Person","@id":"https:\/\/www.cgtaragonlarioja.org\/fedens\/#\/schema\/person\/dfa7d1616615d62a6d79c9593aa09fc3","name":"kike","image":{"@type":"ImageObject","inLanguage":"es","@id":"https:\/\/www.cgtaragonlarioja.org\/fedens\/#\/schema\/person\/image\/","url":"https:\/\/secure.gravatar.com\/avatar\/f1c0788a733c3717c5f8c071e064a9c188df22c90b22388027f4ed27abaa4f3b?s=96&d=mm&r=g","contentUrl":"https:\/\/secure.gravatar.com\/avatar\/f1c0788a733c3717c5f8c071e064a9c188df22c90b22388027f4ed27abaa4f3b?s=96&d=mm&r=g","caption":"kike"},"url":"https:\/\/www.cgtaragonlarioja.org\/fedens\/author\/kike\/"}]}},"_links":{"self":[{"href":"https:\/\/www.cgtaragonlarioja.org\/fedens\/wp-json\/wp\/v2\/posts\/12391","targetHints":{"allow":["GET"]}}],"collection":[{"href":"https:\/\/www.cgtaragonlarioja.org\/fedens\/wp-json\/wp\/v2\/posts"}],"about":[{"href":"https:\/\/www.cgtaragonlarioja.org\/fedens\/wp-json\/wp\/v2\/types\/post"}],"author":[{"embeddable":true,"href":"https:\/\/www.cgtaragonlarioja.org\/fedens\/wp-json\/wp\/v2\/users\/486"}],"replies":[{"embeddable":true,"href":"https:\/\/www.cgtaragonlarioja.org\/fedens\/wp-json\/wp\/v2\/comments?post=12391"}],"version-history":[{"count":1,"href":"https:\/\/www.cgtaragonlarioja.org\/fedens\/wp-json\/wp\/v2\/posts\/12391\/revisions"}],"predecessor-version":[{"id":12393,"href":"https:\/\/www.cgtaragonlarioja.org\/fedens\/wp-json\/wp\/v2\/posts\/12391\/revisions\/12393"}],"wp:featuredmedia":[{"embeddable":true,"href":"https:\/\/www.cgtaragonlarioja.org\/fedens\/wp-json\/wp\/v2\/media\/12401"}],"wp:attachment":[{"href":"https:\/\/www.cgtaragonlarioja.org\/fedens\/wp-json\/wp\/v2\/media?parent=12391"}],"wp:term":[{"taxonomy":"category","embeddable":true,"href":"https:\/\/www.cgtaragonlarioja.org\/fedens\/wp-json\/wp\/v2\/categories?post=12391"},{"taxonomy":"post_tag","embeddable":true,"href":"https:\/\/www.cgtaragonlarioja.org\/fedens\/wp-json\/wp\/v2\/tags?post=12391"}],"curies":[{"name":"wp","href":"https:\/\/api.w.org\/{rel}","templated":true}]}}