{"id":12363,"date":"2021-05-07T13:13:23","date_gmt":"2021-05-07T11:13:23","guid":{"rendered":"https:\/\/www.cgtaragonlarioja.org\/fedens\/?p=12363"},"modified":"2021-05-07T15:02:30","modified_gmt":"2021-05-07T13:02:30","slug":"resumen-reunion-sobre-oposiciones-2021","status":"publish","type":"post","link":"https:\/\/www.cgtaragonlarioja.org\/fedens\/resumen-reunion-sobre-oposiciones-2021\/","title":{"rendered":"Resumen reuni\u00f3n sobre Oposiciones 2021"},"content":{"rendered":"<p style=\"padding-left: 40px\">Os trasladamos un resumen de la reuni\u00f3n mantenida este viernes 7 de mayo con el Departamento de Educaci\u00f3n con relaci\u00f3n a la celebraci\u00f3n este pr\u00f3ximo mes de junio de las Oposiciones 2021.<\/p>\n<p>Como ya se\u00f1alamos en la <a href=\"https:\/\/www.cgtaragonlarioja.org\/fedens\/resumen-mesa-sectorial-oposiciones\/\" target=\"_blank\" rel=\"noopener\">Mesa Sectorial del 25 de noviembre de 2020:<\/a><\/p>\n<p style=\"padding-left: 80px\"><em>\u00ab<\/em>Siempre defendemos y apostamos por la estabilizaci\u00f3n de las plantillas y por tanto de las ofertas de empleo p\u00fablico, aunque en esta se podr\u00e1n sacar muchas m\u00e1s especialidades (&#8230;)\u00a0 pero no podemos apoyar una convocatoria de oposiciones a ciegas, sin saber c\u00f3mo ser\u00e1 la situaci\u00f3n este verano. La experiencia de lo ocurrido con las oposiciones del verano pasado y con la experiencia de la nefasta gesti\u00f3n de la Consejer\u00e1 de Educaci\u00f3n con la vuelta al cole no parecen ser buenos indicios. No nos fiamos de esta Administraci\u00f3n, ni de que gestione adecuadamente, con las medidas sanitarias necesarias, el normal desarrollo de unas oposiciones a las que se presentan miles de interinos e interinas.\u00bb<\/p>\n<p>Y es que, m\u00e1s all\u00e1 del conocimiento de las sedes, desde CGT pensamos que la convocatoria sigue dejando muchas dudas e incertidumbres. A falta de poco m\u00e1s de un mes de la prueba, todav\u00eda no hay un protocolo de medidas en relaci\u00f3n a la situaci\u00f3n de pandemia. Por otro lado, sigue cundiendo el des\u00e1nimo y la preocupaci\u00f3n entre las personas que se presentan a las pruebas porque no se sabe qu\u00e9 pasar\u00e1 en caso de contagio.<br \/>\nAdem\u00e1s, hoy hemos conocido que un juez ha paralizado el proceso de concurso-oposici\u00f3n en Catalu\u00f1a, lo que suma otro interrogante m\u00e1s a la situaci\u00f3n.<br \/>\nProblemas, dudas, inseguridad jur\u00eddica, aspectos que se podr\u00edan haber evitado si la Consejer\u00eda hubiese tomado la decisi\u00f3n de realizar el proceso en un momento m\u00e1s adecuado.<\/p>\n<p>Pincha en la imagen para acceder al resumen.<\/p>\n<p><a href=\"https:\/\/www.cgtaragonlarioja.org\/fedens\/files\/2021\/05\/Resumen-Reunion-organizacion-oposiciones-2021-7-de-mayo-de-2021.pdf\" target=\"_blank\" rel=\"noopener\"><img loading=\"lazy\" decoding=\"async\" class=\"alignnone wp-image-11652\" src=\"https:\/\/www.cgtaragonlarioja.org\/fedens\/files\/2021\/03\/0211858D-967C-4006-B473-DA81912FAC00.jpeg\" alt=\"\" width=\"303\" height=\"175\" \/><\/a><\/p>\n","protected":false},"excerpt":{"rendered":"<p>Os trasladamos un resumen de la reuni\u00f3n mantenida este viernes 7 de mayo con el<\/p>\n","protected":false},"author":854,"featured_media":0,"comment_status":"open","ping_status":"open","sticky":false,"template":"","format":"standard","meta":{"footnotes":""},"categories":[508,480],"tags":[],"class_list":["post-12363","post","type-post","status-publish","format-standard","hentry","category-mesas-sectoriales-tecnicas","category-noticias"],"yoast_head":"<!-- This site is optimized with the Yoast SEO plugin v26.7 - https:\/\/yoast.com\/wordpress\/plugins\/seo\/ -->\n<title>Resumen reuni\u00f3n sobre Oposiciones 2021<\/title>\n<meta name=\"description\" content=\"Os trasladamos un resumen de la reuni\u00f3n mantenida este viernes 7 de mayo con el Departamento de Educaci\u00f3n con relaci\u00f3n a la celebraci\u00f3n este pr\u00f3ximo mes\" \/>\n<meta name=\"robots\" content=\"index, follow, max-snippet:-1, max-image-preview:large, max-video-preview:-1\" \/>\n<link rel=\"canonical\" href=\"https:\/\/www.cgtaragonlarioja.org\/fedens\/resumen-reunion-sobre-oposiciones-2021\/\" \/>\n<meta property=\"og:locale\" content=\"es_ES\" \/>\n<meta property=\"og:type\" content=\"article\" \/>\n<meta property=\"og:title\" content=\"Resumen reuni\u00f3n sobre Oposiciones 2021\" \/>\n<meta property=\"og:description\" content=\"Os trasladamos un resumen de la reuni\u00f3n mantenida este viernes 7 de mayo con el Departamento de Educaci\u00f3n con relaci\u00f3n a la celebraci\u00f3n este pr\u00f3ximo mes\" \/>\n<meta property=\"og:url\" content=\"https:\/\/www.cgtaragonlarioja.org\/fedens\/resumen-reunion-sobre-oposiciones-2021\/\" \/>\n<meta property=\"og:site_name\" content=\"CGT Arag\u00f3n - La Rioja. ENSE\u00d1ANZA\" \/>\n<meta property=\"article:publisher\" content=\"https:\/\/www.facebook.com\/CGTEnseAragon\/\" \/>\n<meta property=\"article:published_time\" content=\"2021-05-07T11:13:23+00:00\" \/>\n<meta property=\"article:modified_time\" content=\"2021-05-07T13:02:30+00:00\" \/>\n<meta property=\"og:image\" content=\"https:\/\/www.cgtaragonlarioja.org\/fedens\/files\/2021\/03\/20210331_103207-e1620035012699.jpg\" \/>\n\t<meta property=\"og:image:width\" content=\"611\" \/>\n\t<meta property=\"og:image:height\" content=\"368\" \/>\n\t<meta property=\"og:image:type\" content=\"image\/jpeg\" \/>\n<meta name=\"author\" content=\"CGT Ense\u00f1anza Arag\u00f3n\" \/>\n<meta name=\"twitter:card\" content=\"summary_large_image\" \/>\n<meta name=\"twitter:creator\" content=\"@CGTeduAragon\" \/>\n<meta name=\"twitter:site\" content=\"@CGTeduAragon\" \/>\n<meta name=\"twitter:label1\" content=\"Escrito por\" \/>\n\t<meta name=\"twitter:data1\" content=\"CGT Ense\u00f1anza Arag\u00f3n\" \/>\n\t<meta name=\"twitter:label2\" content=\"Tiempo de lectura\" \/>\n\t<meta name=\"twitter:data2\" content=\"2 minutos\" \/>\n<script type=\"application\/ld+json\" class=\"yoast-schema-graph\">{\"@context\":\"https:\/\/schema.org\",\"@graph\":[{\"@type\":\"Article\",\"@id\":\"https:\/\/www.cgtaragonlarioja.org\/fedens\/resumen-reunion-sobre-oposiciones-2021\/#article\",\"isPartOf\":{\"@id\":\"https:\/\/www.cgtaragonlarioja.org\/fedens\/resumen-reunion-sobre-oposiciones-2021\/\"},\"author\":{\"name\":\"CGT Ense\u00f1anza Arag\u00f3n\",\"@id\":\"https:\/\/www.cgtaragonlarioja.org\/fedens\/#\/schema\/person\/f577cbf9ee1fb7519bfd883ac4f4032f\"},\"headline\":\"Resumen reuni\u00f3n sobre Oposiciones 2021\",\"datePublished\":\"2021-05-07T11:13:23+00:00\",\"dateModified\":\"2021-05-07T13:02:30+00:00\",\"mainEntityOfPage\":{\"@id\":\"https:\/\/www.cgtaragonlarioja.org\/fedens\/resumen-reunion-sobre-oposiciones-2021\/\"},\"wordCount\":324,\"commentCount\":0,\"publisher\":{\"@id\":\"https:\/\/www.cgtaragonlarioja.org\/fedens\/#organization\"},\"image\":{\"@id\":\"https:\/\/www.cgtaragonlarioja.org\/fedens\/resumen-reunion-sobre-oposiciones-2021\/#primaryimage\"},\"thumbnailUrl\":\"https:\/\/www.cgtaragonlarioja.org\/fedens\/files\/2021\/03\/0211858D-967C-4006-B473-DA81912FAC00.jpeg\",\"articleSection\":[\"Mesas sectoriales-t\u00e9cnicas\",\"Noticias\"],\"inLanguage\":\"es\",\"potentialAction\":[{\"@type\":\"CommentAction\",\"name\":\"Comment\",\"target\":[\"https:\/\/www.cgtaragonlarioja.org\/fedens\/resumen-reunion-sobre-oposiciones-2021\/#respond\"]}]},{\"@type\":\"WebPage\",\"@id\":\"https:\/\/www.cgtaragonlarioja.org\/fedens\/resumen-reunion-sobre-oposiciones-2021\/\",\"url\":\"https:\/\/www.cgtaragonlarioja.org\/fedens\/resumen-reunion-sobre-oposiciones-2021\/\",\"name\":\"Resumen reuni\u00f3n sobre Oposiciones 2021\",\"isPartOf\":{\"@id\":\"https:\/\/www.cgtaragonlarioja.org\/fedens\/#website\"},\"primaryImageOfPage\":{\"@id\":\"https:\/\/www.cgtaragonlarioja.org\/fedens\/resumen-reunion-sobre-oposiciones-2021\/#primaryimage\"},\"image\":{\"@id\":\"https:\/\/www.cgtaragonlarioja.org\/fedens\/resumen-reunion-sobre-oposiciones-2021\/#primaryimage\"},\"thumbnailUrl\":\"https:\/\/www.cgtaragonlarioja.org\/fedens\/files\/2021\/03\/0211858D-967C-4006-B473-DA81912FAC00.jpeg\",\"datePublished\":\"2021-05-07T11:13:23+00:00\",\"dateModified\":\"2021-05-07T13:02:30+00:00\",\"description\":\"Os trasladamos un resumen de la reuni\u00f3n mantenida este viernes 7 de mayo con el Departamento de Educaci\u00f3n con relaci\u00f3n a la celebraci\u00f3n este pr\u00f3ximo mes\",\"breadcrumb\":{\"@id\":\"https:\/\/www.cgtaragonlarioja.org\/fedens\/resumen-reunion-sobre-oposiciones-2021\/#breadcrumb\"},\"inLanguage\":\"es\",\"potentialAction\":[{\"@type\":\"ReadAction\",\"target\":[\"https:\/\/www.cgtaragonlarioja.org\/fedens\/resumen-reunion-sobre-oposiciones-2021\/\"]}]},{\"@type\":\"ImageObject\",\"inLanguage\":\"es\",\"@id\":\"https:\/\/www.cgtaragonlarioja.org\/fedens\/resumen-reunion-sobre-oposiciones-2021\/#primaryimage\",\"url\":\"\",\"contentUrl\":\"\"},{\"@type\":\"BreadcrumbList\",\"@id\":\"https:\/\/www.cgtaragonlarioja.org\/fedens\/resumen-reunion-sobre-oposiciones-2021\/#breadcrumb\",\"itemListElement\":[{\"@type\":\"ListItem\",\"position\":1,\"name\":\"Portada\",\"item\":\"https:\/\/www.cgtaragonlarioja.org\/fedens\/\"},{\"@type\":\"ListItem\",\"position\":2,\"name\":\"Resumen reuni\u00f3n sobre Oposiciones 2021\"}]},{\"@type\":\"WebSite\",\"@id\":\"https:\/\/www.cgtaragonlarioja.org\/fedens\/#website\",\"url\":\"https:\/\/www.cgtaragonlarioja.org\/fedens\/\",\"name\":\"CGT Arag\u00f3n - La Rioja. ENSE\u00d1ANZA\",\"description\":\"CONTACTAR: Calatayud-Aranda: 654897973 \/ Huesca: 974238404 \/ Teruel: 978619265 \/ Zaragoza: 976922002\",\"publisher\":{\"@id\":\"https:\/\/www.cgtaragonlarioja.org\/fedens\/#organization\"},\"potentialAction\":[{\"@type\":\"SearchAction\",\"target\":{\"@type\":\"EntryPoint\",\"urlTemplate\":\"https:\/\/www.cgtaragonlarioja.org\/fedens\/?s={search_term_string}\"},\"query-input\":{\"@type\":\"PropertyValueSpecification\",\"valueRequired\":true,\"valueName\":\"search_term_string\"}}],\"inLanguage\":\"es\"},{\"@type\":\"Organization\",\"@id\":\"https:\/\/www.cgtaragonlarioja.org\/fedens\/#organization\",\"name\":\"CGT Arag\u00f3n y La Rioja - Ense\u00f1anza\",\"url\":\"https:\/\/www.cgtaragonlarioja.org\/fedens\/\",\"logo\":{\"@type\":\"ImageObject\",\"inLanguage\":\"es\",\"@id\":\"https:\/\/www.cgtaragonlarioja.org\/fedens\/#\/schema\/logo\/image\/\",\"url\":\"https:\/\/www.cgtaragonlarioja.org\/fedens\/files\/2021\/02\/logo_cgt_ense_huesca_170x250.png\",\"contentUrl\":\"https:\/\/www.cgtaragonlarioja.org\/fedens\/files\/2021\/02\/logo_cgt_ense_huesca_170x250.png\",\"width\":170,\"height\":250,\"caption\":\"CGT Arag\u00f3n y La Rioja - Ense\u00f1anza\"},\"image\":{\"@id\":\"https:\/\/www.cgtaragonlarioja.org\/fedens\/#\/schema\/logo\/image\/\"},\"sameAs\":[\"https:\/\/www.facebook.com\/CGTEnseAragon\/\",\"https:\/\/x.com\/CGTeduAragon\"]},{\"@type\":\"Person\",\"@id\":\"https:\/\/www.cgtaragonlarioja.org\/fedens\/#\/schema\/person\/f577cbf9ee1fb7519bfd883ac4f4032f\",\"name\":\"CGT Ense\u00f1anza Arag\u00f3n\",\"image\":{\"@type\":\"ImageObject\",\"inLanguage\":\"es\",\"@id\":\"https:\/\/www.cgtaragonlarioja.org\/fedens\/#\/schema\/person\/image\/\",\"url\":\"https:\/\/secure.gravatar.com\/avatar\/6591cafae8da970274bd48ef06b7f86ae2c2ba705fb2cdafa9b5f7f48c95a765?s=96&d=mm&r=g\",\"contentUrl\":\"https:\/\/secure.gravatar.com\/avatar\/6591cafae8da970274bd48ef06b7f86ae2c2ba705fb2cdafa9b5f7f48c95a765?s=96&d=mm&r=g\",\"caption\":\"CGT Ense\u00f1anza Arag\u00f3n\"},\"url\":\"https:\/\/www.cgtaragonlarioja.org\/fedens\/author\/fasecgt\/\"}]}<\/script>\n<!-- \/ Yoast SEO plugin. -->","yoast_head_json":{"title":"Resumen reuni\u00f3n sobre Oposiciones 2021","description":"Os trasladamos un resumen de la reuni\u00f3n mantenida este viernes 7 de mayo con el Departamento de Educaci\u00f3n con relaci\u00f3n a la celebraci\u00f3n este pr\u00f3ximo mes","robots":{"index":"index","follow":"follow","max-snippet":"max-snippet:-1","max-image-preview":"max-image-preview:large","max-video-preview":"max-video-preview:-1"},"canonical":"https:\/\/www.cgtaragonlarioja.org\/fedens\/resumen-reunion-sobre-oposiciones-2021\/","og_locale":"es_ES","og_type":"article","og_title":"Resumen reuni\u00f3n sobre Oposiciones 2021","og_description":"Os trasladamos un resumen de la reuni\u00f3n mantenida este viernes 7 de mayo con el Departamento de Educaci\u00f3n con relaci\u00f3n a la celebraci\u00f3n este pr\u00f3ximo mes","og_url":"https:\/\/www.cgtaragonlarioja.org\/fedens\/resumen-reunion-sobre-oposiciones-2021\/","og_site_name":"CGT Arag\u00f3n - La Rioja. ENSE\u00d1ANZA","article_publisher":"https:\/\/www.facebook.com\/CGTEnseAragon\/","article_published_time":"2021-05-07T11:13:23+00:00","article_modified_time":"2021-05-07T13:02:30+00:00","og_image":[{"width":611,"height":368,"url":"https:\/\/www.cgtaragonlarioja.org\/fedens\/files\/2021\/03\/20210331_103207-e1620035012699.jpg","type":"image\/jpeg"}],"author":"CGT Ense\u00f1anza Arag\u00f3n","twitter_card":"summary_large_image","twitter_creator":"@CGTeduAragon","twitter_site":"@CGTeduAragon","twitter_misc":{"Escrito por":"CGT Ense\u00f1anza Arag\u00f3n","Tiempo de lectura":"2 minutos"},"schema":{"@context":"https:\/\/schema.org","@graph":[{"@type":"Article","@id":"https:\/\/www.cgtaragonlarioja.org\/fedens\/resumen-reunion-sobre-oposiciones-2021\/#article","isPartOf":{"@id":"https:\/\/www.cgtaragonlarioja.org\/fedens\/resumen-reunion-sobre-oposiciones-2021\/"},"author":{"name":"CGT Ense\u00f1anza Arag\u00f3n","@id":"https:\/\/www.cgtaragonlarioja.org\/fedens\/#\/schema\/person\/f577cbf9ee1fb7519bfd883ac4f4032f"},"headline":"Resumen reuni\u00f3n sobre Oposiciones 2021","datePublished":"2021-05-07T11:13:23+00:00","dateModified":"2021-05-07T13:02:30+00:00","mainEntityOfPage":{"@id":"https:\/\/www.cgtaragonlarioja.org\/fedens\/resumen-reunion-sobre-oposiciones-2021\/"},"wordCount":324,"commentCount":0,"publisher":{"@id":"https:\/\/www.cgtaragonlarioja.org\/fedens\/#organization"},"image":{"@id":"https:\/\/www.cgtaragonlarioja.org\/fedens\/resumen-reunion-sobre-oposiciones-2021\/#primaryimage"},"thumbnailUrl":"https:\/\/www.cgtaragonlarioja.org\/fedens\/files\/2021\/03\/0211858D-967C-4006-B473-DA81912FAC00.jpeg","articleSection":["Mesas sectoriales-t\u00e9cnicas","Noticias"],"inLanguage":"es","potentialAction":[{"@type":"CommentAction","name":"Comment","target":["https:\/\/www.cgtaragonlarioja.org\/fedens\/resumen-reunion-sobre-oposiciones-2021\/#respond"]}]},{"@type":"WebPage","@id":"https:\/\/www.cgtaragonlarioja.org\/fedens\/resumen-reunion-sobre-oposiciones-2021\/","url":"https:\/\/www.cgtaragonlarioja.org\/fedens\/resumen-reunion-sobre-oposiciones-2021\/","name":"Resumen reuni\u00f3n sobre Oposiciones 2021","isPartOf":{"@id":"https:\/\/www.cgtaragonlarioja.org\/fedens\/#website"},"primaryImageOfPage":{"@id":"https:\/\/www.cgtaragonlarioja.org\/fedens\/resumen-reunion-sobre-oposiciones-2021\/#primaryimage"},"image":{"@id":"https:\/\/www.cgtaragonlarioja.org\/fedens\/resumen-reunion-sobre-oposiciones-2021\/#primaryimage"},"thumbnailUrl":"https:\/\/www.cgtaragonlarioja.org\/fedens\/files\/2021\/03\/0211858D-967C-4006-B473-DA81912FAC00.jpeg","datePublished":"2021-05-07T11:13:23+00:00","dateModified":"2021-05-07T13:02:30+00:00","description":"Os trasladamos un resumen de la reuni\u00f3n mantenida este viernes 7 de mayo con el Departamento de Educaci\u00f3n con relaci\u00f3n a la celebraci\u00f3n este pr\u00f3ximo mes","breadcrumb":{"@id":"https:\/\/www.cgtaragonlarioja.org\/fedens\/resumen-reunion-sobre-oposiciones-2021\/#breadcrumb"},"inLanguage":"es","potentialAction":[{"@type":"ReadAction","target":["https:\/\/www.cgtaragonlarioja.org\/fedens\/resumen-reunion-sobre-oposiciones-2021\/"]}]},{"@type":"ImageObject","inLanguage":"es","@id":"https:\/\/www.cgtaragonlarioja.org\/fedens\/resumen-reunion-sobre-oposiciones-2021\/#primaryimage","url":"","contentUrl":""},{"@type":"BreadcrumbList","@id":"https:\/\/www.cgtaragonlarioja.org\/fedens\/resumen-reunion-sobre-oposiciones-2021\/#breadcrumb","itemListElement":[{"@type":"ListItem","position":1,"name":"Portada","item":"https:\/\/www.cgtaragonlarioja.org\/fedens\/"},{"@type":"ListItem","position":2,"name":"Resumen reuni\u00f3n sobre Oposiciones 2021"}]},{"@type":"WebSite","@id":"https:\/\/www.cgtaragonlarioja.org\/fedens\/#website","url":"https:\/\/www.cgtaragonlarioja.org\/fedens\/","name":"CGT Arag\u00f3n - La Rioja. ENSE\u00d1ANZA","description":"CONTACTAR: Calatayud-Aranda: 654897973 \/ Huesca: 974238404 \/ Teruel: 978619265 \/ Zaragoza: 976922002","publisher":{"@id":"https:\/\/www.cgtaragonlarioja.org\/fedens\/#organization"},"potentialAction":[{"@type":"SearchAction","target":{"@type":"EntryPoint","urlTemplate":"https:\/\/www.cgtaragonlarioja.org\/fedens\/?s={search_term_string}"},"query-input":{"@type":"PropertyValueSpecification","valueRequired":true,"valueName":"search_term_string"}}],"inLanguage":"es"},{"@type":"Organization","@id":"https:\/\/www.cgtaragonlarioja.org\/fedens\/#organization","name":"CGT Arag\u00f3n y La Rioja - Ense\u00f1anza","url":"https:\/\/www.cgtaragonlarioja.org\/fedens\/","logo":{"@type":"ImageObject","inLanguage":"es","@id":"https:\/\/www.cgtaragonlarioja.org\/fedens\/#\/schema\/logo\/image\/","url":"https:\/\/www.cgtaragonlarioja.org\/fedens\/files\/2021\/02\/logo_cgt_ense_huesca_170x250.png","contentUrl":"https:\/\/www.cgtaragonlarioja.org\/fedens\/files\/2021\/02\/logo_cgt_ense_huesca_170x250.png","width":170,"height":250,"caption":"CGT Arag\u00f3n y La Rioja - Ense\u00f1anza"},"image":{"@id":"https:\/\/www.cgtaragonlarioja.org\/fedens\/#\/schema\/logo\/image\/"},"sameAs":["https:\/\/www.facebook.com\/CGTEnseAragon\/","https:\/\/x.com\/CGTeduAragon"]},{"@type":"Person","@id":"https:\/\/www.cgtaragonlarioja.org\/fedens\/#\/schema\/person\/f577cbf9ee1fb7519bfd883ac4f4032f","name":"CGT Ense\u00f1anza Arag\u00f3n","image":{"@type":"ImageObject","inLanguage":"es","@id":"https:\/\/www.cgtaragonlarioja.org\/fedens\/#\/schema\/person\/image\/","url":"https:\/\/secure.gravatar.com\/avatar\/6591cafae8da970274bd48ef06b7f86ae2c2ba705fb2cdafa9b5f7f48c95a765?s=96&d=mm&r=g","contentUrl":"https:\/\/secure.gravatar.com\/avatar\/6591cafae8da970274bd48ef06b7f86ae2c2ba705fb2cdafa9b5f7f48c95a765?s=96&d=mm&r=g","caption":"CGT Ense\u00f1anza Arag\u00f3n"},"url":"https:\/\/www.cgtaragonlarioja.org\/fedens\/author\/fasecgt\/"}]}},"_links":{"self":[{"href":"https:\/\/www.cgtaragonlarioja.org\/fedens\/wp-json\/wp\/v2\/posts\/12363","targetHints":{"allow":["GET"]}}],"collection":[{"href":"https:\/\/www.cgtaragonlarioja.org\/fedens\/wp-json\/wp\/v2\/posts"}],"about":[{"href":"https:\/\/www.cgtaragonlarioja.org\/fedens\/wp-json\/wp\/v2\/types\/post"}],"author":[{"embeddable":true,"href":"https:\/\/www.cgtaragonlarioja.org\/fedens\/wp-json\/wp\/v2\/users\/854"}],"replies":[{"embeddable":true,"href":"https:\/\/www.cgtaragonlarioja.org\/fedens\/wp-json\/wp\/v2\/comments?post=12363"}],"version-history":[{"count":2,"href":"https:\/\/www.cgtaragonlarioja.org\/fedens\/wp-json\/wp\/v2\/posts\/12363\/revisions"}],"predecessor-version":[{"id":12366,"href":"https:\/\/www.cgtaragonlarioja.org\/fedens\/wp-json\/wp\/v2\/posts\/12363\/revisions\/12366"}],"wp:attachment":[{"href":"https:\/\/www.cgtaragonlarioja.org\/fedens\/wp-json\/wp\/v2\/media?parent=12363"}],"wp:term":[{"taxonomy":"category","embeddable":true,"href":"https:\/\/www.cgtaragonlarioja.org\/fedens\/wp-json\/wp\/v2\/categories?post=12363"},{"taxonomy":"post_tag","embeddable":true,"href":"https:\/\/www.cgtaragonlarioja.org\/fedens\/wp-json\/wp\/v2\/tags?post=12363"}],"curies":[{"name":"wp","href":"https:\/\/api.w.org\/{rel}","templated":true}]}}