{"id":12213,"date":"2021-04-19T12:19:59","date_gmt":"2021-04-19T10:19:59","guid":{"rendered":"https:\/\/www.cgtaragonlarioja.org\/fedens\/?p=12213"},"modified":"2021-04-19T12:25:16","modified_gmt":"2021-04-19T10:25:16","slug":"arcosur-parque-venecia-falta-de-infraestructuras-y-ratios-elevadas","status":"publish","type":"post","link":"https:\/\/www.cgtaragonlarioja.org\/fedens\/arcosur-parque-venecia-falta-de-infraestructuras-y-ratios-elevadas\/","title":{"rendered":"Arcosur, Parque Venecia&#8230; falta de infraestructuras y ratios elevadas"},"content":{"rendered":"<p style=\"text-align: justify\"><span style=\"font-size: 10pt\">La \u00faltima Comisi\u00f3n de Garant\u00edas de Escolarizaci\u00f3n de Infantil y Primaria de la ciudad de Zaragoza ha vuelto <strong>a evidenciar la negligente planificaci\u00f3n educativa del Departamento de Educaci\u00f3n que dirige Felipe Faci.<\/strong> <\/span><\/p>\n<p style=\"text-align: justify\"><span style=\"font-size: 10pt\">Tanto Arcosur como Parque Venecia (zonas a las que se sumar\u00eda, por ejemplo, La Muela) siguen pendientes de unas infraestructuras educativas que est\u00e1n lastrando el desarrollo de ambos barrios. <\/span><span style=\"font-size: 10pt\">Una situaci\u00f3n que<a href=\"https:\/\/www.cgtaragonlarioja.org\/fedens\/los-centros-de-zaragoza-sur-entre\/\" target=\"_blank\" rel=\"noopener\"> venimos denunciando desde hace tiempo<\/a>, ante la incapacidad de gesti\u00f3n del Departamento. De hecho, <a href=\"https:\/\/www.elperiodicodearagon.com\/noticias\/aragon\/sindicato-cgt-denuncia-ratios-desorbitados-impiden-plazas-apoyo-educativo_1352160.html\">ya en 2019 denunciamos una situaci\u00f3n que, gracias al desinter\u00e9s y la incapacidad de los responsables pol\u00edticos, parece estar cronific\u00e1ndose<\/a>, condenando a estas zonas de la ciudad a <strong>ratios en Infantil y Primaria por encima de <a href=\"https:\/\/transparencia.aragon.es\/sites\/default\/files\/documents\/pacto_20151104_ratios_horario_plantillas.pdf\">las ratios pactadas en 2015<\/a> y firmadas por&#8230; tatach\u00e1n&#8230; Felipe Faci.<\/strong><\/span><\/p>\n<p style=\"text-align: justify\"><img loading=\"lazy\" decoding=\"async\" class=\"alignnone size-medium wp-image-12215\" src=\"https:\/\/www.cgtaragonlarioja.org\/fedens\/files\/2021\/04\/RATIOS-300x218.jpg\" alt=\"\" width=\"300\" height=\"218\" srcset=\"https:\/\/www.cgtaragonlarioja.org\/fedens\/files\/2021\/04\/RATIOS-300x218.jpg 300w, https:\/\/www.cgtaragonlarioja.org\/fedens\/files\/2021\/04\/RATIOS.jpg 623w\" sizes=\"auto, (max-width: 300px) 100vw, 300px\" \/><\/p>\n<p><img loading=\"lazy\" decoding=\"async\" class=\"alignnone size-medium wp-image-12217\" src=\"https:\/\/www.cgtaragonlarioja.org\/fedens\/files\/2021\/04\/FIRMA-FACI-inked-300x121.jpg\" alt=\"\" width=\"300\" height=\"121\" srcset=\"https:\/\/www.cgtaragonlarioja.org\/fedens\/files\/2021\/04\/FIRMA-FACI-inked-300x121.jpg 300w, https:\/\/www.cgtaragonlarioja.org\/fedens\/files\/2021\/04\/FIRMA-FACI-inked.jpg 624w\" sizes=\"auto, (max-width: 300px) 100vw, 300px\" \/><\/p>\n<p><span style=\"font-size: 10pt\"><strong>Un pacto de ratios al que CGT no se sum\u00f3 por considerarlo insuficiente<\/strong>, y ante cuyo incumplimiento ser\u00eda deseable una reacci\u00f3n de aquellos sindicatos que s\u00ed lo firmaron, pero que ahora parece no importarles mucho su incumplimiento sistem\u00e1tico. Ya en la pasada Comisi\u00f3n de Garant\u00edas de Escolarizaci\u00f3n se\u00f1alamos <strong>el incumplimiento sistem\u00e1tico de las ratios en Arcosur y Parque Venecia, en cuyos centros la administraci\u00f3n parte de una ratio inicial de 25 alumnos por aula, tres m\u00e1s que los pactados.<\/strong> Una cifra que podr\u00eda incrementarse con matr\u00edculas fuera de plazo y otras incidencias.<\/span><\/p>\n<p><span style=\"font-size: 10pt\">Para CGT la <strong>reducci\u00f3n de las ratios constituye un elemento b\u00e1sico y fundamental de cara a la mejora de la calidad educativa<\/strong>. Pero como vemos, al Departamento le parece una cuesti\u00f3n secundaria. Es m\u00e1s, pese a la incertidumbre reinante por la pandemia, la planificaci\u00f3n escolar para el pr\u00f3ximo curso se est\u00e1 efectuando respondiendo a una situaci\u00f3n de absoluta normalidad. Esperemos que as\u00ed sea, aunque lamentamos una vez m\u00e1s que el Departamento pierda nuevas ocasiones para mejorar la calidad de la educaci\u00f3n.<\/span><\/p>\n<p><span style=\"font-size: 10pt\">En cualquier caso, a estas ratios por encima del acuerdo de 2015 se suman las deficientes instalaciones, <strong>convirtiendo en algo habitual la educaci\u00f3n en barracones<\/strong>. Y pese a la masificaci\u00f3n, y tal y como aluden diversas <a href=\"https:\/\/twitter.com\/ampanavales?lang=en\">AMPAS como la del Ana Mar\u00eda Navales de Arcosur,<\/a> la oferta educativa va a resultar insuficiente, ya que seg\u00fan esta AMPA, en Arcosur se van a ofertar 5 v\u00edas (125 plazas) para 158 ni\u00f1os en el censo.<\/span><\/p>\n<p><span style=\"font-size: 11pt\">La situaci\u00f3n la recoge hoy el <a href=\"https:\/\/arainfo.org\/los-centros-educativos-de-parque-venecia-y-arcosur-superan-la-ratio-de-alumnado-en-infantil-y-primaria\/\">diario digital Arainfo<\/a>:\u00a0<\/span><\/p>\n<p><a href=\"https:\/\/arainfo.org\/los-centros-educativos-de-parque-venecia-y-arcosur-superan-la-ratio-de-alumnado-en-infantil-y-primaria\/\" target=\"_blank\" rel=\"noopener\"><img loading=\"lazy\" decoding=\"async\" class=\"alignnone wp-image-12214\" src=\"https:\/\/www.cgtaragonlarioja.org\/fedens\/files\/2021\/04\/Arainfo-Arcosur-300x255.jpg\" alt=\"\" width=\"327\" height=\"279\" srcset=\"https:\/\/www.cgtaragonlarioja.org\/fedens\/files\/2021\/04\/Arainfo-Arcosur-300x255.jpg 300w, https:\/\/www.cgtaragonlarioja.org\/fedens\/files\/2021\/04\/Arainfo-Arcosur.jpg 466w\" sizes=\"auto, (max-width: 327px) 100vw, 327px\" \/><\/a><\/p>\n<p><span style=\"font-size: 10pt\">Desde CGT exigimos un compromiso claro del Gobierno de Arag\u00f3n con la educaci\u00f3n p\u00fablica, y una gesti\u00f3n eficaz de los recursos por parte del Departamento de Educaci\u00f3n.<\/span><\/p>\n<p><span style=\"color: #800000;font-size: 10pt\"><strong>#FaciDimisi\u00f3n<\/strong><\/span><\/p>\n","protected":false},"excerpt":{"rendered":"<p>La \u00faltima Comisi\u00f3n de Garant\u00edas de Escolarizaci\u00f3n de Infantil y Primaria de la ciudad de<\/p>\n","protected":false},"author":854,"featured_media":12214,"comment_status":"open","ping_status":"open","sticky":false,"template":"","format":"standard","meta":{"footnotes":""},"categories":[480],"tags":[654,656,655,637],"class_list":["post-12213","post","type-post","status-publish","format-standard","has-post-thumbnail","hentry","category-noticias","tag-arcosur","tag-infraestructuras","tag-parque-venecia","tag-ratios"],"yoast_head":"<!-- This site is optimized with the Yoast SEO plugin v26.7 - https:\/\/yoast.com\/wordpress\/plugins\/seo\/ -->\n<title>Arcosur, Parque Venecia... falta de infraestructuras y ratios elevadas<\/title>\n<meta name=\"description\" content=\"La \u00faltima Comisi\u00f3n de Garant\u00edas de Escolarizaci\u00f3n de Infantil y Primaria de la ciudad de Zaragoza ha vuelto a evidenciar la negligente planificaci\u00f3n\" \/>\n<meta name=\"robots\" content=\"index, follow, max-snippet:-1, max-image-preview:large, max-video-preview:-1\" \/>\n<link rel=\"canonical\" href=\"https:\/\/www.cgtaragonlarioja.org\/fedens\/arcosur-parque-venecia-falta-de-infraestructuras-y-ratios-elevadas\/\" \/>\n<meta property=\"og:locale\" content=\"es_ES\" \/>\n<meta property=\"og:type\" content=\"article\" \/>\n<meta property=\"og:title\" content=\"Arcosur, Parque Venecia... falta de infraestructuras y ratios elevadas\" \/>\n<meta property=\"og:description\" content=\"La \u00faltima Comisi\u00f3n de Garant\u00edas de Escolarizaci\u00f3n de Infantil y Primaria de la ciudad de Zaragoza ha vuelto a evidenciar la negligente planificaci\u00f3n\" \/>\n<meta property=\"og:url\" content=\"https:\/\/www.cgtaragonlarioja.org\/fedens\/arcosur-parque-venecia-falta-de-infraestructuras-y-ratios-elevadas\/\" \/>\n<meta property=\"og:site_name\" content=\"CGT Arag\u00f3n - La Rioja. ENSE\u00d1ANZA\" \/>\n<meta property=\"article:publisher\" content=\"https:\/\/www.facebook.com\/CGTEnseAragon\/\" \/>\n<meta property=\"article:published_time\" content=\"2021-04-19T10:19:59+00:00\" \/>\n<meta property=\"article:modified_time\" content=\"2021-04-19T10:25:16+00:00\" \/>\n<meta property=\"og:image\" content=\"https:\/\/www.cgtaragonlarioja.org\/fedens\/files\/2021\/04\/Arainfo-Arcosur.jpg\" \/>\n\t<meta property=\"og:image:width\" content=\"466\" \/>\n\t<meta property=\"og:image:height\" content=\"396\" \/>\n\t<meta property=\"og:image:type\" content=\"image\/jpeg\" \/>\n<meta name=\"author\" content=\"CGT Ense\u00f1anza Arag\u00f3n\" \/>\n<meta name=\"twitter:card\" content=\"summary_large_image\" \/>\n<meta name=\"twitter:creator\" content=\"@CGTeduAragon\" \/>\n<meta name=\"twitter:site\" content=\"@CGTeduAragon\" \/>\n<meta name=\"twitter:label1\" content=\"Escrito por\" \/>\n\t<meta name=\"twitter:data1\" content=\"CGT Ense\u00f1anza Arag\u00f3n\" \/>\n\t<meta name=\"twitter:label2\" content=\"Tiempo de lectura\" \/>\n\t<meta name=\"twitter:data2\" content=\"3 minutos\" \/>\n<script type=\"application\/ld+json\" class=\"yoast-schema-graph\">{\"@context\":\"https:\/\/schema.org\",\"@graph\":[{\"@type\":\"Article\",\"@id\":\"https:\/\/www.cgtaragonlarioja.org\/fedens\/arcosur-parque-venecia-falta-de-infraestructuras-y-ratios-elevadas\/#article\",\"isPartOf\":{\"@id\":\"https:\/\/www.cgtaragonlarioja.org\/fedens\/arcosur-parque-venecia-falta-de-infraestructuras-y-ratios-elevadas\/\"},\"author\":{\"name\":\"CGT Ense\u00f1anza Arag\u00f3n\",\"@id\":\"https:\/\/www.cgtaragonlarioja.org\/fedens\/#\/schema\/person\/f577cbf9ee1fb7519bfd883ac4f4032f\"},\"headline\":\"Arcosur, Parque Venecia&#8230; falta de infraestructuras y ratios elevadas\",\"datePublished\":\"2021-04-19T10:19:59+00:00\",\"dateModified\":\"2021-04-19T10:25:16+00:00\",\"mainEntityOfPage\":{\"@id\":\"https:\/\/www.cgtaragonlarioja.org\/fedens\/arcosur-parque-venecia-falta-de-infraestructuras-y-ratios-elevadas\/\"},\"wordCount\":458,\"commentCount\":0,\"publisher\":{\"@id\":\"https:\/\/www.cgtaragonlarioja.org\/fedens\/#organization\"},\"image\":{\"@id\":\"https:\/\/www.cgtaragonlarioja.org\/fedens\/arcosur-parque-venecia-falta-de-infraestructuras-y-ratios-elevadas\/#primaryimage\"},\"thumbnailUrl\":\"https:\/\/www.cgtaragonlarioja.org\/fedens\/files\/2021\/04\/Arainfo-Arcosur.jpg\",\"keywords\":[\"Arcosur\",\"infraestructuras\",\"Parque Venecia\",\"ratios\"],\"articleSection\":[\"Noticias\"],\"inLanguage\":\"es\",\"potentialAction\":[{\"@type\":\"CommentAction\",\"name\":\"Comment\",\"target\":[\"https:\/\/www.cgtaragonlarioja.org\/fedens\/arcosur-parque-venecia-falta-de-infraestructuras-y-ratios-elevadas\/#respond\"]}]},{\"@type\":\"WebPage\",\"@id\":\"https:\/\/www.cgtaragonlarioja.org\/fedens\/arcosur-parque-venecia-falta-de-infraestructuras-y-ratios-elevadas\/\",\"url\":\"https:\/\/www.cgtaragonlarioja.org\/fedens\/arcosur-parque-venecia-falta-de-infraestructuras-y-ratios-elevadas\/\",\"name\":\"Arcosur, Parque Venecia... falta de infraestructuras y ratios elevadas\",\"isPartOf\":{\"@id\":\"https:\/\/www.cgtaragonlarioja.org\/fedens\/#website\"},\"primaryImageOfPage\":{\"@id\":\"https:\/\/www.cgtaragonlarioja.org\/fedens\/arcosur-parque-venecia-falta-de-infraestructuras-y-ratios-elevadas\/#primaryimage\"},\"image\":{\"@id\":\"https:\/\/www.cgtaragonlarioja.org\/fedens\/arcosur-parque-venecia-falta-de-infraestructuras-y-ratios-elevadas\/#primaryimage\"},\"thumbnailUrl\":\"https:\/\/www.cgtaragonlarioja.org\/fedens\/files\/2021\/04\/Arainfo-Arcosur.jpg\",\"datePublished\":\"2021-04-19T10:19:59+00:00\",\"dateModified\":\"2021-04-19T10:25:16+00:00\",\"description\":\"La \u00faltima Comisi\u00f3n de Garant\u00edas de Escolarizaci\u00f3n de Infantil y Primaria de la ciudad de Zaragoza ha vuelto a evidenciar la negligente planificaci\u00f3n\",\"breadcrumb\":{\"@id\":\"https:\/\/www.cgtaragonlarioja.org\/fedens\/arcosur-parque-venecia-falta-de-infraestructuras-y-ratios-elevadas\/#breadcrumb\"},\"inLanguage\":\"es\",\"potentialAction\":[{\"@type\":\"ReadAction\",\"target\":[\"https:\/\/www.cgtaragonlarioja.org\/fedens\/arcosur-parque-venecia-falta-de-infraestructuras-y-ratios-elevadas\/\"]}]},{\"@type\":\"ImageObject\",\"inLanguage\":\"es\",\"@id\":\"https:\/\/www.cgtaragonlarioja.org\/fedens\/arcosur-parque-venecia-falta-de-infraestructuras-y-ratios-elevadas\/#primaryimage\",\"url\":\"https:\/\/www.cgtaragonlarioja.org\/fedens\/files\/2021\/04\/Arainfo-Arcosur.jpg\",\"contentUrl\":\"https:\/\/www.cgtaragonlarioja.org\/fedens\/files\/2021\/04\/Arainfo-Arcosur.jpg\",\"width\":466,\"height\":396},{\"@type\":\"BreadcrumbList\",\"@id\":\"https:\/\/www.cgtaragonlarioja.org\/fedens\/arcosur-parque-venecia-falta-de-infraestructuras-y-ratios-elevadas\/#breadcrumb\",\"itemListElement\":[{\"@type\":\"ListItem\",\"position\":1,\"name\":\"Portada\",\"item\":\"https:\/\/www.cgtaragonlarioja.org\/fedens\/\"},{\"@type\":\"ListItem\",\"position\":2,\"name\":\"Arcosur, Parque Venecia&#8230; falta de infraestructuras y ratios elevadas\"}]},{\"@type\":\"WebSite\",\"@id\":\"https:\/\/www.cgtaragonlarioja.org\/fedens\/#website\",\"url\":\"https:\/\/www.cgtaragonlarioja.org\/fedens\/\",\"name\":\"CGT Arag\u00f3n - La Rioja. ENSE\u00d1ANZA\",\"description\":\"CONTACTAR: Calatayud-Aranda: 654897973 \/ Huesca: 974238404 \/ Teruel: 978619265 \/ Zaragoza: 976922002\",\"publisher\":{\"@id\":\"https:\/\/www.cgtaragonlarioja.org\/fedens\/#organization\"},\"potentialAction\":[{\"@type\":\"SearchAction\",\"target\":{\"@type\":\"EntryPoint\",\"urlTemplate\":\"https:\/\/www.cgtaragonlarioja.org\/fedens\/?s={search_term_string}\"},\"query-input\":{\"@type\":\"PropertyValueSpecification\",\"valueRequired\":true,\"valueName\":\"search_term_string\"}}],\"inLanguage\":\"es\"},{\"@type\":\"Organization\",\"@id\":\"https:\/\/www.cgtaragonlarioja.org\/fedens\/#organization\",\"name\":\"CGT Arag\u00f3n y La Rioja - Ense\u00f1anza\",\"url\":\"https:\/\/www.cgtaragonlarioja.org\/fedens\/\",\"logo\":{\"@type\":\"ImageObject\",\"inLanguage\":\"es\",\"@id\":\"https:\/\/www.cgtaragonlarioja.org\/fedens\/#\/schema\/logo\/image\/\",\"url\":\"https:\/\/www.cgtaragonlarioja.org\/fedens\/files\/2021\/02\/logo_cgt_ense_huesca_170x250.png\",\"contentUrl\":\"https:\/\/www.cgtaragonlarioja.org\/fedens\/files\/2021\/02\/logo_cgt_ense_huesca_170x250.png\",\"width\":170,\"height\":250,\"caption\":\"CGT Arag\u00f3n y La Rioja - Ense\u00f1anza\"},\"image\":{\"@id\":\"https:\/\/www.cgtaragonlarioja.org\/fedens\/#\/schema\/logo\/image\/\"},\"sameAs\":[\"https:\/\/www.facebook.com\/CGTEnseAragon\/\",\"https:\/\/x.com\/CGTeduAragon\"]},{\"@type\":\"Person\",\"@id\":\"https:\/\/www.cgtaragonlarioja.org\/fedens\/#\/schema\/person\/f577cbf9ee1fb7519bfd883ac4f4032f\",\"name\":\"CGT Ense\u00f1anza Arag\u00f3n\",\"image\":{\"@type\":\"ImageObject\",\"inLanguage\":\"es\",\"@id\":\"https:\/\/www.cgtaragonlarioja.org\/fedens\/#\/schema\/person\/image\/\",\"url\":\"https:\/\/secure.gravatar.com\/avatar\/6591cafae8da970274bd48ef06b7f86ae2c2ba705fb2cdafa9b5f7f48c95a765?s=96&d=mm&r=g\",\"contentUrl\":\"https:\/\/secure.gravatar.com\/avatar\/6591cafae8da970274bd48ef06b7f86ae2c2ba705fb2cdafa9b5f7f48c95a765?s=96&d=mm&r=g\",\"caption\":\"CGT Ense\u00f1anza Arag\u00f3n\"},\"url\":\"https:\/\/www.cgtaragonlarioja.org\/fedens\/author\/fasecgt\/\"}]}<\/script>\n<!-- \/ Yoast SEO plugin. -->","yoast_head_json":{"title":"Arcosur, Parque Venecia... falta de infraestructuras y ratios elevadas","description":"La \u00faltima Comisi\u00f3n de Garant\u00edas de Escolarizaci\u00f3n de Infantil y Primaria de la ciudad de Zaragoza ha vuelto a evidenciar la negligente planificaci\u00f3n","robots":{"index":"index","follow":"follow","max-snippet":"max-snippet:-1","max-image-preview":"max-image-preview:large","max-video-preview":"max-video-preview:-1"},"canonical":"https:\/\/www.cgtaragonlarioja.org\/fedens\/arcosur-parque-venecia-falta-de-infraestructuras-y-ratios-elevadas\/","og_locale":"es_ES","og_type":"article","og_title":"Arcosur, Parque Venecia... falta de infraestructuras y ratios elevadas","og_description":"La \u00faltima Comisi\u00f3n de Garant\u00edas de Escolarizaci\u00f3n de Infantil y Primaria de la ciudad de Zaragoza ha vuelto a evidenciar la negligente planificaci\u00f3n","og_url":"https:\/\/www.cgtaragonlarioja.org\/fedens\/arcosur-parque-venecia-falta-de-infraestructuras-y-ratios-elevadas\/","og_site_name":"CGT Arag\u00f3n - La Rioja. ENSE\u00d1ANZA","article_publisher":"https:\/\/www.facebook.com\/CGTEnseAragon\/","article_published_time":"2021-04-19T10:19:59+00:00","article_modified_time":"2021-04-19T10:25:16+00:00","og_image":[{"width":466,"height":396,"url":"https:\/\/www.cgtaragonlarioja.org\/fedens\/files\/2021\/04\/Arainfo-Arcosur.jpg","type":"image\/jpeg"}],"author":"CGT Ense\u00f1anza Arag\u00f3n","twitter_card":"summary_large_image","twitter_creator":"@CGTeduAragon","twitter_site":"@CGTeduAragon","twitter_misc":{"Escrito por":"CGT Ense\u00f1anza Arag\u00f3n","Tiempo de lectura":"3 minutos"},"schema":{"@context":"https:\/\/schema.org","@graph":[{"@type":"Article","@id":"https:\/\/www.cgtaragonlarioja.org\/fedens\/arcosur-parque-venecia-falta-de-infraestructuras-y-ratios-elevadas\/#article","isPartOf":{"@id":"https:\/\/www.cgtaragonlarioja.org\/fedens\/arcosur-parque-venecia-falta-de-infraestructuras-y-ratios-elevadas\/"},"author":{"name":"CGT Ense\u00f1anza Arag\u00f3n","@id":"https:\/\/www.cgtaragonlarioja.org\/fedens\/#\/schema\/person\/f577cbf9ee1fb7519bfd883ac4f4032f"},"headline":"Arcosur, Parque Venecia&#8230; falta de infraestructuras y ratios elevadas","datePublished":"2021-04-19T10:19:59+00:00","dateModified":"2021-04-19T10:25:16+00:00","mainEntityOfPage":{"@id":"https:\/\/www.cgtaragonlarioja.org\/fedens\/arcosur-parque-venecia-falta-de-infraestructuras-y-ratios-elevadas\/"},"wordCount":458,"commentCount":0,"publisher":{"@id":"https:\/\/www.cgtaragonlarioja.org\/fedens\/#organization"},"image":{"@id":"https:\/\/www.cgtaragonlarioja.org\/fedens\/arcosur-parque-venecia-falta-de-infraestructuras-y-ratios-elevadas\/#primaryimage"},"thumbnailUrl":"https:\/\/www.cgtaragonlarioja.org\/fedens\/files\/2021\/04\/Arainfo-Arcosur.jpg","keywords":["Arcosur","infraestructuras","Parque Venecia","ratios"],"articleSection":["Noticias"],"inLanguage":"es","potentialAction":[{"@type":"CommentAction","name":"Comment","target":["https:\/\/www.cgtaragonlarioja.org\/fedens\/arcosur-parque-venecia-falta-de-infraestructuras-y-ratios-elevadas\/#respond"]}]},{"@type":"WebPage","@id":"https:\/\/www.cgtaragonlarioja.org\/fedens\/arcosur-parque-venecia-falta-de-infraestructuras-y-ratios-elevadas\/","url":"https:\/\/www.cgtaragonlarioja.org\/fedens\/arcosur-parque-venecia-falta-de-infraestructuras-y-ratios-elevadas\/","name":"Arcosur, Parque Venecia... falta de infraestructuras y ratios elevadas","isPartOf":{"@id":"https:\/\/www.cgtaragonlarioja.org\/fedens\/#website"},"primaryImageOfPage":{"@id":"https:\/\/www.cgtaragonlarioja.org\/fedens\/arcosur-parque-venecia-falta-de-infraestructuras-y-ratios-elevadas\/#primaryimage"},"image":{"@id":"https:\/\/www.cgtaragonlarioja.org\/fedens\/arcosur-parque-venecia-falta-de-infraestructuras-y-ratios-elevadas\/#primaryimage"},"thumbnailUrl":"https:\/\/www.cgtaragonlarioja.org\/fedens\/files\/2021\/04\/Arainfo-Arcosur.jpg","datePublished":"2021-04-19T10:19:59+00:00","dateModified":"2021-04-19T10:25:16+00:00","description":"La \u00faltima Comisi\u00f3n de Garant\u00edas de Escolarizaci\u00f3n de Infantil y Primaria de la ciudad de Zaragoza ha vuelto a evidenciar la negligente planificaci\u00f3n","breadcrumb":{"@id":"https:\/\/www.cgtaragonlarioja.org\/fedens\/arcosur-parque-venecia-falta-de-infraestructuras-y-ratios-elevadas\/#breadcrumb"},"inLanguage":"es","potentialAction":[{"@type":"ReadAction","target":["https:\/\/www.cgtaragonlarioja.org\/fedens\/arcosur-parque-venecia-falta-de-infraestructuras-y-ratios-elevadas\/"]}]},{"@type":"ImageObject","inLanguage":"es","@id":"https:\/\/www.cgtaragonlarioja.org\/fedens\/arcosur-parque-venecia-falta-de-infraestructuras-y-ratios-elevadas\/#primaryimage","url":"https:\/\/www.cgtaragonlarioja.org\/fedens\/files\/2021\/04\/Arainfo-Arcosur.jpg","contentUrl":"https:\/\/www.cgtaragonlarioja.org\/fedens\/files\/2021\/04\/Arainfo-Arcosur.jpg","width":466,"height":396},{"@type":"BreadcrumbList","@id":"https:\/\/www.cgtaragonlarioja.org\/fedens\/arcosur-parque-venecia-falta-de-infraestructuras-y-ratios-elevadas\/#breadcrumb","itemListElement":[{"@type":"ListItem","position":1,"name":"Portada","item":"https:\/\/www.cgtaragonlarioja.org\/fedens\/"},{"@type":"ListItem","position":2,"name":"Arcosur, Parque Venecia&#8230; falta de infraestructuras y ratios elevadas"}]},{"@type":"WebSite","@id":"https:\/\/www.cgtaragonlarioja.org\/fedens\/#website","url":"https:\/\/www.cgtaragonlarioja.org\/fedens\/","name":"CGT Arag\u00f3n - La Rioja. ENSE\u00d1ANZA","description":"CONTACTAR: Calatayud-Aranda: 654897973 \/ Huesca: 974238404 \/ Teruel: 978619265 \/ Zaragoza: 976922002","publisher":{"@id":"https:\/\/www.cgtaragonlarioja.org\/fedens\/#organization"},"potentialAction":[{"@type":"SearchAction","target":{"@type":"EntryPoint","urlTemplate":"https:\/\/www.cgtaragonlarioja.org\/fedens\/?s={search_term_string}"},"query-input":{"@type":"PropertyValueSpecification","valueRequired":true,"valueName":"search_term_string"}}],"inLanguage":"es"},{"@type":"Organization","@id":"https:\/\/www.cgtaragonlarioja.org\/fedens\/#organization","name":"CGT Arag\u00f3n y La Rioja - Ense\u00f1anza","url":"https:\/\/www.cgtaragonlarioja.org\/fedens\/","logo":{"@type":"ImageObject","inLanguage":"es","@id":"https:\/\/www.cgtaragonlarioja.org\/fedens\/#\/schema\/logo\/image\/","url":"https:\/\/www.cgtaragonlarioja.org\/fedens\/files\/2021\/02\/logo_cgt_ense_huesca_170x250.png","contentUrl":"https:\/\/www.cgtaragonlarioja.org\/fedens\/files\/2021\/02\/logo_cgt_ense_huesca_170x250.png","width":170,"height":250,"caption":"CGT Arag\u00f3n y La Rioja - Ense\u00f1anza"},"image":{"@id":"https:\/\/www.cgtaragonlarioja.org\/fedens\/#\/schema\/logo\/image\/"},"sameAs":["https:\/\/www.facebook.com\/CGTEnseAragon\/","https:\/\/x.com\/CGTeduAragon"]},{"@type":"Person","@id":"https:\/\/www.cgtaragonlarioja.org\/fedens\/#\/schema\/person\/f577cbf9ee1fb7519bfd883ac4f4032f","name":"CGT Ense\u00f1anza Arag\u00f3n","image":{"@type":"ImageObject","inLanguage":"es","@id":"https:\/\/www.cgtaragonlarioja.org\/fedens\/#\/schema\/person\/image\/","url":"https:\/\/secure.gravatar.com\/avatar\/6591cafae8da970274bd48ef06b7f86ae2c2ba705fb2cdafa9b5f7f48c95a765?s=96&d=mm&r=g","contentUrl":"https:\/\/secure.gravatar.com\/avatar\/6591cafae8da970274bd48ef06b7f86ae2c2ba705fb2cdafa9b5f7f48c95a765?s=96&d=mm&r=g","caption":"CGT Ense\u00f1anza Arag\u00f3n"},"url":"https:\/\/www.cgtaragonlarioja.org\/fedens\/author\/fasecgt\/"}]}},"_links":{"self":[{"href":"https:\/\/www.cgtaragonlarioja.org\/fedens\/wp-json\/wp\/v2\/posts\/12213","targetHints":{"allow":["GET"]}}],"collection":[{"href":"https:\/\/www.cgtaragonlarioja.org\/fedens\/wp-json\/wp\/v2\/posts"}],"about":[{"href":"https:\/\/www.cgtaragonlarioja.org\/fedens\/wp-json\/wp\/v2\/types\/post"}],"author":[{"embeddable":true,"href":"https:\/\/www.cgtaragonlarioja.org\/fedens\/wp-json\/wp\/v2\/users\/854"}],"replies":[{"embeddable":true,"href":"https:\/\/www.cgtaragonlarioja.org\/fedens\/wp-json\/wp\/v2\/comments?post=12213"}],"version-history":[{"count":5,"href":"https:\/\/www.cgtaragonlarioja.org\/fedens\/wp-json\/wp\/v2\/posts\/12213\/revisions"}],"predecessor-version":[{"id":12223,"href":"https:\/\/www.cgtaragonlarioja.org\/fedens\/wp-json\/wp\/v2\/posts\/12213\/revisions\/12223"}],"wp:featuredmedia":[{"embeddable":true,"href":"https:\/\/www.cgtaragonlarioja.org\/fedens\/wp-json\/wp\/v2\/media\/12214"}],"wp:attachment":[{"href":"https:\/\/www.cgtaragonlarioja.org\/fedens\/wp-json\/wp\/v2\/media?parent=12213"}],"wp:term":[{"taxonomy":"category","embeddable":true,"href":"https:\/\/www.cgtaragonlarioja.org\/fedens\/wp-json\/wp\/v2\/categories?post=12213"},{"taxonomy":"post_tag","embeddable":true,"href":"https:\/\/www.cgtaragonlarioja.org\/fedens\/wp-json\/wp\/v2\/tags?post=12213"}],"curies":[{"name":"wp","href":"https:\/\/api.w.org\/{rel}","templated":true}]}}