{"id":11996,"date":"2021-04-06T10:50:22","date_gmt":"2021-04-06T08:50:22","guid":{"rendered":"https:\/\/www.cgtaragonlarioja.org\/fedens\/?p=11996"},"modified":"2021-04-06T10:50:22","modified_gmt":"2021-04-06T08:50:22","slug":"pedagogia-de-la-vulnerabilidad","status":"publish","type":"post","link":"https:\/\/www.cgtaragonlarioja.org\/fedens\/pedagogia-de-la-vulnerabilidad\/","title":{"rendered":"Pedagog\u00eda de la vulnerabilidad"},"content":{"rendered":"<p><strong><span class=\"TextRun SCXW148750308 BCX0\" lang=\"ES-ES\" xml:lang=\"ES-ES\" data-contrast=\"auto\"><span class=\"NormalTextRun SCXW148750308 BCX0\">Vivimos dentro de un paradigma dominante de la autosuficiencia en la b\u00fasqueda de la excelencia y el m\u00e9rito, el de la autosatisfacci\u00f3n del ganador, de la prepotencia, el individualismo, la filosof\u00eda de la conquista del \u00e9xito emprendedor y la cultura del esfuerzo para el triunfo y el ascenso social<\/span><\/span>.<\/strong><\/p>\n<p><strong>JULIO ROGERO<\/strong><\/p>\n<p><strong><span class=\"TextRun SCXW232877144 BCX0\" lang=\"ES-ES\" xml:lang=\"ES-ES\" data-contrast=\"auto\"><span class=\"NormalTextRun SCXW232877144 BCX0\">\u00abLa educaci\u00f3n como proyecto humanizador<\/span><\/span><\/strong><span class=\"TextRun SCXW232877144 BCX0\" lang=\"ES-ES\" xml:lang=\"ES-ES\" data-contrast=\"auto\"><span class=\"NormalTextRun SCXW232877144 BCX0\">. Porque es sensible a los conflictos sociales, desigualdades, injusticias, emergencias clim\u00e1ticas y desaf\u00edos de la humanidad. Pone el \u00e9nfasis en valores como la solidaridad, el apoyo mutuo y la cooperaci\u00f3n, y en la sensibilizaci\u00f3n y cumplimiento escrupuloso de los derechos humanos y sociales\u2026 Y frente a la indiferencia ante el\u00a0<\/span><\/span><span class=\"TextRun SCXW232877144 BCX0\" lang=\"ES-ES\" xml:lang=\"ES-ES\" data-contrast=\"auto\"><span class=\"NormalTextRun SCXW232877144 BCX0\">sufrimiento humano activa la empat\u00eda y la compasi\u00f3n. Sin perder nunca el horizonte de la transformaci\u00f3n educativa y la emancipaci\u00f3n social\u00bb. (<\/span><\/span><span class=\"TextRun SCXW232877144 BCX0\" lang=\"ES-ES\" xml:lang=\"ES-ES\" data-contrast=\"auto\"><span class=\"NormalTextRun SCXW232877144 BCX0\"><strong>Punto 1 del <em>Manifiesto por una educaci\u00f3n transformadora y emancipadora<\/em><\/strong>. Foro de Sevilla.\u00a0<\/span><\/span><a class=\"Hyperlink SCXW232877144 BCX0\" href=\"https:\/\/eldiariodelaeducacion.com\/porotrapoliticaeducativa\/2020\/11\/16\/manifiesto-por-una-educacion-transformadora-y-emancipadora-25-principios-y-propuestas\/\" target=\"_blank\" rel=\"noreferrer noopener\"><span class=\"TextRun Underlined SCXW232877144 BCX0\" lang=\"ES-ES\" xml:lang=\"ES-ES\" data-contrast=\"none\"><span class=\"NormalTextRun SCXW232877144 BCX0\" data-ccp-charstyle=\"Hyperlink\">Diario de la Educaci\u00f3n 16-11-2020<\/span><\/span><\/a><span class=\"TextRun SCXW232877144 BCX0\" lang=\"ES-ES\" xml:lang=\"ES-ES\" data-contrast=\"auto\"><span class=\"NormalTextRun SCXW232877144 BCX0\">).<\/span><\/span><span class=\"EOP SCXW232877144 BCX0\" data-ccp-props=\"{&quot;335559685&quot;:708,&quot;335559740&quot;:257}\">\u00a0<\/span><\/p>\n<p><span data-contrast=\"auto\">Los momentos que vivimos est\u00e1n profundamente afectados por una situaci\u00f3n hasta ahora desconocida. A la vez esta crisis sanitaria tambi\u00e9n est\u00e1 sirviendo para hacer m\u00e1s\u00a0<\/span><span data-contrast=\"auto\">visibles y agravar problemas de vulnerabilidad que ya ten\u00edamos. La pandemia ha visibilizado que el sistema econ\u00f3mico y sus valores, encarnados en todos nosotros, nos hacen vivir en un mundo irreal en el que ignoramos sistem\u00e1ticamente lo fundamental de lo que nos constituye como seres humanos. En la creaci\u00f3n de este artificio el sistema educativo ha jugado su papel fundamental. Los valores que priman en \u00e9l son aceptados impl\u00edcitamente, practicados e inculcados de forma constante, configurando nuestra forma de vivir.\u00a0<\/span><span data-ccp-props=\"{&quot;335559740&quot;:257}\">\u00a0<\/span><span data-contrast=\"auto\">\u00a0<\/span><span data-ccp-props=\"{&quot;335559740&quot;:257}\">\u00a0<\/span><\/p>\n<p><span data-contrast=\"auto\">Vivimos dentro de un paradigma dominante que impregna el sistema educativo. Este est\u00e1 basado en la conciencia acr\u00edtica de que el objetivo de todo en la vida es ser feliz y exitoso sobre todos los dem\u00e1s y de forma individual. Se sustenta, tambi\u00e9n, en la exaltaci\u00f3n del propio ego para anular y quedar por encima de los dem\u00e1s egos con los que compite. Este paradigma es el de la autosuficiencia en la b\u00fasqueda de la excelencia y el m\u00e9rito, el de la autosatisfacci\u00f3n del ganador, de la prepotencia, el individualismo, la filosof\u00eda de la conquista del \u00e9xito emprendedor y la cultura del esfuerzo para el triunfo y el ascenso social. Desgraciadamente, estos son los valores que se inculcan en el curr\u00edculo oculto de la mayor\u00eda de los centros educativos, contradiciendo constantemente aquellos que se explicitan en los proyectos educativos y en los proyectos de convivencia.\u00a0<\/span><span data-ccp-props=\"{&quot;335559740&quot;:257}\">\u00a0<\/span><span data-contrast=\"auto\">\u00a0<\/span><span data-ccp-props=\"{&quot;335559740&quot;:257}\">\u00a0<\/span><\/p>\n<p><span data-contrast=\"auto\">La realidad nos ha mostrado la ausencia de humanidad del modelo educativo desarrollado en la mayor\u00eda de las escuelas sustentadas en esa visi\u00f3n. Hay en \u00e9l una notable ignorancia del significado de lo humano. Con frecuencia ha olvidado lo que nos dice Martha Nussbaum (2013): \u201cTodos nacemos desnudos y pobres; todos estamos sujetos a enfermedades y sufrimientos de todo tipo y, por \u00faltimo, todos estamos condenados a morir. Por tanto, la visi\u00f3n de todos estos sufrimientos comunes puede llevar a la humanidad a nuestros corazones\u201d.<\/span><span data-ccp-props=\"{&quot;335559740&quot;:257}\">\u00a0<\/span><span data-contrast=\"auto\">\u00a0<\/span><span data-ccp-props=\"{&quot;335559740&quot;:257}\">\u00a0<\/span><\/p>\n<p><span data-contrast=\"auto\">La humanidad deber\u00eda apuntar hacia otro modelo de vida. Un paradigma civilizatorio en el que la vulnerabilidad y el cuidado mutuo sean algunos de sus ejes fundamentales. Algunos de los aspectos\u00a0<\/span><span data-contrast=\"auto\">a<\/span><span data-contrast=\"auto\">\u00a0tener en cuenta para poder entrar en ese nuevo paradigma educativo \u201ccomo proyecto humanizador\u201d son:<\/span><span data-ccp-props=\"{&quot;335559740&quot;:257}\">\u00a0<\/span><span data-contrast=\"auto\">\u00a0<\/span><span data-ccp-props=\"{&quot;335559740&quot;:257}\">\u00a0<\/span><\/p>\n<ol>\n<li><span data-contrast=\"auto\">El conocimiento de lo que es y significa ser vulnerables. El aprendizaje de que toda obra humana es tan fr\u00e1gil y provisional como el propio ser humano. Los ejemplos cotidianos son muy abundantes. La experiencia de la pandemia los ha puesto en el primer plano y es una oportunidad inequ\u00edvoca para introducirlo en el curr\u00edculo escolar, como contenido prioritario, para conocer lo que somos y lo que nos est\u00e1 pasando.<\/span><span data-ccp-props=\"{&quot;134233279&quot;:true,&quot;335559740&quot;:259}\">\u00a0<\/span><\/li>\n<li><span data-contrast=\"auto\">La comprensi\u00f3n del sufrimiento humano y sus muy diversas causas. Sobre todo, la identificaci\u00f3n de que proviene de un sistema radicalmente injusto, que provoca un dolor inmenso en una gran parte de la poblaci\u00f3n por la violaci\u00f3n constante de los derechos humanos y de la dignidad humana. Los m\u00e1s d\u00e9biles son los que padecen m\u00e1s y se sienten m\u00e1s vulnerables seg\u00fan la clase social a la que pertenecen, en la que se encuadra el entorno familiar, la situaci\u00f3n de pobreza y carencias materiales, la exclusi\u00f3n social acompa\u00f1ada de la\u00a0<\/span><span data-contrast=\"auto\">segregaci\u00f3n escolar. Ah\u00ed se sit\u00faan las \u201cvidas desperdiciadas\u201d y desahuciadas de las que nos habla Bauman (2005).<\/span><span data-ccp-props=\"{&quot;134233279&quot;:true,&quot;335559740&quot;:259}\">\u00a0<\/span><\/li>\n<li><span data-contrast=\"auto\">El aprendizaje de los l\u00edmites en los que nos movemos y existimos. Hay unos puramente biol\u00f3gicos y otros que se nos imponen desde la \u00e9tica, desde la convivencia y las relaciones humanas, desde el respeto a los dem\u00e1s y a la naturaleza en que nos define. Por eso es bueno conocer hasta d\u00f3nde podemos llegar en nuestras aspiraciones y actuaciones.<\/span><span data-ccp-props=\"{&quot;134233279&quot;:true,&quot;335559740&quot;:259}\">\u00a0<\/span><\/li>\n<li><span data-contrast=\"auto\">La experimentaci\u00f3n de que la atenci\u00f3n al otro en el cuidado mutuo produce una satisfacci\u00f3n plena porque se asienta en el amor. Ello nos va a ayudar a asumir lo que somos con serenidad y esperanza. Est\u00e1 probado que la debilidad y fragilidad compartida nos hacen fuertes para afrontar las causas del sufrimiento humano producido por las carencias y errores en la convivencia humana, o por la enfermedad.\u00a0<\/span><span data-ccp-props=\"{&quot;134233279&quot;:true,&quot;335559740&quot;:259}\">\u00a0<\/span><\/li>\n<li data-leveltext=\"%1.\" data-font=\"Cambria, Cambria_MSFontService, serif\" data-listid=\"4\" data-aria-posinset=\"5\" data-aria-level=\"1\"><span data-contrast=\"auto\">El intercambio de las experiencias donde la inseguridad y el sufrimiento com\u00fan nos liga a los dem\u00e1s para construir un \u201cnosotros\u201d incluyente de toda condici\u00f3n humana.<br \/>\n<\/span><span data-ccp-props=\"{&quot;134233279&quot;:true,&quot;335559737&quot;:-433,&quot;335559740&quot;:259}\"><br \/>\n<\/span><span data-contrast=\"auto\">En definitiva, se trata de aprender a vivir en la vulnerabilidad humana. La pedagog\u00eda de la fragilidad comporta una respuesta radical a la suficiencia del sistema neoliberal, a sus valores, a su mundo simb\u00f3lico, a la subjetividad manipulada en la competitividad brutal. Esto nos exige penetrar en el conocimiento de lo que somos y de lo que nos configura como seres humanos vulnerables en nuestro caminar desde que nacemos hasta la muerte. Ello precisa un aprendizaje consciente y constantemente compartido, donde el cuidado y la ayuda mutua, como realidad del convivir y de la relaci\u00f3n educativa apoyada en el cultivo de los afectos y las emociones positivas, se sit\u00faen en todos los \u00e1mbitos de la vida escolar. Es<\/span><span data-contrast=\"auto\">\u00a0<\/span><span data-contrast=\"auto\">necesario que los Derechos Humanos y los Derechos de la Infancia sean un pilar fundamental del Proyecto Educativo de Centro y del curr\u00edculo, pues servir\u00e1 para aprender que la vulnerabilidad humana se agrava cuando no se respetan, y disminuye cuando se sostienen y defienden en com\u00fan en una democracia cada vez m\u00e1s consolidada.<\/span><span data-ccp-props=\"{&quot;335559740&quot;:257}\">\u00a0<\/span><span data-contrast=\"auto\">\u00a0<\/span><span data-ccp-props=\"{&quot;335559740&quot;:257}\">\u00a0<\/span><span data-contrast=\"auto\">Hay centros educativos en los que se est\u00e1 analizando, investigando y tratando el tema de la pandemia, sus causas, sus consecuencias y posibles actuaciones individuales y colectivas frente a ella. Lo hacen desde la conciencia de que podemos aprender desde la fragilidad humana. Esas experiencias pueden convertirse en referentes del tratamiento de este tema como un componente fundamental del curr\u00edculo en el mundo en que vivimos.\u00a0<\/span><span data-ccp-props=\"{&quot;335559740&quot;:257}\">\u00a0<\/span><span data-contrast=\"auto\">\u00a0<\/span><span data-ccp-props=\"{&quot;335559740&quot;:257}\">\u00a0<\/span><\/p>\n<p><span data-contrast=\"auto\">La comprensi\u00f3n del ser vulnerable y fr\u00e1gil no conlleva vivir en el lamento, en la depresi\u00f3n, en la resignaci\u00f3n y en la negatividad. M\u00e1s bien al contrario, la conciencia de la vulnerabilidad comporta la necesidad de dar valor a la interdependencia y a la fuerza del compartir y de la solidaridad. Tambi\u00e9n nos hace tomar conciencia de la alegr\u00eda de vivir y de la fiesta, de la poes\u00eda y la contemplaci\u00f3n de la belleza, del agradecimiento y compasi\u00f3n como la pasi\u00f3n por la vida con los otros.<\/span><span data-ccp-props=\"{&quot;335559740&quot;:257}\">\u00a0<\/span><span data-contrast=\"auto\">\u00a0<\/span><span data-ccp-props=\"{&quot;335559740&quot;:257}\">\u00a0<\/span><\/p>\n<p><span data-contrast=\"auto\">Sabemos que todo lo que aqu\u00ed proponemos era una utop\u00eda antes de la pandemia. Hoy vivimos la urgencia y la necesidad de que la hagamos posible como \u201cin\u00e9dito viable\u201d que dec\u00eda Freire. Se trata de ir construyendo una sociedad y una educaci\u00f3n cuidadora de las vidas vulnerables de todos, dando prioridad a las de los considerados m\u00e1s d\u00e9biles: los tenidos por los nadie, los sobrantes, los desechables, los descartables, como los desperdicios de la sociedad neoliberal.<\/span><\/p>\n<h6><span style=\"font-size: 12pt\">\u00a0<em><strong>Julio Rogero<\/strong><\/em> es miembro del <a href=\"https:\/\/colectivoescuelaabierta.org\/\" target=\"_blank\" rel=\"noopener\">MRP Escuela Abierta<\/a> y del <a href=\"https:\/\/porotrapoliticaeducativa.org\/\" target=\"_blank\" rel=\"noopener\">Foro de Sevilla. Por otra pol\u00edtica educativa.<\/a><\/span><\/h6>\n<p>&#8211; <strong>Este art\u00edculo fue originalmente publicado en<\/strong> <a href=\"https:\/\/eldiariodelaeducacion.com\/porotrapoliticaeducativa\/2021\/02\/22\/pedagogia-de-la-vulnerabilidad\/\" target=\"_blank\" rel=\"noopener\">eldiariodelaeducaci\u00f3n.com<\/a><\/li>\n<\/ol>\n","protected":false},"excerpt":{"rendered":"<p>Vivimos dentro de un paradigma dominante de la autosuficiencia en la b\u00fasqueda de la excelencia<\/p>\n","protected":false},"author":854,"featured_media":11997,"comment_status":"open","ping_status":"open","sticky":false,"template":"","format":"standard","meta":{"footnotes":""},"categories":[504],"tags":[],"class_list":["post-11996","post","type-post","status-publish","format-standard","has-post-thumbnail","hentry","category-a-debate"],"yoast_head":"<!-- This site is optimized with the Yoast SEO plugin v26.7 - https:\/\/yoast.com\/wordpress\/plugins\/seo\/ -->\n<title>Pedagog\u00eda de la vulnerabilidad<\/title>\n<meta name=\"description\" content=\"Vivimos dentro de un paradigma dominante de la autosuficiencia en la b\u00fasqueda de la excelencia y el m\u00e9rito, el de la autosatisfacci\u00f3n del ganador, de la\" \/>\n<meta name=\"robots\" content=\"index, follow, max-snippet:-1, max-image-preview:large, max-video-preview:-1\" \/>\n<link rel=\"canonical\" href=\"https:\/\/www.cgtaragonlarioja.org\/fedens\/pedagogia-de-la-vulnerabilidad\/\" \/>\n<meta property=\"og:locale\" content=\"es_ES\" \/>\n<meta property=\"og:type\" content=\"article\" \/>\n<meta property=\"og:title\" content=\"Pedagog\u00eda de la vulnerabilidad\" \/>\n<meta property=\"og:description\" content=\"Vivimos dentro de un paradigma dominante de la autosuficiencia en la b\u00fasqueda de la excelencia y el m\u00e9rito, el de la autosatisfacci\u00f3n del ganador, de la\" \/>\n<meta property=\"og:url\" content=\"https:\/\/www.cgtaragonlarioja.org\/fedens\/pedagogia-de-la-vulnerabilidad\/\" \/>\n<meta property=\"og:site_name\" content=\"CGT Arag\u00f3n - La Rioja. ENSE\u00d1ANZA\" \/>\n<meta property=\"article:publisher\" content=\"https:\/\/www.facebook.com\/CGTEnseAragon\/\" \/>\n<meta property=\"article:published_time\" content=\"2021-04-06T08:50:22+00:00\" \/>\n<meta property=\"og:image\" content=\"https:\/\/www.cgtaragonlarioja.org\/fedens\/files\/2021\/04\/22.02-Cuidado2-768x607-1.jpg\" \/>\n\t<meta property=\"og:image:width\" content=\"768\" \/>\n\t<meta property=\"og:image:height\" content=\"607\" \/>\n\t<meta property=\"og:image:type\" content=\"image\/jpeg\" \/>\n<meta name=\"author\" content=\"CGT Ense\u00f1anza Arag\u00f3n\" \/>\n<meta name=\"twitter:card\" content=\"summary_large_image\" \/>\n<meta name=\"twitter:creator\" content=\"@CGTeduAragon\" \/>\n<meta name=\"twitter:site\" content=\"@CGTeduAragon\" \/>\n<meta name=\"twitter:label1\" content=\"Escrito por\" \/>\n\t<meta name=\"twitter:data1\" content=\"CGT Ense\u00f1anza Arag\u00f3n\" \/>\n\t<meta name=\"twitter:label2\" content=\"Tiempo de lectura\" \/>\n\t<meta name=\"twitter:data2\" content=\"6 minutos\" \/>\n<script type=\"application\/ld+json\" class=\"yoast-schema-graph\">{\"@context\":\"https:\/\/schema.org\",\"@graph\":[{\"@type\":\"Article\",\"@id\":\"https:\/\/www.cgtaragonlarioja.org\/fedens\/pedagogia-de-la-vulnerabilidad\/#article\",\"isPartOf\":{\"@id\":\"https:\/\/www.cgtaragonlarioja.org\/fedens\/pedagogia-de-la-vulnerabilidad\/\"},\"author\":{\"name\":\"CGT Ense\u00f1anza Arag\u00f3n\",\"@id\":\"https:\/\/www.cgtaragonlarioja.org\/fedens\/#\/schema\/person\/f577cbf9ee1fb7519bfd883ac4f4032f\"},\"headline\":\"Pedagog\u00eda de la vulnerabilidad\",\"datePublished\":\"2021-04-06T08:50:22+00:00\",\"mainEntityOfPage\":{\"@id\":\"https:\/\/www.cgtaragonlarioja.org\/fedens\/pedagogia-de-la-vulnerabilidad\/\"},\"wordCount\":1380,\"commentCount\":0,\"publisher\":{\"@id\":\"https:\/\/www.cgtaragonlarioja.org\/fedens\/#organization\"},\"image\":{\"@id\":\"https:\/\/www.cgtaragonlarioja.org\/fedens\/pedagogia-de-la-vulnerabilidad\/#primaryimage\"},\"thumbnailUrl\":\"https:\/\/www.cgtaragonlarioja.org\/fedens\/files\/2021\/04\/22.02-Cuidado2-768x607-1.jpg\",\"articleSection\":[\"A Debate\"],\"inLanguage\":\"es\",\"potentialAction\":[{\"@type\":\"CommentAction\",\"name\":\"Comment\",\"target\":[\"https:\/\/www.cgtaragonlarioja.org\/fedens\/pedagogia-de-la-vulnerabilidad\/#respond\"]}]},{\"@type\":\"WebPage\",\"@id\":\"https:\/\/www.cgtaragonlarioja.org\/fedens\/pedagogia-de-la-vulnerabilidad\/\",\"url\":\"https:\/\/www.cgtaragonlarioja.org\/fedens\/pedagogia-de-la-vulnerabilidad\/\",\"name\":\"Pedagog\u00eda de la vulnerabilidad\",\"isPartOf\":{\"@id\":\"https:\/\/www.cgtaragonlarioja.org\/fedens\/#website\"},\"primaryImageOfPage\":{\"@id\":\"https:\/\/www.cgtaragonlarioja.org\/fedens\/pedagogia-de-la-vulnerabilidad\/#primaryimage\"},\"image\":{\"@id\":\"https:\/\/www.cgtaragonlarioja.org\/fedens\/pedagogia-de-la-vulnerabilidad\/#primaryimage\"},\"thumbnailUrl\":\"https:\/\/www.cgtaragonlarioja.org\/fedens\/files\/2021\/04\/22.02-Cuidado2-768x607-1.jpg\",\"datePublished\":\"2021-04-06T08:50:22+00:00\",\"description\":\"Vivimos dentro de un paradigma dominante de la autosuficiencia en la b\u00fasqueda de la excelencia y el m\u00e9rito, el de la autosatisfacci\u00f3n del ganador, de la\",\"breadcrumb\":{\"@id\":\"https:\/\/www.cgtaragonlarioja.org\/fedens\/pedagogia-de-la-vulnerabilidad\/#breadcrumb\"},\"inLanguage\":\"es\",\"potentialAction\":[{\"@type\":\"ReadAction\",\"target\":[\"https:\/\/www.cgtaragonlarioja.org\/fedens\/pedagogia-de-la-vulnerabilidad\/\"]}]},{\"@type\":\"ImageObject\",\"inLanguage\":\"es\",\"@id\":\"https:\/\/www.cgtaragonlarioja.org\/fedens\/pedagogia-de-la-vulnerabilidad\/#primaryimage\",\"url\":\"https:\/\/www.cgtaragonlarioja.org\/fedens\/files\/2021\/04\/22.02-Cuidado2-768x607-1.jpg\",\"contentUrl\":\"https:\/\/www.cgtaragonlarioja.org\/fedens\/files\/2021\/04\/22.02-Cuidado2-768x607-1.jpg\",\"width\":768,\"height\":607},{\"@type\":\"BreadcrumbList\",\"@id\":\"https:\/\/www.cgtaragonlarioja.org\/fedens\/pedagogia-de-la-vulnerabilidad\/#breadcrumb\",\"itemListElement\":[{\"@type\":\"ListItem\",\"position\":1,\"name\":\"Portada\",\"item\":\"https:\/\/www.cgtaragonlarioja.org\/fedens\/\"},{\"@type\":\"ListItem\",\"position\":2,\"name\":\"Pedagog\u00eda de la vulnerabilidad\"}]},{\"@type\":\"WebSite\",\"@id\":\"https:\/\/www.cgtaragonlarioja.org\/fedens\/#website\",\"url\":\"https:\/\/www.cgtaragonlarioja.org\/fedens\/\",\"name\":\"CGT Arag\u00f3n - La Rioja. ENSE\u00d1ANZA\",\"description\":\"CONTACTAR: Calatayud-Aranda: 654897973 \/ Huesca: 974238404 \/ Teruel: 978619265 \/ Zaragoza: 976922002\",\"publisher\":{\"@id\":\"https:\/\/www.cgtaragonlarioja.org\/fedens\/#organization\"},\"potentialAction\":[{\"@type\":\"SearchAction\",\"target\":{\"@type\":\"EntryPoint\",\"urlTemplate\":\"https:\/\/www.cgtaragonlarioja.org\/fedens\/?s={search_term_string}\"},\"query-input\":{\"@type\":\"PropertyValueSpecification\",\"valueRequired\":true,\"valueName\":\"search_term_string\"}}],\"inLanguage\":\"es\"},{\"@type\":\"Organization\",\"@id\":\"https:\/\/www.cgtaragonlarioja.org\/fedens\/#organization\",\"name\":\"CGT Arag\u00f3n y La Rioja - Ense\u00f1anza\",\"url\":\"https:\/\/www.cgtaragonlarioja.org\/fedens\/\",\"logo\":{\"@type\":\"ImageObject\",\"inLanguage\":\"es\",\"@id\":\"https:\/\/www.cgtaragonlarioja.org\/fedens\/#\/schema\/logo\/image\/\",\"url\":\"https:\/\/www.cgtaragonlarioja.org\/fedens\/files\/2021\/02\/logo_cgt_ense_huesca_170x250.png\",\"contentUrl\":\"https:\/\/www.cgtaragonlarioja.org\/fedens\/files\/2021\/02\/logo_cgt_ense_huesca_170x250.png\",\"width\":170,\"height\":250,\"caption\":\"CGT Arag\u00f3n y La Rioja - Ense\u00f1anza\"},\"image\":{\"@id\":\"https:\/\/www.cgtaragonlarioja.org\/fedens\/#\/schema\/logo\/image\/\"},\"sameAs\":[\"https:\/\/www.facebook.com\/CGTEnseAragon\/\",\"https:\/\/x.com\/CGTeduAragon\"]},{\"@type\":\"Person\",\"@id\":\"https:\/\/www.cgtaragonlarioja.org\/fedens\/#\/schema\/person\/f577cbf9ee1fb7519bfd883ac4f4032f\",\"name\":\"CGT Ense\u00f1anza Arag\u00f3n\",\"image\":{\"@type\":\"ImageObject\",\"inLanguage\":\"es\",\"@id\":\"https:\/\/www.cgtaragonlarioja.org\/fedens\/#\/schema\/person\/image\/\",\"url\":\"https:\/\/secure.gravatar.com\/avatar\/6591cafae8da970274bd48ef06b7f86ae2c2ba705fb2cdafa9b5f7f48c95a765?s=96&d=mm&r=g\",\"contentUrl\":\"https:\/\/secure.gravatar.com\/avatar\/6591cafae8da970274bd48ef06b7f86ae2c2ba705fb2cdafa9b5f7f48c95a765?s=96&d=mm&r=g\",\"caption\":\"CGT Ense\u00f1anza Arag\u00f3n\"},\"url\":\"https:\/\/www.cgtaragonlarioja.org\/fedens\/author\/fasecgt\/\"}]}<\/script>\n<!-- \/ Yoast SEO plugin. -->","yoast_head_json":{"title":"Pedagog\u00eda de la vulnerabilidad","description":"Vivimos dentro de un paradigma dominante de la autosuficiencia en la b\u00fasqueda de la excelencia y el m\u00e9rito, el de la autosatisfacci\u00f3n del ganador, de la","robots":{"index":"index","follow":"follow","max-snippet":"max-snippet:-1","max-image-preview":"max-image-preview:large","max-video-preview":"max-video-preview:-1"},"canonical":"https:\/\/www.cgtaragonlarioja.org\/fedens\/pedagogia-de-la-vulnerabilidad\/","og_locale":"es_ES","og_type":"article","og_title":"Pedagog\u00eda de la vulnerabilidad","og_description":"Vivimos dentro de un paradigma dominante de la autosuficiencia en la b\u00fasqueda de la excelencia y el m\u00e9rito, el de la autosatisfacci\u00f3n del ganador, de la","og_url":"https:\/\/www.cgtaragonlarioja.org\/fedens\/pedagogia-de-la-vulnerabilidad\/","og_site_name":"CGT Arag\u00f3n - La Rioja. ENSE\u00d1ANZA","article_publisher":"https:\/\/www.facebook.com\/CGTEnseAragon\/","article_published_time":"2021-04-06T08:50:22+00:00","og_image":[{"width":768,"height":607,"url":"https:\/\/www.cgtaragonlarioja.org\/fedens\/files\/2021\/04\/22.02-Cuidado2-768x607-1.jpg","type":"image\/jpeg"}],"author":"CGT Ense\u00f1anza Arag\u00f3n","twitter_card":"summary_large_image","twitter_creator":"@CGTeduAragon","twitter_site":"@CGTeduAragon","twitter_misc":{"Escrito por":"CGT Ense\u00f1anza Arag\u00f3n","Tiempo de lectura":"6 minutos"},"schema":{"@context":"https:\/\/schema.org","@graph":[{"@type":"Article","@id":"https:\/\/www.cgtaragonlarioja.org\/fedens\/pedagogia-de-la-vulnerabilidad\/#article","isPartOf":{"@id":"https:\/\/www.cgtaragonlarioja.org\/fedens\/pedagogia-de-la-vulnerabilidad\/"},"author":{"name":"CGT Ense\u00f1anza Arag\u00f3n","@id":"https:\/\/www.cgtaragonlarioja.org\/fedens\/#\/schema\/person\/f577cbf9ee1fb7519bfd883ac4f4032f"},"headline":"Pedagog\u00eda de la vulnerabilidad","datePublished":"2021-04-06T08:50:22+00:00","mainEntityOfPage":{"@id":"https:\/\/www.cgtaragonlarioja.org\/fedens\/pedagogia-de-la-vulnerabilidad\/"},"wordCount":1380,"commentCount":0,"publisher":{"@id":"https:\/\/www.cgtaragonlarioja.org\/fedens\/#organization"},"image":{"@id":"https:\/\/www.cgtaragonlarioja.org\/fedens\/pedagogia-de-la-vulnerabilidad\/#primaryimage"},"thumbnailUrl":"https:\/\/www.cgtaragonlarioja.org\/fedens\/files\/2021\/04\/22.02-Cuidado2-768x607-1.jpg","articleSection":["A Debate"],"inLanguage":"es","potentialAction":[{"@type":"CommentAction","name":"Comment","target":["https:\/\/www.cgtaragonlarioja.org\/fedens\/pedagogia-de-la-vulnerabilidad\/#respond"]}]},{"@type":"WebPage","@id":"https:\/\/www.cgtaragonlarioja.org\/fedens\/pedagogia-de-la-vulnerabilidad\/","url":"https:\/\/www.cgtaragonlarioja.org\/fedens\/pedagogia-de-la-vulnerabilidad\/","name":"Pedagog\u00eda de la vulnerabilidad","isPartOf":{"@id":"https:\/\/www.cgtaragonlarioja.org\/fedens\/#website"},"primaryImageOfPage":{"@id":"https:\/\/www.cgtaragonlarioja.org\/fedens\/pedagogia-de-la-vulnerabilidad\/#primaryimage"},"image":{"@id":"https:\/\/www.cgtaragonlarioja.org\/fedens\/pedagogia-de-la-vulnerabilidad\/#primaryimage"},"thumbnailUrl":"https:\/\/www.cgtaragonlarioja.org\/fedens\/files\/2021\/04\/22.02-Cuidado2-768x607-1.jpg","datePublished":"2021-04-06T08:50:22+00:00","description":"Vivimos dentro de un paradigma dominante de la autosuficiencia en la b\u00fasqueda de la excelencia y el m\u00e9rito, el de la autosatisfacci\u00f3n del ganador, de la","breadcrumb":{"@id":"https:\/\/www.cgtaragonlarioja.org\/fedens\/pedagogia-de-la-vulnerabilidad\/#breadcrumb"},"inLanguage":"es","potentialAction":[{"@type":"ReadAction","target":["https:\/\/www.cgtaragonlarioja.org\/fedens\/pedagogia-de-la-vulnerabilidad\/"]}]},{"@type":"ImageObject","inLanguage":"es","@id":"https:\/\/www.cgtaragonlarioja.org\/fedens\/pedagogia-de-la-vulnerabilidad\/#primaryimage","url":"https:\/\/www.cgtaragonlarioja.org\/fedens\/files\/2021\/04\/22.02-Cuidado2-768x607-1.jpg","contentUrl":"https:\/\/www.cgtaragonlarioja.org\/fedens\/files\/2021\/04\/22.02-Cuidado2-768x607-1.jpg","width":768,"height":607},{"@type":"BreadcrumbList","@id":"https:\/\/www.cgtaragonlarioja.org\/fedens\/pedagogia-de-la-vulnerabilidad\/#breadcrumb","itemListElement":[{"@type":"ListItem","position":1,"name":"Portada","item":"https:\/\/www.cgtaragonlarioja.org\/fedens\/"},{"@type":"ListItem","position":2,"name":"Pedagog\u00eda de la vulnerabilidad"}]},{"@type":"WebSite","@id":"https:\/\/www.cgtaragonlarioja.org\/fedens\/#website","url":"https:\/\/www.cgtaragonlarioja.org\/fedens\/","name":"CGT Arag\u00f3n - La Rioja. ENSE\u00d1ANZA","description":"CONTACTAR: Calatayud-Aranda: 654897973 \/ Huesca: 974238404 \/ Teruel: 978619265 \/ Zaragoza: 976922002","publisher":{"@id":"https:\/\/www.cgtaragonlarioja.org\/fedens\/#organization"},"potentialAction":[{"@type":"SearchAction","target":{"@type":"EntryPoint","urlTemplate":"https:\/\/www.cgtaragonlarioja.org\/fedens\/?s={search_term_string}"},"query-input":{"@type":"PropertyValueSpecification","valueRequired":true,"valueName":"search_term_string"}}],"inLanguage":"es"},{"@type":"Organization","@id":"https:\/\/www.cgtaragonlarioja.org\/fedens\/#organization","name":"CGT Arag\u00f3n y La Rioja - Ense\u00f1anza","url":"https:\/\/www.cgtaragonlarioja.org\/fedens\/","logo":{"@type":"ImageObject","inLanguage":"es","@id":"https:\/\/www.cgtaragonlarioja.org\/fedens\/#\/schema\/logo\/image\/","url":"https:\/\/www.cgtaragonlarioja.org\/fedens\/files\/2021\/02\/logo_cgt_ense_huesca_170x250.png","contentUrl":"https:\/\/www.cgtaragonlarioja.org\/fedens\/files\/2021\/02\/logo_cgt_ense_huesca_170x250.png","width":170,"height":250,"caption":"CGT Arag\u00f3n y La Rioja - Ense\u00f1anza"},"image":{"@id":"https:\/\/www.cgtaragonlarioja.org\/fedens\/#\/schema\/logo\/image\/"},"sameAs":["https:\/\/www.facebook.com\/CGTEnseAragon\/","https:\/\/x.com\/CGTeduAragon"]},{"@type":"Person","@id":"https:\/\/www.cgtaragonlarioja.org\/fedens\/#\/schema\/person\/f577cbf9ee1fb7519bfd883ac4f4032f","name":"CGT Ense\u00f1anza Arag\u00f3n","image":{"@type":"ImageObject","inLanguage":"es","@id":"https:\/\/www.cgtaragonlarioja.org\/fedens\/#\/schema\/person\/image\/","url":"https:\/\/secure.gravatar.com\/avatar\/6591cafae8da970274bd48ef06b7f86ae2c2ba705fb2cdafa9b5f7f48c95a765?s=96&d=mm&r=g","contentUrl":"https:\/\/secure.gravatar.com\/avatar\/6591cafae8da970274bd48ef06b7f86ae2c2ba705fb2cdafa9b5f7f48c95a765?s=96&d=mm&r=g","caption":"CGT Ense\u00f1anza Arag\u00f3n"},"url":"https:\/\/www.cgtaragonlarioja.org\/fedens\/author\/fasecgt\/"}]}},"_links":{"self":[{"href":"https:\/\/www.cgtaragonlarioja.org\/fedens\/wp-json\/wp\/v2\/posts\/11996","targetHints":{"allow":["GET"]}}],"collection":[{"href":"https:\/\/www.cgtaragonlarioja.org\/fedens\/wp-json\/wp\/v2\/posts"}],"about":[{"href":"https:\/\/www.cgtaragonlarioja.org\/fedens\/wp-json\/wp\/v2\/types\/post"}],"author":[{"embeddable":true,"href":"https:\/\/www.cgtaragonlarioja.org\/fedens\/wp-json\/wp\/v2\/users\/854"}],"replies":[{"embeddable":true,"href":"https:\/\/www.cgtaragonlarioja.org\/fedens\/wp-json\/wp\/v2\/comments?post=11996"}],"version-history":[{"count":1,"href":"https:\/\/www.cgtaragonlarioja.org\/fedens\/wp-json\/wp\/v2\/posts\/11996\/revisions"}],"predecessor-version":[{"id":11998,"href":"https:\/\/www.cgtaragonlarioja.org\/fedens\/wp-json\/wp\/v2\/posts\/11996\/revisions\/11998"}],"wp:featuredmedia":[{"embeddable":true,"href":"https:\/\/www.cgtaragonlarioja.org\/fedens\/wp-json\/wp\/v2\/media\/11997"}],"wp:attachment":[{"href":"https:\/\/www.cgtaragonlarioja.org\/fedens\/wp-json\/wp\/v2\/media?parent=11996"}],"wp:term":[{"taxonomy":"category","embeddable":true,"href":"https:\/\/www.cgtaragonlarioja.org\/fedens\/wp-json\/wp\/v2\/categories?post=11996"},{"taxonomy":"post_tag","embeddable":true,"href":"https:\/\/www.cgtaragonlarioja.org\/fedens\/wp-json\/wp\/v2\/tags?post=11996"}],"curies":[{"name":"wp","href":"https:\/\/api.w.org\/{rel}","templated":true}]}}