{"id":11893,"date":"2021-03-18T12:58:06","date_gmt":"2021-03-18T11:58:06","guid":{"rendered":"https:\/\/www.cgtaragonlarioja.org\/fedens\/?p=11893"},"modified":"2021-03-18T17:00:18","modified_gmt":"2021-03-18T16:00:18","slug":"mesa-sectorial-18-de-marzo","status":"publish","type":"post","link":"https:\/\/www.cgtaragonlarioja.org\/fedens\/mesa-sectorial-18-de-marzo\/","title":{"rendered":"Mesa Sectorial 18 de marzo"},"content":{"rendered":"<p><strong>Resumen de la Mesa Sectorial celebrada el jueves 18 de marzo de 2021<\/strong><\/p>\n<p>Orden del d\u00eda:<\/p>\n<ol>\n<li>Aprobaci\u00f3n, si procede, del Acta 2\/2021.<\/li>\n<li>Calendario escolar 20\/21.<\/li>\n<li>Ruegos y preguntas.<\/li>\n<\/ol>\n<p>&nbsp;<\/p>\n<p><strong>1) Aprobaci\u00f3n, si procede, del Acta 2\/2021.<\/strong><\/p>\n<p>Varios sindicatos apuntan que en el borrador del Acta no se recoge la denuncia que se hizo en la Mesa sectorial sobre la obligaci\u00f3n de pasar por negociaci\u00f3n la modificaci\u00f3n del calendario.<\/p>\n<p><strong>2) Calendario escolar 20\/21.<\/strong><\/p>\n<p>La administraci\u00f3n nos informa de su propuesta de modificaci\u00f3n tras el levantamiento de las cautelares del TSJA: <strong>los d\u00edas a recuperar ser\u00e1n el 5 y el 30 de abril.<\/strong> Tambi\u00e9n nos informan que hay una sentencia del TSJA sobre la negociaci\u00f3n del calendario escolar que dice que es \u00e1mbito exclusivo de la Administraci\u00f3n y no de negociaci\u00f3n.<\/p>\n<p>CGT muestra su sorpresa ya que no tenemos noticias de la sentencia de 2007 a la que se alude. Solicitamos que se nos haga llegar dicha sentencia, y al mismo tiempo recordamos a la administraci\u00f3n que el asunto que se est\u00e1 tratando es una modificaci\u00f3n de una resoluci\u00f3n ya aprobada en Mesa Sectorial de junio de 2020. Adem\u00e1s, en la respuesta del TSJA a la demanda presentada por CGT por la modificaci\u00f3n unilateral del calendario, el propio TSJA no hace referencia a la aludida sentencia de 2007, llegando incluso a cuestionar si fue o no negociaci\u00f3n el habernos informado, que no negociado, en la Mesa Sectorial del pasado 22 de febrero.<\/p>\n<p><strong>CGT reprocha a la administraci\u00f3n la deficiente gesti\u00f3n de este asunto, que roza el calificativo de chapuza<\/strong>. CGT ya inform\u00f3 en las Mesas sectoriales de 3 y 22 de febrero, y por registro el mismo d\u00eda 22, de la obligaci\u00f3n de pasar la modificaci\u00f3n del calendario por Sectorial. Si la administraci\u00f3n hubiera seguido este procedimiento no nos encontrar\u00edamos ante la actual situaci\u00f3n. Por la respuesta a nuestra demanda al TSJA tenemos constancia de que fuimos tres sindicatos los denunciantes (CGT, CCOO y CSIF) siendo admitidas a tr\u00e1mite, al menos, las cautelar\u00edsimas solicitadas por CGT y CCOO. Informamos a la administraci\u00f3n que ya hemos presentado recurso de reposici\u00f3n.<\/p>\n<p>Desde CGT recordamos a la administraci\u00f3n que <strong>el propio TSJA mostr\u00f3 su perplejidad y llam\u00f3 la atenci\u00f3n al Departamento por la pol\u00edtica de comunicaci\u00f3n que viene desarrollando<\/strong>:\u00a0 <em>\u201c&#8230;los medios de comunicaci\u00f3n no son el BOA\u201d.<\/em> El Departamento deber\u00eda tomar nota. Y desde el sindicato a\u00f1adimos c\u00f3mo \u00abnos lleg\u00f3 la propuesta de modificaci\u00f3n ayer a las 15h, mientras que los medios de comunicaci\u00f3n ya nos hab\u00edan llamado por la ma\u00f1ana porque ya ten\u00edan la informaci\u00f3n\u00bb.<\/p>\n<p>En referencia a otra cuesti\u00f3n que viene en la resoluci\u00f3n del TSJA, desde CGT se\u00f1alamos <strong>que <u>no son 169 d\u00edas lectivos este curso<\/u>, como afirma la administraci\u00f3n, sino 176 d\u00edas del calendario escolar<\/strong>. Solo hay que ver la resoluci\u00f3n del 22 de junio de 2020 y contar los d\u00edas lectivos.<\/p>\n<p>La p\u00e9sima gesti\u00f3n de este asunto est\u00e1 <strong>generando una serie de efectos colaterales y situaciones particulares ante las que la administraci\u00f3n debe posicionarse.<\/strong> Por ejemplo:<\/p>\n<ul>\n<li><strong>Con relaci\u00f3n a las personas que trabajaron ese d\u00eda<\/strong>, \u00bfQu\u00e9 plantea la administraci\u00f3n hacer con ellos? \u00bfY con el personal interino a media jornada que no tienen que trabajar los martes y ahora tienen que devolver dos d\u00edas? <span style=\"color: #800000\">El Departamento no responde<b>.<\/b><\/span><\/li>\n<li>\u00bfQu\u00e9 suceder\u00e1 con los y las <strong>docentes destinados en Alca\u00f1iz<\/strong> que ya han recuperado los dos d\u00edas antes de la resoluci\u00f3n de BOA? \u00bfY aqu\u00e9llos y aqu\u00e9llas de Teruel que ya han recuperado un d\u00eda? <span style=\"color: #800000\">El Departamento no responde<b>.<\/b><\/span><\/li>\n<li>\u00bfLa administraci\u00f3n va a elaborar una <strong>relaci\u00f3n pormenorizada de las diferentes casu\u00edsticas tanto a nivel individual como de centros<\/strong>? <span style=\"color: #800000\">El Departamento no responde<b>.<\/b><\/span><\/li>\n<\/ul>\n<p>NO son intercambiables d\u00edas lectivos por d\u00edas festivos.<\/p>\n<p>Desde <strong>CGT nos oponemos a la modificaci\u00f3n del calendario escolar.<\/strong> Si los trabajadores de la OPEL no pueden ir a trabajar por carreteras cortadas debido a una nevada, \u00bfla empresa va a hacerles ir en sus vacaciones? Esto fue una situaci\u00f3n sobrevenida, no fueron vacaciones. Y esto no es una negociaci\u00f3n, esto es una imposici\u00f3n donde la Administraci\u00f3n nos trae su decisi\u00f3n y no acepta ninguna propuesta sindical.<\/p>\n<p><strong>3) Ruegos y preguntas<\/strong><\/p>\n<p>Desde CGT se\u00f1alamos a que era un buen momento para que la administraci\u00f3n tuviera un gesto hacia el colectivo docente y no hacia la FAPAR. Hubiese sido un gesto muy digno por parte de la administraci\u00f3n hacia el profesorado y el alumnado.<\/p>\n<p>-Pedimos de nuevo que se reviertan los recortes del PP y nos planteamos si es que la administraci\u00f3n se encuentra c\u00f3moda con todo lo que dej\u00f3 el gobierno de Serrat. <strong>Desde la Administraci\u00f3n recuerdan que con Serrat se perdieron 700 puestos de trabajo y en estos 6 a\u00f1os se han recuperado m\u00e1s de mil. La administraci\u00f3n se olvida de recodar que pasa con las 18\/23, la reducaci\u00f3n de mayores de 55, las licencias de estudios retribuidas&#8230;<\/strong><\/p>\n<p>-\u00bfSe puede hacer algo con gente deca\u00edda de listas por no rebaremar debido a un problema funcional en PADOCC? <strong>No, si lo han hecho mal se quedan fuera. Se estudian los casos graves como los derivados por enfermedades.<\/strong><\/p>\n<p>-En referencia a la vacunaci\u00f3n y su paralizaci\u00f3n temporal, tenemos datos de docentes afectados con efectos secundarios graves? <strong>Solo hay tres casos a nivel estatal<\/strong><\/p>\n<p>-\u00bfPor qu\u00e9 no se ha adaptado el puesto de trabajo a las casi 1500 personas que han presentado el Anexo II de la Orden de 3 de julio? <strong>ESPERANDO RESPUESTA DESDE PRINCIPIO DE CURSO<\/strong><\/p>\n<p>-Esper\u00e1bamos una mesa de trabajo sobre la convocatoria de oposiciones antes de empezar a poner en marcha todo el proceso, una vez cerrado el plazo de inscripciones. En otras ocasiones ya hemos comentado que no nos parec\u00eda justo un de los criterios de exenci\u00f3n de tribunal. La convocatoria, copiada de otras, dice que no formar\u00e1n parte de los tribunales quienes lo hayan hecho en los \u00faltimos 4 a\u00f1os. Pero hay especialidades que no se pudieron convocar y ahora se cumplen 5 a\u00f1os. Propon\u00edamos sustituir eso por algo tipo <em>\u00abquedar\u00e1n exceptuadas las personas que formaron parte de tribunales en la \u00faltima convocatoria\u00bb.<\/em> Realmente este problema viene derivado de especialidades que se convocan cada muchos a\u00f1os y por tanto las personas que han sido tribunal no pueden acogerse a esta exenci\u00f3n.<br \/>\n<strong>Que recurran, expongan su situaci\u00f3n y se estudiar\u00e1.<\/strong><\/p>\n<p>-Desde que CGT gan\u00f3 en 2015 la sentencia que reconoc\u00eda el derecho de las y los interinos a cobrar los \u201csexenios\u201d y de manera retroactiva hemos pedido todos los cursos en mesas sectoriales, a la Administraci\u00f3n que los pague de oficio. En estos 6 a\u00f1os hemos logrado via jur\u00eddica que se les reconozca este derecho de formaci\u00f3n a m\u00e1s de mil interinos e interinas. No hemos perdido una sola reclamaci\u00f3n. Es una p\u00e9rdida de tiempo y dinero para los y las afectadas tener que reclamar v\u00eda judicial. \u00bfA que espera la administraci\u00f3n despu\u00e9s de 6 a\u00f1os y miles de reclamaciones ganadas entre los cinco sindicatos para reconocer este derecho y ejecutarlo de oficio?<br \/>\n<strong>LA CONSEJER\u00cdA LO HA SOLICITADO SIGUIENDO LOS PASOS QUE MARCA LA NUEVA LEY PERO HACIENDA LO DENIEGA A PESAR DE HABER DADO EL S\u00cd A LOS FUNCIONARIOS DE ADMINISTRACI\u00d3N GENERAL.<\/strong><\/p>\n<p>Seguimos pendientes de las cuestiones sobre las residencias de Huesca y los Centros Socio-laborales de Zaragoza.<br \/>\n<strong>EST\u00c1N ESTUDIANDO EL CASO DE HUESCA SOBRE HORARIOS PERO TAMBI\u00c9N EST\u00c1N VIENDO PROBLEMAS DE FUNCIONAMIENTO Y ORGANIZACI\u00d3N ENTRE LAS DISTINTAS RESIDENCIAS.<\/strong><\/p>\n<p><strong><u>Respuestas e informaci\u00f3n general ofrecida por parte del Departamento:<\/u><\/strong><\/p>\n<p style=\"padding-left: 40px\"><strong>Personal interino FP T\u00e9cnicos Especialistas<\/strong>. La Comisi\u00f3n de personal se\u00f1al\u00f3 que iban a empezar a tramitar el Estatuto de personal docente, acceso y profesores t\u00e9cnicos de formaci\u00f3n profesional y van a ejecutar una disposici\u00f3n transitoria hasta que haya un desarrollo normativo de la ley de FP para que los interinos de FP puedan seguir trabajando hasta que se publique. Transmitir a los interinos de FP que est\u00e9n tranquilos que por el momento seguir\u00e1n contratados.<\/p>\n<p style=\"padding-left: 40px\"><strong>Sobre la ley o normativa para la integraci\u00f3n del cuerpo de FP en Secundaria.\u00a0<\/strong>Informan que se convocar\u00e1 a las comunidades desde el Ministerio de Educaci\u00f3n.<\/p>\n<p style=\"padding-left: 40px\"><strong>Sobre sustituciones en Jefaturas de Estudios<\/strong>. Con relaci\u00f3n a la pregunta de CGT sobre esta cuesti\u00f3n, la administraci\u00f3n responde que hay un acuerdo de Consejo de Gobierno que s\u00ed reconoce la remuneraci\u00f3n econ\u00f3mica a directores, y van a intentar que sea as\u00ed para el resto de miembros de equipos directivos.<\/p>\n<p style=\"padding-left: 40px\"><strong>Proceso de vacunaci\u00f3n<\/strong>. El Departamento de Educaci\u00f3n comunica que en el momento actual ellos son meros transmisores de las medidas estipuladas por el Departamento de Sanidad.<\/p>\n<p style=\"padding-left: 40px\"><strong>Permisos de formaci\u00f3n docente<\/strong>. Los permisos se pueden tramitar desde Paddoc pero desde la administraci\u00f3n se\u00f1alan que el problema es que hay centros que tienen retenidas hasta 200 solicitudes porque los equipos directivos -o los responsables de esos centros-, no verifican la entrada de dichas solicitudes. Desde el Departamento se ha informado de esta circunstancia a todos los centros y a los servicios provinciales, pero el problema persiste.\u00a0 Desde el Departamento aluden a la necesidad de recordar a los centros que tienen que comprobar semanalmente el estado de estas solicitudes.<\/p>\n","protected":false},"excerpt":{"rendered":"<p>Resumen de la Mesa Sectorial celebrada el jueves 18 de marzo de 2021 Orden del<\/p>\n","protected":false},"author":486,"featured_media":10371,"comment_status":"open","ping_status":"open","sticky":false,"template":"","format":"standard","meta":{"footnotes":""},"categories":[508,480],"tags":[],"class_list":["post-11893","post","type-post","status-publish","format-standard","has-post-thumbnail","hentry","category-mesas-sectoriales-tecnicas","category-noticias"],"yoast_head":"<!-- This site is optimized with the Yoast SEO plugin v26.7 - https:\/\/yoast.com\/wordpress\/plugins\/seo\/ -->\n<title>Mesa Sectorial 18 de marzo<\/title>\n<meta name=\"description\" content=\"Resumen de la Mesa Sectorial celebrada el jueves 18 de marzo de 2021 Orden del d\u00eda: Aprobaci\u00f3n, si procede, del Acta 2\/2021. Calendario escolar 20\/21.\" \/>\n<meta name=\"robots\" content=\"index, follow, max-snippet:-1, max-image-preview:large, max-video-preview:-1\" \/>\n<link rel=\"canonical\" href=\"https:\/\/www.cgtaragonlarioja.org\/fedens\/mesa-sectorial-18-de-marzo\/\" \/>\n<meta property=\"og:locale\" content=\"es_ES\" \/>\n<meta property=\"og:type\" content=\"article\" \/>\n<meta property=\"og:title\" content=\"Mesa Sectorial 18 de marzo\" \/>\n<meta property=\"og:description\" content=\"Resumen de la Mesa Sectorial celebrada el jueves 18 de marzo de 2021 Orden del d\u00eda: Aprobaci\u00f3n, si procede, del Acta 2\/2021. Calendario escolar 20\/21.\" \/>\n<meta property=\"og:url\" content=\"https:\/\/www.cgtaragonlarioja.org\/fedens\/mesa-sectorial-18-de-marzo\/\" \/>\n<meta property=\"og:site_name\" content=\"CGT Arag\u00f3n - La Rioja. ENSE\u00d1ANZA\" \/>\n<meta property=\"article:publisher\" content=\"https:\/\/www.facebook.com\/CGTEnseAragon\/\" \/>\n<meta property=\"article:published_time\" content=\"2021-03-18T11:58:06+00:00\" \/>\n<meta property=\"article:modified_time\" content=\"2021-03-18T16:00:18+00:00\" \/>\n<meta property=\"og:image\" content=\"https:\/\/www.cgtaragonlarioja.org\/fedens\/files\/2020\/07\/mesas.jpg\" \/>\n\t<meta property=\"og:image:width\" content=\"192\" \/>\n\t<meta property=\"og:image:height\" content=\"200\" \/>\n\t<meta property=\"og:image:type\" content=\"image\/jpeg\" \/>\n<meta name=\"author\" content=\"kike\" \/>\n<meta name=\"twitter:card\" content=\"summary_large_image\" \/>\n<meta name=\"twitter:creator\" content=\"@CGTeduAragon\" \/>\n<meta name=\"twitter:site\" content=\"@CGTeduAragon\" \/>\n<meta name=\"twitter:label1\" content=\"Escrito por\" \/>\n\t<meta name=\"twitter:data1\" content=\"kike\" \/>\n\t<meta name=\"twitter:label2\" content=\"Tiempo de lectura\" \/>\n\t<meta name=\"twitter:data2\" content=\"7 minutos\" \/>\n<script type=\"application\/ld+json\" class=\"yoast-schema-graph\">{\"@context\":\"https:\/\/schema.org\",\"@graph\":[{\"@type\":\"Article\",\"@id\":\"https:\/\/www.cgtaragonlarioja.org\/fedens\/mesa-sectorial-18-de-marzo\/#article\",\"isPartOf\":{\"@id\":\"https:\/\/www.cgtaragonlarioja.org\/fedens\/mesa-sectorial-18-de-marzo\/\"},\"author\":{\"name\":\"kike\",\"@id\":\"https:\/\/www.cgtaragonlarioja.org\/fedens\/#\/schema\/person\/dfa7d1616615d62a6d79c9593aa09fc3\"},\"headline\":\"Mesa Sectorial 18 de marzo\",\"datePublished\":\"2021-03-18T11:58:06+00:00\",\"dateModified\":\"2021-03-18T16:00:18+00:00\",\"mainEntityOfPage\":{\"@id\":\"https:\/\/www.cgtaragonlarioja.org\/fedens\/mesa-sectorial-18-de-marzo\/\"},\"wordCount\":1600,\"commentCount\":0,\"publisher\":{\"@id\":\"https:\/\/www.cgtaragonlarioja.org\/fedens\/#organization\"},\"image\":{\"@id\":\"https:\/\/www.cgtaragonlarioja.org\/fedens\/mesa-sectorial-18-de-marzo\/#primaryimage\"},\"thumbnailUrl\":\"https:\/\/www.cgtaragonlarioja.org\/fedens\/files\/2020\/07\/mesas.jpg\",\"articleSection\":[\"Mesas sectoriales-t\u00e9cnicas\",\"Noticias\"],\"inLanguage\":\"es\",\"potentialAction\":[{\"@type\":\"CommentAction\",\"name\":\"Comment\",\"target\":[\"https:\/\/www.cgtaragonlarioja.org\/fedens\/mesa-sectorial-18-de-marzo\/#respond\"]}]},{\"@type\":\"WebPage\",\"@id\":\"https:\/\/www.cgtaragonlarioja.org\/fedens\/mesa-sectorial-18-de-marzo\/\",\"url\":\"https:\/\/www.cgtaragonlarioja.org\/fedens\/mesa-sectorial-18-de-marzo\/\",\"name\":\"Mesa Sectorial 18 de marzo\",\"isPartOf\":{\"@id\":\"https:\/\/www.cgtaragonlarioja.org\/fedens\/#website\"},\"primaryImageOfPage\":{\"@id\":\"https:\/\/www.cgtaragonlarioja.org\/fedens\/mesa-sectorial-18-de-marzo\/#primaryimage\"},\"image\":{\"@id\":\"https:\/\/www.cgtaragonlarioja.org\/fedens\/mesa-sectorial-18-de-marzo\/#primaryimage\"},\"thumbnailUrl\":\"https:\/\/www.cgtaragonlarioja.org\/fedens\/files\/2020\/07\/mesas.jpg\",\"datePublished\":\"2021-03-18T11:58:06+00:00\",\"dateModified\":\"2021-03-18T16:00:18+00:00\",\"description\":\"Resumen de la Mesa Sectorial celebrada el jueves 18 de marzo de 2021 Orden del d\u00eda: Aprobaci\u00f3n, si procede, del Acta 2\/2021. Calendario escolar 20\/21.\",\"breadcrumb\":{\"@id\":\"https:\/\/www.cgtaragonlarioja.org\/fedens\/mesa-sectorial-18-de-marzo\/#breadcrumb\"},\"inLanguage\":\"es\",\"potentialAction\":[{\"@type\":\"ReadAction\",\"target\":[\"https:\/\/www.cgtaragonlarioja.org\/fedens\/mesa-sectorial-18-de-marzo\/\"]}]},{\"@type\":\"ImageObject\",\"inLanguage\":\"es\",\"@id\":\"https:\/\/www.cgtaragonlarioja.org\/fedens\/mesa-sectorial-18-de-marzo\/#primaryimage\",\"url\":\"https:\/\/www.cgtaragonlarioja.org\/fedens\/files\/2020\/07\/mesas.jpg\",\"contentUrl\":\"https:\/\/www.cgtaragonlarioja.org\/fedens\/files\/2020\/07\/mesas.jpg\",\"width\":192,\"height\":200,\"caption\":\"mesas.jpg\"},{\"@type\":\"BreadcrumbList\",\"@id\":\"https:\/\/www.cgtaragonlarioja.org\/fedens\/mesa-sectorial-18-de-marzo\/#breadcrumb\",\"itemListElement\":[{\"@type\":\"ListItem\",\"position\":1,\"name\":\"Portada\",\"item\":\"https:\/\/www.cgtaragonlarioja.org\/fedens\/\"},{\"@type\":\"ListItem\",\"position\":2,\"name\":\"Mesa Sectorial 18 de marzo\"}]},{\"@type\":\"WebSite\",\"@id\":\"https:\/\/www.cgtaragonlarioja.org\/fedens\/#website\",\"url\":\"https:\/\/www.cgtaragonlarioja.org\/fedens\/\",\"name\":\"CGT Arag\u00f3n - La Rioja. ENSE\u00d1ANZA\",\"description\":\"CONTACTAR: Calatayud-Aranda: 654897973 \/ Huesca: 974238404 \/ Teruel: 978619265 \/ Zaragoza: 976922002\",\"publisher\":{\"@id\":\"https:\/\/www.cgtaragonlarioja.org\/fedens\/#organization\"},\"potentialAction\":[{\"@type\":\"SearchAction\",\"target\":{\"@type\":\"EntryPoint\",\"urlTemplate\":\"https:\/\/www.cgtaragonlarioja.org\/fedens\/?s={search_term_string}\"},\"query-input\":{\"@type\":\"PropertyValueSpecification\",\"valueRequired\":true,\"valueName\":\"search_term_string\"}}],\"inLanguage\":\"es\"},{\"@type\":\"Organization\",\"@id\":\"https:\/\/www.cgtaragonlarioja.org\/fedens\/#organization\",\"name\":\"CGT Arag\u00f3n y La Rioja - Ense\u00f1anza\",\"url\":\"https:\/\/www.cgtaragonlarioja.org\/fedens\/\",\"logo\":{\"@type\":\"ImageObject\",\"inLanguage\":\"es\",\"@id\":\"https:\/\/www.cgtaragonlarioja.org\/fedens\/#\/schema\/logo\/image\/\",\"url\":\"https:\/\/www.cgtaragonlarioja.org\/fedens\/files\/2021\/02\/logo_cgt_ense_huesca_170x250.png\",\"contentUrl\":\"https:\/\/www.cgtaragonlarioja.org\/fedens\/files\/2021\/02\/logo_cgt_ense_huesca_170x250.png\",\"width\":170,\"height\":250,\"caption\":\"CGT Arag\u00f3n y La Rioja - Ense\u00f1anza\"},\"image\":{\"@id\":\"https:\/\/www.cgtaragonlarioja.org\/fedens\/#\/schema\/logo\/image\/\"},\"sameAs\":[\"https:\/\/www.facebook.com\/CGTEnseAragon\/\",\"https:\/\/x.com\/CGTeduAragon\"]},{\"@type\":\"Person\",\"@id\":\"https:\/\/www.cgtaragonlarioja.org\/fedens\/#\/schema\/person\/dfa7d1616615d62a6d79c9593aa09fc3\",\"name\":\"kike\",\"image\":{\"@type\":\"ImageObject\",\"inLanguage\":\"es\",\"@id\":\"https:\/\/www.cgtaragonlarioja.org\/fedens\/#\/schema\/person\/image\/\",\"url\":\"https:\/\/secure.gravatar.com\/avatar\/f1c0788a733c3717c5f8c071e064a9c188df22c90b22388027f4ed27abaa4f3b?s=96&d=mm&r=g\",\"contentUrl\":\"https:\/\/secure.gravatar.com\/avatar\/f1c0788a733c3717c5f8c071e064a9c188df22c90b22388027f4ed27abaa4f3b?s=96&d=mm&r=g\",\"caption\":\"kike\"},\"url\":\"https:\/\/www.cgtaragonlarioja.org\/fedens\/author\/kike\/\"}]}<\/script>\n<!-- \/ Yoast SEO plugin. -->","yoast_head_json":{"title":"Mesa Sectorial 18 de marzo","description":"Resumen de la Mesa Sectorial celebrada el jueves 18 de marzo de 2021 Orden del d\u00eda: Aprobaci\u00f3n, si procede, del Acta 2\/2021. Calendario escolar 20\/21.","robots":{"index":"index","follow":"follow","max-snippet":"max-snippet:-1","max-image-preview":"max-image-preview:large","max-video-preview":"max-video-preview:-1"},"canonical":"https:\/\/www.cgtaragonlarioja.org\/fedens\/mesa-sectorial-18-de-marzo\/","og_locale":"es_ES","og_type":"article","og_title":"Mesa Sectorial 18 de marzo","og_description":"Resumen de la Mesa Sectorial celebrada el jueves 18 de marzo de 2021 Orden del d\u00eda: Aprobaci\u00f3n, si procede, del Acta 2\/2021. Calendario escolar 20\/21.","og_url":"https:\/\/www.cgtaragonlarioja.org\/fedens\/mesa-sectorial-18-de-marzo\/","og_site_name":"CGT Arag\u00f3n - La Rioja. ENSE\u00d1ANZA","article_publisher":"https:\/\/www.facebook.com\/CGTEnseAragon\/","article_published_time":"2021-03-18T11:58:06+00:00","article_modified_time":"2021-03-18T16:00:18+00:00","og_image":[{"width":192,"height":200,"url":"https:\/\/www.cgtaragonlarioja.org\/fedens\/files\/2020\/07\/mesas.jpg","type":"image\/jpeg"}],"author":"kike","twitter_card":"summary_large_image","twitter_creator":"@CGTeduAragon","twitter_site":"@CGTeduAragon","twitter_misc":{"Escrito por":"kike","Tiempo de lectura":"7 minutos"},"schema":{"@context":"https:\/\/schema.org","@graph":[{"@type":"Article","@id":"https:\/\/www.cgtaragonlarioja.org\/fedens\/mesa-sectorial-18-de-marzo\/#article","isPartOf":{"@id":"https:\/\/www.cgtaragonlarioja.org\/fedens\/mesa-sectorial-18-de-marzo\/"},"author":{"name":"kike","@id":"https:\/\/www.cgtaragonlarioja.org\/fedens\/#\/schema\/person\/dfa7d1616615d62a6d79c9593aa09fc3"},"headline":"Mesa Sectorial 18 de marzo","datePublished":"2021-03-18T11:58:06+00:00","dateModified":"2021-03-18T16:00:18+00:00","mainEntityOfPage":{"@id":"https:\/\/www.cgtaragonlarioja.org\/fedens\/mesa-sectorial-18-de-marzo\/"},"wordCount":1600,"commentCount":0,"publisher":{"@id":"https:\/\/www.cgtaragonlarioja.org\/fedens\/#organization"},"image":{"@id":"https:\/\/www.cgtaragonlarioja.org\/fedens\/mesa-sectorial-18-de-marzo\/#primaryimage"},"thumbnailUrl":"https:\/\/www.cgtaragonlarioja.org\/fedens\/files\/2020\/07\/mesas.jpg","articleSection":["Mesas sectoriales-t\u00e9cnicas","Noticias"],"inLanguage":"es","potentialAction":[{"@type":"CommentAction","name":"Comment","target":["https:\/\/www.cgtaragonlarioja.org\/fedens\/mesa-sectorial-18-de-marzo\/#respond"]}]},{"@type":"WebPage","@id":"https:\/\/www.cgtaragonlarioja.org\/fedens\/mesa-sectorial-18-de-marzo\/","url":"https:\/\/www.cgtaragonlarioja.org\/fedens\/mesa-sectorial-18-de-marzo\/","name":"Mesa Sectorial 18 de marzo","isPartOf":{"@id":"https:\/\/www.cgtaragonlarioja.org\/fedens\/#website"},"primaryImageOfPage":{"@id":"https:\/\/www.cgtaragonlarioja.org\/fedens\/mesa-sectorial-18-de-marzo\/#primaryimage"},"image":{"@id":"https:\/\/www.cgtaragonlarioja.org\/fedens\/mesa-sectorial-18-de-marzo\/#primaryimage"},"thumbnailUrl":"https:\/\/www.cgtaragonlarioja.org\/fedens\/files\/2020\/07\/mesas.jpg","datePublished":"2021-03-18T11:58:06+00:00","dateModified":"2021-03-18T16:00:18+00:00","description":"Resumen de la Mesa Sectorial celebrada el jueves 18 de marzo de 2021 Orden del d\u00eda: Aprobaci\u00f3n, si procede, del Acta 2\/2021. Calendario escolar 20\/21.","breadcrumb":{"@id":"https:\/\/www.cgtaragonlarioja.org\/fedens\/mesa-sectorial-18-de-marzo\/#breadcrumb"},"inLanguage":"es","potentialAction":[{"@type":"ReadAction","target":["https:\/\/www.cgtaragonlarioja.org\/fedens\/mesa-sectorial-18-de-marzo\/"]}]},{"@type":"ImageObject","inLanguage":"es","@id":"https:\/\/www.cgtaragonlarioja.org\/fedens\/mesa-sectorial-18-de-marzo\/#primaryimage","url":"https:\/\/www.cgtaragonlarioja.org\/fedens\/files\/2020\/07\/mesas.jpg","contentUrl":"https:\/\/www.cgtaragonlarioja.org\/fedens\/files\/2020\/07\/mesas.jpg","width":192,"height":200,"caption":"mesas.jpg"},{"@type":"BreadcrumbList","@id":"https:\/\/www.cgtaragonlarioja.org\/fedens\/mesa-sectorial-18-de-marzo\/#breadcrumb","itemListElement":[{"@type":"ListItem","position":1,"name":"Portada","item":"https:\/\/www.cgtaragonlarioja.org\/fedens\/"},{"@type":"ListItem","position":2,"name":"Mesa Sectorial 18 de marzo"}]},{"@type":"WebSite","@id":"https:\/\/www.cgtaragonlarioja.org\/fedens\/#website","url":"https:\/\/www.cgtaragonlarioja.org\/fedens\/","name":"CGT Arag\u00f3n - La Rioja. ENSE\u00d1ANZA","description":"CONTACTAR: Calatayud-Aranda: 654897973 \/ Huesca: 974238404 \/ Teruel: 978619265 \/ Zaragoza: 976922002","publisher":{"@id":"https:\/\/www.cgtaragonlarioja.org\/fedens\/#organization"},"potentialAction":[{"@type":"SearchAction","target":{"@type":"EntryPoint","urlTemplate":"https:\/\/www.cgtaragonlarioja.org\/fedens\/?s={search_term_string}"},"query-input":{"@type":"PropertyValueSpecification","valueRequired":true,"valueName":"search_term_string"}}],"inLanguage":"es"},{"@type":"Organization","@id":"https:\/\/www.cgtaragonlarioja.org\/fedens\/#organization","name":"CGT Arag\u00f3n y La Rioja - Ense\u00f1anza","url":"https:\/\/www.cgtaragonlarioja.org\/fedens\/","logo":{"@type":"ImageObject","inLanguage":"es","@id":"https:\/\/www.cgtaragonlarioja.org\/fedens\/#\/schema\/logo\/image\/","url":"https:\/\/www.cgtaragonlarioja.org\/fedens\/files\/2021\/02\/logo_cgt_ense_huesca_170x250.png","contentUrl":"https:\/\/www.cgtaragonlarioja.org\/fedens\/files\/2021\/02\/logo_cgt_ense_huesca_170x250.png","width":170,"height":250,"caption":"CGT Arag\u00f3n y La Rioja - Ense\u00f1anza"},"image":{"@id":"https:\/\/www.cgtaragonlarioja.org\/fedens\/#\/schema\/logo\/image\/"},"sameAs":["https:\/\/www.facebook.com\/CGTEnseAragon\/","https:\/\/x.com\/CGTeduAragon"]},{"@type":"Person","@id":"https:\/\/www.cgtaragonlarioja.org\/fedens\/#\/schema\/person\/dfa7d1616615d62a6d79c9593aa09fc3","name":"kike","image":{"@type":"ImageObject","inLanguage":"es","@id":"https:\/\/www.cgtaragonlarioja.org\/fedens\/#\/schema\/person\/image\/","url":"https:\/\/secure.gravatar.com\/avatar\/f1c0788a733c3717c5f8c071e064a9c188df22c90b22388027f4ed27abaa4f3b?s=96&d=mm&r=g","contentUrl":"https:\/\/secure.gravatar.com\/avatar\/f1c0788a733c3717c5f8c071e064a9c188df22c90b22388027f4ed27abaa4f3b?s=96&d=mm&r=g","caption":"kike"},"url":"https:\/\/www.cgtaragonlarioja.org\/fedens\/author\/kike\/"}]}},"_links":{"self":[{"href":"https:\/\/www.cgtaragonlarioja.org\/fedens\/wp-json\/wp\/v2\/posts\/11893","targetHints":{"allow":["GET"]}}],"collection":[{"href":"https:\/\/www.cgtaragonlarioja.org\/fedens\/wp-json\/wp\/v2\/posts"}],"about":[{"href":"https:\/\/www.cgtaragonlarioja.org\/fedens\/wp-json\/wp\/v2\/types\/post"}],"author":[{"embeddable":true,"href":"https:\/\/www.cgtaragonlarioja.org\/fedens\/wp-json\/wp\/v2\/users\/486"}],"replies":[{"embeddable":true,"href":"https:\/\/www.cgtaragonlarioja.org\/fedens\/wp-json\/wp\/v2\/comments?post=11893"}],"version-history":[{"count":7,"href":"https:\/\/www.cgtaragonlarioja.org\/fedens\/wp-json\/wp\/v2\/posts\/11893\/revisions"}],"predecessor-version":[{"id":11904,"href":"https:\/\/www.cgtaragonlarioja.org\/fedens\/wp-json\/wp\/v2\/posts\/11893\/revisions\/11904"}],"wp:featuredmedia":[{"embeddable":true,"href":"https:\/\/www.cgtaragonlarioja.org\/fedens\/wp-json\/wp\/v2\/media\/10371"}],"wp:attachment":[{"href":"https:\/\/www.cgtaragonlarioja.org\/fedens\/wp-json\/wp\/v2\/media?parent=11893"}],"wp:term":[{"taxonomy":"category","embeddable":true,"href":"https:\/\/www.cgtaragonlarioja.org\/fedens\/wp-json\/wp\/v2\/categories?post=11893"},{"taxonomy":"post_tag","embeddable":true,"href":"https:\/\/www.cgtaragonlarioja.org\/fedens\/wp-json\/wp\/v2\/tags?post=11893"}],"curies":[{"name":"wp","href":"https:\/\/api.w.org\/{rel}","templated":true}]}}