{"id":11862,"date":"2021-03-16T18:21:52","date_gmt":"2021-03-16T17:21:52","guid":{"rendered":"https:\/\/www.cgtaragonlarioja.org\/fedens\/?p=11862"},"modified":"2021-03-16T18:56:58","modified_gmt":"2021-03-16T17:56:58","slug":"suspension-de-la-vacunacion-con-astrazeneca-preocupacion-e-incertidumbre","status":"publish","type":"post","link":"https:\/\/www.cgtaragonlarioja.org\/fedens\/suspension-de-la-vacunacion-con-astrazeneca-preocupacion-e-incertidumbre\/","title":{"rendered":"Suspensi\u00f3n de la vacunaci\u00f3n con AstraZeneca: preocupaci\u00f3n e incertidumbre"},"content":{"rendered":"<p class=\"v1v1v1v1v1v1v1v1v1v1v1v1v1blue\"><span style=\"font-size: 12pt\"><strong>Tras la <a href=\"https:\/\/www.mscbs.gob.es\/gabinete\/notasPrensa.do?metodo=detalle&amp;id=5270\" target=\"_blank\" rel=\"noopener noreferrer\">decisi\u00f3n del Ministerio de Sanidad el pasado lunes 15 de marzo de suspender la vacunaci\u00f3n con\u00a0 AstraZeneca<\/a>, <\/strong>el Gobierno de Arag\u00f3n procedi\u00f3 igualmente a suspender su administraci\u00f3n, afectando especialmente al colectivo docente. De hecho, <\/span><span style=\"font-size: 12pt\"><a href=\"https:\/\/www.eldiario.es\/sociedad\/coronavirus-actualidad-politica-16-de-marzo_6_7313114_1065409.html\" target=\"_blank\" rel=\"noopener noreferrer\">la vacunaci\u00f3n del colectivo docente ha quedado suspendida durante los pr\u00f3ximos 15 d\u00edas.<\/a> <\/span><\/p>\n<p class=\"v1v1v1v1v1v1v1v1v1v1v1v1v1blue\"><span style=\"font-size: 12pt\">Desde CGT asistimos con preocupaci\u00f3n a esta noticia y esperamos que tras las pertinentes verificaciones se retome el proceso de vacunaci\u00f3n. Del mismo modo, esperamos que este tiempo permita al Departamento de Sanidad y al Departamento de Educaci\u00f3n <strong>coordinar <\/strong><\/span><strong><span style=\"font-size: 12pt\">mejor sus esfuerzos e ir concretando de una manera m\u00e1s precisa la vacunaci\u00f3n del conjunto del colectivo, solventando las deficiencias detectadas.<\/span><br \/>\n<\/strong><\/p>\n<p>Escucha la intervenci\u00f3n de nuestro delegado de Seguridad Laboral en el informativo de RNE Arag\u00f3n.<\/p>\n<div style=\"width: 640px;\" class=\"wp-video\"><video class=\"wp-video-shortcode\" id=\"video-11862-1\" width=\"640\" height=\"360\" preload=\"metadata\" controls=\"controls\"><source type=\"video\/mp4\" src=\"https:\/\/www.cgtaragonlarioja.org\/fedens\/files\/2021\/03\/2020-03-16-RNE-Aragon-AstraZeneca.mp4?_=1\" \/><a href=\"https:\/\/www.cgtaragonlarioja.org\/fedens\/files\/2021\/03\/2020-03-16-RNE-Aragon-AstraZeneca.mp4\">https:\/\/www.cgtaragonlarioja.org\/fedens\/files\/2021\/03\/2020-03-16-RNE-Aragon-AstraZeneca.mp4<\/a><\/video><\/div>\n","protected":false},"excerpt":{"rendered":"<p>Tras la decisi\u00f3n del Ministerio de Sanidad el pasado lunes 15 de marzo de suspender<\/p>\n","protected":false},"author":854,"featured_media":11585,"comment_status":"open","ping_status":"open","sticky":false,"template":"","format":"standard","meta":{"footnotes":""},"categories":[480],"tags":[586,632,633,595,616],"class_list":["post-11862","post","type-post","status-publish","format-standard","has-post-thumbnail","hentry","category-noticias","tag-aragon","tag-astrazeneca","tag-covid","tag-docentes","tag-vacunacion"],"yoast_head":"<!-- This site is optimized with the Yoast SEO plugin v26.7 - https:\/\/yoast.com\/wordpress\/plugins\/seo\/ -->\n<title>Suspensi\u00f3n de la vacunaci\u00f3n con AstraZeneca: preocupaci\u00f3n e incertidumbre<\/title>\n<meta name=\"description\" content=\"Tras la decisi\u00f3n del Ministerio de Sanidad el pasado lunes 15 de marzo de suspender la vacunaci\u00f3n con\u00a0 AstraZeneca, el Gobierno de Arag\u00f3n procedi\u00f3\" \/>\n<meta name=\"robots\" content=\"index, follow, max-snippet:-1, max-image-preview:large, max-video-preview:-1\" \/>\n<link rel=\"canonical\" href=\"https:\/\/www.cgtaragonlarioja.org\/fedens\/suspension-de-la-vacunacion-con-astrazeneca-preocupacion-e-incertidumbre\/\" \/>\n<meta property=\"og:locale\" content=\"es_ES\" \/>\n<meta property=\"og:type\" content=\"article\" \/>\n<meta property=\"og:title\" content=\"Suspensi\u00f3n de la vacunaci\u00f3n con AstraZeneca: preocupaci\u00f3n e incertidumbre\" \/>\n<meta property=\"og:description\" content=\"Tras la decisi\u00f3n del Ministerio de Sanidad el pasado lunes 15 de marzo de suspender la vacunaci\u00f3n con\u00a0 AstraZeneca, el Gobierno de Arag\u00f3n procedi\u00f3\" \/>\n<meta property=\"og:url\" content=\"https:\/\/www.cgtaragonlarioja.org\/fedens\/suspension-de-la-vacunacion-con-astrazeneca-preocupacion-e-incertidumbre\/\" \/>\n<meta property=\"og:site_name\" content=\"CGT Arag\u00f3n - La Rioja. ENSE\u00d1ANZA\" \/>\n<meta property=\"article:publisher\" content=\"https:\/\/www.facebook.com\/CGTEnseAragon\/\" \/>\n<meta property=\"article:published_time\" content=\"2021-03-16T17:21:52+00:00\" \/>\n<meta property=\"article:modified_time\" content=\"2021-03-16T17:56:58+00:00\" \/>\n<meta property=\"og:image\" content=\"https:\/\/www.cgtaragonlarioja.org\/fedens\/files\/2020\/11\/Mascarillas-e1615917395429.jpg\" \/>\n\t<meta property=\"og:image:width\" content=\"631\" \/>\n\t<meta property=\"og:image:height\" content=\"230\" \/>\n\t<meta property=\"og:image:type\" content=\"image\/jpeg\" \/>\n<meta name=\"author\" content=\"CGT Ense\u00f1anza Arag\u00f3n\" \/>\n<meta name=\"twitter:card\" content=\"summary_large_image\" \/>\n<meta name=\"twitter:creator\" content=\"@CGTeduAragon\" \/>\n<meta name=\"twitter:site\" content=\"@CGTeduAragon\" \/>\n<meta name=\"twitter:label1\" content=\"Escrito por\" \/>\n\t<meta name=\"twitter:data1\" content=\"CGT Ense\u00f1anza Arag\u00f3n\" \/>\n\t<meta name=\"twitter:label2\" content=\"Tiempo de lectura\" \/>\n\t<meta name=\"twitter:data2\" content=\"1 minuto\" \/>\n<script type=\"application\/ld+json\" class=\"yoast-schema-graph\">{\"@context\":\"https:\/\/schema.org\",\"@graph\":[{\"@type\":\"Article\",\"@id\":\"https:\/\/www.cgtaragonlarioja.org\/fedens\/suspension-de-la-vacunacion-con-astrazeneca-preocupacion-e-incertidumbre\/#article\",\"isPartOf\":{\"@id\":\"https:\/\/www.cgtaragonlarioja.org\/fedens\/suspension-de-la-vacunacion-con-astrazeneca-preocupacion-e-incertidumbre\/\"},\"author\":{\"name\":\"CGT Ense\u00f1anza Arag\u00f3n\",\"@id\":\"https:\/\/www.cgtaragonlarioja.org\/fedens\/#\/schema\/person\/f577cbf9ee1fb7519bfd883ac4f4032f\"},\"headline\":\"Suspensi\u00f3n de la vacunaci\u00f3n con AstraZeneca: preocupaci\u00f3n e incertidumbre\",\"datePublished\":\"2021-03-16T17:21:52+00:00\",\"dateModified\":\"2021-03-16T17:56:58+00:00\",\"mainEntityOfPage\":{\"@id\":\"https:\/\/www.cgtaragonlarioja.org\/fedens\/suspension-de-la-vacunacion-con-astrazeneca-preocupacion-e-incertidumbre\/\"},\"wordCount\":163,\"commentCount\":0,\"publisher\":{\"@id\":\"https:\/\/www.cgtaragonlarioja.org\/fedens\/#organization\"},\"image\":{\"@id\":\"https:\/\/www.cgtaragonlarioja.org\/fedens\/suspension-de-la-vacunacion-con-astrazeneca-preocupacion-e-incertidumbre\/#primaryimage\"},\"thumbnailUrl\":\"https:\/\/www.cgtaragonlarioja.org\/fedens\/files\/2020\/11\/Mascarillas-e1615917395429.jpg\",\"keywords\":[\"arag\u00f3n\",\"AstraZeneca\",\"Covid\",\"docentes\",\"Vacunaci\u00f3n\"],\"articleSection\":[\"Noticias\"],\"inLanguage\":\"es\",\"potentialAction\":[{\"@type\":\"CommentAction\",\"name\":\"Comment\",\"target\":[\"https:\/\/www.cgtaragonlarioja.org\/fedens\/suspension-de-la-vacunacion-con-astrazeneca-preocupacion-e-incertidumbre\/#respond\"]}]},{\"@type\":\"WebPage\",\"@id\":\"https:\/\/www.cgtaragonlarioja.org\/fedens\/suspension-de-la-vacunacion-con-astrazeneca-preocupacion-e-incertidumbre\/\",\"url\":\"https:\/\/www.cgtaragonlarioja.org\/fedens\/suspension-de-la-vacunacion-con-astrazeneca-preocupacion-e-incertidumbre\/\",\"name\":\"Suspensi\u00f3n de la vacunaci\u00f3n con AstraZeneca: preocupaci\u00f3n e incertidumbre\",\"isPartOf\":{\"@id\":\"https:\/\/www.cgtaragonlarioja.org\/fedens\/#website\"},\"primaryImageOfPage\":{\"@id\":\"https:\/\/www.cgtaragonlarioja.org\/fedens\/suspension-de-la-vacunacion-con-astrazeneca-preocupacion-e-incertidumbre\/#primaryimage\"},\"image\":{\"@id\":\"https:\/\/www.cgtaragonlarioja.org\/fedens\/suspension-de-la-vacunacion-con-astrazeneca-preocupacion-e-incertidumbre\/#primaryimage\"},\"thumbnailUrl\":\"https:\/\/www.cgtaragonlarioja.org\/fedens\/files\/2020\/11\/Mascarillas-e1615917395429.jpg\",\"datePublished\":\"2021-03-16T17:21:52+00:00\",\"dateModified\":\"2021-03-16T17:56:58+00:00\",\"description\":\"Tras la decisi\u00f3n del Ministerio de Sanidad el pasado lunes 15 de marzo de suspender la vacunaci\u00f3n con\u00a0 AstraZeneca, el Gobierno de Arag\u00f3n procedi\u00f3\",\"breadcrumb\":{\"@id\":\"https:\/\/www.cgtaragonlarioja.org\/fedens\/suspension-de-la-vacunacion-con-astrazeneca-preocupacion-e-incertidumbre\/#breadcrumb\"},\"inLanguage\":\"es\",\"potentialAction\":[{\"@type\":\"ReadAction\",\"target\":[\"https:\/\/www.cgtaragonlarioja.org\/fedens\/suspension-de-la-vacunacion-con-astrazeneca-preocupacion-e-incertidumbre\/\"]}]},{\"@type\":\"ImageObject\",\"inLanguage\":\"es\",\"@id\":\"https:\/\/www.cgtaragonlarioja.org\/fedens\/suspension-de-la-vacunacion-con-astrazeneca-preocupacion-e-incertidumbre\/#primaryimage\",\"url\":\"https:\/\/www.cgtaragonlarioja.org\/fedens\/files\/2020\/11\/Mascarillas-e1615917395429.jpg\",\"contentUrl\":\"https:\/\/www.cgtaragonlarioja.org\/fedens\/files\/2020\/11\/Mascarillas-e1615917395429.jpg\",\"width\":631,\"height\":230},{\"@type\":\"BreadcrumbList\",\"@id\":\"https:\/\/www.cgtaragonlarioja.org\/fedens\/suspension-de-la-vacunacion-con-astrazeneca-preocupacion-e-incertidumbre\/#breadcrumb\",\"itemListElement\":[{\"@type\":\"ListItem\",\"position\":1,\"name\":\"Portada\",\"item\":\"https:\/\/www.cgtaragonlarioja.org\/fedens\/\"},{\"@type\":\"ListItem\",\"position\":2,\"name\":\"Suspensi\u00f3n de la vacunaci\u00f3n con AstraZeneca: preocupaci\u00f3n e incertidumbre\"}]},{\"@type\":\"WebSite\",\"@id\":\"https:\/\/www.cgtaragonlarioja.org\/fedens\/#website\",\"url\":\"https:\/\/www.cgtaragonlarioja.org\/fedens\/\",\"name\":\"CGT Arag\u00f3n - La Rioja. ENSE\u00d1ANZA\",\"description\":\"CONTACTAR: Calatayud-Aranda: 654897973 \/ Huesca: 974238404 \/ Teruel: 978619265 \/ Zaragoza: 976922002\",\"publisher\":{\"@id\":\"https:\/\/www.cgtaragonlarioja.org\/fedens\/#organization\"},\"potentialAction\":[{\"@type\":\"SearchAction\",\"target\":{\"@type\":\"EntryPoint\",\"urlTemplate\":\"https:\/\/www.cgtaragonlarioja.org\/fedens\/?s={search_term_string}\"},\"query-input\":{\"@type\":\"PropertyValueSpecification\",\"valueRequired\":true,\"valueName\":\"search_term_string\"}}],\"inLanguage\":\"es\"},{\"@type\":\"Organization\",\"@id\":\"https:\/\/www.cgtaragonlarioja.org\/fedens\/#organization\",\"name\":\"CGT Arag\u00f3n y La Rioja - Ense\u00f1anza\",\"url\":\"https:\/\/www.cgtaragonlarioja.org\/fedens\/\",\"logo\":{\"@type\":\"ImageObject\",\"inLanguage\":\"es\",\"@id\":\"https:\/\/www.cgtaragonlarioja.org\/fedens\/#\/schema\/logo\/image\/\",\"url\":\"https:\/\/www.cgtaragonlarioja.org\/fedens\/files\/2021\/02\/logo_cgt_ense_huesca_170x250.png\",\"contentUrl\":\"https:\/\/www.cgtaragonlarioja.org\/fedens\/files\/2021\/02\/logo_cgt_ense_huesca_170x250.png\",\"width\":170,\"height\":250,\"caption\":\"CGT Arag\u00f3n y La Rioja - Ense\u00f1anza\"},\"image\":{\"@id\":\"https:\/\/www.cgtaragonlarioja.org\/fedens\/#\/schema\/logo\/image\/\"},\"sameAs\":[\"https:\/\/www.facebook.com\/CGTEnseAragon\/\",\"https:\/\/x.com\/CGTeduAragon\"]},{\"@type\":\"Person\",\"@id\":\"https:\/\/www.cgtaragonlarioja.org\/fedens\/#\/schema\/person\/f577cbf9ee1fb7519bfd883ac4f4032f\",\"name\":\"CGT Ense\u00f1anza Arag\u00f3n\",\"image\":{\"@type\":\"ImageObject\",\"inLanguage\":\"es\",\"@id\":\"https:\/\/www.cgtaragonlarioja.org\/fedens\/#\/schema\/person\/image\/\",\"url\":\"https:\/\/secure.gravatar.com\/avatar\/6591cafae8da970274bd48ef06b7f86ae2c2ba705fb2cdafa9b5f7f48c95a765?s=96&d=mm&r=g\",\"contentUrl\":\"https:\/\/secure.gravatar.com\/avatar\/6591cafae8da970274bd48ef06b7f86ae2c2ba705fb2cdafa9b5f7f48c95a765?s=96&d=mm&r=g\",\"caption\":\"CGT Ense\u00f1anza Arag\u00f3n\"},\"url\":\"https:\/\/www.cgtaragonlarioja.org\/fedens\/author\/fasecgt\/\"}]}<\/script>\n<!-- \/ Yoast SEO plugin. -->","yoast_head_json":{"title":"Suspensi\u00f3n de la vacunaci\u00f3n con AstraZeneca: preocupaci\u00f3n e incertidumbre","description":"Tras la decisi\u00f3n del Ministerio de Sanidad el pasado lunes 15 de marzo de suspender la vacunaci\u00f3n con\u00a0 AstraZeneca, el Gobierno de Arag\u00f3n procedi\u00f3","robots":{"index":"index","follow":"follow","max-snippet":"max-snippet:-1","max-image-preview":"max-image-preview:large","max-video-preview":"max-video-preview:-1"},"canonical":"https:\/\/www.cgtaragonlarioja.org\/fedens\/suspension-de-la-vacunacion-con-astrazeneca-preocupacion-e-incertidumbre\/","og_locale":"es_ES","og_type":"article","og_title":"Suspensi\u00f3n de la vacunaci\u00f3n con AstraZeneca: preocupaci\u00f3n e incertidumbre","og_description":"Tras la decisi\u00f3n del Ministerio de Sanidad el pasado lunes 15 de marzo de suspender la vacunaci\u00f3n con\u00a0 AstraZeneca, el Gobierno de Arag\u00f3n procedi\u00f3","og_url":"https:\/\/www.cgtaragonlarioja.org\/fedens\/suspension-de-la-vacunacion-con-astrazeneca-preocupacion-e-incertidumbre\/","og_site_name":"CGT Arag\u00f3n - La Rioja. ENSE\u00d1ANZA","article_publisher":"https:\/\/www.facebook.com\/CGTEnseAragon\/","article_published_time":"2021-03-16T17:21:52+00:00","article_modified_time":"2021-03-16T17:56:58+00:00","og_image":[{"width":631,"height":230,"url":"https:\/\/www.cgtaragonlarioja.org\/fedens\/files\/2020\/11\/Mascarillas-e1615917395429.jpg","type":"image\/jpeg"}],"author":"CGT Ense\u00f1anza Arag\u00f3n","twitter_card":"summary_large_image","twitter_creator":"@CGTeduAragon","twitter_site":"@CGTeduAragon","twitter_misc":{"Escrito por":"CGT Ense\u00f1anza Arag\u00f3n","Tiempo de lectura":"1 minuto"},"schema":{"@context":"https:\/\/schema.org","@graph":[{"@type":"Article","@id":"https:\/\/www.cgtaragonlarioja.org\/fedens\/suspension-de-la-vacunacion-con-astrazeneca-preocupacion-e-incertidumbre\/#article","isPartOf":{"@id":"https:\/\/www.cgtaragonlarioja.org\/fedens\/suspension-de-la-vacunacion-con-astrazeneca-preocupacion-e-incertidumbre\/"},"author":{"name":"CGT Ense\u00f1anza Arag\u00f3n","@id":"https:\/\/www.cgtaragonlarioja.org\/fedens\/#\/schema\/person\/f577cbf9ee1fb7519bfd883ac4f4032f"},"headline":"Suspensi\u00f3n de la vacunaci\u00f3n con AstraZeneca: preocupaci\u00f3n e incertidumbre","datePublished":"2021-03-16T17:21:52+00:00","dateModified":"2021-03-16T17:56:58+00:00","mainEntityOfPage":{"@id":"https:\/\/www.cgtaragonlarioja.org\/fedens\/suspension-de-la-vacunacion-con-astrazeneca-preocupacion-e-incertidumbre\/"},"wordCount":163,"commentCount":0,"publisher":{"@id":"https:\/\/www.cgtaragonlarioja.org\/fedens\/#organization"},"image":{"@id":"https:\/\/www.cgtaragonlarioja.org\/fedens\/suspension-de-la-vacunacion-con-astrazeneca-preocupacion-e-incertidumbre\/#primaryimage"},"thumbnailUrl":"https:\/\/www.cgtaragonlarioja.org\/fedens\/files\/2020\/11\/Mascarillas-e1615917395429.jpg","keywords":["arag\u00f3n","AstraZeneca","Covid","docentes","Vacunaci\u00f3n"],"articleSection":["Noticias"],"inLanguage":"es","potentialAction":[{"@type":"CommentAction","name":"Comment","target":["https:\/\/www.cgtaragonlarioja.org\/fedens\/suspension-de-la-vacunacion-con-astrazeneca-preocupacion-e-incertidumbre\/#respond"]}]},{"@type":"WebPage","@id":"https:\/\/www.cgtaragonlarioja.org\/fedens\/suspension-de-la-vacunacion-con-astrazeneca-preocupacion-e-incertidumbre\/","url":"https:\/\/www.cgtaragonlarioja.org\/fedens\/suspension-de-la-vacunacion-con-astrazeneca-preocupacion-e-incertidumbre\/","name":"Suspensi\u00f3n de la vacunaci\u00f3n con AstraZeneca: preocupaci\u00f3n e incertidumbre","isPartOf":{"@id":"https:\/\/www.cgtaragonlarioja.org\/fedens\/#website"},"primaryImageOfPage":{"@id":"https:\/\/www.cgtaragonlarioja.org\/fedens\/suspension-de-la-vacunacion-con-astrazeneca-preocupacion-e-incertidumbre\/#primaryimage"},"image":{"@id":"https:\/\/www.cgtaragonlarioja.org\/fedens\/suspension-de-la-vacunacion-con-astrazeneca-preocupacion-e-incertidumbre\/#primaryimage"},"thumbnailUrl":"https:\/\/www.cgtaragonlarioja.org\/fedens\/files\/2020\/11\/Mascarillas-e1615917395429.jpg","datePublished":"2021-03-16T17:21:52+00:00","dateModified":"2021-03-16T17:56:58+00:00","description":"Tras la decisi\u00f3n del Ministerio de Sanidad el pasado lunes 15 de marzo de suspender la vacunaci\u00f3n con\u00a0 AstraZeneca, el Gobierno de Arag\u00f3n procedi\u00f3","breadcrumb":{"@id":"https:\/\/www.cgtaragonlarioja.org\/fedens\/suspension-de-la-vacunacion-con-astrazeneca-preocupacion-e-incertidumbre\/#breadcrumb"},"inLanguage":"es","potentialAction":[{"@type":"ReadAction","target":["https:\/\/www.cgtaragonlarioja.org\/fedens\/suspension-de-la-vacunacion-con-astrazeneca-preocupacion-e-incertidumbre\/"]}]},{"@type":"ImageObject","inLanguage":"es","@id":"https:\/\/www.cgtaragonlarioja.org\/fedens\/suspension-de-la-vacunacion-con-astrazeneca-preocupacion-e-incertidumbre\/#primaryimage","url":"https:\/\/www.cgtaragonlarioja.org\/fedens\/files\/2020\/11\/Mascarillas-e1615917395429.jpg","contentUrl":"https:\/\/www.cgtaragonlarioja.org\/fedens\/files\/2020\/11\/Mascarillas-e1615917395429.jpg","width":631,"height":230},{"@type":"BreadcrumbList","@id":"https:\/\/www.cgtaragonlarioja.org\/fedens\/suspension-de-la-vacunacion-con-astrazeneca-preocupacion-e-incertidumbre\/#breadcrumb","itemListElement":[{"@type":"ListItem","position":1,"name":"Portada","item":"https:\/\/www.cgtaragonlarioja.org\/fedens\/"},{"@type":"ListItem","position":2,"name":"Suspensi\u00f3n de la vacunaci\u00f3n con AstraZeneca: preocupaci\u00f3n e incertidumbre"}]},{"@type":"WebSite","@id":"https:\/\/www.cgtaragonlarioja.org\/fedens\/#website","url":"https:\/\/www.cgtaragonlarioja.org\/fedens\/","name":"CGT Arag\u00f3n - La Rioja. ENSE\u00d1ANZA","description":"CONTACTAR: Calatayud-Aranda: 654897973 \/ Huesca: 974238404 \/ Teruel: 978619265 \/ Zaragoza: 976922002","publisher":{"@id":"https:\/\/www.cgtaragonlarioja.org\/fedens\/#organization"},"potentialAction":[{"@type":"SearchAction","target":{"@type":"EntryPoint","urlTemplate":"https:\/\/www.cgtaragonlarioja.org\/fedens\/?s={search_term_string}"},"query-input":{"@type":"PropertyValueSpecification","valueRequired":true,"valueName":"search_term_string"}}],"inLanguage":"es"},{"@type":"Organization","@id":"https:\/\/www.cgtaragonlarioja.org\/fedens\/#organization","name":"CGT Arag\u00f3n y La Rioja - Ense\u00f1anza","url":"https:\/\/www.cgtaragonlarioja.org\/fedens\/","logo":{"@type":"ImageObject","inLanguage":"es","@id":"https:\/\/www.cgtaragonlarioja.org\/fedens\/#\/schema\/logo\/image\/","url":"https:\/\/www.cgtaragonlarioja.org\/fedens\/files\/2021\/02\/logo_cgt_ense_huesca_170x250.png","contentUrl":"https:\/\/www.cgtaragonlarioja.org\/fedens\/files\/2021\/02\/logo_cgt_ense_huesca_170x250.png","width":170,"height":250,"caption":"CGT Arag\u00f3n y La Rioja - Ense\u00f1anza"},"image":{"@id":"https:\/\/www.cgtaragonlarioja.org\/fedens\/#\/schema\/logo\/image\/"},"sameAs":["https:\/\/www.facebook.com\/CGTEnseAragon\/","https:\/\/x.com\/CGTeduAragon"]},{"@type":"Person","@id":"https:\/\/www.cgtaragonlarioja.org\/fedens\/#\/schema\/person\/f577cbf9ee1fb7519bfd883ac4f4032f","name":"CGT Ense\u00f1anza Arag\u00f3n","image":{"@type":"ImageObject","inLanguage":"es","@id":"https:\/\/www.cgtaragonlarioja.org\/fedens\/#\/schema\/person\/image\/","url":"https:\/\/secure.gravatar.com\/avatar\/6591cafae8da970274bd48ef06b7f86ae2c2ba705fb2cdafa9b5f7f48c95a765?s=96&d=mm&r=g","contentUrl":"https:\/\/secure.gravatar.com\/avatar\/6591cafae8da970274bd48ef06b7f86ae2c2ba705fb2cdafa9b5f7f48c95a765?s=96&d=mm&r=g","caption":"CGT Ense\u00f1anza Arag\u00f3n"},"url":"https:\/\/www.cgtaragonlarioja.org\/fedens\/author\/fasecgt\/"}]}},"_links":{"self":[{"href":"https:\/\/www.cgtaragonlarioja.org\/fedens\/wp-json\/wp\/v2\/posts\/11862","targetHints":{"allow":["GET"]}}],"collection":[{"href":"https:\/\/www.cgtaragonlarioja.org\/fedens\/wp-json\/wp\/v2\/posts"}],"about":[{"href":"https:\/\/www.cgtaragonlarioja.org\/fedens\/wp-json\/wp\/v2\/types\/post"}],"author":[{"embeddable":true,"href":"https:\/\/www.cgtaragonlarioja.org\/fedens\/wp-json\/wp\/v2\/users\/854"}],"replies":[{"embeddable":true,"href":"https:\/\/www.cgtaragonlarioja.org\/fedens\/wp-json\/wp\/v2\/comments?post=11862"}],"version-history":[{"count":2,"href":"https:\/\/www.cgtaragonlarioja.org\/fedens\/wp-json\/wp\/v2\/posts\/11862\/revisions"}],"predecessor-version":[{"id":11865,"href":"https:\/\/www.cgtaragonlarioja.org\/fedens\/wp-json\/wp\/v2\/posts\/11862\/revisions\/11865"}],"wp:featuredmedia":[{"embeddable":true,"href":"https:\/\/www.cgtaragonlarioja.org\/fedens\/wp-json\/wp\/v2\/media\/11585"}],"wp:attachment":[{"href":"https:\/\/www.cgtaragonlarioja.org\/fedens\/wp-json\/wp\/v2\/media?parent=11862"}],"wp:term":[{"taxonomy":"category","embeddable":true,"href":"https:\/\/www.cgtaragonlarioja.org\/fedens\/wp-json\/wp\/v2\/categories?post=11862"},{"taxonomy":"post_tag","embeddable":true,"href":"https:\/\/www.cgtaragonlarioja.org\/fedens\/wp-json\/wp\/v2\/tags?post=11862"}],"curies":[{"name":"wp","href":"https:\/\/api.w.org\/{rel}","templated":true}]}}