{"id":11626,"date":"2021-03-01T21:25:40","date_gmt":"2021-03-01T20:25:40","guid":{"rendered":"https:\/\/www.cgtaragonlarioja.org\/fedens\/?p=11626"},"modified":"2021-03-01T21:26:56","modified_gmt":"2021-03-01T20:26:56","slug":"cgt-pide-cautelarisimas-contra-la-modificacion-del-calendario-escolar","status":"publish","type":"post","link":"https:\/\/www.cgtaragonlarioja.org\/fedens\/cgt-pide-cautelarisimas-contra-la-modificacion-del-calendario-escolar\/","title":{"rendered":"CGT pide cautelar\u00edsimas contra la modificaci\u00f3n del calendario escolar"},"content":{"rendered":"<p>Tal y como se anunci\u00f3 en Mesa Sectorial del pasado 25 de enero, CGT-Ense\u00f1anza ha presentado un recurso con la petici\u00f3n de medidas cautelar\u00edsimas ante el Tribunal Superior de Justicia de Arag\u00f3n en relaci\u00f3n a la Resoluci\u00f3n del Gobierno de Arag\u00f3n que modifica el calendario escolar, negociado el pasado d\u00eda 25 junio del a\u00f1o anterior.<\/p>\n<p>La publicaci\u00f3n en BOA de la modificaci\u00f3n vulnera, a entender de este sindicato, el derecho a la negociaci\u00f3n colectiva ya que dicha Resoluci\u00f3n no se ha negociado ni ha pasado por Mesa Sectorial como es prescriptivo.<\/p>\n<p>Por todos estos motivos, CGT ha solicitado a la Administraci\u00f3n que no publique la Resoluci\u00f3n y que no se recuperen estas dos jornadas; <strong>no fueron de vacaciones sino que hubo suspensi\u00f3n de actividad por una situaci\u00f3n sobrevenida <\/strong>que no evit\u00f3 <strong>que el profesorado realizase distintas actividades no lectivas como reuniones de equipos directivos, de los diferentes departamentos o diversas coordinaciones.<\/strong><\/p>\n","protected":false},"excerpt":{"rendered":"<p>Tal y como se anunci\u00f3 en Mesa Sectorial del pasado 25 de enero, CGT-Ense\u00f1anza ha<\/p>\n","protected":false},"author":854,"featured_media":10451,"comment_status":"open","ping_status":"open","sticky":false,"template":"","format":"standard","meta":{"footnotes":""},"categories":[480],"tags":[],"class_list":["post-11626","post","type-post","status-publish","format-standard","has-post-thumbnail","hentry","category-noticias"],"yoast_head":"<!-- This site is optimized with the Yoast SEO plugin v26.7 - https:\/\/yoast.com\/wordpress\/plugins\/seo\/ -->\n<title>CGT pide cautelar\u00edsimas contra la modificaci\u00f3n del calendario escolar<\/title>\n<meta name=\"description\" content=\"Tal y como se anunci\u00f3 en Mesa Sectorial del pasado 25 de enero, CGT-Ense\u00f1anza ha presentado un recurso con la petici\u00f3n de medidas cautelar\u00edsimas ante el\" \/>\n<meta name=\"robots\" content=\"index, follow, max-snippet:-1, max-image-preview:large, max-video-preview:-1\" \/>\n<link rel=\"canonical\" href=\"https:\/\/www.cgtaragonlarioja.org\/fedens\/cgt-pide-cautelarisimas-contra-la-modificacion-del-calendario-escolar\/\" \/>\n<meta property=\"og:locale\" content=\"es_ES\" \/>\n<meta property=\"og:type\" content=\"article\" \/>\n<meta property=\"og:title\" content=\"CGT pide cautelar\u00edsimas contra la modificaci\u00f3n del calendario escolar\" \/>\n<meta property=\"og:description\" content=\"Tal y como se anunci\u00f3 en Mesa Sectorial del pasado 25 de enero, CGT-Ense\u00f1anza ha presentado un recurso con la petici\u00f3n de medidas cautelar\u00edsimas ante el\" \/>\n<meta property=\"og:url\" content=\"https:\/\/www.cgtaragonlarioja.org\/fedens\/cgt-pide-cautelarisimas-contra-la-modificacion-del-calendario-escolar\/\" \/>\n<meta property=\"og:site_name\" content=\"CGT Arag\u00f3n - La Rioja. ENSE\u00d1ANZA\" \/>\n<meta property=\"article:publisher\" content=\"https:\/\/www.facebook.com\/CGTEnseAragon\/\" \/>\n<meta property=\"article:published_time\" content=\"2021-03-01T20:25:40+00:00\" \/>\n<meta property=\"article:modified_time\" content=\"2021-03-01T20:26:56+00:00\" \/>\n<meta property=\"og:image\" content=\"https:\/\/www.cgtaragonlarioja.org\/fedens\/files\/2020\/08\/photo_2020-05-27_18-47-42-2.jpg\" \/>\n\t<meta property=\"og:image:width\" content=\"940\" \/>\n\t<meta property=\"og:image:height\" content=\"788\" \/>\n\t<meta property=\"og:image:type\" content=\"image\/jpeg\" \/>\n<meta name=\"author\" content=\"CGT Ense\u00f1anza Arag\u00f3n\" \/>\n<meta name=\"twitter:card\" content=\"summary_large_image\" \/>\n<meta name=\"twitter:creator\" content=\"@CGTeduAragon\" \/>\n<meta name=\"twitter:site\" content=\"@CGTeduAragon\" \/>\n<meta name=\"twitter:label1\" content=\"Escrito por\" \/>\n\t<meta name=\"twitter:data1\" content=\"CGT Ense\u00f1anza Arag\u00f3n\" \/>\n\t<meta name=\"twitter:label2\" content=\"Tiempo de lectura\" \/>\n\t<meta name=\"twitter:data2\" content=\"1 minuto\" \/>\n<script type=\"application\/ld+json\" class=\"yoast-schema-graph\">{\"@context\":\"https:\/\/schema.org\",\"@graph\":[{\"@type\":\"Article\",\"@id\":\"https:\/\/www.cgtaragonlarioja.org\/fedens\/cgt-pide-cautelarisimas-contra-la-modificacion-del-calendario-escolar\/#article\",\"isPartOf\":{\"@id\":\"https:\/\/www.cgtaragonlarioja.org\/fedens\/cgt-pide-cautelarisimas-contra-la-modificacion-del-calendario-escolar\/\"},\"author\":{\"name\":\"CGT Ense\u00f1anza Arag\u00f3n\",\"@id\":\"https:\/\/www.cgtaragonlarioja.org\/fedens\/#\/schema\/person\/f577cbf9ee1fb7519bfd883ac4f4032f\"},\"headline\":\"CGT pide cautelar\u00edsimas contra la modificaci\u00f3n del calendario escolar\",\"datePublished\":\"2021-03-01T20:25:40+00:00\",\"dateModified\":\"2021-03-01T20:26:56+00:00\",\"mainEntityOfPage\":{\"@id\":\"https:\/\/www.cgtaragonlarioja.org\/fedens\/cgt-pide-cautelarisimas-contra-la-modificacion-del-calendario-escolar\/\"},\"wordCount\":177,\"commentCount\":1,\"publisher\":{\"@id\":\"https:\/\/www.cgtaragonlarioja.org\/fedens\/#organization\"},\"image\":{\"@id\":\"https:\/\/www.cgtaragonlarioja.org\/fedens\/cgt-pide-cautelarisimas-contra-la-modificacion-del-calendario-escolar\/#primaryimage\"},\"thumbnailUrl\":\"https:\/\/www.cgtaragonlarioja.org\/fedens\/files\/2020\/08\/photo_2020-05-27_18-47-42-2.jpg\",\"articleSection\":[\"Noticias\"],\"inLanguage\":\"es\",\"potentialAction\":[{\"@type\":\"CommentAction\",\"name\":\"Comment\",\"target\":[\"https:\/\/www.cgtaragonlarioja.org\/fedens\/cgt-pide-cautelarisimas-contra-la-modificacion-del-calendario-escolar\/#respond\"]}]},{\"@type\":\"WebPage\",\"@id\":\"https:\/\/www.cgtaragonlarioja.org\/fedens\/cgt-pide-cautelarisimas-contra-la-modificacion-del-calendario-escolar\/\",\"url\":\"https:\/\/www.cgtaragonlarioja.org\/fedens\/cgt-pide-cautelarisimas-contra-la-modificacion-del-calendario-escolar\/\",\"name\":\"CGT pide cautelar\u00edsimas contra la modificaci\u00f3n del calendario escolar\",\"isPartOf\":{\"@id\":\"https:\/\/www.cgtaragonlarioja.org\/fedens\/#website\"},\"primaryImageOfPage\":{\"@id\":\"https:\/\/www.cgtaragonlarioja.org\/fedens\/cgt-pide-cautelarisimas-contra-la-modificacion-del-calendario-escolar\/#primaryimage\"},\"image\":{\"@id\":\"https:\/\/www.cgtaragonlarioja.org\/fedens\/cgt-pide-cautelarisimas-contra-la-modificacion-del-calendario-escolar\/#primaryimage\"},\"thumbnailUrl\":\"https:\/\/www.cgtaragonlarioja.org\/fedens\/files\/2020\/08\/photo_2020-05-27_18-47-42-2.jpg\",\"datePublished\":\"2021-03-01T20:25:40+00:00\",\"dateModified\":\"2021-03-01T20:26:56+00:00\",\"description\":\"Tal y como se anunci\u00f3 en Mesa Sectorial del pasado 25 de enero, CGT-Ense\u00f1anza ha presentado un recurso con la petici\u00f3n de medidas cautelar\u00edsimas ante el\",\"breadcrumb\":{\"@id\":\"https:\/\/www.cgtaragonlarioja.org\/fedens\/cgt-pide-cautelarisimas-contra-la-modificacion-del-calendario-escolar\/#breadcrumb\"},\"inLanguage\":\"es\",\"potentialAction\":[{\"@type\":\"ReadAction\",\"target\":[\"https:\/\/www.cgtaragonlarioja.org\/fedens\/cgt-pide-cautelarisimas-contra-la-modificacion-del-calendario-escolar\/\"]}]},{\"@type\":\"ImageObject\",\"inLanguage\":\"es\",\"@id\":\"https:\/\/www.cgtaragonlarioja.org\/fedens\/cgt-pide-cautelarisimas-contra-la-modificacion-del-calendario-escolar\/#primaryimage\",\"url\":\"https:\/\/www.cgtaragonlarioja.org\/fedens\/files\/2020\/08\/photo_2020-05-27_18-47-42-2.jpg\",\"contentUrl\":\"https:\/\/www.cgtaragonlarioja.org\/fedens\/files\/2020\/08\/photo_2020-05-27_18-47-42-2.jpg\",\"width\":940,\"height\":788,\"caption\":\"photo_2020-05-27_18-47-42-2.jpg\"},{\"@type\":\"BreadcrumbList\",\"@id\":\"https:\/\/www.cgtaragonlarioja.org\/fedens\/cgt-pide-cautelarisimas-contra-la-modificacion-del-calendario-escolar\/#breadcrumb\",\"itemListElement\":[{\"@type\":\"ListItem\",\"position\":1,\"name\":\"Portada\",\"item\":\"https:\/\/www.cgtaragonlarioja.org\/fedens\/\"},{\"@type\":\"ListItem\",\"position\":2,\"name\":\"CGT pide cautelar\u00edsimas contra la modificaci\u00f3n del calendario escolar\"}]},{\"@type\":\"WebSite\",\"@id\":\"https:\/\/www.cgtaragonlarioja.org\/fedens\/#website\",\"url\":\"https:\/\/www.cgtaragonlarioja.org\/fedens\/\",\"name\":\"CGT Arag\u00f3n - La Rioja. ENSE\u00d1ANZA\",\"description\":\"CONTACTAR: Calatayud-Aranda: 654897973 \/ Huesca: 974238404 \/ Teruel: 978619265 \/ Zaragoza: 976922002\",\"publisher\":{\"@id\":\"https:\/\/www.cgtaragonlarioja.org\/fedens\/#organization\"},\"potentialAction\":[{\"@type\":\"SearchAction\",\"target\":{\"@type\":\"EntryPoint\",\"urlTemplate\":\"https:\/\/www.cgtaragonlarioja.org\/fedens\/?s={search_term_string}\"},\"query-input\":{\"@type\":\"PropertyValueSpecification\",\"valueRequired\":true,\"valueName\":\"search_term_string\"}}],\"inLanguage\":\"es\"},{\"@type\":\"Organization\",\"@id\":\"https:\/\/www.cgtaragonlarioja.org\/fedens\/#organization\",\"name\":\"CGT Arag\u00f3n y La Rioja - Ense\u00f1anza\",\"url\":\"https:\/\/www.cgtaragonlarioja.org\/fedens\/\",\"logo\":{\"@type\":\"ImageObject\",\"inLanguage\":\"es\",\"@id\":\"https:\/\/www.cgtaragonlarioja.org\/fedens\/#\/schema\/logo\/image\/\",\"url\":\"https:\/\/www.cgtaragonlarioja.org\/fedens\/files\/2021\/02\/logo_cgt_ense_huesca_170x250.png\",\"contentUrl\":\"https:\/\/www.cgtaragonlarioja.org\/fedens\/files\/2021\/02\/logo_cgt_ense_huesca_170x250.png\",\"width\":170,\"height\":250,\"caption\":\"CGT Arag\u00f3n y La Rioja - Ense\u00f1anza\"},\"image\":{\"@id\":\"https:\/\/www.cgtaragonlarioja.org\/fedens\/#\/schema\/logo\/image\/\"},\"sameAs\":[\"https:\/\/www.facebook.com\/CGTEnseAragon\/\",\"https:\/\/x.com\/CGTeduAragon\"]},{\"@type\":\"Person\",\"@id\":\"https:\/\/www.cgtaragonlarioja.org\/fedens\/#\/schema\/person\/f577cbf9ee1fb7519bfd883ac4f4032f\",\"name\":\"CGT Ense\u00f1anza Arag\u00f3n\",\"image\":{\"@type\":\"ImageObject\",\"inLanguage\":\"es\",\"@id\":\"https:\/\/www.cgtaragonlarioja.org\/fedens\/#\/schema\/person\/image\/\",\"url\":\"https:\/\/secure.gravatar.com\/avatar\/6591cafae8da970274bd48ef06b7f86ae2c2ba705fb2cdafa9b5f7f48c95a765?s=96&d=mm&r=g\",\"contentUrl\":\"https:\/\/secure.gravatar.com\/avatar\/6591cafae8da970274bd48ef06b7f86ae2c2ba705fb2cdafa9b5f7f48c95a765?s=96&d=mm&r=g\",\"caption\":\"CGT Ense\u00f1anza Arag\u00f3n\"},\"url\":\"https:\/\/www.cgtaragonlarioja.org\/fedens\/author\/fasecgt\/\"}]}<\/script>\n<!-- \/ Yoast SEO plugin. -->","yoast_head_json":{"title":"CGT pide cautelar\u00edsimas contra la modificaci\u00f3n del calendario escolar","description":"Tal y como se anunci\u00f3 en Mesa Sectorial del pasado 25 de enero, CGT-Ense\u00f1anza ha presentado un recurso con la petici\u00f3n de medidas cautelar\u00edsimas ante el","robots":{"index":"index","follow":"follow","max-snippet":"max-snippet:-1","max-image-preview":"max-image-preview:large","max-video-preview":"max-video-preview:-1"},"canonical":"https:\/\/www.cgtaragonlarioja.org\/fedens\/cgt-pide-cautelarisimas-contra-la-modificacion-del-calendario-escolar\/","og_locale":"es_ES","og_type":"article","og_title":"CGT pide cautelar\u00edsimas contra la modificaci\u00f3n del calendario escolar","og_description":"Tal y como se anunci\u00f3 en Mesa Sectorial del pasado 25 de enero, CGT-Ense\u00f1anza ha presentado un recurso con la petici\u00f3n de medidas cautelar\u00edsimas ante el","og_url":"https:\/\/www.cgtaragonlarioja.org\/fedens\/cgt-pide-cautelarisimas-contra-la-modificacion-del-calendario-escolar\/","og_site_name":"CGT Arag\u00f3n - La Rioja. ENSE\u00d1ANZA","article_publisher":"https:\/\/www.facebook.com\/CGTEnseAragon\/","article_published_time":"2021-03-01T20:25:40+00:00","article_modified_time":"2021-03-01T20:26:56+00:00","og_image":[{"width":940,"height":788,"url":"https:\/\/www.cgtaragonlarioja.org\/fedens\/files\/2020\/08\/photo_2020-05-27_18-47-42-2.jpg","type":"image\/jpeg"}],"author":"CGT Ense\u00f1anza Arag\u00f3n","twitter_card":"summary_large_image","twitter_creator":"@CGTeduAragon","twitter_site":"@CGTeduAragon","twitter_misc":{"Escrito por":"CGT Ense\u00f1anza Arag\u00f3n","Tiempo de lectura":"1 minuto"},"schema":{"@context":"https:\/\/schema.org","@graph":[{"@type":"Article","@id":"https:\/\/www.cgtaragonlarioja.org\/fedens\/cgt-pide-cautelarisimas-contra-la-modificacion-del-calendario-escolar\/#article","isPartOf":{"@id":"https:\/\/www.cgtaragonlarioja.org\/fedens\/cgt-pide-cautelarisimas-contra-la-modificacion-del-calendario-escolar\/"},"author":{"name":"CGT Ense\u00f1anza Arag\u00f3n","@id":"https:\/\/www.cgtaragonlarioja.org\/fedens\/#\/schema\/person\/f577cbf9ee1fb7519bfd883ac4f4032f"},"headline":"CGT pide cautelar\u00edsimas contra la modificaci\u00f3n del calendario escolar","datePublished":"2021-03-01T20:25:40+00:00","dateModified":"2021-03-01T20:26:56+00:00","mainEntityOfPage":{"@id":"https:\/\/www.cgtaragonlarioja.org\/fedens\/cgt-pide-cautelarisimas-contra-la-modificacion-del-calendario-escolar\/"},"wordCount":177,"commentCount":1,"publisher":{"@id":"https:\/\/www.cgtaragonlarioja.org\/fedens\/#organization"},"image":{"@id":"https:\/\/www.cgtaragonlarioja.org\/fedens\/cgt-pide-cautelarisimas-contra-la-modificacion-del-calendario-escolar\/#primaryimage"},"thumbnailUrl":"https:\/\/www.cgtaragonlarioja.org\/fedens\/files\/2020\/08\/photo_2020-05-27_18-47-42-2.jpg","articleSection":["Noticias"],"inLanguage":"es","potentialAction":[{"@type":"CommentAction","name":"Comment","target":["https:\/\/www.cgtaragonlarioja.org\/fedens\/cgt-pide-cautelarisimas-contra-la-modificacion-del-calendario-escolar\/#respond"]}]},{"@type":"WebPage","@id":"https:\/\/www.cgtaragonlarioja.org\/fedens\/cgt-pide-cautelarisimas-contra-la-modificacion-del-calendario-escolar\/","url":"https:\/\/www.cgtaragonlarioja.org\/fedens\/cgt-pide-cautelarisimas-contra-la-modificacion-del-calendario-escolar\/","name":"CGT pide cautelar\u00edsimas contra la modificaci\u00f3n del calendario escolar","isPartOf":{"@id":"https:\/\/www.cgtaragonlarioja.org\/fedens\/#website"},"primaryImageOfPage":{"@id":"https:\/\/www.cgtaragonlarioja.org\/fedens\/cgt-pide-cautelarisimas-contra-la-modificacion-del-calendario-escolar\/#primaryimage"},"image":{"@id":"https:\/\/www.cgtaragonlarioja.org\/fedens\/cgt-pide-cautelarisimas-contra-la-modificacion-del-calendario-escolar\/#primaryimage"},"thumbnailUrl":"https:\/\/www.cgtaragonlarioja.org\/fedens\/files\/2020\/08\/photo_2020-05-27_18-47-42-2.jpg","datePublished":"2021-03-01T20:25:40+00:00","dateModified":"2021-03-01T20:26:56+00:00","description":"Tal y como se anunci\u00f3 en Mesa Sectorial del pasado 25 de enero, CGT-Ense\u00f1anza ha presentado un recurso con la petici\u00f3n de medidas cautelar\u00edsimas ante el","breadcrumb":{"@id":"https:\/\/www.cgtaragonlarioja.org\/fedens\/cgt-pide-cautelarisimas-contra-la-modificacion-del-calendario-escolar\/#breadcrumb"},"inLanguage":"es","potentialAction":[{"@type":"ReadAction","target":["https:\/\/www.cgtaragonlarioja.org\/fedens\/cgt-pide-cautelarisimas-contra-la-modificacion-del-calendario-escolar\/"]}]},{"@type":"ImageObject","inLanguage":"es","@id":"https:\/\/www.cgtaragonlarioja.org\/fedens\/cgt-pide-cautelarisimas-contra-la-modificacion-del-calendario-escolar\/#primaryimage","url":"https:\/\/www.cgtaragonlarioja.org\/fedens\/files\/2020\/08\/photo_2020-05-27_18-47-42-2.jpg","contentUrl":"https:\/\/www.cgtaragonlarioja.org\/fedens\/files\/2020\/08\/photo_2020-05-27_18-47-42-2.jpg","width":940,"height":788,"caption":"photo_2020-05-27_18-47-42-2.jpg"},{"@type":"BreadcrumbList","@id":"https:\/\/www.cgtaragonlarioja.org\/fedens\/cgt-pide-cautelarisimas-contra-la-modificacion-del-calendario-escolar\/#breadcrumb","itemListElement":[{"@type":"ListItem","position":1,"name":"Portada","item":"https:\/\/www.cgtaragonlarioja.org\/fedens\/"},{"@type":"ListItem","position":2,"name":"CGT pide cautelar\u00edsimas contra la modificaci\u00f3n del calendario escolar"}]},{"@type":"WebSite","@id":"https:\/\/www.cgtaragonlarioja.org\/fedens\/#website","url":"https:\/\/www.cgtaragonlarioja.org\/fedens\/","name":"CGT Arag\u00f3n - La Rioja. ENSE\u00d1ANZA","description":"CONTACTAR: Calatayud-Aranda: 654897973 \/ Huesca: 974238404 \/ Teruel: 978619265 \/ Zaragoza: 976922002","publisher":{"@id":"https:\/\/www.cgtaragonlarioja.org\/fedens\/#organization"},"potentialAction":[{"@type":"SearchAction","target":{"@type":"EntryPoint","urlTemplate":"https:\/\/www.cgtaragonlarioja.org\/fedens\/?s={search_term_string}"},"query-input":{"@type":"PropertyValueSpecification","valueRequired":true,"valueName":"search_term_string"}}],"inLanguage":"es"},{"@type":"Organization","@id":"https:\/\/www.cgtaragonlarioja.org\/fedens\/#organization","name":"CGT Arag\u00f3n y La Rioja - Ense\u00f1anza","url":"https:\/\/www.cgtaragonlarioja.org\/fedens\/","logo":{"@type":"ImageObject","inLanguage":"es","@id":"https:\/\/www.cgtaragonlarioja.org\/fedens\/#\/schema\/logo\/image\/","url":"https:\/\/www.cgtaragonlarioja.org\/fedens\/files\/2021\/02\/logo_cgt_ense_huesca_170x250.png","contentUrl":"https:\/\/www.cgtaragonlarioja.org\/fedens\/files\/2021\/02\/logo_cgt_ense_huesca_170x250.png","width":170,"height":250,"caption":"CGT Arag\u00f3n y La Rioja - Ense\u00f1anza"},"image":{"@id":"https:\/\/www.cgtaragonlarioja.org\/fedens\/#\/schema\/logo\/image\/"},"sameAs":["https:\/\/www.facebook.com\/CGTEnseAragon\/","https:\/\/x.com\/CGTeduAragon"]},{"@type":"Person","@id":"https:\/\/www.cgtaragonlarioja.org\/fedens\/#\/schema\/person\/f577cbf9ee1fb7519bfd883ac4f4032f","name":"CGT Ense\u00f1anza Arag\u00f3n","image":{"@type":"ImageObject","inLanguage":"es","@id":"https:\/\/www.cgtaragonlarioja.org\/fedens\/#\/schema\/person\/image\/","url":"https:\/\/secure.gravatar.com\/avatar\/6591cafae8da970274bd48ef06b7f86ae2c2ba705fb2cdafa9b5f7f48c95a765?s=96&d=mm&r=g","contentUrl":"https:\/\/secure.gravatar.com\/avatar\/6591cafae8da970274bd48ef06b7f86ae2c2ba705fb2cdafa9b5f7f48c95a765?s=96&d=mm&r=g","caption":"CGT Ense\u00f1anza Arag\u00f3n"},"url":"https:\/\/www.cgtaragonlarioja.org\/fedens\/author\/fasecgt\/"}]}},"_links":{"self":[{"href":"https:\/\/www.cgtaragonlarioja.org\/fedens\/wp-json\/wp\/v2\/posts\/11626","targetHints":{"allow":["GET"]}}],"collection":[{"href":"https:\/\/www.cgtaragonlarioja.org\/fedens\/wp-json\/wp\/v2\/posts"}],"about":[{"href":"https:\/\/www.cgtaragonlarioja.org\/fedens\/wp-json\/wp\/v2\/types\/post"}],"author":[{"embeddable":true,"href":"https:\/\/www.cgtaragonlarioja.org\/fedens\/wp-json\/wp\/v2\/users\/854"}],"replies":[{"embeddable":true,"href":"https:\/\/www.cgtaragonlarioja.org\/fedens\/wp-json\/wp\/v2\/comments?post=11626"}],"version-history":[{"count":2,"href":"https:\/\/www.cgtaragonlarioja.org\/fedens\/wp-json\/wp\/v2\/posts\/11626\/revisions"}],"predecessor-version":[{"id":11628,"href":"https:\/\/www.cgtaragonlarioja.org\/fedens\/wp-json\/wp\/v2\/posts\/11626\/revisions\/11628"}],"wp:featuredmedia":[{"embeddable":true,"href":"https:\/\/www.cgtaragonlarioja.org\/fedens\/wp-json\/wp\/v2\/media\/10451"}],"wp:attachment":[{"href":"https:\/\/www.cgtaragonlarioja.org\/fedens\/wp-json\/wp\/v2\/media?parent=11626"}],"wp:term":[{"taxonomy":"category","embeddable":true,"href":"https:\/\/www.cgtaragonlarioja.org\/fedens\/wp-json\/wp\/v2\/categories?post=11626"},{"taxonomy":"post_tag","embeddable":true,"href":"https:\/\/www.cgtaragonlarioja.org\/fedens\/wp-json\/wp\/v2\/tags?post=11626"}],"curies":[{"name":"wp","href":"https:\/\/api.w.org\/{rel}","templated":true}]}}