{"id":11617,"date":"2021-03-01T12:43:37","date_gmt":"2021-03-01T11:43:37","guid":{"rendered":"https:\/\/www.cgtaragonlarioja.org\/fedens\/?p=11617"},"modified":"2021-03-01T13:40:13","modified_gmt":"2021-03-01T12:40:13","slug":"dias-de-libre-disposicion-os-recordamos-la-normativa","status":"publish","type":"post","link":"https:\/\/www.cgtaragonlarioja.org\/fedens\/dias-de-libre-disposicion-os-recordamos-la-normativa\/","title":{"rendered":"D\u00edas de libre disposici\u00f3n: os recordamos la normativa"},"content":{"rendered":"<p>Aprovechamos para recordaros la normativa relativa a los d\u00edas de libre disposici\u00f3n. Como sabr\u00e9is, el marco de aplicaci\u00f3n tiene una serie de limitaciones que conviene tener en cuenta, entre ellas, la de los d\u00edas disponibles.<\/p>\n<p><img loading=\"lazy\" decoding=\"async\" class=\"alignnone wp-image-11619\" src=\"https:\/\/www.cgtaragonlarioja.org\/fedens\/files\/2021\/03\/DDD-300x93.jpg\" alt=\"\" width=\"442\" height=\"137\" srcset=\"https:\/\/www.cgtaragonlarioja.org\/fedens\/files\/2021\/03\/DDD-300x93.jpg 300w, https:\/\/www.cgtaragonlarioja.org\/fedens\/files\/2021\/03\/DDD.jpg 337w\" sizes=\"auto, (max-width: 442px) 100vw, 442px\" \/><\/p>\n<p>Te adjuntamos las Instrucciones para el disfrute de los d\u00edas de libre disposici\u00f3n y te <a href=\"https:\/\/educa.aragon.es\/-\/d%C3%ADas-libres\" target=\"_blank\" rel=\"noopener\">enlazamos a la web del Departamento.<\/a><\/p>\n<p><a href=\"https:\/\/www.cgtaragonlarioja.org\/fedens\/files\/2021\/03\/Instrucciones-DLDC.pdf\" target=\"_blank\" rel=\"noopener\"><img loading=\"lazy\" decoding=\"async\" class=\"alignnone wp-image-11620\" src=\"https:\/\/www.cgtaragonlarioja.org\/fedens\/files\/2021\/03\/INSTRUCCIONES-300x120.jpg\" alt=\"\" width=\"702\" height=\"282\" \/><\/a><\/p>\n<p>&nbsp;<\/p>\n<p>&nbsp;<\/p>\n","protected":false},"excerpt":{"rendered":"<p>Aprovechamos para recordaros la normativa relativa a los d\u00edas de libre disposici\u00f3n. Como sabr\u00e9is, el<\/p>\n","protected":false},"author":854,"featured_media":10211,"comment_status":"open","ping_status":"open","sticky":false,"template":"","format":"standard","meta":{"footnotes":""},"categories":[507,480],"tags":[586,609,607,595,578,608],"class_list":["post-11617","post","type-post","status-publish","format-standard","has-post-thumbnail","hentry","category-legislacion","category-noticias","tag-aragon","tag-conciliacion","tag-dias-de-libre-disposicion","tag-docentes","tag-dos-dias","tag-libre-disposicion"],"yoast_head":"<!-- This site is optimized with the Yoast SEO plugin v26.7 - https:\/\/yoast.com\/wordpress\/plugins\/seo\/ -->\n<title>D\u00edas de libre disposici\u00f3n: os recordamos la normativa<\/title>\n<meta name=\"description\" content=\"Aprovechamos para recordaros la normativa relativa a los d\u00edas de libre disposici\u00f3n. Como sabr\u00e9is, el marco de aplicaci\u00f3n tiene una serie de limitaciones\" \/>\n<meta name=\"robots\" content=\"index, follow, max-snippet:-1, max-image-preview:large, max-video-preview:-1\" \/>\n<link rel=\"canonical\" href=\"https:\/\/www.cgtaragonlarioja.org\/fedens\/dias-de-libre-disposicion-os-recordamos-la-normativa\/\" \/>\n<meta property=\"og:locale\" content=\"es_ES\" \/>\n<meta property=\"og:type\" content=\"article\" \/>\n<meta property=\"og:title\" content=\"D\u00edas de libre disposici\u00f3n: os recordamos la normativa\" \/>\n<meta property=\"og:description\" content=\"Aprovechamos para recordaros la normativa relativa a los d\u00edas de libre disposici\u00f3n. Como sabr\u00e9is, el marco de aplicaci\u00f3n tiene una serie de limitaciones\" \/>\n<meta property=\"og:url\" content=\"https:\/\/www.cgtaragonlarioja.org\/fedens\/dias-de-libre-disposicion-os-recordamos-la-normativa\/\" \/>\n<meta property=\"og:site_name\" content=\"CGT Arag\u00f3n - La Rioja. ENSE\u00d1ANZA\" \/>\n<meta property=\"article:publisher\" content=\"https:\/\/www.facebook.com\/CGTEnseAragon\/\" \/>\n<meta property=\"article:published_time\" content=\"2021-03-01T11:43:37+00:00\" \/>\n<meta property=\"article:modified_time\" content=\"2021-03-01T12:40:13+00:00\" \/>\n<meta property=\"og:image\" content=\"https:\/\/www.cgtaragonlarioja.org\/fedens\/files\/2020\/05\/arton2531-e1614602400739.png\" \/>\n\t<meta property=\"og:image:width\" content=\"363\" \/>\n\t<meta property=\"og:image:height\" content=\"260\" \/>\n\t<meta property=\"og:image:type\" content=\"image\/png\" \/>\n<meta name=\"author\" content=\"CGT Ense\u00f1anza Arag\u00f3n\" \/>\n<meta name=\"twitter:card\" content=\"summary_large_image\" \/>\n<meta name=\"twitter:creator\" content=\"@CGTeduAragon\" \/>\n<meta name=\"twitter:site\" content=\"@CGTeduAragon\" \/>\n<meta name=\"twitter:label1\" content=\"Escrito por\" \/>\n\t<meta name=\"twitter:data1\" content=\"CGT Ense\u00f1anza Arag\u00f3n\" \/>\n\t<meta name=\"twitter:label2\" content=\"Tiempo de lectura\" \/>\n\t<meta name=\"twitter:data2\" content=\"1 minuto\" \/>\n<script type=\"application\/ld+json\" class=\"yoast-schema-graph\">{\"@context\":\"https:\/\/schema.org\",\"@graph\":[{\"@type\":\"Article\",\"@id\":\"https:\/\/www.cgtaragonlarioja.org\/fedens\/dias-de-libre-disposicion-os-recordamos-la-normativa\/#article\",\"isPartOf\":{\"@id\":\"https:\/\/www.cgtaragonlarioja.org\/fedens\/dias-de-libre-disposicion-os-recordamos-la-normativa\/\"},\"author\":{\"name\":\"CGT Ense\u00f1anza Arag\u00f3n\",\"@id\":\"https:\/\/www.cgtaragonlarioja.org\/fedens\/#\/schema\/person\/f577cbf9ee1fb7519bfd883ac4f4032f\"},\"headline\":\"D\u00edas de libre disposici\u00f3n: os recordamos la normativa\",\"datePublished\":\"2021-03-01T11:43:37+00:00\",\"dateModified\":\"2021-03-01T12:40:13+00:00\",\"mainEntityOfPage\":{\"@id\":\"https:\/\/www.cgtaragonlarioja.org\/fedens\/dias-de-libre-disposicion-os-recordamos-la-normativa\/\"},\"wordCount\":75,\"commentCount\":0,\"publisher\":{\"@id\":\"https:\/\/www.cgtaragonlarioja.org\/fedens\/#organization\"},\"image\":{\"@id\":\"https:\/\/www.cgtaragonlarioja.org\/fedens\/dias-de-libre-disposicion-os-recordamos-la-normativa\/#primaryimage\"},\"thumbnailUrl\":\"https:\/\/www.cgtaragonlarioja.org\/fedens\/files\/2020\/05\/arton2531-e1614602400739.png\",\"keywords\":[\"arag\u00f3n\",\"conciliaci\u00f3n\",\"d\u00edas de libre disposici\u00f3n\",\"docentes\",\"dos d\u00edas\",\"libre disposici\u00f3n\"],\"articleSection\":[\"Legislaci\u00f3n\",\"Noticias\"],\"inLanguage\":\"es\",\"potentialAction\":[{\"@type\":\"CommentAction\",\"name\":\"Comment\",\"target\":[\"https:\/\/www.cgtaragonlarioja.org\/fedens\/dias-de-libre-disposicion-os-recordamos-la-normativa\/#respond\"]}]},{\"@type\":\"WebPage\",\"@id\":\"https:\/\/www.cgtaragonlarioja.org\/fedens\/dias-de-libre-disposicion-os-recordamos-la-normativa\/\",\"url\":\"https:\/\/www.cgtaragonlarioja.org\/fedens\/dias-de-libre-disposicion-os-recordamos-la-normativa\/\",\"name\":\"D\u00edas de libre disposici\u00f3n: os recordamos la normativa\",\"isPartOf\":{\"@id\":\"https:\/\/www.cgtaragonlarioja.org\/fedens\/#website\"},\"primaryImageOfPage\":{\"@id\":\"https:\/\/www.cgtaragonlarioja.org\/fedens\/dias-de-libre-disposicion-os-recordamos-la-normativa\/#primaryimage\"},\"image\":{\"@id\":\"https:\/\/www.cgtaragonlarioja.org\/fedens\/dias-de-libre-disposicion-os-recordamos-la-normativa\/#primaryimage\"},\"thumbnailUrl\":\"https:\/\/www.cgtaragonlarioja.org\/fedens\/files\/2020\/05\/arton2531-e1614602400739.png\",\"datePublished\":\"2021-03-01T11:43:37+00:00\",\"dateModified\":\"2021-03-01T12:40:13+00:00\",\"description\":\"Aprovechamos para recordaros la normativa relativa a los d\u00edas de libre disposici\u00f3n. Como sabr\u00e9is, el marco de aplicaci\u00f3n tiene una serie de limitaciones\",\"breadcrumb\":{\"@id\":\"https:\/\/www.cgtaragonlarioja.org\/fedens\/dias-de-libre-disposicion-os-recordamos-la-normativa\/#breadcrumb\"},\"inLanguage\":\"es\",\"potentialAction\":[{\"@type\":\"ReadAction\",\"target\":[\"https:\/\/www.cgtaragonlarioja.org\/fedens\/dias-de-libre-disposicion-os-recordamos-la-normativa\/\"]}]},{\"@type\":\"ImageObject\",\"inLanguage\":\"es\",\"@id\":\"https:\/\/www.cgtaragonlarioja.org\/fedens\/dias-de-libre-disposicion-os-recordamos-la-normativa\/#primaryimage\",\"url\":\"https:\/\/www.cgtaragonlarioja.org\/fedens\/files\/2020\/05\/arton2531-e1614602400739.png\",\"contentUrl\":\"https:\/\/www.cgtaragonlarioja.org\/fedens\/files\/2020\/05\/arton2531-e1614602400739.png\",\"width\":363,\"height\":260,\"caption\":\"arton2531.png\"},{\"@type\":\"BreadcrumbList\",\"@id\":\"https:\/\/www.cgtaragonlarioja.org\/fedens\/dias-de-libre-disposicion-os-recordamos-la-normativa\/#breadcrumb\",\"itemListElement\":[{\"@type\":\"ListItem\",\"position\":1,\"name\":\"Portada\",\"item\":\"https:\/\/www.cgtaragonlarioja.org\/fedens\/\"},{\"@type\":\"ListItem\",\"position\":2,\"name\":\"D\u00edas de libre disposici\u00f3n: os recordamos la normativa\"}]},{\"@type\":\"WebSite\",\"@id\":\"https:\/\/www.cgtaragonlarioja.org\/fedens\/#website\",\"url\":\"https:\/\/www.cgtaragonlarioja.org\/fedens\/\",\"name\":\"CGT Arag\u00f3n - La Rioja. ENSE\u00d1ANZA\",\"description\":\"CONTACTAR: Calatayud-Aranda: 654897973 \/ Huesca: 974238404 \/ Teruel: 978619265 \/ Zaragoza: 976922002\",\"publisher\":{\"@id\":\"https:\/\/www.cgtaragonlarioja.org\/fedens\/#organization\"},\"potentialAction\":[{\"@type\":\"SearchAction\",\"target\":{\"@type\":\"EntryPoint\",\"urlTemplate\":\"https:\/\/www.cgtaragonlarioja.org\/fedens\/?s={search_term_string}\"},\"query-input\":{\"@type\":\"PropertyValueSpecification\",\"valueRequired\":true,\"valueName\":\"search_term_string\"}}],\"inLanguage\":\"es\"},{\"@type\":\"Organization\",\"@id\":\"https:\/\/www.cgtaragonlarioja.org\/fedens\/#organization\",\"name\":\"CGT Arag\u00f3n y La Rioja - Ense\u00f1anza\",\"url\":\"https:\/\/www.cgtaragonlarioja.org\/fedens\/\",\"logo\":{\"@type\":\"ImageObject\",\"inLanguage\":\"es\",\"@id\":\"https:\/\/www.cgtaragonlarioja.org\/fedens\/#\/schema\/logo\/image\/\",\"url\":\"https:\/\/www.cgtaragonlarioja.org\/fedens\/files\/2021\/02\/logo_cgt_ense_huesca_170x250.png\",\"contentUrl\":\"https:\/\/www.cgtaragonlarioja.org\/fedens\/files\/2021\/02\/logo_cgt_ense_huesca_170x250.png\",\"width\":170,\"height\":250,\"caption\":\"CGT Arag\u00f3n y La Rioja - Ense\u00f1anza\"},\"image\":{\"@id\":\"https:\/\/www.cgtaragonlarioja.org\/fedens\/#\/schema\/logo\/image\/\"},\"sameAs\":[\"https:\/\/www.facebook.com\/CGTEnseAragon\/\",\"https:\/\/x.com\/CGTeduAragon\"]},{\"@type\":\"Person\",\"@id\":\"https:\/\/www.cgtaragonlarioja.org\/fedens\/#\/schema\/person\/f577cbf9ee1fb7519bfd883ac4f4032f\",\"name\":\"CGT Ense\u00f1anza Arag\u00f3n\",\"image\":{\"@type\":\"ImageObject\",\"inLanguage\":\"es\",\"@id\":\"https:\/\/www.cgtaragonlarioja.org\/fedens\/#\/schema\/person\/image\/\",\"url\":\"https:\/\/secure.gravatar.com\/avatar\/6591cafae8da970274bd48ef06b7f86ae2c2ba705fb2cdafa9b5f7f48c95a765?s=96&d=mm&r=g\",\"contentUrl\":\"https:\/\/secure.gravatar.com\/avatar\/6591cafae8da970274bd48ef06b7f86ae2c2ba705fb2cdafa9b5f7f48c95a765?s=96&d=mm&r=g\",\"caption\":\"CGT Ense\u00f1anza Arag\u00f3n\"},\"url\":\"https:\/\/www.cgtaragonlarioja.org\/fedens\/author\/fasecgt\/\"}]}<\/script>\n<!-- \/ Yoast SEO plugin. -->","yoast_head_json":{"title":"D\u00edas de libre disposici\u00f3n: os recordamos la normativa","description":"Aprovechamos para recordaros la normativa relativa a los d\u00edas de libre disposici\u00f3n. Como sabr\u00e9is, el marco de aplicaci\u00f3n tiene una serie de limitaciones","robots":{"index":"index","follow":"follow","max-snippet":"max-snippet:-1","max-image-preview":"max-image-preview:large","max-video-preview":"max-video-preview:-1"},"canonical":"https:\/\/www.cgtaragonlarioja.org\/fedens\/dias-de-libre-disposicion-os-recordamos-la-normativa\/","og_locale":"es_ES","og_type":"article","og_title":"D\u00edas de libre disposici\u00f3n: os recordamos la normativa","og_description":"Aprovechamos para recordaros la normativa relativa a los d\u00edas de libre disposici\u00f3n. Como sabr\u00e9is, el marco de aplicaci\u00f3n tiene una serie de limitaciones","og_url":"https:\/\/www.cgtaragonlarioja.org\/fedens\/dias-de-libre-disposicion-os-recordamos-la-normativa\/","og_site_name":"CGT Arag\u00f3n - La Rioja. ENSE\u00d1ANZA","article_publisher":"https:\/\/www.facebook.com\/CGTEnseAragon\/","article_published_time":"2021-03-01T11:43:37+00:00","article_modified_time":"2021-03-01T12:40:13+00:00","og_image":[{"width":363,"height":260,"url":"https:\/\/www.cgtaragonlarioja.org\/fedens\/files\/2020\/05\/arton2531-e1614602400739.png","type":"image\/png"}],"author":"CGT Ense\u00f1anza Arag\u00f3n","twitter_card":"summary_large_image","twitter_creator":"@CGTeduAragon","twitter_site":"@CGTeduAragon","twitter_misc":{"Escrito por":"CGT Ense\u00f1anza Arag\u00f3n","Tiempo de lectura":"1 minuto"},"schema":{"@context":"https:\/\/schema.org","@graph":[{"@type":"Article","@id":"https:\/\/www.cgtaragonlarioja.org\/fedens\/dias-de-libre-disposicion-os-recordamos-la-normativa\/#article","isPartOf":{"@id":"https:\/\/www.cgtaragonlarioja.org\/fedens\/dias-de-libre-disposicion-os-recordamos-la-normativa\/"},"author":{"name":"CGT Ense\u00f1anza Arag\u00f3n","@id":"https:\/\/www.cgtaragonlarioja.org\/fedens\/#\/schema\/person\/f577cbf9ee1fb7519bfd883ac4f4032f"},"headline":"D\u00edas de libre disposici\u00f3n: os recordamos la normativa","datePublished":"2021-03-01T11:43:37+00:00","dateModified":"2021-03-01T12:40:13+00:00","mainEntityOfPage":{"@id":"https:\/\/www.cgtaragonlarioja.org\/fedens\/dias-de-libre-disposicion-os-recordamos-la-normativa\/"},"wordCount":75,"commentCount":0,"publisher":{"@id":"https:\/\/www.cgtaragonlarioja.org\/fedens\/#organization"},"image":{"@id":"https:\/\/www.cgtaragonlarioja.org\/fedens\/dias-de-libre-disposicion-os-recordamos-la-normativa\/#primaryimage"},"thumbnailUrl":"https:\/\/www.cgtaragonlarioja.org\/fedens\/files\/2020\/05\/arton2531-e1614602400739.png","keywords":["arag\u00f3n","conciliaci\u00f3n","d\u00edas de libre disposici\u00f3n","docentes","dos d\u00edas","libre disposici\u00f3n"],"articleSection":["Legislaci\u00f3n","Noticias"],"inLanguage":"es","potentialAction":[{"@type":"CommentAction","name":"Comment","target":["https:\/\/www.cgtaragonlarioja.org\/fedens\/dias-de-libre-disposicion-os-recordamos-la-normativa\/#respond"]}]},{"@type":"WebPage","@id":"https:\/\/www.cgtaragonlarioja.org\/fedens\/dias-de-libre-disposicion-os-recordamos-la-normativa\/","url":"https:\/\/www.cgtaragonlarioja.org\/fedens\/dias-de-libre-disposicion-os-recordamos-la-normativa\/","name":"D\u00edas de libre disposici\u00f3n: os recordamos la normativa","isPartOf":{"@id":"https:\/\/www.cgtaragonlarioja.org\/fedens\/#website"},"primaryImageOfPage":{"@id":"https:\/\/www.cgtaragonlarioja.org\/fedens\/dias-de-libre-disposicion-os-recordamos-la-normativa\/#primaryimage"},"image":{"@id":"https:\/\/www.cgtaragonlarioja.org\/fedens\/dias-de-libre-disposicion-os-recordamos-la-normativa\/#primaryimage"},"thumbnailUrl":"https:\/\/www.cgtaragonlarioja.org\/fedens\/files\/2020\/05\/arton2531-e1614602400739.png","datePublished":"2021-03-01T11:43:37+00:00","dateModified":"2021-03-01T12:40:13+00:00","description":"Aprovechamos para recordaros la normativa relativa a los d\u00edas de libre disposici\u00f3n. Como sabr\u00e9is, el marco de aplicaci\u00f3n tiene una serie de limitaciones","breadcrumb":{"@id":"https:\/\/www.cgtaragonlarioja.org\/fedens\/dias-de-libre-disposicion-os-recordamos-la-normativa\/#breadcrumb"},"inLanguage":"es","potentialAction":[{"@type":"ReadAction","target":["https:\/\/www.cgtaragonlarioja.org\/fedens\/dias-de-libre-disposicion-os-recordamos-la-normativa\/"]}]},{"@type":"ImageObject","inLanguage":"es","@id":"https:\/\/www.cgtaragonlarioja.org\/fedens\/dias-de-libre-disposicion-os-recordamos-la-normativa\/#primaryimage","url":"https:\/\/www.cgtaragonlarioja.org\/fedens\/files\/2020\/05\/arton2531-e1614602400739.png","contentUrl":"https:\/\/www.cgtaragonlarioja.org\/fedens\/files\/2020\/05\/arton2531-e1614602400739.png","width":363,"height":260,"caption":"arton2531.png"},{"@type":"BreadcrumbList","@id":"https:\/\/www.cgtaragonlarioja.org\/fedens\/dias-de-libre-disposicion-os-recordamos-la-normativa\/#breadcrumb","itemListElement":[{"@type":"ListItem","position":1,"name":"Portada","item":"https:\/\/www.cgtaragonlarioja.org\/fedens\/"},{"@type":"ListItem","position":2,"name":"D\u00edas de libre disposici\u00f3n: os recordamos la normativa"}]},{"@type":"WebSite","@id":"https:\/\/www.cgtaragonlarioja.org\/fedens\/#website","url":"https:\/\/www.cgtaragonlarioja.org\/fedens\/","name":"CGT Arag\u00f3n - La Rioja. ENSE\u00d1ANZA","description":"CONTACTAR: Calatayud-Aranda: 654897973 \/ Huesca: 974238404 \/ Teruel: 978619265 \/ Zaragoza: 976922002","publisher":{"@id":"https:\/\/www.cgtaragonlarioja.org\/fedens\/#organization"},"potentialAction":[{"@type":"SearchAction","target":{"@type":"EntryPoint","urlTemplate":"https:\/\/www.cgtaragonlarioja.org\/fedens\/?s={search_term_string}"},"query-input":{"@type":"PropertyValueSpecification","valueRequired":true,"valueName":"search_term_string"}}],"inLanguage":"es"},{"@type":"Organization","@id":"https:\/\/www.cgtaragonlarioja.org\/fedens\/#organization","name":"CGT Arag\u00f3n y La Rioja - Ense\u00f1anza","url":"https:\/\/www.cgtaragonlarioja.org\/fedens\/","logo":{"@type":"ImageObject","inLanguage":"es","@id":"https:\/\/www.cgtaragonlarioja.org\/fedens\/#\/schema\/logo\/image\/","url":"https:\/\/www.cgtaragonlarioja.org\/fedens\/files\/2021\/02\/logo_cgt_ense_huesca_170x250.png","contentUrl":"https:\/\/www.cgtaragonlarioja.org\/fedens\/files\/2021\/02\/logo_cgt_ense_huesca_170x250.png","width":170,"height":250,"caption":"CGT Arag\u00f3n y La Rioja - Ense\u00f1anza"},"image":{"@id":"https:\/\/www.cgtaragonlarioja.org\/fedens\/#\/schema\/logo\/image\/"},"sameAs":["https:\/\/www.facebook.com\/CGTEnseAragon\/","https:\/\/x.com\/CGTeduAragon"]},{"@type":"Person","@id":"https:\/\/www.cgtaragonlarioja.org\/fedens\/#\/schema\/person\/f577cbf9ee1fb7519bfd883ac4f4032f","name":"CGT Ense\u00f1anza Arag\u00f3n","image":{"@type":"ImageObject","inLanguage":"es","@id":"https:\/\/www.cgtaragonlarioja.org\/fedens\/#\/schema\/person\/image\/","url":"https:\/\/secure.gravatar.com\/avatar\/6591cafae8da970274bd48ef06b7f86ae2c2ba705fb2cdafa9b5f7f48c95a765?s=96&d=mm&r=g","contentUrl":"https:\/\/secure.gravatar.com\/avatar\/6591cafae8da970274bd48ef06b7f86ae2c2ba705fb2cdafa9b5f7f48c95a765?s=96&d=mm&r=g","caption":"CGT Ense\u00f1anza Arag\u00f3n"},"url":"https:\/\/www.cgtaragonlarioja.org\/fedens\/author\/fasecgt\/"}]}},"_links":{"self":[{"href":"https:\/\/www.cgtaragonlarioja.org\/fedens\/wp-json\/wp\/v2\/posts\/11617","targetHints":{"allow":["GET"]}}],"collection":[{"href":"https:\/\/www.cgtaragonlarioja.org\/fedens\/wp-json\/wp\/v2\/posts"}],"about":[{"href":"https:\/\/www.cgtaragonlarioja.org\/fedens\/wp-json\/wp\/v2\/types\/post"}],"author":[{"embeddable":true,"href":"https:\/\/www.cgtaragonlarioja.org\/fedens\/wp-json\/wp\/v2\/users\/854"}],"replies":[{"embeddable":true,"href":"https:\/\/www.cgtaragonlarioja.org\/fedens\/wp-json\/wp\/v2\/comments?post=11617"}],"version-history":[{"count":2,"href":"https:\/\/www.cgtaragonlarioja.org\/fedens\/wp-json\/wp\/v2\/posts\/11617\/revisions"}],"predecessor-version":[{"id":11623,"href":"https:\/\/www.cgtaragonlarioja.org\/fedens\/wp-json\/wp\/v2\/posts\/11617\/revisions\/11623"}],"wp:featuredmedia":[{"embeddable":true,"href":"https:\/\/www.cgtaragonlarioja.org\/fedens\/wp-json\/wp\/v2\/media\/10211"}],"wp:attachment":[{"href":"https:\/\/www.cgtaragonlarioja.org\/fedens\/wp-json\/wp\/v2\/media?parent=11617"}],"wp:term":[{"taxonomy":"category","embeddable":true,"href":"https:\/\/www.cgtaragonlarioja.org\/fedens\/wp-json\/wp\/v2\/categories?post=11617"},{"taxonomy":"post_tag","embeddable":true,"href":"https:\/\/www.cgtaragonlarioja.org\/fedens\/wp-json\/wp\/v2\/tags?post=11617"}],"curies":[{"name":"wp","href":"https:\/\/api.w.org\/{rel}","templated":true}]}}