{"id":11507,"date":"2021-02-22T12:49:33","date_gmt":"2021-02-22T11:49:33","guid":{"rendered":"https:\/\/www.cgtaragonlarioja.org\/fedens\/?p=11507"},"modified":"2021-02-22T19:42:57","modified_gmt":"2021-02-22T18:42:57","slug":"mesa-sectorial-22-de-febrero","status":"publish","type":"post","link":"https:\/\/www.cgtaragonlarioja.org\/fedens\/mesa-sectorial-22-de-febrero\/","title":{"rendered":"Mesa Sectorial 22 de febrero"},"content":{"rendered":"<div id=\"wppb-builder-container\" class=\"wppb-builder-container\">\n<p><strong>Mesa Sectorial 22 de febrero de 2021.<\/strong><\/p>\n<p>Asistentes: Personal administraci\u00f3n, UGT, STEA, CCOO, CGT y CSIF.<\/p>\n<p><span style=\"font-size: 12pt\">Orden del d\u00eda:<\/span><\/p>\n<p><span style=\"font-size: 12pt\">1.- Aprobaci\u00f3n si procede del acta 1\/2021.<\/span><br \/>\n<span style=\"font-size: 12pt\">2.- Determinaci\u00f3n del n\u00famero de licencias por estudios para curso 2021\/2022.<\/span><br \/>\n<span style=\"font-size: 12pt\">3.- Determinaci\u00f3n del n\u00famero de licencias de \u201ca\u00f1o sab\u00e1tico\u201d.<\/span><br \/>\n<span style=\"font-size: 12pt\">4.- Informaci\u00f3n del departamento.<\/span><br \/>\n<span style=\"font-size: 12pt\">5.- Ruegos y preguntas.<\/span><\/p>\n<\/div>\n<p>&nbsp;<\/p>\n<p><strong>1) Aprobaci\u00f3n si procede del Acta 1\/2021.<\/strong><\/p>\n<div id=\"wppb-builder-container\" class=\"wppb-builder-container\">\n<p>En el acta de la anterior Mesa Sectorial no se incluye la queja de CGT sobre la negociaci\u00f3n de Plantillas, cuando CGT pidi\u00f3 expresamente que se reflejase en acta su malestar por el desprecio de la administraci\u00f3n a la representaci\u00f3n sindical, al dirigirse en las negociaciones \u00fanicamente a un sindicato, v\u00e9ase CSIF, obviando al resto.<\/p>\n<p><strong>2) Determinaci\u00f3n del n\u00famero de licencias por estudios para curso 2021\/2022.<\/strong><\/p>\n<p>La administraci\u00f3n informa de su propuesta de 25 licencias por estudios y 2 por proyectos. Todos los sindicatos coincidimos en que tambi\u00e9n debe de haber licencias retribu\u00eddas. CGT a\u00f1ade que fue un recorte del PP que el PSOE se comprometi\u00f3 a revertir, lo cu\u00e1l no ha sucedido.<\/p>\n<\/div>\n<p><strong>3) Determinaci\u00f3n del n\u00famero de licencias de \u201ca\u00f1o sab\u00e1tico\u201d.<\/strong><\/p>\n<div id=\"wppb-builder-container\" class=\"wppb-builder-container\">\n<p>La administraci\u00f3n propone 70 plazas de licencias de \u00aba\u00f1o sab\u00e1tico\u00bb, aunque hay que se\u00f1alar que normalmente no se cubren. CGT opina que el n\u00famero es el adecuado, pero pedimos que los criterios de concesi\u00f3n se flexibilicen, y que en lugar de 15 a\u00f1os para poder solicitarla, sean 10. La administraci\u00f3n informa que se convocar\u00e1 una mesa sectorial para tratar este aspecto.<\/p>\n<p><strong>4) Informaciones varias:<\/strong><\/p>\n<ul>\n<li><strong>Informaci\u00f3n relativa a la convocatoria de oposiciones.<\/strong><\/li>\n<\/ul>\n<p>La administraci\u00f3n informa que la fecha de ex\u00e1menes de inicio de las oposiciones ser\u00e1 el 19 de junio. A d\u00eda de hoy se han registrado 4.675 solicitudes, aunque esperan que el n\u00famero se incremente a lo largo dela semana.<\/p>\n<\/div>\n<p>CGT traslada una duda recurrente entre los y las opositoras: si es necesario incluir normativa covid en la programaci\u00f3n. La administraci\u00f3n responde que no es necesario.<\/p>\n<div id=\"wppb-builder-container\" class=\"wppb-builder-container\">\n<p>Todos los sindicatos coinciden en que urge elaborar un protocolo en el que se recojan posibles casu\u00edsticas con relaci\u00f3n a las fechas de las oposiciones y pedimos que nos gustar\u00eda participar en la elaboraci\u00f3n de dicho protocolo.<\/p>\n<p>Desde la administraci\u00f3n se\u00f1alan que convocar\u00e1n a los representantes sindicales a una reuni\u00f3n espec\u00edfica para tratar estos asuntos, y comentan que les resulta muy dif\u00edcil prever la situaci\u00f3n pand\u00e9mica en esas fechas, aunque conf\u00edan en que ser\u00e1 mejor que la de ahora.<\/p>\n<ul>\n<li><strong>Calendario de vacunaciones para el colectivo docente<\/strong><\/li>\n<\/ul>\n<p>El siguiente punto que aborda la administraci\u00f3n es el relativo al proceso de vacunaci\u00f3n. La vacunaci\u00f3n ser\u00e1 mediante la vacuna AstraZeneca (<a href=\"https:\/\/www.aemps.gob.es\/la-aemps\/ultima-informacion-de-la-aemps-acerca-del-covid%E2%80%9119\/vacunas-contra-la-covid%E2%80%9119\/covid-19-vaccine-astrazeneca\/\" target=\"_blank\" rel=\"noopener\">consulta aqu\u00ed la informaci\u00f3n del Ministerio de Sanidad sobre la vacuna<\/a>) y va a englobar a todo el personal que preste sus servicios en un centro educativo, tanto personal docente como no docente.<\/p>\n<p>La vacuna de AstraZeneca se administrar\u00e1 al personal nacido a partir del 1 de enero de 1966 y las dos dosis de esta vacuna se administran con un margen de 10 a 12 semanas. El personal mayor de 55 a\u00f1os no entra dentro de este primer periodo de vacunaci\u00f3n organizado por Salud P\u00fablica.<\/p>\n<p>El procedimiento lo establece el Departamento de Sanidad ,y seg\u00fan la informaci\u00f3n que Educaci\u00f3n dispone, el proceso de vacunaci\u00f3n se iniciar\u00e1 a finales del mes de marzo y se har\u00e1 mediante una autocita en la web del salud.<\/p>\n<p>El orden de vacunaci\u00f3n ser\u00e1 el siguiente: se iniciar\u00e1 con los centros de Educaci\u00f3n Especial, seguidamente los centros de Educaci\u00f3n Infantil y Primaria, incluyendo a los EOEIP. Despu\u00e9s ser\u00e1 el turno de los centros de 0-3 , e inmediatamente despu\u00e9s Secundaria y el resto de ense\u00f1anzas incluyendo Escuelas de Adultos, Escuelas Oficiales de Idiomas y Conservatorios. Los propios centros ofrecer\u00e1n informaci\u00f3n al respecto.<\/p>\n<p>Desde CGT, y ante las m\u00faltiples casu\u00edsticas que se pueden encontrar dentro del colectivo docente, preguntamos a la administraci\u00f3n varias cuestiones todav\u00eda sin dilucidar: \u00bfEn qu\u00e9 situaci\u00f3n quedan los nacidos antes del 1 de enero de 1966, es decir, los y las docentes mayores de 55 a\u00f1os? \u00bfVan a seguir el orden de vacunaci\u00f3n establecido, pero con otra vacuna? \u00bfQu\u00e9 va a pasar con las personas que est\u00e1n en comisiones de servicio o con aqu\u00e9l personal de baja o con a\u00f1o sab\u00e1tico?. Desde la administraci\u00f3n, sin aclarar algunos de estos interrogantes, responden que no va a haber diferencias entre la vacuna de MUFACE y la de la Seguridad Social y que el personal de baja tambi\u00e9n podr\u00e1 vacunarse como el resto. Se informa a su vez que hay que tener tarjeta sanitaria en Arag\u00f3n para poder vacunarse.<\/p>\n<p>Respecto al proceso, Educaci\u00f3n informa que se mandar\u00e1 un listado inicial de docentes a Sanidad en el momento en que solicite dicha informaci\u00f3n. En fechas posteriores habr\u00e1 una actualizaci\u00f3n de ese listado, incluyendo la subsanaci\u00f3n de errores que se hayan podido dar y tambi\u00e9n los colectivos de docentes que no est\u00e9n dando clase en ese momento (docentes en IT, docentes con permisos, con a\u00f1o sab\u00e1tico\u2026). Por \u00faltimo, se confeccionar\u00e1 y enviar\u00e1 otra actualizaci\u00f3n incluyendo al personal interino que se haya incorporado en las \u00faltimas fechas. Nos informar\u00e1n conforme vayan teniendo novedades.<\/p>\n<ul>\n<li><strong>Recuperaci\u00f3n de los dos d\u00edas lectivos suspendidos por la Administraci\u00f3n por la borrasca Filomena<\/strong><\/li>\n<\/ul>\n<p>La administraci\u00f3n explica que, tal y como se ha aprobado en el Consejo Escolar de Arag\u00f3n, se van a recuperar esos d\u00edas. UGT comenta que no tienen nada que a\u00f1adir al respecto. El resto de sindicatos mostramos nuestro total desacuerdo. STEA solicita que la administraci\u00f3n aclare si los d\u00edas a recuperarse son d\u00edas festivos o no lectivos, ya que tiene implicaciones legales. Desde CGT entendemos que <strong>la modificaci\u00f3n del calendario laboral es un asunto vinculado a la negociaci\u00f3n sindical, y que este proceder de la adminitraci\u00f3n constituye una ilegalidad.<\/strong> El Departamento de Educaci\u00f3n ha trasladado este asunto a un \u00f3rgano \u00f3rgano consultivo como es el Consejo Escolar de Arag\u00f3n, pero no se ha llevado a negociaci\u00f3n en Mesa Sectorial con los sindicatos, tal y como establece la legislaci\u00f3n. Desde CGT se\u00f1alamos que lo que hoy la administraci\u00f3n ha tra\u00eddo a la Mesa no es una negociaci\u00f3n sino una mera informaci\u00f3n, por lo que desde el sindicato vamos a iniciar acciones legales por considerar que este proceder supone un incumplimiento de plazos y tr\u00e1mites.<\/p>\n<p><strong>5.- Ruegos y preguntas.<\/strong><\/p>\n<ul>\n<li><strong>Preguntas presentadas por CGT<\/strong><\/li>\n<\/ul>\n<ol>\n<li>Llevamos desde noviembre esperando respuesta a nuestra pregunta sobre <strong>los horarios de los y las trabajadoras de las Residencias de la provincia de Huesca<\/strong> que a diferencia de Residencias del resto de Arag\u00f3n, e incumpliendo la Orden de funcionamiento de Centros, est\u00e1n a 37,5 horas presenciales. La administraci\u00f3n responde que \u00ablo estamos mirando\u00bb, que nos informar\u00e1n.<\/li>\n<li>Llevamos desde diciembre esperando respuesta a la pregunta sobre los <strong>Centro Socio Laborales<\/strong> y la instrucci\u00f3n del Departamento, tras requerimiento del Justicia de Arag\u00f3n, de puntuar la experiencia de cara a los concursos de oposici\u00f3n. <span style=\"color: #800000\">La administraci\u00f3n responde<\/span> que \u00ablo estamos mirando\u00bb, que nos informar\u00e1n.<\/li>\n<li>Seg\u00fan indica el art\u00edculo 9 del RD 21\/2020 de 9 de junio de Medidas urgentes de prevenci\u00f3n, contenci\u00f3n y coordinaci\u00f3n para hacer frente a la crisis sanitaria ocasionada por el Covid, en caso de no poder cumplir la distancia de seguridad en los centros educativo se observar\u00e1n medidas de higiene adecuadas. <strong>\u00bfQu\u00e9 medidas se han implementado con los reagrupamientos en los cursos de 3\u00ba de ESO, 4\u00ba de ESO y 1\u00bade Bachillerato?<\/strong> \u00bfQu\u00e9 centros han necesitado medidas? \u00bfPor qu\u00e9 no se han llevado a cabo actuaciones en el IES R\u00edo G\u00e1llego siendo que un t\u00e9cnico de prevenci\u00f3n comprob\u00f3 <em>in situ<\/em> que no se cumpl\u00eda la distancia de seguridad? <span style=\"color: #800000\">Respuesta de la administraci\u00f3n<\/span>: sin respuesta<\/li>\n<li>Con relaci\u00f3n a la <strong>baremaci\u00f3n del concurso de traslados<\/strong>, desde CGT hemos constatado la falta de unos criterios claros y objetivos a la hora de valorar titulaciones y, particularmente, las publicaciones presentadas por los participantes. Los criterios de la administraci\u00f3n nos parecen manifiestamente mejorables, ya que podr\u00eda decirse que los art\u00edculos se punt\u00faan, como vulgarmente se dice, \u00aba peso\u201d. <strong>Hemos remitido a la administraci\u00f3n diversas consideraciones de la propia Comisi\u00f3n de baremaci\u00f3n y de la propia CGT<\/strong>, y al mismo tiempo instamos al Departamento a<strong> convocar una mesa espec\u00edfica<\/strong> para trabajar sobre este tema.<\/li>\n<li>\u00bfCu\u00e1ndo se informar\u00e1 y se convocar\u00e1 la <strong>mesa de trabajo sobre los docentes del cuerpo a extinguir de PTFP?<\/strong> <span style=\"color: #800000\">Respuesta de la administraci\u00f3n<\/span>: seguimos a la espera de que se nos informe y se nos convoque.<\/li>\n<li>\u00bfCu\u00e1ndo se har\u00e1 efectiva la subida salarial del 0,9? <span style=\"color: #800000\">La Administraci\u00f3n informa<\/span> que est\u00e1 pendiente de su aprobaci\u00f3n en Consejo de Gobierno.<\/li>\n<\/ol>\n<\/div>\n","protected":false},"excerpt":{"rendered":"<p>Mesa Sectorial 22 de febrero de 2021. Asistentes: Personal administraci\u00f3n, UGT, STEA, CCOO, CGT y<\/p>\n","protected":false},"author":854,"featured_media":0,"comment_status":"open","ping_status":"open","sticky":false,"template":"","format":"standard","meta":{"footnotes":""},"categories":[508,480],"tags":[],"class_list":["post-11507","post","type-post","status-publish","format-standard","hentry","category-mesas-sectoriales-tecnicas","category-noticias"],"yoast_head":"<!-- This site is optimized with the Yoast SEO plugin v26.7 - https:\/\/yoast.com\/wordpress\/plugins\/seo\/ -->\n<title>Mesa Sectorial 22 de febrero<\/title>\n<meta name=\"description\" content=\"Resumen de la mesa sectorial de educaci\u00f3n de Arag\u00f3n CGT Ense\u00f1anza\" \/>\n<meta name=\"robots\" content=\"index, follow, max-snippet:-1, max-image-preview:large, max-video-preview:-1\" \/>\n<link rel=\"canonical\" href=\"https:\/\/www.cgtaragonlarioja.org\/fedens\/mesa-sectorial-22-de-febrero\/\" \/>\n<meta property=\"og:locale\" content=\"es_ES\" \/>\n<meta property=\"og:type\" content=\"article\" \/>\n<meta property=\"og:title\" content=\"Mesa Sectorial 22 de febrero\" \/>\n<meta property=\"og:description\" content=\"Resumen de la mesa sectorial de educaci\u00f3n de Arag\u00f3n CGT Ense\u00f1anza\" \/>\n<meta property=\"og:url\" content=\"https:\/\/www.cgtaragonlarioja.org\/fedens\/mesa-sectorial-22-de-febrero\/\" \/>\n<meta property=\"og:site_name\" content=\"CGT Arag\u00f3n - La Rioja. ENSE\u00d1ANZA\" \/>\n<meta property=\"article:publisher\" content=\"https:\/\/www.facebook.com\/CGTEnseAragon\/\" \/>\n<meta property=\"article:published_time\" content=\"2021-02-22T11:49:33+00:00\" \/>\n<meta property=\"article:modified_time\" content=\"2021-02-22T18:42:57+00:00\" \/>\n<meta property=\"og:image\" content=\"https:\/\/www.cgtaragonlarioja.org\/fedens\/files\/2021\/02\/photo_2021-02-22_12-17-05.jpg\" \/>\n\t<meta property=\"og:image:width\" content=\"940\" \/>\n\t<meta property=\"og:image:height\" content=\"788\" \/>\n\t<meta property=\"og:image:type\" content=\"image\/jpeg\" \/>\n<meta name=\"author\" content=\"CGT Ense\u00f1anza Arag\u00f3n\" \/>\n<meta name=\"twitter:card\" content=\"summary_large_image\" \/>\n<meta name=\"twitter:creator\" content=\"@CGTeduAragon\" \/>\n<meta name=\"twitter:site\" content=\"@CGTeduAragon\" \/>\n<meta name=\"twitter:label1\" content=\"Escrito por\" \/>\n\t<meta name=\"twitter:data1\" content=\"CGT Ense\u00f1anza Arag\u00f3n\" \/>\n\t<meta name=\"twitter:label2\" content=\"Tiempo de lectura\" \/>\n\t<meta name=\"twitter:data2\" content=\"7 minutos\" \/>\n<script type=\"application\/ld+json\" class=\"yoast-schema-graph\">{\"@context\":\"https:\/\/schema.org\",\"@graph\":[{\"@type\":\"Article\",\"@id\":\"https:\/\/www.cgtaragonlarioja.org\/fedens\/mesa-sectorial-22-de-febrero\/#article\",\"isPartOf\":{\"@id\":\"https:\/\/www.cgtaragonlarioja.org\/fedens\/mesa-sectorial-22-de-febrero\/\"},\"author\":{\"name\":\"CGT Ense\u00f1anza Arag\u00f3n\",\"@id\":\"https:\/\/www.cgtaragonlarioja.org\/fedens\/#\/schema\/person\/f577cbf9ee1fb7519bfd883ac4f4032f\"},\"headline\":\"Mesa Sectorial 22 de febrero\",\"datePublished\":\"2021-02-22T11:49:33+00:00\",\"dateModified\":\"2021-02-22T18:42:57+00:00\",\"mainEntityOfPage\":{\"@id\":\"https:\/\/www.cgtaragonlarioja.org\/fedens\/mesa-sectorial-22-de-febrero\/\"},\"wordCount\":1531,\"commentCount\":5,\"publisher\":{\"@id\":\"https:\/\/www.cgtaragonlarioja.org\/fedens\/#organization\"},\"articleSection\":[\"Mesas sectoriales-t\u00e9cnicas\",\"Noticias\"],\"inLanguage\":\"es\",\"potentialAction\":[{\"@type\":\"CommentAction\",\"name\":\"Comment\",\"target\":[\"https:\/\/www.cgtaragonlarioja.org\/fedens\/mesa-sectorial-22-de-febrero\/#respond\"]}]},{\"@type\":\"WebPage\",\"@id\":\"https:\/\/www.cgtaragonlarioja.org\/fedens\/mesa-sectorial-22-de-febrero\/\",\"url\":\"https:\/\/www.cgtaragonlarioja.org\/fedens\/mesa-sectorial-22-de-febrero\/\",\"name\":\"Mesa Sectorial 22 de febrero\",\"isPartOf\":{\"@id\":\"https:\/\/www.cgtaragonlarioja.org\/fedens\/#website\"},\"datePublished\":\"2021-02-22T11:49:33+00:00\",\"dateModified\":\"2021-02-22T18:42:57+00:00\",\"description\":\"Resumen de la mesa sectorial de educaci\u00f3n de Arag\u00f3n CGT Ense\u00f1anza\",\"breadcrumb\":{\"@id\":\"https:\/\/www.cgtaragonlarioja.org\/fedens\/mesa-sectorial-22-de-febrero\/#breadcrumb\"},\"inLanguage\":\"es\",\"potentialAction\":[{\"@type\":\"ReadAction\",\"target\":[\"https:\/\/www.cgtaragonlarioja.org\/fedens\/mesa-sectorial-22-de-febrero\/\"]}]},{\"@type\":\"BreadcrumbList\",\"@id\":\"https:\/\/www.cgtaragonlarioja.org\/fedens\/mesa-sectorial-22-de-febrero\/#breadcrumb\",\"itemListElement\":[{\"@type\":\"ListItem\",\"position\":1,\"name\":\"Portada\",\"item\":\"https:\/\/www.cgtaragonlarioja.org\/fedens\/\"},{\"@type\":\"ListItem\",\"position\":2,\"name\":\"Mesa Sectorial 22 de febrero\"}]},{\"@type\":\"WebSite\",\"@id\":\"https:\/\/www.cgtaragonlarioja.org\/fedens\/#website\",\"url\":\"https:\/\/www.cgtaragonlarioja.org\/fedens\/\",\"name\":\"CGT Arag\u00f3n - La Rioja. ENSE\u00d1ANZA\",\"description\":\"CONTACTAR: Calatayud-Aranda: 654897973 \/ Huesca: 974238404 \/ Teruel: 978619265 \/ Zaragoza: 976922002\",\"publisher\":{\"@id\":\"https:\/\/www.cgtaragonlarioja.org\/fedens\/#organization\"},\"potentialAction\":[{\"@type\":\"SearchAction\",\"target\":{\"@type\":\"EntryPoint\",\"urlTemplate\":\"https:\/\/www.cgtaragonlarioja.org\/fedens\/?s={search_term_string}\"},\"query-input\":{\"@type\":\"PropertyValueSpecification\",\"valueRequired\":true,\"valueName\":\"search_term_string\"}}],\"inLanguage\":\"es\"},{\"@type\":\"Organization\",\"@id\":\"https:\/\/www.cgtaragonlarioja.org\/fedens\/#organization\",\"name\":\"CGT Arag\u00f3n y La Rioja - Ense\u00f1anza\",\"url\":\"https:\/\/www.cgtaragonlarioja.org\/fedens\/\",\"logo\":{\"@type\":\"ImageObject\",\"inLanguage\":\"es\",\"@id\":\"https:\/\/www.cgtaragonlarioja.org\/fedens\/#\/schema\/logo\/image\/\",\"url\":\"https:\/\/www.cgtaragonlarioja.org\/fedens\/files\/2021\/02\/logo_cgt_ense_huesca_170x250.png\",\"contentUrl\":\"https:\/\/www.cgtaragonlarioja.org\/fedens\/files\/2021\/02\/logo_cgt_ense_huesca_170x250.png\",\"width\":170,\"height\":250,\"caption\":\"CGT Arag\u00f3n y La Rioja - Ense\u00f1anza\"},\"image\":{\"@id\":\"https:\/\/www.cgtaragonlarioja.org\/fedens\/#\/schema\/logo\/image\/\"},\"sameAs\":[\"https:\/\/www.facebook.com\/CGTEnseAragon\/\",\"https:\/\/x.com\/CGTeduAragon\"]},{\"@type\":\"Person\",\"@id\":\"https:\/\/www.cgtaragonlarioja.org\/fedens\/#\/schema\/person\/f577cbf9ee1fb7519bfd883ac4f4032f\",\"name\":\"CGT Ense\u00f1anza Arag\u00f3n\",\"image\":{\"@type\":\"ImageObject\",\"inLanguage\":\"es\",\"@id\":\"https:\/\/www.cgtaragonlarioja.org\/fedens\/#\/schema\/person\/image\/\",\"url\":\"https:\/\/secure.gravatar.com\/avatar\/6591cafae8da970274bd48ef06b7f86ae2c2ba705fb2cdafa9b5f7f48c95a765?s=96&d=mm&r=g\",\"contentUrl\":\"https:\/\/secure.gravatar.com\/avatar\/6591cafae8da970274bd48ef06b7f86ae2c2ba705fb2cdafa9b5f7f48c95a765?s=96&d=mm&r=g\",\"caption\":\"CGT Ense\u00f1anza Arag\u00f3n\"},\"url\":\"https:\/\/www.cgtaragonlarioja.org\/fedens\/author\/fasecgt\/\"}]}<\/script>\n<!-- \/ Yoast SEO plugin. -->","yoast_head_json":{"title":"Mesa Sectorial 22 de febrero","description":"Resumen de la mesa sectorial de educaci\u00f3n de Arag\u00f3n CGT Ense\u00f1anza","robots":{"index":"index","follow":"follow","max-snippet":"max-snippet:-1","max-image-preview":"max-image-preview:large","max-video-preview":"max-video-preview:-1"},"canonical":"https:\/\/www.cgtaragonlarioja.org\/fedens\/mesa-sectorial-22-de-febrero\/","og_locale":"es_ES","og_type":"article","og_title":"Mesa Sectorial 22 de febrero","og_description":"Resumen de la mesa sectorial de educaci\u00f3n de Arag\u00f3n CGT Ense\u00f1anza","og_url":"https:\/\/www.cgtaragonlarioja.org\/fedens\/mesa-sectorial-22-de-febrero\/","og_site_name":"CGT Arag\u00f3n - La Rioja. ENSE\u00d1ANZA","article_publisher":"https:\/\/www.facebook.com\/CGTEnseAragon\/","article_published_time":"2021-02-22T11:49:33+00:00","article_modified_time":"2021-02-22T18:42:57+00:00","og_image":[{"width":940,"height":788,"url":"https:\/\/www.cgtaragonlarioja.org\/fedens\/files\/2021\/02\/photo_2021-02-22_12-17-05.jpg","type":"image\/jpeg"}],"author":"CGT Ense\u00f1anza Arag\u00f3n","twitter_card":"summary_large_image","twitter_creator":"@CGTeduAragon","twitter_site":"@CGTeduAragon","twitter_misc":{"Escrito por":"CGT Ense\u00f1anza Arag\u00f3n","Tiempo de lectura":"7 minutos"},"schema":{"@context":"https:\/\/schema.org","@graph":[{"@type":"Article","@id":"https:\/\/www.cgtaragonlarioja.org\/fedens\/mesa-sectorial-22-de-febrero\/#article","isPartOf":{"@id":"https:\/\/www.cgtaragonlarioja.org\/fedens\/mesa-sectorial-22-de-febrero\/"},"author":{"name":"CGT Ense\u00f1anza Arag\u00f3n","@id":"https:\/\/www.cgtaragonlarioja.org\/fedens\/#\/schema\/person\/f577cbf9ee1fb7519bfd883ac4f4032f"},"headline":"Mesa Sectorial 22 de febrero","datePublished":"2021-02-22T11:49:33+00:00","dateModified":"2021-02-22T18:42:57+00:00","mainEntityOfPage":{"@id":"https:\/\/www.cgtaragonlarioja.org\/fedens\/mesa-sectorial-22-de-febrero\/"},"wordCount":1531,"commentCount":5,"publisher":{"@id":"https:\/\/www.cgtaragonlarioja.org\/fedens\/#organization"},"articleSection":["Mesas sectoriales-t\u00e9cnicas","Noticias"],"inLanguage":"es","potentialAction":[{"@type":"CommentAction","name":"Comment","target":["https:\/\/www.cgtaragonlarioja.org\/fedens\/mesa-sectorial-22-de-febrero\/#respond"]}]},{"@type":"WebPage","@id":"https:\/\/www.cgtaragonlarioja.org\/fedens\/mesa-sectorial-22-de-febrero\/","url":"https:\/\/www.cgtaragonlarioja.org\/fedens\/mesa-sectorial-22-de-febrero\/","name":"Mesa Sectorial 22 de febrero","isPartOf":{"@id":"https:\/\/www.cgtaragonlarioja.org\/fedens\/#website"},"datePublished":"2021-02-22T11:49:33+00:00","dateModified":"2021-02-22T18:42:57+00:00","description":"Resumen de la mesa sectorial de educaci\u00f3n de Arag\u00f3n CGT Ense\u00f1anza","breadcrumb":{"@id":"https:\/\/www.cgtaragonlarioja.org\/fedens\/mesa-sectorial-22-de-febrero\/#breadcrumb"},"inLanguage":"es","potentialAction":[{"@type":"ReadAction","target":["https:\/\/www.cgtaragonlarioja.org\/fedens\/mesa-sectorial-22-de-febrero\/"]}]},{"@type":"BreadcrumbList","@id":"https:\/\/www.cgtaragonlarioja.org\/fedens\/mesa-sectorial-22-de-febrero\/#breadcrumb","itemListElement":[{"@type":"ListItem","position":1,"name":"Portada","item":"https:\/\/www.cgtaragonlarioja.org\/fedens\/"},{"@type":"ListItem","position":2,"name":"Mesa Sectorial 22 de febrero"}]},{"@type":"WebSite","@id":"https:\/\/www.cgtaragonlarioja.org\/fedens\/#website","url":"https:\/\/www.cgtaragonlarioja.org\/fedens\/","name":"CGT Arag\u00f3n - La Rioja. ENSE\u00d1ANZA","description":"CONTACTAR: Calatayud-Aranda: 654897973 \/ Huesca: 974238404 \/ Teruel: 978619265 \/ Zaragoza: 976922002","publisher":{"@id":"https:\/\/www.cgtaragonlarioja.org\/fedens\/#organization"},"potentialAction":[{"@type":"SearchAction","target":{"@type":"EntryPoint","urlTemplate":"https:\/\/www.cgtaragonlarioja.org\/fedens\/?s={search_term_string}"},"query-input":{"@type":"PropertyValueSpecification","valueRequired":true,"valueName":"search_term_string"}}],"inLanguage":"es"},{"@type":"Organization","@id":"https:\/\/www.cgtaragonlarioja.org\/fedens\/#organization","name":"CGT Arag\u00f3n y La Rioja - Ense\u00f1anza","url":"https:\/\/www.cgtaragonlarioja.org\/fedens\/","logo":{"@type":"ImageObject","inLanguage":"es","@id":"https:\/\/www.cgtaragonlarioja.org\/fedens\/#\/schema\/logo\/image\/","url":"https:\/\/www.cgtaragonlarioja.org\/fedens\/files\/2021\/02\/logo_cgt_ense_huesca_170x250.png","contentUrl":"https:\/\/www.cgtaragonlarioja.org\/fedens\/files\/2021\/02\/logo_cgt_ense_huesca_170x250.png","width":170,"height":250,"caption":"CGT Arag\u00f3n y La Rioja - Ense\u00f1anza"},"image":{"@id":"https:\/\/www.cgtaragonlarioja.org\/fedens\/#\/schema\/logo\/image\/"},"sameAs":["https:\/\/www.facebook.com\/CGTEnseAragon\/","https:\/\/x.com\/CGTeduAragon"]},{"@type":"Person","@id":"https:\/\/www.cgtaragonlarioja.org\/fedens\/#\/schema\/person\/f577cbf9ee1fb7519bfd883ac4f4032f","name":"CGT Ense\u00f1anza Arag\u00f3n","image":{"@type":"ImageObject","inLanguage":"es","@id":"https:\/\/www.cgtaragonlarioja.org\/fedens\/#\/schema\/person\/image\/","url":"https:\/\/secure.gravatar.com\/avatar\/6591cafae8da970274bd48ef06b7f86ae2c2ba705fb2cdafa9b5f7f48c95a765?s=96&d=mm&r=g","contentUrl":"https:\/\/secure.gravatar.com\/avatar\/6591cafae8da970274bd48ef06b7f86ae2c2ba705fb2cdafa9b5f7f48c95a765?s=96&d=mm&r=g","caption":"CGT Ense\u00f1anza Arag\u00f3n"},"url":"https:\/\/www.cgtaragonlarioja.org\/fedens\/author\/fasecgt\/"}]}},"_links":{"self":[{"href":"https:\/\/www.cgtaragonlarioja.org\/fedens\/wp-json\/wp\/v2\/posts\/11507","targetHints":{"allow":["GET"]}}],"collection":[{"href":"https:\/\/www.cgtaragonlarioja.org\/fedens\/wp-json\/wp\/v2\/posts"}],"about":[{"href":"https:\/\/www.cgtaragonlarioja.org\/fedens\/wp-json\/wp\/v2\/types\/post"}],"author":[{"embeddable":true,"href":"https:\/\/www.cgtaragonlarioja.org\/fedens\/wp-json\/wp\/v2\/users\/854"}],"replies":[{"embeddable":true,"href":"https:\/\/www.cgtaragonlarioja.org\/fedens\/wp-json\/wp\/v2\/comments?post=11507"}],"version-history":[{"count":8,"href":"https:\/\/www.cgtaragonlarioja.org\/fedens\/wp-json\/wp\/v2\/posts\/11507\/revisions"}],"predecessor-version":[{"id":11521,"href":"https:\/\/www.cgtaragonlarioja.org\/fedens\/wp-json\/wp\/v2\/posts\/11507\/revisions\/11521"}],"wp:attachment":[{"href":"https:\/\/www.cgtaragonlarioja.org\/fedens\/wp-json\/wp\/v2\/media?parent=11507"}],"wp:term":[{"taxonomy":"category","embeddable":true,"href":"https:\/\/www.cgtaragonlarioja.org\/fedens\/wp-json\/wp\/v2\/categories?post=11507"},{"taxonomy":"post_tag","embeddable":true,"href":"https:\/\/www.cgtaragonlarioja.org\/fedens\/wp-json\/wp\/v2\/tags?post=11507"}],"curies":[{"name":"wp","href":"https:\/\/api.w.org\/{rel}","templated":true}]}}