{"id":11441,"date":"2021-02-11T18:27:25","date_gmt":"2021-02-11T17:27:25","guid":{"rendered":"https:\/\/www.cgtaragonlarioja.org\/fedens\/?p=11441"},"modified":"2021-05-13T13:05:14","modified_gmt":"2021-05-13T11:05:14","slug":"al-recreo-num-288-filomena-cuestion-de-respeto","status":"publish","type":"post","link":"https:\/\/www.cgtaragonlarioja.org\/fedens\/al-recreo-num-288-filomena-cuestion-de-respeto\/","title":{"rendered":"Al recreo, n\u00fam. 288. Filomena: cuesti\u00f3n de respeto"},"content":{"rendered":"<p>El Consejero de Educaci\u00f3n, Felipe Faci, ha vuelto a generar pol\u00e9mica al anticipar el pasado lunes la propuesta de la Consejer\u00eda de Educaci\u00f3n para recuperar <a href=\"https:\/\/www.heraldo.es\/noticias\/aragon\/2021\/01\/10\/los-colegios-no-abriran-el-lunes-y-el-martes-en-aragon-debido-al-temporal-1414170.html\">las jornadas interrumpidas por el temporal \u201cFilomena\u201d<\/a> a principios de enero.<\/p>\r\n<p>Este proceder, el de filtrar informaciones a la prensa de manera interesada, viene siendo una pr\u00e1ctica habitual del Departamento, pese a constituir una falta de respeto hacia el colectivo docente, sus representantes sindicales, y el conjunto de la ciudadan\u00eda.<\/p>\r\n<p><a href=\"https:\/\/www.heraldo.es\/noticias\/aragon\/2021\/02\/08\/cgt-muestra-su-rechazo-a-los-dias-planteados-por-faci-para-recuperar-las-horas-perdidas-por-filomena-1419157.html\">CGT rechaza los dos d\u00edas planteados por el consejero<\/a>, y muestra su malestar, ya que ante una situaci\u00f3n sobrevenida como fue la llegada del temporal, no se entiende que haya que recuperar esos d\u00edas. Si bien el temporal supuso la paralizaci\u00f3n de la actividad lectiva, de ning\u00fan modo fueron dos d\u00edas festivos. De hecho, muchos docentes realizaron sus actividades complementarias de forma habitual, ya fuese a trav\u00e9s de reuniones de departamentos, de equipos directivos y en comisiones de servicio tanto del Servicio Provincial como del Departamento de Educaci\u00f3n.<\/p>\r\n<p>La propuesta del Departamento (que en <a href=\"https:\/\/arainfo.org\/educacion-propone-recuperar-los-dias-lectivos-suspendidos-por-filomena-el\/\">Zaragoza har\u00eda laborables d\u00edas festivos<\/a> como el 8 de marzo y el 30 de abril) se ha venido consensuando con ayuntamientos, familias y diversos \u00f3rganos consultivos\u2026 salvo los propios docentes.<\/p>\r\n<p>\u00bfPodemos seguir asumiendo que todos decidan por el colectivo docente? \u00bfNo ser\u00eda m\u00e1s justa y apropiada otra medida, como recuperar las jornadas perdidas a final de curso? \u00bfQu\u00e9 precedente crea esta situaci\u00f3n?<\/p>\r\n<p>Accede a la <strong>entrevista en RNE Arag\u00f3n sobre la cuesti\u00f3n<\/strong>.<a href=\"https:\/\/www.youtube.com\/watch?v=rF79bWvEQT4&amp;t=1s\" target=\"_blank\" rel=\"attachment noopener wp-att-11462\"><img loading=\"lazy\" decoding=\"async\" class=\"alignright wp-image-11462 size-medium\" src=\"https:\/\/www.cgtaragonlarioja.org\/fedens\/files\/2021\/02\/Aragon-RNE-300x94.png\" alt=\"Accede a la entrevista pinchando aqu\u00ed\" width=\"300\" height=\"94\" srcset=\"https:\/\/www.cgtaragonlarioja.org\/fedens\/files\/2021\/02\/Aragon-RNE-300x94.png 300w, https:\/\/www.cgtaragonlarioja.org\/fedens\/files\/2021\/02\/Aragon-RNE.png 543w\" sizes=\"auto, (max-width: 300px) 100vw, 300px\" \/><\/a><\/p>\r\n<p>Adem\u00e1s, el calendario escolar aragon\u00e9s ya est\u00e1 por encima de los 175 d\u00edas lectivos que marca la legislaci\u00f3n, concretamente 176, con lo que seg\u00fan CGT, la propuesta de Felipe Faci supone otra muestra de desprecio al profesorado.<\/p>\r\n<div style=\"width: 640px;\" class=\"wp-video\"><video class=\"wp-video-shortcode\" id=\"video-11441-1\" width=\"640\" height=\"360\" preload=\"metadata\" controls=\"controls\"><source type=\"video\/mp4\" src=\"https:\/\/www.cgtaragonlarioja.org\/fedens\/files\/2021\/02\/Filomena-otro-desprecio-al-colectivo-docente.mp4?_=1\" \/><a href=\"https:\/\/www.cgtaragonlarioja.org\/fedens\/files\/2021\/02\/Filomena-otro-desprecio-al-colectivo-docente.mp4\">https:\/\/www.cgtaragonlarioja.org\/fedens\/files\/2021\/02\/Filomena-otro-desprecio-al-colectivo-docente.mp4<\/a><\/video><\/div>\r\n<p>Ante esta situaci\u00f3n, <strong>CGT votar\u00e1 en contra de esta proposici\u00f3n tanto en el Consejo Escolar como en la Mesa Sectorial.<\/strong><\/p>\r\n<p><a href=\"https:\/\/www.cgtaragonlarioja.org\/fedens\/files\/2021\/02\/2021-02-11-Al-recreo-no-288-Filomena-cuestion-de-respeto-1.pdf\" target=\"_blank\" rel=\"noopener\"><img loading=\"lazy\" decoding=\"async\" class=\"alignnone size-medium wp-image-12398\" src=\"https:\/\/www.cgtaragonlarioja.org\/fedens\/files\/2021\/02\/al-194x300.jpg\" alt=\"\" width=\"194\" height=\"300\" srcset=\"https:\/\/www.cgtaragonlarioja.org\/fedens\/files\/2021\/02\/al-194x300.jpg 194w, https:\/\/www.cgtaragonlarioja.org\/fedens\/files\/2021\/02\/al.jpg 546w\" sizes=\"auto, (max-width: 194px) 100vw, 194px\" \/><\/a><\/p>\r\n","protected":false},"excerpt":{"rendered":"<p>El Consejero de Educaci\u00f3n, Felipe Faci, ha vuelto a generar pol\u00e9mica al anticipar el pasado<\/p>\n","protected":false},"author":854,"featured_media":11461,"comment_status":"open","ping_status":"open","sticky":false,"template":"","format":"standard","meta":{"footnotes":""},"categories":[513],"tags":[580,578,575,579,576,577,581],"class_list":["post-11441","post","type-post","status-publish","format-standard","has-post-thumbnail","hentry","category-al-recreo","tag-consejo-escolar","tag-dos-dias","tag-faci","tag-festivos","tag-filomena","tag-lectivos","tag-mesa-sectorial"],"yoast_head":"<!-- This site is optimized with the Yoast SEO plugin v26.7 - https:\/\/yoast.com\/wordpress\/plugins\/seo\/ -->\n<title>Al recreo, n\u00fam. 288. Filomena: cuesti\u00f3n de respeto<\/title>\n<meta name=\"description\" content=\"El Consejero de Educaci\u00f3n, Felipe Faci, ha vuelto a generar pol\u00e9mica al anticipar el pasado lunes la propuesta de la Consejer\u00eda de Educaci\u00f3n para\" \/>\n<meta name=\"robots\" content=\"index, follow, max-snippet:-1, max-image-preview:large, max-video-preview:-1\" \/>\n<link rel=\"canonical\" href=\"https:\/\/www.cgtaragonlarioja.org\/fedens\/al-recreo-num-288-filomena-cuestion-de-respeto\/\" \/>\n<meta property=\"og:locale\" content=\"es_ES\" \/>\n<meta property=\"og:type\" content=\"article\" \/>\n<meta property=\"og:title\" content=\"Al recreo, n\u00fam. 288. Filomena: cuesti\u00f3n de respeto\" \/>\n<meta property=\"og:description\" content=\"El Consejero de Educaci\u00f3n, Felipe Faci, ha vuelto a generar pol\u00e9mica al anticipar el pasado lunes la propuesta de la Consejer\u00eda de Educaci\u00f3n para\" \/>\n<meta property=\"og:url\" content=\"https:\/\/www.cgtaragonlarioja.org\/fedens\/al-recreo-num-288-filomena-cuestion-de-respeto\/\" \/>\n<meta property=\"og:site_name\" content=\"CGT Arag\u00f3n - La Rioja. ENSE\u00d1ANZA\" \/>\n<meta property=\"article:publisher\" content=\"https:\/\/www.facebook.com\/CGTEnseAragon\/\" \/>\n<meta property=\"article:published_time\" content=\"2021-02-11T17:27:25+00:00\" \/>\n<meta property=\"article:modified_time\" content=\"2021-05-13T11:05:14+00:00\" \/>\n<meta property=\"og:image\" content=\"https:\/\/www.cgtaragonlarioja.org\/fedens\/files\/2021\/02\/Al-recreo-num.-288.jpg\" \/>\n\t<meta property=\"og:image:width\" content=\"646\" \/>\n\t<meta property=\"og:image:height\" content=\"167\" \/>\n\t<meta property=\"og:image:type\" content=\"image\/jpeg\" \/>\n<meta name=\"author\" content=\"CGT Ense\u00f1anza Arag\u00f3n\" \/>\n<meta name=\"twitter:card\" content=\"summary_large_image\" \/>\n<meta name=\"twitter:creator\" content=\"@CGTeduAragon\" \/>\n<meta name=\"twitter:site\" content=\"@CGTeduAragon\" \/>\n<meta name=\"twitter:label1\" content=\"Escrito por\" \/>\n\t<meta name=\"twitter:data1\" content=\"CGT Ense\u00f1anza Arag\u00f3n\" \/>\n\t<meta name=\"twitter:label2\" content=\"Tiempo de lectura\" \/>\n\t<meta name=\"twitter:data2\" content=\"2 minutos\" \/>\n<script type=\"application\/ld+json\" class=\"yoast-schema-graph\">{\"@context\":\"https:\/\/schema.org\",\"@graph\":[{\"@type\":\"Article\",\"@id\":\"https:\/\/www.cgtaragonlarioja.org\/fedens\/al-recreo-num-288-filomena-cuestion-de-respeto\/#article\",\"isPartOf\":{\"@id\":\"https:\/\/www.cgtaragonlarioja.org\/fedens\/al-recreo-num-288-filomena-cuestion-de-respeto\/\"},\"author\":{\"name\":\"CGT Ense\u00f1anza Arag\u00f3n\",\"@id\":\"https:\/\/www.cgtaragonlarioja.org\/fedens\/#\/schema\/person\/f577cbf9ee1fb7519bfd883ac4f4032f\"},\"headline\":\"Al recreo, n\u00fam. 288. Filomena: cuesti\u00f3n de respeto\",\"datePublished\":\"2021-02-11T17:27:25+00:00\",\"dateModified\":\"2021-05-13T11:05:14+00:00\",\"mainEntityOfPage\":{\"@id\":\"https:\/\/www.cgtaragonlarioja.org\/fedens\/al-recreo-num-288-filomena-cuestion-de-respeto\/\"},\"wordCount\":344,\"commentCount\":1,\"publisher\":{\"@id\":\"https:\/\/www.cgtaragonlarioja.org\/fedens\/#organization\"},\"image\":{\"@id\":\"https:\/\/www.cgtaragonlarioja.org\/fedens\/al-recreo-num-288-filomena-cuestion-de-respeto\/#primaryimage\"},\"thumbnailUrl\":\"https:\/\/www.cgtaragonlarioja.org\/fedens\/files\/2021\/02\/Al-recreo-num.-288.jpg\",\"keywords\":[\"Consejo Escolar\",\"dos d\u00edas\",\"Faci\",\"festivos\",\"Filomena\",\"lectivos\",\"Mesa Sectorial\"],\"articleSection\":[\"Al Recreo\"],\"inLanguage\":\"es\",\"potentialAction\":[{\"@type\":\"CommentAction\",\"name\":\"Comment\",\"target\":[\"https:\/\/www.cgtaragonlarioja.org\/fedens\/al-recreo-num-288-filomena-cuestion-de-respeto\/#respond\"]}]},{\"@type\":\"WebPage\",\"@id\":\"https:\/\/www.cgtaragonlarioja.org\/fedens\/al-recreo-num-288-filomena-cuestion-de-respeto\/\",\"url\":\"https:\/\/www.cgtaragonlarioja.org\/fedens\/al-recreo-num-288-filomena-cuestion-de-respeto\/\",\"name\":\"Al recreo, n\u00fam. 288. Filomena: cuesti\u00f3n de respeto\",\"isPartOf\":{\"@id\":\"https:\/\/www.cgtaragonlarioja.org\/fedens\/#website\"},\"primaryImageOfPage\":{\"@id\":\"https:\/\/www.cgtaragonlarioja.org\/fedens\/al-recreo-num-288-filomena-cuestion-de-respeto\/#primaryimage\"},\"image\":{\"@id\":\"https:\/\/www.cgtaragonlarioja.org\/fedens\/al-recreo-num-288-filomena-cuestion-de-respeto\/#primaryimage\"},\"thumbnailUrl\":\"https:\/\/www.cgtaragonlarioja.org\/fedens\/files\/2021\/02\/Al-recreo-num.-288.jpg\",\"datePublished\":\"2021-02-11T17:27:25+00:00\",\"dateModified\":\"2021-05-13T11:05:14+00:00\",\"description\":\"El Consejero de Educaci\u00f3n, Felipe Faci, ha vuelto a generar pol\u00e9mica al anticipar el pasado lunes la propuesta de la Consejer\u00eda de Educaci\u00f3n para\",\"breadcrumb\":{\"@id\":\"https:\/\/www.cgtaragonlarioja.org\/fedens\/al-recreo-num-288-filomena-cuestion-de-respeto\/#breadcrumb\"},\"inLanguage\":\"es\",\"potentialAction\":[{\"@type\":\"ReadAction\",\"target\":[\"https:\/\/www.cgtaragonlarioja.org\/fedens\/al-recreo-num-288-filomena-cuestion-de-respeto\/\"]}]},{\"@type\":\"ImageObject\",\"inLanguage\":\"es\",\"@id\":\"https:\/\/www.cgtaragonlarioja.org\/fedens\/al-recreo-num-288-filomena-cuestion-de-respeto\/#primaryimage\",\"url\":\"https:\/\/www.cgtaragonlarioja.org\/fedens\/files\/2021\/02\/Al-recreo-num.-288.jpg\",\"contentUrl\":\"https:\/\/www.cgtaragonlarioja.org\/fedens\/files\/2021\/02\/Al-recreo-num.-288.jpg\",\"width\":646,\"height\":167},{\"@type\":\"BreadcrumbList\",\"@id\":\"https:\/\/www.cgtaragonlarioja.org\/fedens\/al-recreo-num-288-filomena-cuestion-de-respeto\/#breadcrumb\",\"itemListElement\":[{\"@type\":\"ListItem\",\"position\":1,\"name\":\"Portada\",\"item\":\"https:\/\/www.cgtaragonlarioja.org\/fedens\/\"},{\"@type\":\"ListItem\",\"position\":2,\"name\":\"Al recreo, n\u00fam. 288. Filomena: cuesti\u00f3n de respeto\"}]},{\"@type\":\"WebSite\",\"@id\":\"https:\/\/www.cgtaragonlarioja.org\/fedens\/#website\",\"url\":\"https:\/\/www.cgtaragonlarioja.org\/fedens\/\",\"name\":\"CGT Arag\u00f3n - La Rioja. ENSE\u00d1ANZA\",\"description\":\"CONTACTAR: Calatayud-Aranda: 654897973 \/ Huesca: 974238404 \/ Teruel: 978619265 \/ Zaragoza: 976922002\",\"publisher\":{\"@id\":\"https:\/\/www.cgtaragonlarioja.org\/fedens\/#organization\"},\"potentialAction\":[{\"@type\":\"SearchAction\",\"target\":{\"@type\":\"EntryPoint\",\"urlTemplate\":\"https:\/\/www.cgtaragonlarioja.org\/fedens\/?s={search_term_string}\"},\"query-input\":{\"@type\":\"PropertyValueSpecification\",\"valueRequired\":true,\"valueName\":\"search_term_string\"}}],\"inLanguage\":\"es\"},{\"@type\":\"Organization\",\"@id\":\"https:\/\/www.cgtaragonlarioja.org\/fedens\/#organization\",\"name\":\"CGT Arag\u00f3n y La Rioja - Ense\u00f1anza\",\"url\":\"https:\/\/www.cgtaragonlarioja.org\/fedens\/\",\"logo\":{\"@type\":\"ImageObject\",\"inLanguage\":\"es\",\"@id\":\"https:\/\/www.cgtaragonlarioja.org\/fedens\/#\/schema\/logo\/image\/\",\"url\":\"https:\/\/www.cgtaragonlarioja.org\/fedens\/files\/2021\/02\/logo_cgt_ense_huesca_170x250.png\",\"contentUrl\":\"https:\/\/www.cgtaragonlarioja.org\/fedens\/files\/2021\/02\/logo_cgt_ense_huesca_170x250.png\",\"width\":170,\"height\":250,\"caption\":\"CGT Arag\u00f3n y La Rioja - Ense\u00f1anza\"},\"image\":{\"@id\":\"https:\/\/www.cgtaragonlarioja.org\/fedens\/#\/schema\/logo\/image\/\"},\"sameAs\":[\"https:\/\/www.facebook.com\/CGTEnseAragon\/\",\"https:\/\/x.com\/CGTeduAragon\"]},{\"@type\":\"Person\",\"@id\":\"https:\/\/www.cgtaragonlarioja.org\/fedens\/#\/schema\/person\/f577cbf9ee1fb7519bfd883ac4f4032f\",\"name\":\"CGT Ense\u00f1anza Arag\u00f3n\",\"image\":{\"@type\":\"ImageObject\",\"inLanguage\":\"es\",\"@id\":\"https:\/\/www.cgtaragonlarioja.org\/fedens\/#\/schema\/person\/image\/\",\"url\":\"https:\/\/secure.gravatar.com\/avatar\/6591cafae8da970274bd48ef06b7f86ae2c2ba705fb2cdafa9b5f7f48c95a765?s=96&d=mm&r=g\",\"contentUrl\":\"https:\/\/secure.gravatar.com\/avatar\/6591cafae8da970274bd48ef06b7f86ae2c2ba705fb2cdafa9b5f7f48c95a765?s=96&d=mm&r=g\",\"caption\":\"CGT Ense\u00f1anza Arag\u00f3n\"},\"url\":\"https:\/\/www.cgtaragonlarioja.org\/fedens\/author\/fasecgt\/\"}]}<\/script>\n<!-- \/ Yoast SEO plugin. -->","yoast_head_json":{"title":"Al recreo, n\u00fam. 288. Filomena: cuesti\u00f3n de respeto","description":"El Consejero de Educaci\u00f3n, Felipe Faci, ha vuelto a generar pol\u00e9mica al anticipar el pasado lunes la propuesta de la Consejer\u00eda de Educaci\u00f3n para","robots":{"index":"index","follow":"follow","max-snippet":"max-snippet:-1","max-image-preview":"max-image-preview:large","max-video-preview":"max-video-preview:-1"},"canonical":"https:\/\/www.cgtaragonlarioja.org\/fedens\/al-recreo-num-288-filomena-cuestion-de-respeto\/","og_locale":"es_ES","og_type":"article","og_title":"Al recreo, n\u00fam. 288. Filomena: cuesti\u00f3n de respeto","og_description":"El Consejero de Educaci\u00f3n, Felipe Faci, ha vuelto a generar pol\u00e9mica al anticipar el pasado lunes la propuesta de la Consejer\u00eda de Educaci\u00f3n para","og_url":"https:\/\/www.cgtaragonlarioja.org\/fedens\/al-recreo-num-288-filomena-cuestion-de-respeto\/","og_site_name":"CGT Arag\u00f3n - La Rioja. ENSE\u00d1ANZA","article_publisher":"https:\/\/www.facebook.com\/CGTEnseAragon\/","article_published_time":"2021-02-11T17:27:25+00:00","article_modified_time":"2021-05-13T11:05:14+00:00","og_image":[{"width":646,"height":167,"url":"https:\/\/www.cgtaragonlarioja.org\/fedens\/files\/2021\/02\/Al-recreo-num.-288.jpg","type":"image\/jpeg"}],"author":"CGT Ense\u00f1anza Arag\u00f3n","twitter_card":"summary_large_image","twitter_creator":"@CGTeduAragon","twitter_site":"@CGTeduAragon","twitter_misc":{"Escrito por":"CGT Ense\u00f1anza Arag\u00f3n","Tiempo de lectura":"2 minutos"},"schema":{"@context":"https:\/\/schema.org","@graph":[{"@type":"Article","@id":"https:\/\/www.cgtaragonlarioja.org\/fedens\/al-recreo-num-288-filomena-cuestion-de-respeto\/#article","isPartOf":{"@id":"https:\/\/www.cgtaragonlarioja.org\/fedens\/al-recreo-num-288-filomena-cuestion-de-respeto\/"},"author":{"name":"CGT Ense\u00f1anza Arag\u00f3n","@id":"https:\/\/www.cgtaragonlarioja.org\/fedens\/#\/schema\/person\/f577cbf9ee1fb7519bfd883ac4f4032f"},"headline":"Al recreo, n\u00fam. 288. Filomena: cuesti\u00f3n de respeto","datePublished":"2021-02-11T17:27:25+00:00","dateModified":"2021-05-13T11:05:14+00:00","mainEntityOfPage":{"@id":"https:\/\/www.cgtaragonlarioja.org\/fedens\/al-recreo-num-288-filomena-cuestion-de-respeto\/"},"wordCount":344,"commentCount":1,"publisher":{"@id":"https:\/\/www.cgtaragonlarioja.org\/fedens\/#organization"},"image":{"@id":"https:\/\/www.cgtaragonlarioja.org\/fedens\/al-recreo-num-288-filomena-cuestion-de-respeto\/#primaryimage"},"thumbnailUrl":"https:\/\/www.cgtaragonlarioja.org\/fedens\/files\/2021\/02\/Al-recreo-num.-288.jpg","keywords":["Consejo Escolar","dos d\u00edas","Faci","festivos","Filomena","lectivos","Mesa Sectorial"],"articleSection":["Al Recreo"],"inLanguage":"es","potentialAction":[{"@type":"CommentAction","name":"Comment","target":["https:\/\/www.cgtaragonlarioja.org\/fedens\/al-recreo-num-288-filomena-cuestion-de-respeto\/#respond"]}]},{"@type":"WebPage","@id":"https:\/\/www.cgtaragonlarioja.org\/fedens\/al-recreo-num-288-filomena-cuestion-de-respeto\/","url":"https:\/\/www.cgtaragonlarioja.org\/fedens\/al-recreo-num-288-filomena-cuestion-de-respeto\/","name":"Al recreo, n\u00fam. 288. Filomena: cuesti\u00f3n de respeto","isPartOf":{"@id":"https:\/\/www.cgtaragonlarioja.org\/fedens\/#website"},"primaryImageOfPage":{"@id":"https:\/\/www.cgtaragonlarioja.org\/fedens\/al-recreo-num-288-filomena-cuestion-de-respeto\/#primaryimage"},"image":{"@id":"https:\/\/www.cgtaragonlarioja.org\/fedens\/al-recreo-num-288-filomena-cuestion-de-respeto\/#primaryimage"},"thumbnailUrl":"https:\/\/www.cgtaragonlarioja.org\/fedens\/files\/2021\/02\/Al-recreo-num.-288.jpg","datePublished":"2021-02-11T17:27:25+00:00","dateModified":"2021-05-13T11:05:14+00:00","description":"El Consejero de Educaci\u00f3n, Felipe Faci, ha vuelto a generar pol\u00e9mica al anticipar el pasado lunes la propuesta de la Consejer\u00eda de Educaci\u00f3n para","breadcrumb":{"@id":"https:\/\/www.cgtaragonlarioja.org\/fedens\/al-recreo-num-288-filomena-cuestion-de-respeto\/#breadcrumb"},"inLanguage":"es","potentialAction":[{"@type":"ReadAction","target":["https:\/\/www.cgtaragonlarioja.org\/fedens\/al-recreo-num-288-filomena-cuestion-de-respeto\/"]}]},{"@type":"ImageObject","inLanguage":"es","@id":"https:\/\/www.cgtaragonlarioja.org\/fedens\/al-recreo-num-288-filomena-cuestion-de-respeto\/#primaryimage","url":"https:\/\/www.cgtaragonlarioja.org\/fedens\/files\/2021\/02\/Al-recreo-num.-288.jpg","contentUrl":"https:\/\/www.cgtaragonlarioja.org\/fedens\/files\/2021\/02\/Al-recreo-num.-288.jpg","width":646,"height":167},{"@type":"BreadcrumbList","@id":"https:\/\/www.cgtaragonlarioja.org\/fedens\/al-recreo-num-288-filomena-cuestion-de-respeto\/#breadcrumb","itemListElement":[{"@type":"ListItem","position":1,"name":"Portada","item":"https:\/\/www.cgtaragonlarioja.org\/fedens\/"},{"@type":"ListItem","position":2,"name":"Al recreo, n\u00fam. 288. Filomena: cuesti\u00f3n de respeto"}]},{"@type":"WebSite","@id":"https:\/\/www.cgtaragonlarioja.org\/fedens\/#website","url":"https:\/\/www.cgtaragonlarioja.org\/fedens\/","name":"CGT Arag\u00f3n - La Rioja. ENSE\u00d1ANZA","description":"CONTACTAR: Calatayud-Aranda: 654897973 \/ Huesca: 974238404 \/ Teruel: 978619265 \/ Zaragoza: 976922002","publisher":{"@id":"https:\/\/www.cgtaragonlarioja.org\/fedens\/#organization"},"potentialAction":[{"@type":"SearchAction","target":{"@type":"EntryPoint","urlTemplate":"https:\/\/www.cgtaragonlarioja.org\/fedens\/?s={search_term_string}"},"query-input":{"@type":"PropertyValueSpecification","valueRequired":true,"valueName":"search_term_string"}}],"inLanguage":"es"},{"@type":"Organization","@id":"https:\/\/www.cgtaragonlarioja.org\/fedens\/#organization","name":"CGT Arag\u00f3n y La Rioja - Ense\u00f1anza","url":"https:\/\/www.cgtaragonlarioja.org\/fedens\/","logo":{"@type":"ImageObject","inLanguage":"es","@id":"https:\/\/www.cgtaragonlarioja.org\/fedens\/#\/schema\/logo\/image\/","url":"https:\/\/www.cgtaragonlarioja.org\/fedens\/files\/2021\/02\/logo_cgt_ense_huesca_170x250.png","contentUrl":"https:\/\/www.cgtaragonlarioja.org\/fedens\/files\/2021\/02\/logo_cgt_ense_huesca_170x250.png","width":170,"height":250,"caption":"CGT Arag\u00f3n y La Rioja - Ense\u00f1anza"},"image":{"@id":"https:\/\/www.cgtaragonlarioja.org\/fedens\/#\/schema\/logo\/image\/"},"sameAs":["https:\/\/www.facebook.com\/CGTEnseAragon\/","https:\/\/x.com\/CGTeduAragon"]},{"@type":"Person","@id":"https:\/\/www.cgtaragonlarioja.org\/fedens\/#\/schema\/person\/f577cbf9ee1fb7519bfd883ac4f4032f","name":"CGT Ense\u00f1anza Arag\u00f3n","image":{"@type":"ImageObject","inLanguage":"es","@id":"https:\/\/www.cgtaragonlarioja.org\/fedens\/#\/schema\/person\/image\/","url":"https:\/\/secure.gravatar.com\/avatar\/6591cafae8da970274bd48ef06b7f86ae2c2ba705fb2cdafa9b5f7f48c95a765?s=96&d=mm&r=g","contentUrl":"https:\/\/secure.gravatar.com\/avatar\/6591cafae8da970274bd48ef06b7f86ae2c2ba705fb2cdafa9b5f7f48c95a765?s=96&d=mm&r=g","caption":"CGT Ense\u00f1anza Arag\u00f3n"},"url":"https:\/\/www.cgtaragonlarioja.org\/fedens\/author\/fasecgt\/"}]}},"_links":{"self":[{"href":"https:\/\/www.cgtaragonlarioja.org\/fedens\/wp-json\/wp\/v2\/posts\/11441","targetHints":{"allow":["GET"]}}],"collection":[{"href":"https:\/\/www.cgtaragonlarioja.org\/fedens\/wp-json\/wp\/v2\/posts"}],"about":[{"href":"https:\/\/www.cgtaragonlarioja.org\/fedens\/wp-json\/wp\/v2\/types\/post"}],"author":[{"embeddable":true,"href":"https:\/\/www.cgtaragonlarioja.org\/fedens\/wp-json\/wp\/v2\/users\/854"}],"replies":[{"embeddable":true,"href":"https:\/\/www.cgtaragonlarioja.org\/fedens\/wp-json\/wp\/v2\/comments?post=11441"}],"version-history":[{"count":8,"href":"https:\/\/www.cgtaragonlarioja.org\/fedens\/wp-json\/wp\/v2\/posts\/11441\/revisions"}],"predecessor-version":[{"id":12397,"href":"https:\/\/www.cgtaragonlarioja.org\/fedens\/wp-json\/wp\/v2\/posts\/11441\/revisions\/12397"}],"wp:featuredmedia":[{"embeddable":true,"href":"https:\/\/www.cgtaragonlarioja.org\/fedens\/wp-json\/wp\/v2\/media\/11461"}],"wp:attachment":[{"href":"https:\/\/www.cgtaragonlarioja.org\/fedens\/wp-json\/wp\/v2\/media?parent=11441"}],"wp:term":[{"taxonomy":"category","embeddable":true,"href":"https:\/\/www.cgtaragonlarioja.org\/fedens\/wp-json\/wp\/v2\/categories?post=11441"},{"taxonomy":"post_tag","embeddable":true,"href":"https:\/\/www.cgtaragonlarioja.org\/fedens\/wp-json\/wp\/v2\/tags?post=11441"}],"curies":[{"name":"wp","href":"https:\/\/api.w.org\/{rel}","templated":true}]}}