{"id":10693,"date":"2021-01-26T11:03:33","date_gmt":"2021-01-26T10:03:33","guid":{"rendered":"https:\/\/www.cgtaragonlarioja.org\/fedens2\/noticias\/presencialidad-y-seguridad-frente\/"},"modified":"2021-02-01T14:54:43","modified_gmt":"2021-02-01T13:54:43","slug":"presencialidad-y-seguridad-frente","status":"publish","type":"post","link":"https:\/\/www.cgtaragonlarioja.org\/fedens\/presencialidad-y-seguridad-frente\/","title":{"rendered":"Presencialidad y seguridad frente a la pandemia"},"content":{"rendered":"<p><strong>Es hora de la responsabilidad<\/strong><\/p>\n<p>La cuarta ola de la <a href=\"https:\/\/www.aragon.es\/coronavirus\/situacion-actual\/evolucion-diaria\">pandemia de COVID est\u00e1 impactando de manera muy negativa en Arag\u00f3<\/a>n, en donde las cifras de contagios de los \u00faltimos d\u00edas son preocupantes, mientras que la positividad se mantiene por encima del 17%.<\/p>\n<p>Ante este escenario, el Departamento de Educaci\u00f3n se comporta de espaldas a la realidad. Para CGT <strong>el mantra de que en la escuela no se producen contagios debe ponerse en cuarentena<\/strong>. Si atendemos a la <a href=\"https:\/\/www.eldiario.es\/sociedad\/poblacion-espanola-infectado-coronavirus_1_6506561.html\">cuarta ola del estudio de seroprevalencia del Ministerio de Sanidad de diciembre de 2020<\/a>, <strong>el colectivo docente es, con entorno a un 11%, el tercero en contagios tan s\u00f3lo por detr\u00e1s del personal sanitario y el de atenci\u00f3n domiciliaria<\/strong>.<\/p>\n<p>Seg\u00fan los datos oficiales, durante el primer trimestre de curso se alcanzaron casi los 900 docentes contagiados, mientras que los contagios por COVID han obligado a que <a href=\"https:\/\/www.heraldo.es\/noticias\/aragon\/2021\/01\/22\/numero-aulas-cerradas-aragon-casos-coronavirus-1416261.html\">esta semana las aulas cerradas hayan pasado de 9 a 34, casi cuatriplic\u00e1ndose<\/a>.<\/p>\n<p>El celo del conjunto de la comunidad educativa est\u00e1 siendo ejemplar, pero no podemos sino denunciar la irresponsable pol\u00edtica del Departamento en materia de seguridad laboral.<\/p>\n<p>Estos alarmantes datos, junto la ineficaz gesti\u00f3n del Departamento, <strong>ponen en duda la idoneidad del retorno a la presencialidad impuesto por la consejer\u00eda a partir de febrero<\/strong>. Desde CGT criticamos que se pretenda retornar a la presencialidad en 3\u00ba, 4\u00ba de Eso y 1 de Bachillerato sin haber tomado previamente las medidas oportunas, como la habilitaci\u00f3n de nuevos espacios, la reducci\u00f3n de ratios y el incremento del profesorado. Es m\u00e1s, resulta sorprendente que en las nuevas instrucciones no se concrete la distancia de seguridad, previamente establecida en 1,5 metros, lo que genera nuevas dudas sobre las intenciones y capacidades del Departamento. En este sentido, los pr\u00f3ximos d\u00edas <strong>desde CGT se va a ampliar la denuncia presentada a Inspecci\u00f3n de Trabajo<\/strong> por vulnerar la seguridad del colectivo docente, incluyendo las nuevas condiciones derivadas de la presencialidad completa.<\/p>\n<p>La improvisaci\u00f3n del Departamento va a generar masificaci\u00f3n en las aulas de numerosos centros, tal y como est\u00e1n poniendo de manifiesto diversos equipos directivos. A este respecto, ya<strong> son varios los equipos directivos, claustros y AMPAS que se est\u00e1n movilizando para reivindicar mayores medidas de seguridad<\/strong>, como en el IES Azucarera, el IES Avempace o el IES Clara Campoamor en Zaragoza, as\u00ed como el IES Conde de Aranda de Alag\u00f3n. En esta situaci\u00f3n es necesario que el conjunto de la comunidad educativa defienda unas condiciones de trabajo seguras, por lo que animamos a todos los centros a mostrar su malestar.<\/p>\n<p>Ante la evoluci\u00f3n pand\u00e9mica, consideramos que es urgente que el Departamento aplique de una vez por todas una serie de medidas b\u00e1sicas y fundamentales para procurar la seguridad de las escuelas.<\/p>\n<p>Del mismo modo, es imprescindible que se reduzcan de manera significativa las ratios, se proteja a los trabajadores especialmente sensibles, se dote a todo el colectivo docente de mascarillas FPP2 (las \u00fanicas homologadas como EPI), se estableza una mayor coordinaci\u00f3n de los servicios m\u00e9dicos y de salud p\u00fablica, as\u00ed como se intensifiquen los rastreos y cribados en las aulas.<\/p>\n<p>Felipe <strong>Faci debe abandonar la pol\u00edtica espect\u00e1culo<\/strong> y a afrontar la realidad, implic\u00e1ndose de manera responsable en la seguridad de las escuelas.<\/p>\n<p>Accede a la entrevista a nuestro delegado pinchando en la imagen.<br \/>\n<a href=\"https:\/\/www.youtube.com\/watch?v=cS1rxiNJ4T4&amp;t=10s\"><img decoding=\"async\" src=\"IMG\/jpg\/RNE_Aragon.jpg\" alt=\"RNE_Aragon.jpg\" align=\"middle\" \/><\/a><\/p>\n","protected":false},"excerpt":{"rendered":"<p>Es hora de la responsabilidad La cuarta ola de la pandemia de COVID est\u00e1 impactando<\/p>\n","protected":false},"author":485,"featured_media":10904,"comment_status":"open","ping_status":"open","sticky":false,"template":"","format":"standard","meta":{"footnotes":""},"categories":[480],"tags":[],"class_list":["post-10693","post","type-post","status-publish","format-standard","has-post-thumbnail","hentry","category-noticias"],"yoast_head":"<!-- This site is optimized with the Yoast SEO plugin v26.7 - https:\/\/yoast.com\/wordpress\/plugins\/seo\/ -->\n<title>Presencialidad y seguridad frente a la pandemia<\/title>\n<meta name=\"description\" content=\"Es hora de la responsabilidad La cuarta ola de la pandemia de COVID est\u00e1 impactando de manera muy negativa en Arag\u00f3n, en donde las cifras de contagios de\" \/>\n<meta name=\"robots\" content=\"index, follow, max-snippet:-1, max-image-preview:large, max-video-preview:-1\" \/>\n<link rel=\"canonical\" href=\"https:\/\/www.cgtaragonlarioja.org\/fedens\/presencialidad-y-seguridad-frente\/\" \/>\n<meta property=\"og:locale\" content=\"es_ES\" \/>\n<meta property=\"og:type\" content=\"article\" \/>\n<meta property=\"og:title\" content=\"Presencialidad y seguridad frente a la pandemia\" \/>\n<meta property=\"og:description\" content=\"Es hora de la responsabilidad La cuarta ola de la pandemia de COVID est\u00e1 impactando de manera muy negativa en Arag\u00f3n, en donde las cifras de contagios de\" \/>\n<meta property=\"og:url\" content=\"https:\/\/www.cgtaragonlarioja.org\/fedens\/presencialidad-y-seguridad-frente\/\" \/>\n<meta property=\"og:site_name\" content=\"CGT Arag\u00f3n - La Rioja. ENSE\u00d1ANZA\" \/>\n<meta property=\"article:publisher\" content=\"https:\/\/www.facebook.com\/CGTEnseAragon\/\" \/>\n<meta property=\"article:published_time\" content=\"2021-01-26T10:03:33+00:00\" \/>\n<meta property=\"article:modified_time\" content=\"2021-02-01T13:54:43+00:00\" \/>\n<meta property=\"og:image\" content=\"https:\/\/www.cgtaragonlarioja.org\/fedens\/files\/2021\/01\/images.jpg\" \/>\n\t<meta property=\"og:image:width\" content=\"259\" \/>\n\t<meta property=\"og:image:height\" content=\"194\" \/>\n\t<meta property=\"og:image:type\" content=\"image\/jpeg\" \/>\n<meta name=\"twitter:card\" content=\"summary_large_image\" \/>\n<meta name=\"twitter:creator\" content=\"@CGTeduAragon\" \/>\n<meta name=\"twitter:site\" content=\"@CGTeduAragon\" \/>\n<meta name=\"twitter:label1\" content=\"Escrito por\" \/>\n\t<meta name=\"twitter:data1\" content=\"\" \/>\n\t<meta name=\"twitter:label2\" content=\"Tiempo de lectura\" \/>\n\t<meta name=\"twitter:data2\" content=\"3 minutos\" \/>\n<script type=\"application\/ld+json\" class=\"yoast-schema-graph\">{\"@context\":\"https:\/\/schema.org\",\"@graph\":[{\"@type\":\"Article\",\"@id\":\"https:\/\/www.cgtaragonlarioja.org\/fedens\/presencialidad-y-seguridad-frente\/#article\",\"isPartOf\":{\"@id\":\"https:\/\/www.cgtaragonlarioja.org\/fedens\/presencialidad-y-seguridad-frente\/\"},\"author\":{\"name\":\"\",\"@id\":\"\"},\"headline\":\"Presencialidad y seguridad frente a la pandemia\",\"datePublished\":\"2021-01-26T10:03:33+00:00\",\"dateModified\":\"2021-02-01T13:54:43+00:00\",\"mainEntityOfPage\":{\"@id\":\"https:\/\/www.cgtaragonlarioja.org\/fedens\/presencialidad-y-seguridad-frente\/\"},\"wordCount\":571,\"commentCount\":0,\"publisher\":{\"@id\":\"https:\/\/www.cgtaragonlarioja.org\/fedens\/#organization\"},\"image\":{\"@id\":\"https:\/\/www.cgtaragonlarioja.org\/fedens\/presencialidad-y-seguridad-frente\/#primaryimage\"},\"thumbnailUrl\":\"https:\/\/www.cgtaragonlarioja.org\/fedens\/files\/2021\/01\/images.jpg\",\"articleSection\":[\"Noticias\"],\"inLanguage\":\"es\",\"potentialAction\":[{\"@type\":\"CommentAction\",\"name\":\"Comment\",\"target\":[\"https:\/\/www.cgtaragonlarioja.org\/fedens\/presencialidad-y-seguridad-frente\/#respond\"]}]},{\"@type\":\"WebPage\",\"@id\":\"https:\/\/www.cgtaragonlarioja.org\/fedens\/presencialidad-y-seguridad-frente\/\",\"url\":\"https:\/\/www.cgtaragonlarioja.org\/fedens\/presencialidad-y-seguridad-frente\/\",\"name\":\"Presencialidad y seguridad frente a la pandemia\",\"isPartOf\":{\"@id\":\"https:\/\/www.cgtaragonlarioja.org\/fedens\/#website\"},\"primaryImageOfPage\":{\"@id\":\"https:\/\/www.cgtaragonlarioja.org\/fedens\/presencialidad-y-seguridad-frente\/#primaryimage\"},\"image\":{\"@id\":\"https:\/\/www.cgtaragonlarioja.org\/fedens\/presencialidad-y-seguridad-frente\/#primaryimage\"},\"thumbnailUrl\":\"https:\/\/www.cgtaragonlarioja.org\/fedens\/files\/2021\/01\/images.jpg\",\"datePublished\":\"2021-01-26T10:03:33+00:00\",\"dateModified\":\"2021-02-01T13:54:43+00:00\",\"description\":\"Es hora de la responsabilidad La cuarta ola de la pandemia de COVID est\u00e1 impactando de manera muy negativa en Arag\u00f3n, en donde las cifras de contagios de\",\"breadcrumb\":{\"@id\":\"https:\/\/www.cgtaragonlarioja.org\/fedens\/presencialidad-y-seguridad-frente\/#breadcrumb\"},\"inLanguage\":\"es\",\"potentialAction\":[{\"@type\":\"ReadAction\",\"target\":[\"https:\/\/www.cgtaragonlarioja.org\/fedens\/presencialidad-y-seguridad-frente\/\"]}]},{\"@type\":\"ImageObject\",\"inLanguage\":\"es\",\"@id\":\"https:\/\/www.cgtaragonlarioja.org\/fedens\/presencialidad-y-seguridad-frente\/#primaryimage\",\"url\":\"https:\/\/www.cgtaragonlarioja.org\/fedens\/files\/2021\/01\/images.jpg\",\"contentUrl\":\"https:\/\/www.cgtaragonlarioja.org\/fedens\/files\/2021\/01\/images.jpg\",\"width\":259,\"height\":194},{\"@type\":\"BreadcrumbList\",\"@id\":\"https:\/\/www.cgtaragonlarioja.org\/fedens\/presencialidad-y-seguridad-frente\/#breadcrumb\",\"itemListElement\":[{\"@type\":\"ListItem\",\"position\":1,\"name\":\"Portada\",\"item\":\"https:\/\/www.cgtaragonlarioja.org\/fedens\/\"},{\"@type\":\"ListItem\",\"position\":2,\"name\":\"Presencialidad y seguridad frente a la pandemia\"}]},{\"@type\":\"WebSite\",\"@id\":\"https:\/\/www.cgtaragonlarioja.org\/fedens\/#website\",\"url\":\"https:\/\/www.cgtaragonlarioja.org\/fedens\/\",\"name\":\"CGT Arag\u00f3n - La Rioja. ENSE\u00d1ANZA\",\"description\":\"CONTACTAR: Calatayud-Aranda: 654897973 \/ Huesca: 974238404 \/ Teruel: 978619265 \/ Zaragoza: 976922002\",\"publisher\":{\"@id\":\"https:\/\/www.cgtaragonlarioja.org\/fedens\/#organization\"},\"potentialAction\":[{\"@type\":\"SearchAction\",\"target\":{\"@type\":\"EntryPoint\",\"urlTemplate\":\"https:\/\/www.cgtaragonlarioja.org\/fedens\/?s={search_term_string}\"},\"query-input\":{\"@type\":\"PropertyValueSpecification\",\"valueRequired\":true,\"valueName\":\"search_term_string\"}}],\"inLanguage\":\"es\"},{\"@type\":\"Organization\",\"@id\":\"https:\/\/www.cgtaragonlarioja.org\/fedens\/#organization\",\"name\":\"CGT Arag\u00f3n y La Rioja - Ense\u00f1anza\",\"url\":\"https:\/\/www.cgtaragonlarioja.org\/fedens\/\",\"logo\":{\"@type\":\"ImageObject\",\"inLanguage\":\"es\",\"@id\":\"https:\/\/www.cgtaragonlarioja.org\/fedens\/#\/schema\/logo\/image\/\",\"url\":\"https:\/\/www.cgtaragonlarioja.org\/fedens\/files\/2021\/02\/logo_cgt_ense_huesca_170x250.png\",\"contentUrl\":\"https:\/\/www.cgtaragonlarioja.org\/fedens\/files\/2021\/02\/logo_cgt_ense_huesca_170x250.png\",\"width\":170,\"height\":250,\"caption\":\"CGT Arag\u00f3n y La Rioja - Ense\u00f1anza\"},\"image\":{\"@id\":\"https:\/\/www.cgtaragonlarioja.org\/fedens\/#\/schema\/logo\/image\/\"},\"sameAs\":[\"https:\/\/www.facebook.com\/CGTEnseAragon\/\",\"https:\/\/x.com\/CGTeduAragon\"]},{\"@type\":\"Person\",\"@id\":\"\",\"url\":\"https:\/\/www.cgtaragonlarioja.org\/fedens\/author\/\"}]}<\/script>\n<!-- \/ Yoast SEO plugin. -->","yoast_head_json":{"title":"Presencialidad y seguridad frente a la pandemia","description":"Es hora de la responsabilidad La cuarta ola de la pandemia de COVID est\u00e1 impactando de manera muy negativa en Arag\u00f3n, en donde las cifras de contagios de","robots":{"index":"index","follow":"follow","max-snippet":"max-snippet:-1","max-image-preview":"max-image-preview:large","max-video-preview":"max-video-preview:-1"},"canonical":"https:\/\/www.cgtaragonlarioja.org\/fedens\/presencialidad-y-seguridad-frente\/","og_locale":"es_ES","og_type":"article","og_title":"Presencialidad y seguridad frente a la pandemia","og_description":"Es hora de la responsabilidad La cuarta ola de la pandemia de COVID est\u00e1 impactando de manera muy negativa en Arag\u00f3n, en donde las cifras de contagios de","og_url":"https:\/\/www.cgtaragonlarioja.org\/fedens\/presencialidad-y-seguridad-frente\/","og_site_name":"CGT Arag\u00f3n - La Rioja. ENSE\u00d1ANZA","article_publisher":"https:\/\/www.facebook.com\/CGTEnseAragon\/","article_published_time":"2021-01-26T10:03:33+00:00","article_modified_time":"2021-02-01T13:54:43+00:00","og_image":[{"width":259,"height":194,"url":"https:\/\/www.cgtaragonlarioja.org\/fedens\/files\/2021\/01\/images.jpg","type":"image\/jpeg"}],"twitter_card":"summary_large_image","twitter_creator":"@CGTeduAragon","twitter_site":"@CGTeduAragon","twitter_misc":{"Escrito por":"","Tiempo de lectura":"3 minutos"},"schema":{"@context":"https:\/\/schema.org","@graph":[{"@type":"Article","@id":"https:\/\/www.cgtaragonlarioja.org\/fedens\/presencialidad-y-seguridad-frente\/#article","isPartOf":{"@id":"https:\/\/www.cgtaragonlarioja.org\/fedens\/presencialidad-y-seguridad-frente\/"},"author":{"name":"","@id":""},"headline":"Presencialidad y seguridad frente a la pandemia","datePublished":"2021-01-26T10:03:33+00:00","dateModified":"2021-02-01T13:54:43+00:00","mainEntityOfPage":{"@id":"https:\/\/www.cgtaragonlarioja.org\/fedens\/presencialidad-y-seguridad-frente\/"},"wordCount":571,"commentCount":0,"publisher":{"@id":"https:\/\/www.cgtaragonlarioja.org\/fedens\/#organization"},"image":{"@id":"https:\/\/www.cgtaragonlarioja.org\/fedens\/presencialidad-y-seguridad-frente\/#primaryimage"},"thumbnailUrl":"https:\/\/www.cgtaragonlarioja.org\/fedens\/files\/2021\/01\/images.jpg","articleSection":["Noticias"],"inLanguage":"es","potentialAction":[{"@type":"CommentAction","name":"Comment","target":["https:\/\/www.cgtaragonlarioja.org\/fedens\/presencialidad-y-seguridad-frente\/#respond"]}]},{"@type":"WebPage","@id":"https:\/\/www.cgtaragonlarioja.org\/fedens\/presencialidad-y-seguridad-frente\/","url":"https:\/\/www.cgtaragonlarioja.org\/fedens\/presencialidad-y-seguridad-frente\/","name":"Presencialidad y seguridad frente a la pandemia","isPartOf":{"@id":"https:\/\/www.cgtaragonlarioja.org\/fedens\/#website"},"primaryImageOfPage":{"@id":"https:\/\/www.cgtaragonlarioja.org\/fedens\/presencialidad-y-seguridad-frente\/#primaryimage"},"image":{"@id":"https:\/\/www.cgtaragonlarioja.org\/fedens\/presencialidad-y-seguridad-frente\/#primaryimage"},"thumbnailUrl":"https:\/\/www.cgtaragonlarioja.org\/fedens\/files\/2021\/01\/images.jpg","datePublished":"2021-01-26T10:03:33+00:00","dateModified":"2021-02-01T13:54:43+00:00","description":"Es hora de la responsabilidad La cuarta ola de la pandemia de COVID est\u00e1 impactando de manera muy negativa en Arag\u00f3n, en donde las cifras de contagios de","breadcrumb":{"@id":"https:\/\/www.cgtaragonlarioja.org\/fedens\/presencialidad-y-seguridad-frente\/#breadcrumb"},"inLanguage":"es","potentialAction":[{"@type":"ReadAction","target":["https:\/\/www.cgtaragonlarioja.org\/fedens\/presencialidad-y-seguridad-frente\/"]}]},{"@type":"ImageObject","inLanguage":"es","@id":"https:\/\/www.cgtaragonlarioja.org\/fedens\/presencialidad-y-seguridad-frente\/#primaryimage","url":"https:\/\/www.cgtaragonlarioja.org\/fedens\/files\/2021\/01\/images.jpg","contentUrl":"https:\/\/www.cgtaragonlarioja.org\/fedens\/files\/2021\/01\/images.jpg","width":259,"height":194},{"@type":"BreadcrumbList","@id":"https:\/\/www.cgtaragonlarioja.org\/fedens\/presencialidad-y-seguridad-frente\/#breadcrumb","itemListElement":[{"@type":"ListItem","position":1,"name":"Portada","item":"https:\/\/www.cgtaragonlarioja.org\/fedens\/"},{"@type":"ListItem","position":2,"name":"Presencialidad y seguridad frente a la pandemia"}]},{"@type":"WebSite","@id":"https:\/\/www.cgtaragonlarioja.org\/fedens\/#website","url":"https:\/\/www.cgtaragonlarioja.org\/fedens\/","name":"CGT Arag\u00f3n - La Rioja. ENSE\u00d1ANZA","description":"CONTACTAR: Calatayud-Aranda: 654897973 \/ Huesca: 974238404 \/ Teruel: 978619265 \/ Zaragoza: 976922002","publisher":{"@id":"https:\/\/www.cgtaragonlarioja.org\/fedens\/#organization"},"potentialAction":[{"@type":"SearchAction","target":{"@type":"EntryPoint","urlTemplate":"https:\/\/www.cgtaragonlarioja.org\/fedens\/?s={search_term_string}"},"query-input":{"@type":"PropertyValueSpecification","valueRequired":true,"valueName":"search_term_string"}}],"inLanguage":"es"},{"@type":"Organization","@id":"https:\/\/www.cgtaragonlarioja.org\/fedens\/#organization","name":"CGT Arag\u00f3n y La Rioja - Ense\u00f1anza","url":"https:\/\/www.cgtaragonlarioja.org\/fedens\/","logo":{"@type":"ImageObject","inLanguage":"es","@id":"https:\/\/www.cgtaragonlarioja.org\/fedens\/#\/schema\/logo\/image\/","url":"https:\/\/www.cgtaragonlarioja.org\/fedens\/files\/2021\/02\/logo_cgt_ense_huesca_170x250.png","contentUrl":"https:\/\/www.cgtaragonlarioja.org\/fedens\/files\/2021\/02\/logo_cgt_ense_huesca_170x250.png","width":170,"height":250,"caption":"CGT Arag\u00f3n y La Rioja - Ense\u00f1anza"},"image":{"@id":"https:\/\/www.cgtaragonlarioja.org\/fedens\/#\/schema\/logo\/image\/"},"sameAs":["https:\/\/www.facebook.com\/CGTEnseAragon\/","https:\/\/x.com\/CGTeduAragon"]},{"@type":"Person","@id":"","url":"https:\/\/www.cgtaragonlarioja.org\/fedens\/author\/"}]}},"_links":{"self":[{"href":"https:\/\/www.cgtaragonlarioja.org\/fedens\/wp-json\/wp\/v2\/posts\/10693","targetHints":{"allow":["GET"]}}],"collection":[{"href":"https:\/\/www.cgtaragonlarioja.org\/fedens\/wp-json\/wp\/v2\/posts"}],"about":[{"href":"https:\/\/www.cgtaragonlarioja.org\/fedens\/wp-json\/wp\/v2\/types\/post"}],"author":[{"embeddable":true,"href":"https:\/\/www.cgtaragonlarioja.org\/fedens\/wp-json\/wp\/v2\/users\/485"}],"replies":[{"embeddable":true,"href":"https:\/\/www.cgtaragonlarioja.org\/fedens\/wp-json\/wp\/v2\/comments?post=10693"}],"version-history":[{"count":1,"href":"https:\/\/www.cgtaragonlarioja.org\/fedens\/wp-json\/wp\/v2\/posts\/10693\/revisions"}],"predecessor-version":[{"id":10905,"href":"https:\/\/www.cgtaragonlarioja.org\/fedens\/wp-json\/wp\/v2\/posts\/10693\/revisions\/10905"}],"wp:featuredmedia":[{"embeddable":true,"href":"https:\/\/www.cgtaragonlarioja.org\/fedens\/wp-json\/wp\/v2\/media\/10904"}],"wp:attachment":[{"href":"https:\/\/www.cgtaragonlarioja.org\/fedens\/wp-json\/wp\/v2\/media?parent=10693"}],"wp:term":[{"taxonomy":"category","embeddable":true,"href":"https:\/\/www.cgtaragonlarioja.org\/fedens\/wp-json\/wp\/v2\/categories?post=10693"},{"taxonomy":"post_tag","embeddable":true,"href":"https:\/\/www.cgtaragonlarioja.org\/fedens\/wp-json\/wp\/v2\/tags?post=10693"}],"curies":[{"name":"wp","href":"https:\/\/api.w.org\/{rel}","templated":true}]}}