{"id":10665,"date":"2020-11-24T17:14:23","date_gmt":"2020-11-24T16:14:23","guid":{"rendered":"https:\/\/www.cgtaragonlarioja.org\/fedens2\/noticias\/la-junta-de-personal-rechaza-la\/"},"modified":"2020-11-24T17:14:23","modified_gmt":"2020-11-24T16:14:23","slug":"la-junta-de-personal-rechaza-la","status":"publish","type":"post","link":"https:\/\/www.cgtaragonlarioja.org\/fedens\/la-junta-de-personal-rechaza-la\/","title":{"rendered":"La Junta de Personal rechaza la petici\u00f3n de dimisi\u00f3n de Faci"},"content":{"rendered":"<p>Por segunda vez, una mayor\u00eda sindical de la Junta de Personal Docente de Zaragoza rechaza la propuesta de CGT de dimisi\u00f3n del Consejero de Educaci\u00f3n Felipe Faci, de la Directora Provincial Isabel Arbues y la Directora General Carmen Mart\u00ednez por su deficiente gesti\u00f3n de la pandemia en los Centros P\u00fablicos aragoneses.<\/p>\n<p>Despu\u00e9s de varias semanas de retrasos debidos a las discrepancias de algunos sindicatos de la Junta sobre la validez de presentar este tipo de proposiciones llegando incluso a tener que ejercer voto secreto, algo recogido en el reglamento de funcionamiento de la Junta pero que no se suele usar, este martes 24 de noviembre por fin se ha podido votar secretamente la propuesta de resoluci\u00f3n de CGT para exigir la dimisi\u00f3n de Felipe Faci, Isabel Arbues y Carmen Mart\u00ednez; siendo rechazada por ajustada mayor\u00eda sindical. <\/p>\n<p>CGT ha solicitado la dimisi\u00f3n del Consejero de Educaci\u00f3n, de la Directora Provincial y la Directora General por la nefasta gesti\u00f3n de la pandemia y por la situaci\u00f3n de abandono en que se encuentra el profesorado de la escuela p\u00fablica aragonesa. La falta de Epis, la inexistente bajada de ratios, la falta de aumento de profesorado, el incumplimiento de la Ley de Prevenci\u00f3n de Riesgos Laborales y el abandono del profesorado TES con el consiguiente riesgo para su salud son motivos suficientes, a entender de este sindicato, para exigir dichas dimisiones <\/p>\n<p>Para sorpresa de este sindicato la petici\u00f3n de dimisi\u00f3n ha sido rechazada, as\u00ed como una petici\u00f3n similar presentada por STEA. La sorpresa ha sido may\u00fascula porque previa a las dimisiones CGT ped\u00eda medias para subsanar los aspectos ya mencionados; bajada de ratios, aumento de profesorado, dotaci\u00f3n de Epis\u2026<\/p>\n<p>No es la primera vez que una parte de la Junta de Personal Docente rechaza una petici\u00f3n de dimisi\u00f3n al Consejero de Educaci\u00f3n, hace dos meses pas\u00f3 algo similar por una petici\u00f3n justificada por la vulneraci\u00f3n del derecho de huelga derivado de los servicios m\u00ednimos impuestos al profesorado en la pasada huelga del 18 de septiembre convocada por CGT.<\/p>\n<p>A pesar de este rechazo, desde CGT seguimos trabajando para intentar que la Administraci\u00f3n mejore la situaci\u00f3n en los Centros y para obligarles a cumplir la legislaci\u00f3n vigente.<\/p>\n<p><img decoding=\"async\" src=\"IMG\/jpg\/pajaritadice.jpg\" alt=\"pajaritadice.jpg\" align=\"left\" \/><\/p>\n","protected":false},"excerpt":{"rendered":"<p>Por segunda vez, una mayor\u00eda sindical de la Junta de Personal Docente de Zaragoza rechaza<\/p>\n","protected":false},"author":485,"featured_media":0,"comment_status":"open","ping_status":"open","sticky":false,"template":"","format":"standard","meta":{"footnotes":""},"categories":[480],"tags":[539],"class_list":["post-10665","post","type-post","status-publish","format-standard","hentry","category-noticias","tag-propuestas-de-cgt"],"yoast_head":"<!-- This site is optimized with the Yoast SEO plugin v26.7 - https:\/\/yoast.com\/wordpress\/plugins\/seo\/ -->\n<title>La Junta de Personal rechaza la petici\u00f3n de dimisi\u00f3n de Faci<\/title>\n<meta name=\"description\" content=\"Por segunda vez, una mayor\u00eda sindical de la Junta de Personal Docente de Zaragoza rechaza la propuesta de CGT de dimisi\u00f3n del Consejero de Educaci\u00f3n\" \/>\n<meta name=\"robots\" content=\"index, follow, max-snippet:-1, max-image-preview:large, max-video-preview:-1\" \/>\n<link rel=\"canonical\" href=\"https:\/\/www.cgtaragonlarioja.org\/fedens\/la-junta-de-personal-rechaza-la\/\" \/>\n<meta property=\"og:locale\" content=\"es_ES\" \/>\n<meta property=\"og:type\" content=\"article\" \/>\n<meta property=\"og:title\" content=\"La Junta de Personal rechaza la petici\u00f3n de dimisi\u00f3n de Faci\" \/>\n<meta property=\"og:description\" content=\"Por segunda vez, una mayor\u00eda sindical de la Junta de Personal Docente de Zaragoza rechaza la propuesta de CGT de dimisi\u00f3n del Consejero de Educaci\u00f3n\" \/>\n<meta property=\"og:url\" content=\"https:\/\/www.cgtaragonlarioja.org\/fedens\/la-junta-de-personal-rechaza-la\/\" \/>\n<meta property=\"og:site_name\" content=\"CGT Arag\u00f3n - La Rioja. ENSE\u00d1ANZA\" \/>\n<meta property=\"article:publisher\" content=\"https:\/\/www.facebook.com\/CGTEnseAragon\/\" \/>\n<meta property=\"article:published_time\" content=\"2020-11-24T16:14:23+00:00\" \/>\n<meta name=\"twitter:card\" content=\"summary_large_image\" \/>\n<meta name=\"twitter:creator\" content=\"@CGTeduAragon\" \/>\n<meta name=\"twitter:site\" content=\"@CGTeduAragon\" \/>\n<meta name=\"twitter:label1\" content=\"Escrito por\" \/>\n\t<meta name=\"twitter:data1\" content=\"\" \/>\n\t<meta name=\"twitter:label2\" content=\"Tiempo de lectura\" \/>\n\t<meta name=\"twitter:data2\" content=\"2 minutos\" \/>\n<script type=\"application\/ld+json\" class=\"yoast-schema-graph\">{\"@context\":\"https:\/\/schema.org\",\"@graph\":[{\"@type\":\"Article\",\"@id\":\"https:\/\/www.cgtaragonlarioja.org\/fedens\/la-junta-de-personal-rechaza-la\/#article\",\"isPartOf\":{\"@id\":\"https:\/\/www.cgtaragonlarioja.org\/fedens\/la-junta-de-personal-rechaza-la\/\"},\"author\":{\"name\":\"\",\"@id\":\"\"},\"headline\":\"La Junta de Personal rechaza la petici\u00f3n de dimisi\u00f3n de Faci\",\"datePublished\":\"2020-11-24T16:14:23+00:00\",\"mainEntityOfPage\":{\"@id\":\"https:\/\/www.cgtaragonlarioja.org\/fedens\/la-junta-de-personal-rechaza-la\/\"},\"wordCount\":405,\"commentCount\":0,\"publisher\":{\"@id\":\"https:\/\/www.cgtaragonlarioja.org\/fedens\/#organization\"},\"keywords\":[\"Propuestas de CGT\"],\"articleSection\":[\"Noticias\"],\"inLanguage\":\"es\",\"potentialAction\":[{\"@type\":\"CommentAction\",\"name\":\"Comment\",\"target\":[\"https:\/\/www.cgtaragonlarioja.org\/fedens\/la-junta-de-personal-rechaza-la\/#respond\"]}]},{\"@type\":\"WebPage\",\"@id\":\"https:\/\/www.cgtaragonlarioja.org\/fedens\/la-junta-de-personal-rechaza-la\/\",\"url\":\"https:\/\/www.cgtaragonlarioja.org\/fedens\/la-junta-de-personal-rechaza-la\/\",\"name\":\"La Junta de Personal rechaza la petici\u00f3n de dimisi\u00f3n de Faci\",\"isPartOf\":{\"@id\":\"https:\/\/www.cgtaragonlarioja.org\/fedens\/#website\"},\"datePublished\":\"2020-11-24T16:14:23+00:00\",\"description\":\"Por segunda vez, una mayor\u00eda sindical de la Junta de Personal Docente de Zaragoza rechaza la propuesta de CGT de dimisi\u00f3n del Consejero de Educaci\u00f3n\",\"breadcrumb\":{\"@id\":\"https:\/\/www.cgtaragonlarioja.org\/fedens\/la-junta-de-personal-rechaza-la\/#breadcrumb\"},\"inLanguage\":\"es\",\"potentialAction\":[{\"@type\":\"ReadAction\",\"target\":[\"https:\/\/www.cgtaragonlarioja.org\/fedens\/la-junta-de-personal-rechaza-la\/\"]}]},{\"@type\":\"BreadcrumbList\",\"@id\":\"https:\/\/www.cgtaragonlarioja.org\/fedens\/la-junta-de-personal-rechaza-la\/#breadcrumb\",\"itemListElement\":[{\"@type\":\"ListItem\",\"position\":1,\"name\":\"Portada\",\"item\":\"https:\/\/www.cgtaragonlarioja.org\/fedens\/\"},{\"@type\":\"ListItem\",\"position\":2,\"name\":\"La Junta de Personal rechaza la petici\u00f3n de dimisi\u00f3n de Faci\"}]},{\"@type\":\"WebSite\",\"@id\":\"https:\/\/www.cgtaragonlarioja.org\/fedens\/#website\",\"url\":\"https:\/\/www.cgtaragonlarioja.org\/fedens\/\",\"name\":\"CGT Arag\u00f3n - La Rioja. ENSE\u00d1ANZA\",\"description\":\"CONTACTAR: Calatayud-Aranda: 654897973 \/ Huesca: 974238404 \/ Teruel: 978619265 \/ Zaragoza: 976922002\",\"publisher\":{\"@id\":\"https:\/\/www.cgtaragonlarioja.org\/fedens\/#organization\"},\"potentialAction\":[{\"@type\":\"SearchAction\",\"target\":{\"@type\":\"EntryPoint\",\"urlTemplate\":\"https:\/\/www.cgtaragonlarioja.org\/fedens\/?s={search_term_string}\"},\"query-input\":{\"@type\":\"PropertyValueSpecification\",\"valueRequired\":true,\"valueName\":\"search_term_string\"}}],\"inLanguage\":\"es\"},{\"@type\":\"Organization\",\"@id\":\"https:\/\/www.cgtaragonlarioja.org\/fedens\/#organization\",\"name\":\"CGT Arag\u00f3n y La Rioja - Ense\u00f1anza\",\"url\":\"https:\/\/www.cgtaragonlarioja.org\/fedens\/\",\"logo\":{\"@type\":\"ImageObject\",\"inLanguage\":\"es\",\"@id\":\"https:\/\/www.cgtaragonlarioja.org\/fedens\/#\/schema\/logo\/image\/\",\"url\":\"https:\/\/www.cgtaragonlarioja.org\/fedens\/files\/2021\/02\/logo_cgt_ense_huesca_170x250.png\",\"contentUrl\":\"https:\/\/www.cgtaragonlarioja.org\/fedens\/files\/2021\/02\/logo_cgt_ense_huesca_170x250.png\",\"width\":170,\"height\":250,\"caption\":\"CGT Arag\u00f3n y La Rioja - Ense\u00f1anza\"},\"image\":{\"@id\":\"https:\/\/www.cgtaragonlarioja.org\/fedens\/#\/schema\/logo\/image\/\"},\"sameAs\":[\"https:\/\/www.facebook.com\/CGTEnseAragon\/\",\"https:\/\/x.com\/CGTeduAragon\"]},{\"@type\":\"Person\",\"@id\":\"\",\"url\":\"https:\/\/www.cgtaragonlarioja.org\/fedens\/author\/\"}]}<\/script>\n<!-- \/ Yoast SEO plugin. -->","yoast_head_json":{"title":"La Junta de Personal rechaza la petici\u00f3n de dimisi\u00f3n de Faci","description":"Por segunda vez, una mayor\u00eda sindical de la Junta de Personal Docente de Zaragoza rechaza la propuesta de CGT de dimisi\u00f3n del Consejero de Educaci\u00f3n","robots":{"index":"index","follow":"follow","max-snippet":"max-snippet:-1","max-image-preview":"max-image-preview:large","max-video-preview":"max-video-preview:-1"},"canonical":"https:\/\/www.cgtaragonlarioja.org\/fedens\/la-junta-de-personal-rechaza-la\/","og_locale":"es_ES","og_type":"article","og_title":"La Junta de Personal rechaza la petici\u00f3n de dimisi\u00f3n de Faci","og_description":"Por segunda vez, una mayor\u00eda sindical de la Junta de Personal Docente de Zaragoza rechaza la propuesta de CGT de dimisi\u00f3n del Consejero de Educaci\u00f3n","og_url":"https:\/\/www.cgtaragonlarioja.org\/fedens\/la-junta-de-personal-rechaza-la\/","og_site_name":"CGT Arag\u00f3n - La Rioja. ENSE\u00d1ANZA","article_publisher":"https:\/\/www.facebook.com\/CGTEnseAragon\/","article_published_time":"2020-11-24T16:14:23+00:00","twitter_card":"summary_large_image","twitter_creator":"@CGTeduAragon","twitter_site":"@CGTeduAragon","twitter_misc":{"Escrito por":"","Tiempo de lectura":"2 minutos"},"schema":{"@context":"https:\/\/schema.org","@graph":[{"@type":"Article","@id":"https:\/\/www.cgtaragonlarioja.org\/fedens\/la-junta-de-personal-rechaza-la\/#article","isPartOf":{"@id":"https:\/\/www.cgtaragonlarioja.org\/fedens\/la-junta-de-personal-rechaza-la\/"},"author":{"name":"","@id":""},"headline":"La Junta de Personal rechaza la petici\u00f3n de dimisi\u00f3n de Faci","datePublished":"2020-11-24T16:14:23+00:00","mainEntityOfPage":{"@id":"https:\/\/www.cgtaragonlarioja.org\/fedens\/la-junta-de-personal-rechaza-la\/"},"wordCount":405,"commentCount":0,"publisher":{"@id":"https:\/\/www.cgtaragonlarioja.org\/fedens\/#organization"},"keywords":["Propuestas de CGT"],"articleSection":["Noticias"],"inLanguage":"es","potentialAction":[{"@type":"CommentAction","name":"Comment","target":["https:\/\/www.cgtaragonlarioja.org\/fedens\/la-junta-de-personal-rechaza-la\/#respond"]}]},{"@type":"WebPage","@id":"https:\/\/www.cgtaragonlarioja.org\/fedens\/la-junta-de-personal-rechaza-la\/","url":"https:\/\/www.cgtaragonlarioja.org\/fedens\/la-junta-de-personal-rechaza-la\/","name":"La Junta de Personal rechaza la petici\u00f3n de dimisi\u00f3n de Faci","isPartOf":{"@id":"https:\/\/www.cgtaragonlarioja.org\/fedens\/#website"},"datePublished":"2020-11-24T16:14:23+00:00","description":"Por segunda vez, una mayor\u00eda sindical de la Junta de Personal Docente de Zaragoza rechaza la propuesta de CGT de dimisi\u00f3n del Consejero de Educaci\u00f3n","breadcrumb":{"@id":"https:\/\/www.cgtaragonlarioja.org\/fedens\/la-junta-de-personal-rechaza-la\/#breadcrumb"},"inLanguage":"es","potentialAction":[{"@type":"ReadAction","target":["https:\/\/www.cgtaragonlarioja.org\/fedens\/la-junta-de-personal-rechaza-la\/"]}]},{"@type":"BreadcrumbList","@id":"https:\/\/www.cgtaragonlarioja.org\/fedens\/la-junta-de-personal-rechaza-la\/#breadcrumb","itemListElement":[{"@type":"ListItem","position":1,"name":"Portada","item":"https:\/\/www.cgtaragonlarioja.org\/fedens\/"},{"@type":"ListItem","position":2,"name":"La Junta de Personal rechaza la petici\u00f3n de dimisi\u00f3n de Faci"}]},{"@type":"WebSite","@id":"https:\/\/www.cgtaragonlarioja.org\/fedens\/#website","url":"https:\/\/www.cgtaragonlarioja.org\/fedens\/","name":"CGT Arag\u00f3n - La Rioja. ENSE\u00d1ANZA","description":"CONTACTAR: Calatayud-Aranda: 654897973 \/ Huesca: 974238404 \/ Teruel: 978619265 \/ Zaragoza: 976922002","publisher":{"@id":"https:\/\/www.cgtaragonlarioja.org\/fedens\/#organization"},"potentialAction":[{"@type":"SearchAction","target":{"@type":"EntryPoint","urlTemplate":"https:\/\/www.cgtaragonlarioja.org\/fedens\/?s={search_term_string}"},"query-input":{"@type":"PropertyValueSpecification","valueRequired":true,"valueName":"search_term_string"}}],"inLanguage":"es"},{"@type":"Organization","@id":"https:\/\/www.cgtaragonlarioja.org\/fedens\/#organization","name":"CGT Arag\u00f3n y La Rioja - Ense\u00f1anza","url":"https:\/\/www.cgtaragonlarioja.org\/fedens\/","logo":{"@type":"ImageObject","inLanguage":"es","@id":"https:\/\/www.cgtaragonlarioja.org\/fedens\/#\/schema\/logo\/image\/","url":"https:\/\/www.cgtaragonlarioja.org\/fedens\/files\/2021\/02\/logo_cgt_ense_huesca_170x250.png","contentUrl":"https:\/\/www.cgtaragonlarioja.org\/fedens\/files\/2021\/02\/logo_cgt_ense_huesca_170x250.png","width":170,"height":250,"caption":"CGT Arag\u00f3n y La Rioja - Ense\u00f1anza"},"image":{"@id":"https:\/\/www.cgtaragonlarioja.org\/fedens\/#\/schema\/logo\/image\/"},"sameAs":["https:\/\/www.facebook.com\/CGTEnseAragon\/","https:\/\/x.com\/CGTeduAragon"]},{"@type":"Person","@id":"","url":"https:\/\/www.cgtaragonlarioja.org\/fedens\/author\/"}]}},"_links":{"self":[{"href":"https:\/\/www.cgtaragonlarioja.org\/fedens\/wp-json\/wp\/v2\/posts\/10665","targetHints":{"allow":["GET"]}}],"collection":[{"href":"https:\/\/www.cgtaragonlarioja.org\/fedens\/wp-json\/wp\/v2\/posts"}],"about":[{"href":"https:\/\/www.cgtaragonlarioja.org\/fedens\/wp-json\/wp\/v2\/types\/post"}],"author":[{"embeddable":true,"href":"https:\/\/www.cgtaragonlarioja.org\/fedens\/wp-json\/wp\/v2\/users\/485"}],"replies":[{"embeddable":true,"href":"https:\/\/www.cgtaragonlarioja.org\/fedens\/wp-json\/wp\/v2\/comments?post=10665"}],"version-history":[{"count":0,"href":"https:\/\/www.cgtaragonlarioja.org\/fedens\/wp-json\/wp\/v2\/posts\/10665\/revisions"}],"wp:attachment":[{"href":"https:\/\/www.cgtaragonlarioja.org\/fedens\/wp-json\/wp\/v2\/media?parent=10665"}],"wp:term":[{"taxonomy":"category","embeddable":true,"href":"https:\/\/www.cgtaragonlarioja.org\/fedens\/wp-json\/wp\/v2\/categories?post=10665"},{"taxonomy":"post_tag","embeddable":true,"href":"https:\/\/www.cgtaragonlarioja.org\/fedens\/wp-json\/wp\/v2\/tags?post=10665"}],"curies":[{"name":"wp","href":"https:\/\/api.w.org\/{rel}","templated":true}]}}