{"id":10641,"date":"2020-11-10T09:47:23","date_gmt":"2020-11-10T08:47:23","guid":{"rendered":"https:\/\/www.cgtaragonlarioja.org\/fedens2\/educacion-pensamiento-accion\/ante-la-emergencia-climatica-mas\/"},"modified":"2020-11-10T09:47:23","modified_gmt":"2020-11-10T08:47:23","slug":"ante-la-emergencia-climatica-mas","status":"publish","type":"post","link":"https:\/\/www.cgtaragonlarioja.org\/fedens\/ante-la-emergencia-climatica-mas\/","title":{"rendered":"Ante la emergencia clim\u00e1tica, m\u00e1s educaci\u00f3n ambiental"},"content":{"rendered":"<p>El cambio clim\u00e1tico es el gran reto de la humanidad en los pr\u00f3ximos a\u00f1os. Tenemos evidencias cient\u00edficas para asegurar que este calentamiento global es real, est\u00e1 ocurriendo ya, los seres humanos somos los responsables y es malo para la salud humana y la biodiversidad. Pero hay esperanzas, y entre las herramientas con las que contamos se encuentra la Agenda 2030 de Naciones Unidas y sus 17  Objetivos de Desarrollo Sostenible, que posibilitan un acercamiento ante la emergencia clim\u00e1tica, la necesidad de adoptar medidas urgentes ante esta situaci\u00f3n y la educaci\u00f3n ambiental.<\/p>\n<p>La educaci\u00f3n ambiental debe ser un proceso de construcci\u00f3n de conocimiento, de participaci\u00f3n democr\u00e1tica, de cuestionamiento de actitudes y de adquisici\u00f3n de responsabilidades que desemboque en acciones transformadoras en el centro y en el entorno, donde todas las opiniones son estimadas y respetadas y las acciones transformadoras individuales y colectivas mejoran la calidad de vida de la sociedad.<\/p>\n<p>Esta educaci\u00f3n ambiental debe ser un servicio p\u00fablico que, ante la emergencia clim\u00e1tica provocada por el cambio clim\u00e1tico, necesita urgentemente emprender transformaciones sociales y ambientales de gran calado, necesariamente sin dejar a nadie en el camino, convirti\u00e9ndose en un catalizador social y cultural de la transici\u00f3n ecol\u00f3gica.<\/p>\n<p>Estas conceptualizaciones incomodan a un sistema neoliberal que colabora con enfoques negacionistas o ultra-neo-liberales ante el cambio clim\u00e1tico y que, de paso, ultraprecariza el sector de la educaci\u00f3n ambiental.<\/p>\n<p>Por tanto, resulta evidente que no existe una evoluci\u00f3n hacia la acci\u00f3n; por ello son fundamentales procesos de capacitaci\u00f3n y empoderamiento ciudadanos fundamentados en estudios cient\u00edficos que adviertan que las decisiones individuales pueden ayudar a reducir los efectos del cambio clim\u00e1tico, pero que solo las acciones colectivas transforman. Queda, pues, patente que la educaci\u00f3n ambiental debe desempe\u00f1ar un papel fundamental.<\/p>\n<p>Ante esta emergencia clim\u00e1tica necesitamos una educaci\u00f3n ambiental empoderada y formada. Para ello, es necesario establecer l\u00edneas de colaboraci\u00f3n con diferentes \u00e1mbitos como la salud, el periodismo (ambiental), la divulgaci\u00f3n, la movilidad, la ciencia del cambio clim\u00e1tico, etc., y que incluya a las personas vulnerables, que son las que m\u00e1s van a sufrir los efectos de la crisis clim\u00e1tica.<\/p>\n<p>Para lograr este empoderamiento es necesario contar con presupuestos adecuados para una educaci\u00f3n ambiental de calidad. Es momento de exigir que el Plan de Acci\u00f3n de Educaci\u00f3n Ambiental para la Sostenibilidad (PAEAS) que promueve el Ministerio para la Transici\u00f3n Ecol\u00f3gica y el Reto Demogr\u00e1fico se apruebe junto a un presupuesto ajustado a la realidad de la amenaza que supone la emergencia clim\u00e1tica. Adem\u00e1s, es necesario que su aprobaci\u00f3n vincule a todos los ministerios para lo que entendemos que lo m\u00e1s adecuado ser\u00eda la creaci\u00f3n de un Comisionado de Educaci\u00f3n Ambiental ante la Emergencia Clim\u00e1tica. Por \u00faltimo, reclamamos la inclusi\u00f3n de una Competencia Ecosocial en el curr\u00edculum educativo.<\/p>\n<p><strong>Daniel Rodrigo-Cano<\/strong>, Colectivo #EA26-Educaci\u00f3n Ambiental<\/p>\n<p><strong>Este art\u00edculo fue originalmente publicado en<\/strong> <a href=\"https:\/\/www.climatica.lamarea.com\/emergencia-climatica-educacion-ambiental\/\">lamarea.es<\/a><\/p>\n","protected":false},"excerpt":{"rendered":"<p>El cambio clim\u00e1tico es el gran reto de la humanidad en los pr\u00f3ximos a\u00f1os. Tenemos<\/p>\n","protected":false},"author":485,"featured_media":0,"comment_status":"open","ping_status":"open","sticky":false,"template":"","format":"standard","meta":{"footnotes":""},"categories":[504],"tags":[523],"class_list":["post-10641","post","type-post","status-publish","format-standard","hentry","category-a-debate","tag-educacion-social"],"yoast_head":"<!-- This site is optimized with the Yoast SEO plugin v26.7 - https:\/\/yoast.com\/wordpress\/plugins\/seo\/ -->\n<title>Ante la emergencia clim\u00e1tica, m\u00e1s educaci\u00f3n ambiental<\/title>\n<meta name=\"description\" content=\"El cambio clim\u00e1tico es el gran reto de la humanidad en los pr\u00f3ximos a\u00f1os. Tenemos evidencias cient\u00edficas para asegurar que este calentamiento global es\" \/>\n<meta name=\"robots\" content=\"index, follow, max-snippet:-1, max-image-preview:large, max-video-preview:-1\" \/>\n<link rel=\"canonical\" href=\"https:\/\/www.cgtaragonlarioja.org\/fedens\/ante-la-emergencia-climatica-mas\/\" \/>\n<meta property=\"og:locale\" content=\"es_ES\" \/>\n<meta property=\"og:type\" content=\"article\" \/>\n<meta property=\"og:title\" content=\"Ante la emergencia clim\u00e1tica, m\u00e1s educaci\u00f3n ambiental\" \/>\n<meta property=\"og:description\" content=\"El cambio clim\u00e1tico es el gran reto de la humanidad en los pr\u00f3ximos a\u00f1os. Tenemos evidencias cient\u00edficas para asegurar que este calentamiento global es\" \/>\n<meta property=\"og:url\" content=\"https:\/\/www.cgtaragonlarioja.org\/fedens\/ante-la-emergencia-climatica-mas\/\" \/>\n<meta property=\"og:site_name\" content=\"CGT Arag\u00f3n - La Rioja. ENSE\u00d1ANZA\" \/>\n<meta property=\"article:publisher\" content=\"https:\/\/www.facebook.com\/CGTEnseAragon\/\" \/>\n<meta property=\"article:published_time\" content=\"2020-11-10T08:47:23+00:00\" \/>\n<meta name=\"twitter:card\" content=\"summary_large_image\" \/>\n<meta name=\"twitter:creator\" content=\"@CGTeduAragon\" \/>\n<meta name=\"twitter:site\" content=\"@CGTeduAragon\" \/>\n<meta name=\"twitter:label1\" content=\"Escrito por\" \/>\n\t<meta name=\"twitter:data1\" content=\"\" \/>\n\t<meta name=\"twitter:label2\" content=\"Tiempo de lectura\" \/>\n\t<meta name=\"twitter:data2\" content=\"3 minutos\" \/>\n<script type=\"application\/ld+json\" class=\"yoast-schema-graph\">{\"@context\":\"https:\/\/schema.org\",\"@graph\":[{\"@type\":\"Article\",\"@id\":\"https:\/\/www.cgtaragonlarioja.org\/fedens\/ante-la-emergencia-climatica-mas\/#article\",\"isPartOf\":{\"@id\":\"https:\/\/www.cgtaragonlarioja.org\/fedens\/ante-la-emergencia-climatica-mas\/\"},\"author\":{\"name\":\"\",\"@id\":\"\"},\"headline\":\"Ante la emergencia clim\u00e1tica, m\u00e1s educaci\u00f3n ambiental\",\"datePublished\":\"2020-11-10T08:47:23+00:00\",\"mainEntityOfPage\":{\"@id\":\"https:\/\/www.cgtaragonlarioja.org\/fedens\/ante-la-emergencia-climatica-mas\/\"},\"wordCount\":527,\"commentCount\":0,\"publisher\":{\"@id\":\"https:\/\/www.cgtaragonlarioja.org\/fedens\/#organization\"},\"keywords\":[\"Educaci\u00f3n Social\"],\"articleSection\":[\"A Debate\"],\"inLanguage\":\"es\",\"potentialAction\":[{\"@type\":\"CommentAction\",\"name\":\"Comment\",\"target\":[\"https:\/\/www.cgtaragonlarioja.org\/fedens\/ante-la-emergencia-climatica-mas\/#respond\"]}]},{\"@type\":\"WebPage\",\"@id\":\"https:\/\/www.cgtaragonlarioja.org\/fedens\/ante-la-emergencia-climatica-mas\/\",\"url\":\"https:\/\/www.cgtaragonlarioja.org\/fedens\/ante-la-emergencia-climatica-mas\/\",\"name\":\"Ante la emergencia clim\u00e1tica, m\u00e1s educaci\u00f3n ambiental\",\"isPartOf\":{\"@id\":\"https:\/\/www.cgtaragonlarioja.org\/fedens\/#website\"},\"datePublished\":\"2020-11-10T08:47:23+00:00\",\"description\":\"El cambio clim\u00e1tico es el gran reto de la humanidad en los pr\u00f3ximos a\u00f1os. Tenemos evidencias cient\u00edficas para asegurar que este calentamiento global es\",\"breadcrumb\":{\"@id\":\"https:\/\/www.cgtaragonlarioja.org\/fedens\/ante-la-emergencia-climatica-mas\/#breadcrumb\"},\"inLanguage\":\"es\",\"potentialAction\":[{\"@type\":\"ReadAction\",\"target\":[\"https:\/\/www.cgtaragonlarioja.org\/fedens\/ante-la-emergencia-climatica-mas\/\"]}]},{\"@type\":\"BreadcrumbList\",\"@id\":\"https:\/\/www.cgtaragonlarioja.org\/fedens\/ante-la-emergencia-climatica-mas\/#breadcrumb\",\"itemListElement\":[{\"@type\":\"ListItem\",\"position\":1,\"name\":\"Portada\",\"item\":\"https:\/\/www.cgtaragonlarioja.org\/fedens\/\"},{\"@type\":\"ListItem\",\"position\":2,\"name\":\"Ante la emergencia clim\u00e1tica, m\u00e1s educaci\u00f3n ambiental\"}]},{\"@type\":\"WebSite\",\"@id\":\"https:\/\/www.cgtaragonlarioja.org\/fedens\/#website\",\"url\":\"https:\/\/www.cgtaragonlarioja.org\/fedens\/\",\"name\":\"CGT Arag\u00f3n - La Rioja. ENSE\u00d1ANZA\",\"description\":\"CONTACTAR: Calatayud-Aranda: 654897973 \/ Huesca: 974238404 \/ Teruel: 978619265 \/ Zaragoza: 976922002\",\"publisher\":{\"@id\":\"https:\/\/www.cgtaragonlarioja.org\/fedens\/#organization\"},\"potentialAction\":[{\"@type\":\"SearchAction\",\"target\":{\"@type\":\"EntryPoint\",\"urlTemplate\":\"https:\/\/www.cgtaragonlarioja.org\/fedens\/?s={search_term_string}\"},\"query-input\":{\"@type\":\"PropertyValueSpecification\",\"valueRequired\":true,\"valueName\":\"search_term_string\"}}],\"inLanguage\":\"es\"},{\"@type\":\"Organization\",\"@id\":\"https:\/\/www.cgtaragonlarioja.org\/fedens\/#organization\",\"name\":\"CGT Arag\u00f3n y La Rioja - Ense\u00f1anza\",\"url\":\"https:\/\/www.cgtaragonlarioja.org\/fedens\/\",\"logo\":{\"@type\":\"ImageObject\",\"inLanguage\":\"es\",\"@id\":\"https:\/\/www.cgtaragonlarioja.org\/fedens\/#\/schema\/logo\/image\/\",\"url\":\"https:\/\/www.cgtaragonlarioja.org\/fedens\/files\/2021\/02\/logo_cgt_ense_huesca_170x250.png\",\"contentUrl\":\"https:\/\/www.cgtaragonlarioja.org\/fedens\/files\/2021\/02\/logo_cgt_ense_huesca_170x250.png\",\"width\":170,\"height\":250,\"caption\":\"CGT Arag\u00f3n y La Rioja - Ense\u00f1anza\"},\"image\":{\"@id\":\"https:\/\/www.cgtaragonlarioja.org\/fedens\/#\/schema\/logo\/image\/\"},\"sameAs\":[\"https:\/\/www.facebook.com\/CGTEnseAragon\/\",\"https:\/\/x.com\/CGTeduAragon\"]},{\"@type\":\"Person\",\"@id\":\"\",\"url\":\"https:\/\/www.cgtaragonlarioja.org\/fedens\/author\/\"}]}<\/script>\n<!-- \/ Yoast SEO plugin. -->","yoast_head_json":{"title":"Ante la emergencia clim\u00e1tica, m\u00e1s educaci\u00f3n ambiental","description":"El cambio clim\u00e1tico es el gran reto de la humanidad en los pr\u00f3ximos a\u00f1os. Tenemos evidencias cient\u00edficas para asegurar que este calentamiento global es","robots":{"index":"index","follow":"follow","max-snippet":"max-snippet:-1","max-image-preview":"max-image-preview:large","max-video-preview":"max-video-preview:-1"},"canonical":"https:\/\/www.cgtaragonlarioja.org\/fedens\/ante-la-emergencia-climatica-mas\/","og_locale":"es_ES","og_type":"article","og_title":"Ante la emergencia clim\u00e1tica, m\u00e1s educaci\u00f3n ambiental","og_description":"El cambio clim\u00e1tico es el gran reto de la humanidad en los pr\u00f3ximos a\u00f1os. Tenemos evidencias cient\u00edficas para asegurar que este calentamiento global es","og_url":"https:\/\/www.cgtaragonlarioja.org\/fedens\/ante-la-emergencia-climatica-mas\/","og_site_name":"CGT Arag\u00f3n - La Rioja. ENSE\u00d1ANZA","article_publisher":"https:\/\/www.facebook.com\/CGTEnseAragon\/","article_published_time":"2020-11-10T08:47:23+00:00","twitter_card":"summary_large_image","twitter_creator":"@CGTeduAragon","twitter_site":"@CGTeduAragon","twitter_misc":{"Escrito por":"","Tiempo de lectura":"3 minutos"},"schema":{"@context":"https:\/\/schema.org","@graph":[{"@type":"Article","@id":"https:\/\/www.cgtaragonlarioja.org\/fedens\/ante-la-emergencia-climatica-mas\/#article","isPartOf":{"@id":"https:\/\/www.cgtaragonlarioja.org\/fedens\/ante-la-emergencia-climatica-mas\/"},"author":{"name":"","@id":""},"headline":"Ante la emergencia clim\u00e1tica, m\u00e1s educaci\u00f3n ambiental","datePublished":"2020-11-10T08:47:23+00:00","mainEntityOfPage":{"@id":"https:\/\/www.cgtaragonlarioja.org\/fedens\/ante-la-emergencia-climatica-mas\/"},"wordCount":527,"commentCount":0,"publisher":{"@id":"https:\/\/www.cgtaragonlarioja.org\/fedens\/#organization"},"keywords":["Educaci\u00f3n Social"],"articleSection":["A Debate"],"inLanguage":"es","potentialAction":[{"@type":"CommentAction","name":"Comment","target":["https:\/\/www.cgtaragonlarioja.org\/fedens\/ante-la-emergencia-climatica-mas\/#respond"]}]},{"@type":"WebPage","@id":"https:\/\/www.cgtaragonlarioja.org\/fedens\/ante-la-emergencia-climatica-mas\/","url":"https:\/\/www.cgtaragonlarioja.org\/fedens\/ante-la-emergencia-climatica-mas\/","name":"Ante la emergencia clim\u00e1tica, m\u00e1s educaci\u00f3n ambiental","isPartOf":{"@id":"https:\/\/www.cgtaragonlarioja.org\/fedens\/#website"},"datePublished":"2020-11-10T08:47:23+00:00","description":"El cambio clim\u00e1tico es el gran reto de la humanidad en los pr\u00f3ximos a\u00f1os. Tenemos evidencias cient\u00edficas para asegurar que este calentamiento global es","breadcrumb":{"@id":"https:\/\/www.cgtaragonlarioja.org\/fedens\/ante-la-emergencia-climatica-mas\/#breadcrumb"},"inLanguage":"es","potentialAction":[{"@type":"ReadAction","target":["https:\/\/www.cgtaragonlarioja.org\/fedens\/ante-la-emergencia-climatica-mas\/"]}]},{"@type":"BreadcrumbList","@id":"https:\/\/www.cgtaragonlarioja.org\/fedens\/ante-la-emergencia-climatica-mas\/#breadcrumb","itemListElement":[{"@type":"ListItem","position":1,"name":"Portada","item":"https:\/\/www.cgtaragonlarioja.org\/fedens\/"},{"@type":"ListItem","position":2,"name":"Ante la emergencia clim\u00e1tica, m\u00e1s educaci\u00f3n ambiental"}]},{"@type":"WebSite","@id":"https:\/\/www.cgtaragonlarioja.org\/fedens\/#website","url":"https:\/\/www.cgtaragonlarioja.org\/fedens\/","name":"CGT Arag\u00f3n - La Rioja. ENSE\u00d1ANZA","description":"CONTACTAR: Calatayud-Aranda: 654897973 \/ Huesca: 974238404 \/ Teruel: 978619265 \/ Zaragoza: 976922002","publisher":{"@id":"https:\/\/www.cgtaragonlarioja.org\/fedens\/#organization"},"potentialAction":[{"@type":"SearchAction","target":{"@type":"EntryPoint","urlTemplate":"https:\/\/www.cgtaragonlarioja.org\/fedens\/?s={search_term_string}"},"query-input":{"@type":"PropertyValueSpecification","valueRequired":true,"valueName":"search_term_string"}}],"inLanguage":"es"},{"@type":"Organization","@id":"https:\/\/www.cgtaragonlarioja.org\/fedens\/#organization","name":"CGT Arag\u00f3n y La Rioja - Ense\u00f1anza","url":"https:\/\/www.cgtaragonlarioja.org\/fedens\/","logo":{"@type":"ImageObject","inLanguage":"es","@id":"https:\/\/www.cgtaragonlarioja.org\/fedens\/#\/schema\/logo\/image\/","url":"https:\/\/www.cgtaragonlarioja.org\/fedens\/files\/2021\/02\/logo_cgt_ense_huesca_170x250.png","contentUrl":"https:\/\/www.cgtaragonlarioja.org\/fedens\/files\/2021\/02\/logo_cgt_ense_huesca_170x250.png","width":170,"height":250,"caption":"CGT Arag\u00f3n y La Rioja - Ense\u00f1anza"},"image":{"@id":"https:\/\/www.cgtaragonlarioja.org\/fedens\/#\/schema\/logo\/image\/"},"sameAs":["https:\/\/www.facebook.com\/CGTEnseAragon\/","https:\/\/x.com\/CGTeduAragon"]},{"@type":"Person","@id":"","url":"https:\/\/www.cgtaragonlarioja.org\/fedens\/author\/"}]}},"_links":{"self":[{"href":"https:\/\/www.cgtaragonlarioja.org\/fedens\/wp-json\/wp\/v2\/posts\/10641","targetHints":{"allow":["GET"]}}],"collection":[{"href":"https:\/\/www.cgtaragonlarioja.org\/fedens\/wp-json\/wp\/v2\/posts"}],"about":[{"href":"https:\/\/www.cgtaragonlarioja.org\/fedens\/wp-json\/wp\/v2\/types\/post"}],"author":[{"embeddable":true,"href":"https:\/\/www.cgtaragonlarioja.org\/fedens\/wp-json\/wp\/v2\/users\/485"}],"replies":[{"embeddable":true,"href":"https:\/\/www.cgtaragonlarioja.org\/fedens\/wp-json\/wp\/v2\/comments?post=10641"}],"version-history":[{"count":0,"href":"https:\/\/www.cgtaragonlarioja.org\/fedens\/wp-json\/wp\/v2\/posts\/10641\/revisions"}],"wp:attachment":[{"href":"https:\/\/www.cgtaragonlarioja.org\/fedens\/wp-json\/wp\/v2\/media?parent=10641"}],"wp:term":[{"taxonomy":"category","embeddable":true,"href":"https:\/\/www.cgtaragonlarioja.org\/fedens\/wp-json\/wp\/v2\/categories?post=10641"},{"taxonomy":"post_tag","embeddable":true,"href":"https:\/\/www.cgtaragonlarioja.org\/fedens\/wp-json\/wp\/v2\/tags?post=10641"}],"curies":[{"name":"wp","href":"https:\/\/api.w.org\/{rel}","templated":true}]}}