{"id":10618,"date":"2020-10-29T09:57:21","date_gmt":"2020-10-29T08:57:21","guid":{"rendered":"https:\/\/www.cgtaragonlarioja.org\/fedens2\/noticias\/permisos-covid-no-retribuidos-para\/"},"modified":"2021-01-29T09:38:39","modified_gmt":"2021-01-29T08:38:39","slug":"permisos-covid-no-retribuidos-para","status":"publish","type":"post","link":"https:\/\/www.cgtaragonlarioja.org\/fedens\/permisos-covid-no-retribuidos-para\/","title":{"rendered":"Permisos COVID no retribuidos para personal interino y de carrera: cinismo y oportunismo"},"content":{"rendered":"Recientemente el Departamento ha aprobado una m\u00ednima modificaci\u00f3n de los criterios de los permisos no retribuidos, flexibilizando su concesi\u00f3n. Os adjuntamos la citada Orden. En definitiva, se permite que, mientras dure la situaci\u00f3n epidemiol\u00f3gica, se pueda solicitar un permiso m\u00e1s de una vez a lo largo del curso.\n\nDesde CGT podr\u00edamos considerar esta medida de manera favorable si se hubiera aprobado en una situaci\u00f3n normal.<strong> Aprobarla en estos momentos, nos resulta profundamente oportunista<\/strong>. Entendemos que, m\u00e1s que un \u00abderecho\u00bb de los trabajadores, lo que pretende la administraci\u00f3n es aplicar su particular \u00abpol\u00edtica de conciliaci\u00f3n\u00bb para que la asuma el propio colectivo docente. Es decir, ante la inseguridad laboral (producto de una falta de cultura preventiva en el Departamento), ante la desprotecci\u00f3n de los TES (abandonados a su suerte por el Departamento), Felipe Faci \u00ababre\u00bb la puerta a que los docentes (que puedan permitirse meses sin n\u00f3mina) se queden en casa. Pura magia faciniana.\n\nEntendemos que es una <strong>v\u00eda indirecta que \u00ababre\u00bb c\u00ednicamente a los Trabajadores Especialmente Sensibles para que sean ellos mismos (a costa de su salario y dedicaci\u00f3n profesional) los que se autoprotejan (qued\u00e1ndose en casa), y permitiendo que la administraci\u00f3n haga omisi\u00f3n de sus deberes para con este colectivo.<\/strong>\n\nComo segundo sindicato docente, <strong>no podemos compartir la postura de ciertos sindicatos que \u00abhacen el juego\u00bb a la administraci\u00f3n en detrimento de los derechos de los y las docentes y de sus propios afiliad@s<\/strong>.\n\n\u00bfQu\u00e9 m\u00e9rito hay en esto? \u00bfQu\u00e9 logro como colectivo docente es aqu\u00e9l que te permite quedarte en casa sin cobrar por una situaci\u00f3n de enfermedad, directa o indirectamente? <strong>\u00bfNo es una manera indirecta de vulnerar, de nuevo, la Ley de Prevenci\u00f3n de Riesgos Laborales que ya prev\u00e9 esta situaci\u00f3n pero cobrando la totalidad del salario?<\/strong>\n\n\nPalabras clave: Oportunismo, cinismo, esc\u00e1ndalo\nKey words: opportunism, cynicism, scandal\n\n<a href=\"https:\/\/www.cgtaragonlarioja.org\/fedens\/wp-content\/uploads\/sites\/2\/2020\/10\/Orden_Instrucciones_Permiso_COVID.pdf\">Permisos COVID no retribuidos, personal interino<\/a>\n\n<a href=\"https:\/\/www.cgtaragonlarioja.org\/fedens\/wp-content\/uploads\/sites\/2\/2020\/10\/Resolucion_Instrucciones_Permiso_sin_sueldo_funcionarios.pdf\">Permisos COVID no retribuidos funcionarios de carrera<\/a>\n\n\n\n\n<h2 class=\"wp-block-heading\">Attached documents<\/h2>\n\n\n\n<div class=\"wp-block-file\"><a href=\"https:\/\/www.cgtaragonlarioja.org\/fedens\/wp-content\/uploads\/sites\/2\/2020\/10\/Orden_Instrucciones_Permiso_COVID.pdf\">Permisos COVID no retribuidos, personal interino<\/a><\/div>\n\n\n\n<div class=\"wp-block-file\"><a href=\"https:\/\/www.cgtaragonlarioja.org\/fedens\/wp-content\/uploads\/sites\/2\/2020\/10\/Resolucion_Instrucciones_Permiso_sin_sueldo_funcionarios.pdf\">Permisos COVID no retribuidos funcionarios de carrera<\/a><\/div>\n\n\n","protected":false},"excerpt":{"rendered":"<p>Recientemente el Departamento ha aprobado una m\u00ednima modificaci\u00f3n de los criterios de los permisos no<\/p>\n","protected":false},"author":485,"featured_media":0,"comment_status":"open","ping_status":"open","sticky":false,"template":"","format":"standard","meta":{"footnotes":""},"categories":[480],"tags":[],"class_list":["post-10618","post","type-post","status-publish","format-standard","hentry","category-noticias"],"yoast_head":"<!-- This site is optimized with the Yoast SEO plugin v26.7 - https:\/\/yoast.com\/wordpress\/plugins\/seo\/ -->\n<title>Permisos COVID no retribuidos para personal interino y de carrera: cinismo y oportunismo<\/title>\n<meta name=\"description\" content=\"Recientemente el Departamento ha aprobado una m\u00ednima modificaci\u00f3n de los criterios de los permisos no retribuidos, flexibilizando su concesi\u00f3n. Os\" \/>\n<meta name=\"robots\" content=\"index, follow, max-snippet:-1, max-image-preview:large, max-video-preview:-1\" \/>\n<link rel=\"canonical\" href=\"https:\/\/www.cgtaragonlarioja.org\/fedens\/permisos-covid-no-retribuidos-para\/\" \/>\n<meta property=\"og:locale\" content=\"es_ES\" \/>\n<meta property=\"og:type\" content=\"article\" \/>\n<meta property=\"og:title\" content=\"Permisos COVID no retribuidos para personal interino y de carrera: cinismo y oportunismo\" \/>\n<meta property=\"og:description\" content=\"Recientemente el Departamento ha aprobado una m\u00ednima modificaci\u00f3n de los criterios de los permisos no retribuidos, flexibilizando su concesi\u00f3n. Os\" \/>\n<meta property=\"og:url\" content=\"https:\/\/www.cgtaragonlarioja.org\/fedens\/permisos-covid-no-retribuidos-para\/\" \/>\n<meta property=\"og:site_name\" content=\"CGT Arag\u00f3n - La Rioja. ENSE\u00d1ANZA\" \/>\n<meta property=\"article:publisher\" content=\"https:\/\/www.facebook.com\/CGTEnseAragon\/\" \/>\n<meta property=\"article:published_time\" content=\"2020-10-29T08:57:21+00:00\" \/>\n<meta property=\"article:modified_time\" content=\"2021-01-29T08:38:39+00:00\" \/>\n<meta name=\"twitter:card\" content=\"summary_large_image\" \/>\n<meta name=\"twitter:creator\" content=\"@CGTeduAragon\" \/>\n<meta name=\"twitter:site\" content=\"@CGTeduAragon\" \/>\n<meta name=\"twitter:label1\" content=\"Escrito por\" \/>\n\t<meta name=\"twitter:data1\" content=\"\" \/>\n\t<meta name=\"twitter:label2\" content=\"Tiempo de lectura\" \/>\n\t<meta name=\"twitter:data2\" content=\"2 minutos\" \/>\n<script type=\"application\/ld+json\" class=\"yoast-schema-graph\">{\"@context\":\"https:\/\/schema.org\",\"@graph\":[{\"@type\":\"Article\",\"@id\":\"https:\/\/www.cgtaragonlarioja.org\/fedens\/permisos-covid-no-retribuidos-para\/#article\",\"isPartOf\":{\"@id\":\"https:\/\/www.cgtaragonlarioja.org\/fedens\/permisos-covid-no-retribuidos-para\/\"},\"author\":{\"name\":\"\",\"@id\":\"\"},\"headline\":\"Permisos COVID no retribuidos para personal interino y de carrera: cinismo y oportunismo\",\"datePublished\":\"2020-10-29T08:57:21+00:00\",\"dateModified\":\"2021-01-29T08:38:39+00:00\",\"mainEntityOfPage\":{\"@id\":\"https:\/\/www.cgtaragonlarioja.org\/fedens\/permisos-covid-no-retribuidos-para\/\"},\"wordCount\":369,\"commentCount\":0,\"publisher\":{\"@id\":\"https:\/\/www.cgtaragonlarioja.org\/fedens\/#organization\"},\"articleSection\":[\"Noticias\"],\"inLanguage\":\"es\",\"potentialAction\":[{\"@type\":\"CommentAction\",\"name\":\"Comment\",\"target\":[\"https:\/\/www.cgtaragonlarioja.org\/fedens\/permisos-covid-no-retribuidos-para\/#respond\"]}]},{\"@type\":\"WebPage\",\"@id\":\"https:\/\/www.cgtaragonlarioja.org\/fedens\/permisos-covid-no-retribuidos-para\/\",\"url\":\"https:\/\/www.cgtaragonlarioja.org\/fedens\/permisos-covid-no-retribuidos-para\/\",\"name\":\"Permisos COVID no retribuidos para personal interino y de carrera: cinismo y oportunismo\",\"isPartOf\":{\"@id\":\"https:\/\/www.cgtaragonlarioja.org\/fedens\/#website\"},\"datePublished\":\"2020-10-29T08:57:21+00:00\",\"dateModified\":\"2021-01-29T08:38:39+00:00\",\"description\":\"Recientemente el Departamento ha aprobado una m\u00ednima modificaci\u00f3n de los criterios de los permisos no retribuidos, flexibilizando su concesi\u00f3n. Os\",\"breadcrumb\":{\"@id\":\"https:\/\/www.cgtaragonlarioja.org\/fedens\/permisos-covid-no-retribuidos-para\/#breadcrumb\"},\"inLanguage\":\"es\",\"potentialAction\":[{\"@type\":\"ReadAction\",\"target\":[\"https:\/\/www.cgtaragonlarioja.org\/fedens\/permisos-covid-no-retribuidos-para\/\"]}]},{\"@type\":\"BreadcrumbList\",\"@id\":\"https:\/\/www.cgtaragonlarioja.org\/fedens\/permisos-covid-no-retribuidos-para\/#breadcrumb\",\"itemListElement\":[{\"@type\":\"ListItem\",\"position\":1,\"name\":\"Portada\",\"item\":\"https:\/\/www.cgtaragonlarioja.org\/fedens\/\"},{\"@type\":\"ListItem\",\"position\":2,\"name\":\"Permisos COVID no retribuidos para personal interino y de carrera: cinismo y oportunismo\"}]},{\"@type\":\"WebSite\",\"@id\":\"https:\/\/www.cgtaragonlarioja.org\/fedens\/#website\",\"url\":\"https:\/\/www.cgtaragonlarioja.org\/fedens\/\",\"name\":\"CGT Arag\u00f3n - La Rioja. ENSE\u00d1ANZA\",\"description\":\"CONTACTAR: Calatayud-Aranda: 654897973 \/ Huesca: 974238404 \/ Teruel: 978619265 \/ Zaragoza: 976922002\",\"publisher\":{\"@id\":\"https:\/\/www.cgtaragonlarioja.org\/fedens\/#organization\"},\"potentialAction\":[{\"@type\":\"SearchAction\",\"target\":{\"@type\":\"EntryPoint\",\"urlTemplate\":\"https:\/\/www.cgtaragonlarioja.org\/fedens\/?s={search_term_string}\"},\"query-input\":{\"@type\":\"PropertyValueSpecification\",\"valueRequired\":true,\"valueName\":\"search_term_string\"}}],\"inLanguage\":\"es\"},{\"@type\":\"Organization\",\"@id\":\"https:\/\/www.cgtaragonlarioja.org\/fedens\/#organization\",\"name\":\"CGT Arag\u00f3n y La Rioja - Ense\u00f1anza\",\"url\":\"https:\/\/www.cgtaragonlarioja.org\/fedens\/\",\"logo\":{\"@type\":\"ImageObject\",\"inLanguage\":\"es\",\"@id\":\"https:\/\/www.cgtaragonlarioja.org\/fedens\/#\/schema\/logo\/image\/\",\"url\":\"https:\/\/www.cgtaragonlarioja.org\/fedens\/files\/2021\/02\/logo_cgt_ense_huesca_170x250.png\",\"contentUrl\":\"https:\/\/www.cgtaragonlarioja.org\/fedens\/files\/2021\/02\/logo_cgt_ense_huesca_170x250.png\",\"width\":170,\"height\":250,\"caption\":\"CGT Arag\u00f3n y La Rioja - Ense\u00f1anza\"},\"image\":{\"@id\":\"https:\/\/www.cgtaragonlarioja.org\/fedens\/#\/schema\/logo\/image\/\"},\"sameAs\":[\"https:\/\/www.facebook.com\/CGTEnseAragon\/\",\"https:\/\/x.com\/CGTeduAragon\"]},{\"@type\":\"Person\",\"@id\":\"\",\"url\":\"https:\/\/www.cgtaragonlarioja.org\/fedens\/author\/\"}]}<\/script>\n<!-- \/ Yoast SEO plugin. -->","yoast_head_json":{"title":"Permisos COVID no retribuidos para personal interino y de carrera: cinismo y oportunismo","description":"Recientemente el Departamento ha aprobado una m\u00ednima modificaci\u00f3n de los criterios de los permisos no retribuidos, flexibilizando su concesi\u00f3n. Os","robots":{"index":"index","follow":"follow","max-snippet":"max-snippet:-1","max-image-preview":"max-image-preview:large","max-video-preview":"max-video-preview:-1"},"canonical":"https:\/\/www.cgtaragonlarioja.org\/fedens\/permisos-covid-no-retribuidos-para\/","og_locale":"es_ES","og_type":"article","og_title":"Permisos COVID no retribuidos para personal interino y de carrera: cinismo y oportunismo","og_description":"Recientemente el Departamento ha aprobado una m\u00ednima modificaci\u00f3n de los criterios de los permisos no retribuidos, flexibilizando su concesi\u00f3n. Os","og_url":"https:\/\/www.cgtaragonlarioja.org\/fedens\/permisos-covid-no-retribuidos-para\/","og_site_name":"CGT Arag\u00f3n - La Rioja. ENSE\u00d1ANZA","article_publisher":"https:\/\/www.facebook.com\/CGTEnseAragon\/","article_published_time":"2020-10-29T08:57:21+00:00","article_modified_time":"2021-01-29T08:38:39+00:00","twitter_card":"summary_large_image","twitter_creator":"@CGTeduAragon","twitter_site":"@CGTeduAragon","twitter_misc":{"Escrito por":"","Tiempo de lectura":"2 minutos"},"schema":{"@context":"https:\/\/schema.org","@graph":[{"@type":"Article","@id":"https:\/\/www.cgtaragonlarioja.org\/fedens\/permisos-covid-no-retribuidos-para\/#article","isPartOf":{"@id":"https:\/\/www.cgtaragonlarioja.org\/fedens\/permisos-covid-no-retribuidos-para\/"},"author":{"name":"","@id":""},"headline":"Permisos COVID no retribuidos para personal interino y de carrera: cinismo y oportunismo","datePublished":"2020-10-29T08:57:21+00:00","dateModified":"2021-01-29T08:38:39+00:00","mainEntityOfPage":{"@id":"https:\/\/www.cgtaragonlarioja.org\/fedens\/permisos-covid-no-retribuidos-para\/"},"wordCount":369,"commentCount":0,"publisher":{"@id":"https:\/\/www.cgtaragonlarioja.org\/fedens\/#organization"},"articleSection":["Noticias"],"inLanguage":"es","potentialAction":[{"@type":"CommentAction","name":"Comment","target":["https:\/\/www.cgtaragonlarioja.org\/fedens\/permisos-covid-no-retribuidos-para\/#respond"]}]},{"@type":"WebPage","@id":"https:\/\/www.cgtaragonlarioja.org\/fedens\/permisos-covid-no-retribuidos-para\/","url":"https:\/\/www.cgtaragonlarioja.org\/fedens\/permisos-covid-no-retribuidos-para\/","name":"Permisos COVID no retribuidos para personal interino y de carrera: cinismo y oportunismo","isPartOf":{"@id":"https:\/\/www.cgtaragonlarioja.org\/fedens\/#website"},"datePublished":"2020-10-29T08:57:21+00:00","dateModified":"2021-01-29T08:38:39+00:00","description":"Recientemente el Departamento ha aprobado una m\u00ednima modificaci\u00f3n de los criterios de los permisos no retribuidos, flexibilizando su concesi\u00f3n. Os","breadcrumb":{"@id":"https:\/\/www.cgtaragonlarioja.org\/fedens\/permisos-covid-no-retribuidos-para\/#breadcrumb"},"inLanguage":"es","potentialAction":[{"@type":"ReadAction","target":["https:\/\/www.cgtaragonlarioja.org\/fedens\/permisos-covid-no-retribuidos-para\/"]}]},{"@type":"BreadcrumbList","@id":"https:\/\/www.cgtaragonlarioja.org\/fedens\/permisos-covid-no-retribuidos-para\/#breadcrumb","itemListElement":[{"@type":"ListItem","position":1,"name":"Portada","item":"https:\/\/www.cgtaragonlarioja.org\/fedens\/"},{"@type":"ListItem","position":2,"name":"Permisos COVID no retribuidos para personal interino y de carrera: cinismo y oportunismo"}]},{"@type":"WebSite","@id":"https:\/\/www.cgtaragonlarioja.org\/fedens\/#website","url":"https:\/\/www.cgtaragonlarioja.org\/fedens\/","name":"CGT Arag\u00f3n - La Rioja. ENSE\u00d1ANZA","description":"CONTACTAR: Calatayud-Aranda: 654897973 \/ Huesca: 974238404 \/ Teruel: 978619265 \/ Zaragoza: 976922002","publisher":{"@id":"https:\/\/www.cgtaragonlarioja.org\/fedens\/#organization"},"potentialAction":[{"@type":"SearchAction","target":{"@type":"EntryPoint","urlTemplate":"https:\/\/www.cgtaragonlarioja.org\/fedens\/?s={search_term_string}"},"query-input":{"@type":"PropertyValueSpecification","valueRequired":true,"valueName":"search_term_string"}}],"inLanguage":"es"},{"@type":"Organization","@id":"https:\/\/www.cgtaragonlarioja.org\/fedens\/#organization","name":"CGT Arag\u00f3n y La Rioja - Ense\u00f1anza","url":"https:\/\/www.cgtaragonlarioja.org\/fedens\/","logo":{"@type":"ImageObject","inLanguage":"es","@id":"https:\/\/www.cgtaragonlarioja.org\/fedens\/#\/schema\/logo\/image\/","url":"https:\/\/www.cgtaragonlarioja.org\/fedens\/files\/2021\/02\/logo_cgt_ense_huesca_170x250.png","contentUrl":"https:\/\/www.cgtaragonlarioja.org\/fedens\/files\/2021\/02\/logo_cgt_ense_huesca_170x250.png","width":170,"height":250,"caption":"CGT Arag\u00f3n y La Rioja - Ense\u00f1anza"},"image":{"@id":"https:\/\/www.cgtaragonlarioja.org\/fedens\/#\/schema\/logo\/image\/"},"sameAs":["https:\/\/www.facebook.com\/CGTEnseAragon\/","https:\/\/x.com\/CGTeduAragon"]},{"@type":"Person","@id":"","url":"https:\/\/www.cgtaragonlarioja.org\/fedens\/author\/"}]}},"_links":{"self":[{"href":"https:\/\/www.cgtaragonlarioja.org\/fedens\/wp-json\/wp\/v2\/posts\/10618","targetHints":{"allow":["GET"]}}],"collection":[{"href":"https:\/\/www.cgtaragonlarioja.org\/fedens\/wp-json\/wp\/v2\/posts"}],"about":[{"href":"https:\/\/www.cgtaragonlarioja.org\/fedens\/wp-json\/wp\/v2\/types\/post"}],"author":[{"embeddable":true,"href":"https:\/\/www.cgtaragonlarioja.org\/fedens\/wp-json\/wp\/v2\/users\/485"}],"replies":[{"embeddable":true,"href":"https:\/\/www.cgtaragonlarioja.org\/fedens\/wp-json\/wp\/v2\/comments?post=10618"}],"version-history":[{"count":1,"href":"https:\/\/www.cgtaragonlarioja.org\/fedens\/wp-json\/wp\/v2\/posts\/10618\/revisions"}],"predecessor-version":[{"id":10621,"href":"https:\/\/www.cgtaragonlarioja.org\/fedens\/wp-json\/wp\/v2\/posts\/10618\/revisions\/10621"}],"wp:attachment":[{"href":"https:\/\/www.cgtaragonlarioja.org\/fedens\/wp-json\/wp\/v2\/media?parent=10618"}],"wp:term":[{"taxonomy":"category","embeddable":true,"href":"https:\/\/www.cgtaragonlarioja.org\/fedens\/wp-json\/wp\/v2\/categories?post=10618"},{"taxonomy":"post_tag","embeddable":true,"href":"https:\/\/www.cgtaragonlarioja.org\/fedens\/wp-json\/wp\/v2\/tags?post=10618"}],"curies":[{"name":"wp","href":"https:\/\/api.w.org\/{rel}","templated":true}]}}