{"id":10612,"date":"2020-10-27T19:08:13","date_gmt":"2020-10-27T18:08:13","guid":{"rendered":"https:\/\/www.cgtaragonlarioja.org\/fedens2\/noticias\/inconcrecion-y-dudas-sobre-las\/"},"modified":"2021-01-29T09:38:39","modified_gmt":"2021-01-29T08:38:39","slug":"inconcrecion-y-dudas-sobre-las","status":"publish","type":"post","link":"https:\/\/www.cgtaragonlarioja.org\/fedens\/inconcrecion-y-dudas-sobre-las\/","title":{"rendered":"Inconcreci\u00f3n y dudas sobre las reuniones presenciales en pleno estado de alarma"},"content":{"rendered":"\n<strong>Inconcreci\u00f3n y dudas sobre las reuniones presenciales en pleno estado de alarma<\/strong>\n\n\nDesde que comenz\u00f3 el curso, hemos recibido numerosas llamadas y quejas de profesorado de todos los niveles de los centros P\u00fablicos de Arag\u00f3n por <strong>las dudas con relaci\u00f3n a la presencialidad en las reuniones colegiadas o de trabajo y lo establecido en las Instrucciones de inicio de curso y la recomendaci\u00f3n de la modalidad telem\u00e1tica.<\/strong> En la actual situaci\u00f3n, en un nivel 3 de alerta y la declaraci\u00f3n del estado de alarma, las quejas se han ante diversas convocatorias a Claustros y reuniones presenciales, en donde pueden coincidir en el mismo espacio un n\u00famero importante de docentes.\n\n\nEn el apartado Decimosexto de la Orden de 27 de agosto de 2020, del Consejero de Educaci\u00f3n, Cultura y Deporte por la que se dictan las instrucciones sobre el marco general de actuaci\u00f3n, en el escenario 2, para el inicio y desarrollo del curso 2020\/2021 se se\u00f1ala lo siguiente:\n\n\n\n<ul><li> -Reuniones del profesorado. Se deben priorizar las reuniones telem\u00e1ticas. La Ley 40\/2015, de 1 de octubre, de R\u00e9gimen Jur\u00eddico del Sector P\u00fablico, permite la celebraci\u00f3n a distancia de reuniones de los \u00f3rganos colegiados-<\/li><\/ul>\n\n\n<strong>El t\u00e9rmino priorizar est\u00e1 dando lugar a muchas dudas y quejas por parte del profesorado y tambi\u00e9n de los equipos directivos ante la falta de concreci\u00f3n en las instrucciones<\/strong>. Hay centros que est\u00e1n optando por hacer las reuniones de departamento o claustros, por ejemplo, de manera presencial frente a una mayor\u00eda que lo hace on-line. El pasado martes d\u00eda 20, en la reuni\u00f3n de los sindicatos de la Junta de Personal de Zaragoza con la Directora Provincial CGT exigi\u00f3 a la Directora que desde Inspecci\u00f3n se concretase y se unificase los relativo a este tipo de reuniones con los equipos directivos para evitar estas quejas y estas discrepancias en el modo de actuar por parte de los Centros. La normativa aprobada por el gobierno aragon\u00e9s el d\u00eda anterior urg\u00eda a esta petici\u00f3n. Recordemos que el DECRETO-LEY 7\/2020, de 19 de octubre, del Gobierno de Arag\u00f3n, por el que se establece el r\u00e9gimen jur\u00eddico de alerta sanitaria para el control de la pandemia COVID-19 en Arag\u00f3n establece:\n\n\n\n<ul><li> -Art\u00edculo 23. Centros de trabajo.<ul><li> d) Adoptar medidas para evitar la coincidencia masiva de personas, tanto trabajadores como clientes o usuarios, en los centros de trabajo durante las franjas horarias de previsible mayor afluencia.<\/li><li> e) Adoptar medidas para la promoci\u00f3n del teletrabajo cuando por la naturaleza de la actividad laboral sea posible.<\/li><\/ul><\/li><\/ul>\n\n\nUna semana despu\u00e9s, parece ser que no se ha producido por parte de Inspecci\u00f3n ni por parte de la Directora Provincial la aclaraci\u00f3n a los centros de c\u00f3mo deben actuar en el caso de este tipo de reuniones. El pase al nivel 3 de alarma este lunes nos ratifica en la urgencia de unas instrucciones claras por parte del Departamento de Educaci\u00f3n a toda la comunidad educativa. \nEste nuevo nivel de alerta recoge, en la misma l\u00ednea que las instrucciones de inicio de curso:\n\n\n\n<ul><li> -Art\u00edculo 31. Aplicaci\u00f3n general de la fase 1 del proceso de desescalada.<ul><li> t) Los congresos, encuentros, reuniones de negocios, conferencias, eventos y similares deber\u00e1n realizarse en modalidad telem\u00e1tica.<\/li><\/ul><\/li><\/ul>\n\n\nLa falta de unas medidas claras por parte de la Administraci\u00f3n en las instrucciones de curso est\u00e1 generando preocupaci\u00f3n y malestar en el colectivo docente, al encontrase en la obligaci\u00f3n de tener que acudir, en pleno estado de alarma, a reuniones presenciales como los Claustros, en donde se llegan a juntar decenas de personas. Desde CGT estamos recibiendo muchas quejas al respecto, sin ir m\u00e1s lejos ayer mismo por la situaci\u00f3n del IES Pedro de Luna de Zaragoza.\n\n\nDesde CGT creemos urgente, y as\u00ed se lo solicitamos hace tiempo al Departamento de Educaci\u00f3n, una instrucci\u00f3n en la que se establezca, que seg\u00fan la normativa del r\u00e9gimen jur\u00eddico del estado de alarma en Arag\u00f3n las reuniones deben ser, sin excepciones, telem\u00e1ticas en bien de la salud de los y las trabajadoras y de la sociedad aragonesa en general.\n\n\nAl mismo tiempo, y en espera de instrucciones m\u00e1s precisas, creemos oportuno recordar que, tal y como indica el art\u00edculo 15 de la Ley de Prevenci\u00f3n de Riesgos Laborales, es necesario atender al principio de precauci\u00f3n, dentro de los principios de la acci\u00f3n preventiva.\n\n\nDel mismo modo, <strong>las recientes declaraciones de la consejera de Sanidad, Sira Repoll\u00e9s, dejan poco espacio a la duda.<\/strong>\n\n\n<figure id=\"attachment_10611\" aria-describedby=\"caption-attachment-10611\" style=\"width: 719px\" class=\"wp-caption aligncenter\"><a href=\"https:\/\/www.youtube.com\/watch?v=wqEjhQ1aWxA\"><img loading=\"lazy\" decoding=\"async\" class=\" aligncenter size-full wp-image-10611\" src=\"https:\/\/www.cgtaragonlarioja.org\/fedens\/wp-content\/uploads\/sites\/2\/2020\/10\/Captura-6.jpg\" alt=\"Pincha en la imagen para acceder al contenido\" title=\"Pincha en la imagen para acceder al contenido\" class=\"caption\" align=\"center\" width=\"719\" height=\"669\" srcset=\"https:\/\/www.cgtaragonlarioja.org\/fedens\/files\/2020\/10\/Captura-6.jpg 719w, https:\/\/www.cgtaragonlarioja.org\/fedens\/files\/2020\/10\/Captura-6-300x279.jpg 300w\" sizes=\"auto, (max-width: 719px) 100vw, 719px\" \/><\/a><figcaption id=\"caption-attachment-10611\" class=\"wp-caption-text\">Pincha en la imagen para acceder al contenido<\/figcaption><\/figure><div id='gallery-1' class='gallery galleryid-10612 gallery-columns-3 gallery-size-thumbnail'><figure class='gallery-item'>\n\t\t\t<div class='gallery-icon landscape'>\n\t\t\t\t<a href='https:\/\/www.cgtaragonlarioja.org\/fedens\/files\/2020\/10\/Captura-6.jpg'><img loading=\"lazy\" decoding=\"async\" width=\"150\" height=\"150\" src=\"https:\/\/www.cgtaragonlarioja.org\/fedens\/files\/2020\/10\/Captura-6-150x150.jpg\" class=\"attachment-thumbnail size-thumbnail\" alt=\"Pincha en la imagen para acceder al contenido\" aria-describedby=\"gallery-1-10611\" \/><\/a>\n\t\t\t<\/div>\n\t\t\t\t<figcaption class='wp-caption-text gallery-caption' id='gallery-1-10611'>\n\t\t\t\tPincha en la imagen para acceder al contenido\n\t\t\t\t<\/figcaption><\/figure>\n\t\t<\/div>\n\n<h2 class=\"wp-block-heading\">Attached documents<\/h2>\n\n\n\n<div class=\"wp-block-file\"><a href=\"https:\/\/www.cgtaragonlarioja.org\/fedens\/wp-content\/uploads\/sites\/2\/2020\/10\/Inconcrecion_y_dudas_en_torno_a_la_presencialidad_en_reuniones.pdf\">Inconcreci\u00c3\u00b3n y dudas sobre las reuniones presenciales<\/a><\/div>\n\n\n","protected":false},"excerpt":{"rendered":"<p>Inconcreci\u00f3n y dudas sobre las reuniones presenciales en pleno estado de alarma Desde que comenz\u00f3<\/p>\n","protected":false},"author":485,"featured_media":10611,"comment_status":"open","ping_status":"open","sticky":false,"template":"","format":"standard","meta":{"footnotes":""},"categories":[480],"tags":[539],"class_list":["post-10612","post","type-post","status-publish","format-standard","has-post-thumbnail","hentry","category-noticias","tag-propuestas-de-cgt"],"yoast_head":"<!-- This site is optimized with the Yoast SEO plugin v26.7 - https:\/\/yoast.com\/wordpress\/plugins\/seo\/ -->\n<title>Inconcreci\u00f3n y dudas sobre las reuniones presenciales en pleno estado de alarma<\/title>\n<meta name=\"description\" content=\"Inconcreci\u00f3n y dudas sobre las reuniones presenciales en pleno estado de alarma Desde que comenz\u00f3 el curso, hemos recibido numerosas llamadas y quejas de\" \/>\n<meta name=\"robots\" content=\"index, follow, max-snippet:-1, max-image-preview:large, max-video-preview:-1\" \/>\n<link rel=\"canonical\" href=\"https:\/\/www.cgtaragonlarioja.org\/fedens\/inconcrecion-y-dudas-sobre-las\/\" \/>\n<meta property=\"og:locale\" content=\"es_ES\" \/>\n<meta property=\"og:type\" content=\"article\" \/>\n<meta property=\"og:title\" content=\"Inconcreci\u00f3n y dudas sobre las reuniones presenciales en pleno estado de alarma\" \/>\n<meta property=\"og:description\" content=\"Inconcreci\u00f3n y dudas sobre las reuniones presenciales en pleno estado de alarma Desde que comenz\u00f3 el curso, hemos recibido numerosas llamadas y quejas de\" \/>\n<meta property=\"og:url\" content=\"https:\/\/www.cgtaragonlarioja.org\/fedens\/inconcrecion-y-dudas-sobre-las\/\" \/>\n<meta property=\"og:site_name\" content=\"CGT Arag\u00f3n - La Rioja. ENSE\u00d1ANZA\" \/>\n<meta property=\"article:publisher\" content=\"https:\/\/www.facebook.com\/CGTEnseAragon\/\" \/>\n<meta property=\"article:published_time\" content=\"2020-10-27T18:08:13+00:00\" \/>\n<meta property=\"article:modified_time\" content=\"2021-01-29T08:38:39+00:00\" \/>\n<meta property=\"og:image\" content=\"https:\/\/www.cgtaragonlarioja.org\/fedens\/files\/2020\/10\/Captura-6.jpg\" \/>\n\t<meta property=\"og:image:width\" content=\"719\" \/>\n\t<meta property=\"og:image:height\" content=\"669\" \/>\n\t<meta property=\"og:image:type\" content=\"image\/jpeg\" \/>\n<meta name=\"twitter:card\" content=\"summary_large_image\" \/>\n<meta name=\"twitter:creator\" content=\"@CGTeduAragon\" \/>\n<meta name=\"twitter:site\" content=\"@CGTeduAragon\" \/>\n<meta name=\"twitter:label1\" content=\"Escrito por\" \/>\n\t<meta name=\"twitter:data1\" content=\"\" \/>\n\t<meta name=\"twitter:label2\" content=\"Tiempo de lectura\" \/>\n\t<meta name=\"twitter:data2\" content=\"4 minutos\" \/>\n<script type=\"application\/ld+json\" class=\"yoast-schema-graph\">{\"@context\":\"https:\/\/schema.org\",\"@graph\":[{\"@type\":\"Article\",\"@id\":\"https:\/\/www.cgtaragonlarioja.org\/fedens\/inconcrecion-y-dudas-sobre-las\/#article\",\"isPartOf\":{\"@id\":\"https:\/\/www.cgtaragonlarioja.org\/fedens\/inconcrecion-y-dudas-sobre-las\/\"},\"author\":{\"name\":\"\",\"@id\":\"\"},\"headline\":\"Inconcreci\u00f3n y dudas sobre las reuniones presenciales en pleno estado de alarma\",\"datePublished\":\"2020-10-27T18:08:13+00:00\",\"dateModified\":\"2021-01-29T08:38:39+00:00\",\"mainEntityOfPage\":{\"@id\":\"https:\/\/www.cgtaragonlarioja.org\/fedens\/inconcrecion-y-dudas-sobre-las\/\"},\"wordCount\":811,\"commentCount\":0,\"publisher\":{\"@id\":\"https:\/\/www.cgtaragonlarioja.org\/fedens\/#organization\"},\"image\":{\"@id\":\"https:\/\/www.cgtaragonlarioja.org\/fedens\/inconcrecion-y-dudas-sobre-las\/#primaryimage\"},\"thumbnailUrl\":\"https:\/\/www.cgtaragonlarioja.org\/fedens\/files\/2020\/10\/Captura-6.jpg\",\"keywords\":[\"Propuestas de CGT\"],\"articleSection\":[\"Noticias\"],\"inLanguage\":\"es\",\"potentialAction\":[{\"@type\":\"CommentAction\",\"name\":\"Comment\",\"target\":[\"https:\/\/www.cgtaragonlarioja.org\/fedens\/inconcrecion-y-dudas-sobre-las\/#respond\"]}]},{\"@type\":\"WebPage\",\"@id\":\"https:\/\/www.cgtaragonlarioja.org\/fedens\/inconcrecion-y-dudas-sobre-las\/\",\"url\":\"https:\/\/www.cgtaragonlarioja.org\/fedens\/inconcrecion-y-dudas-sobre-las\/\",\"name\":\"Inconcreci\u00f3n y dudas sobre las reuniones presenciales en pleno estado de alarma\",\"isPartOf\":{\"@id\":\"https:\/\/www.cgtaragonlarioja.org\/fedens\/#website\"},\"primaryImageOfPage\":{\"@id\":\"https:\/\/www.cgtaragonlarioja.org\/fedens\/inconcrecion-y-dudas-sobre-las\/#primaryimage\"},\"image\":{\"@id\":\"https:\/\/www.cgtaragonlarioja.org\/fedens\/inconcrecion-y-dudas-sobre-las\/#primaryimage\"},\"thumbnailUrl\":\"https:\/\/www.cgtaragonlarioja.org\/fedens\/files\/2020\/10\/Captura-6.jpg\",\"datePublished\":\"2020-10-27T18:08:13+00:00\",\"dateModified\":\"2021-01-29T08:38:39+00:00\",\"description\":\"Inconcreci\u00f3n y dudas sobre las reuniones presenciales en pleno estado de alarma Desde que comenz\u00f3 el curso, hemos recibido numerosas llamadas y quejas de\",\"breadcrumb\":{\"@id\":\"https:\/\/www.cgtaragonlarioja.org\/fedens\/inconcrecion-y-dudas-sobre-las\/#breadcrumb\"},\"inLanguage\":\"es\",\"potentialAction\":[{\"@type\":\"ReadAction\",\"target\":[\"https:\/\/www.cgtaragonlarioja.org\/fedens\/inconcrecion-y-dudas-sobre-las\/\"]}]},{\"@type\":\"ImageObject\",\"inLanguage\":\"es\",\"@id\":\"https:\/\/www.cgtaragonlarioja.org\/fedens\/inconcrecion-y-dudas-sobre-las\/#primaryimage\",\"url\":\"https:\/\/www.cgtaragonlarioja.org\/fedens\/files\/2020\/10\/Captura-6.jpg\",\"contentUrl\":\"https:\/\/www.cgtaragonlarioja.org\/fedens\/files\/2020\/10\/Captura-6.jpg\",\"width\":719,\"height\":669,\"caption\":\"Pincha en la imagen para acceder al contenido\"},{\"@type\":\"BreadcrumbList\",\"@id\":\"https:\/\/www.cgtaragonlarioja.org\/fedens\/inconcrecion-y-dudas-sobre-las\/#breadcrumb\",\"itemListElement\":[{\"@type\":\"ListItem\",\"position\":1,\"name\":\"Portada\",\"item\":\"https:\/\/www.cgtaragonlarioja.org\/fedens\/\"},{\"@type\":\"ListItem\",\"position\":2,\"name\":\"Inconcreci\u00f3n y dudas sobre las reuniones presenciales en pleno estado de alarma\"}]},{\"@type\":\"WebSite\",\"@id\":\"https:\/\/www.cgtaragonlarioja.org\/fedens\/#website\",\"url\":\"https:\/\/www.cgtaragonlarioja.org\/fedens\/\",\"name\":\"CGT Arag\u00f3n - La Rioja. ENSE\u00d1ANZA\",\"description\":\"CONTACTAR: Calatayud-Aranda: 654897973 \/ Huesca: 974238404 \/ Teruel: 978619265 \/ Zaragoza: 976922002\",\"publisher\":{\"@id\":\"https:\/\/www.cgtaragonlarioja.org\/fedens\/#organization\"},\"potentialAction\":[{\"@type\":\"SearchAction\",\"target\":{\"@type\":\"EntryPoint\",\"urlTemplate\":\"https:\/\/www.cgtaragonlarioja.org\/fedens\/?s={search_term_string}\"},\"query-input\":{\"@type\":\"PropertyValueSpecification\",\"valueRequired\":true,\"valueName\":\"search_term_string\"}}],\"inLanguage\":\"es\"},{\"@type\":\"Organization\",\"@id\":\"https:\/\/www.cgtaragonlarioja.org\/fedens\/#organization\",\"name\":\"CGT Arag\u00f3n y La Rioja - Ense\u00f1anza\",\"url\":\"https:\/\/www.cgtaragonlarioja.org\/fedens\/\",\"logo\":{\"@type\":\"ImageObject\",\"inLanguage\":\"es\",\"@id\":\"https:\/\/www.cgtaragonlarioja.org\/fedens\/#\/schema\/logo\/image\/\",\"url\":\"https:\/\/www.cgtaragonlarioja.org\/fedens\/files\/2021\/02\/logo_cgt_ense_huesca_170x250.png\",\"contentUrl\":\"https:\/\/www.cgtaragonlarioja.org\/fedens\/files\/2021\/02\/logo_cgt_ense_huesca_170x250.png\",\"width\":170,\"height\":250,\"caption\":\"CGT Arag\u00f3n y La Rioja - Ense\u00f1anza\"},\"image\":{\"@id\":\"https:\/\/www.cgtaragonlarioja.org\/fedens\/#\/schema\/logo\/image\/\"},\"sameAs\":[\"https:\/\/www.facebook.com\/CGTEnseAragon\/\",\"https:\/\/x.com\/CGTeduAragon\"]},{\"@type\":\"Person\",\"@id\":\"\",\"url\":\"https:\/\/www.cgtaragonlarioja.org\/fedens\/author\/\"}]}<\/script>\n<!-- \/ Yoast SEO plugin. -->","yoast_head_json":{"title":"Inconcreci\u00f3n y dudas sobre las reuniones presenciales en pleno estado de alarma","description":"Inconcreci\u00f3n y dudas sobre las reuniones presenciales en pleno estado de alarma Desde que comenz\u00f3 el curso, hemos recibido numerosas llamadas y quejas de","robots":{"index":"index","follow":"follow","max-snippet":"max-snippet:-1","max-image-preview":"max-image-preview:large","max-video-preview":"max-video-preview:-1"},"canonical":"https:\/\/www.cgtaragonlarioja.org\/fedens\/inconcrecion-y-dudas-sobre-las\/","og_locale":"es_ES","og_type":"article","og_title":"Inconcreci\u00f3n y dudas sobre las reuniones presenciales en pleno estado de alarma","og_description":"Inconcreci\u00f3n y dudas sobre las reuniones presenciales en pleno estado de alarma Desde que comenz\u00f3 el curso, hemos recibido numerosas llamadas y quejas de","og_url":"https:\/\/www.cgtaragonlarioja.org\/fedens\/inconcrecion-y-dudas-sobre-las\/","og_site_name":"CGT Arag\u00f3n - La Rioja. ENSE\u00d1ANZA","article_publisher":"https:\/\/www.facebook.com\/CGTEnseAragon\/","article_published_time":"2020-10-27T18:08:13+00:00","article_modified_time":"2021-01-29T08:38:39+00:00","og_image":[{"width":719,"height":669,"url":"https:\/\/www.cgtaragonlarioja.org\/fedens\/files\/2020\/10\/Captura-6.jpg","type":"image\/jpeg"}],"twitter_card":"summary_large_image","twitter_creator":"@CGTeduAragon","twitter_site":"@CGTeduAragon","twitter_misc":{"Escrito por":"","Tiempo de lectura":"4 minutos"},"schema":{"@context":"https:\/\/schema.org","@graph":[{"@type":"Article","@id":"https:\/\/www.cgtaragonlarioja.org\/fedens\/inconcrecion-y-dudas-sobre-las\/#article","isPartOf":{"@id":"https:\/\/www.cgtaragonlarioja.org\/fedens\/inconcrecion-y-dudas-sobre-las\/"},"author":{"name":"","@id":""},"headline":"Inconcreci\u00f3n y dudas sobre las reuniones presenciales en pleno estado de alarma","datePublished":"2020-10-27T18:08:13+00:00","dateModified":"2021-01-29T08:38:39+00:00","mainEntityOfPage":{"@id":"https:\/\/www.cgtaragonlarioja.org\/fedens\/inconcrecion-y-dudas-sobre-las\/"},"wordCount":811,"commentCount":0,"publisher":{"@id":"https:\/\/www.cgtaragonlarioja.org\/fedens\/#organization"},"image":{"@id":"https:\/\/www.cgtaragonlarioja.org\/fedens\/inconcrecion-y-dudas-sobre-las\/#primaryimage"},"thumbnailUrl":"https:\/\/www.cgtaragonlarioja.org\/fedens\/files\/2020\/10\/Captura-6.jpg","keywords":["Propuestas de CGT"],"articleSection":["Noticias"],"inLanguage":"es","potentialAction":[{"@type":"CommentAction","name":"Comment","target":["https:\/\/www.cgtaragonlarioja.org\/fedens\/inconcrecion-y-dudas-sobre-las\/#respond"]}]},{"@type":"WebPage","@id":"https:\/\/www.cgtaragonlarioja.org\/fedens\/inconcrecion-y-dudas-sobre-las\/","url":"https:\/\/www.cgtaragonlarioja.org\/fedens\/inconcrecion-y-dudas-sobre-las\/","name":"Inconcreci\u00f3n y dudas sobre las reuniones presenciales en pleno estado de alarma","isPartOf":{"@id":"https:\/\/www.cgtaragonlarioja.org\/fedens\/#website"},"primaryImageOfPage":{"@id":"https:\/\/www.cgtaragonlarioja.org\/fedens\/inconcrecion-y-dudas-sobre-las\/#primaryimage"},"image":{"@id":"https:\/\/www.cgtaragonlarioja.org\/fedens\/inconcrecion-y-dudas-sobre-las\/#primaryimage"},"thumbnailUrl":"https:\/\/www.cgtaragonlarioja.org\/fedens\/files\/2020\/10\/Captura-6.jpg","datePublished":"2020-10-27T18:08:13+00:00","dateModified":"2021-01-29T08:38:39+00:00","description":"Inconcreci\u00f3n y dudas sobre las reuniones presenciales en pleno estado de alarma Desde que comenz\u00f3 el curso, hemos recibido numerosas llamadas y quejas de","breadcrumb":{"@id":"https:\/\/www.cgtaragonlarioja.org\/fedens\/inconcrecion-y-dudas-sobre-las\/#breadcrumb"},"inLanguage":"es","potentialAction":[{"@type":"ReadAction","target":["https:\/\/www.cgtaragonlarioja.org\/fedens\/inconcrecion-y-dudas-sobre-las\/"]}]},{"@type":"ImageObject","inLanguage":"es","@id":"https:\/\/www.cgtaragonlarioja.org\/fedens\/inconcrecion-y-dudas-sobre-las\/#primaryimage","url":"https:\/\/www.cgtaragonlarioja.org\/fedens\/files\/2020\/10\/Captura-6.jpg","contentUrl":"https:\/\/www.cgtaragonlarioja.org\/fedens\/files\/2020\/10\/Captura-6.jpg","width":719,"height":669,"caption":"Pincha en la imagen para acceder al contenido"},{"@type":"BreadcrumbList","@id":"https:\/\/www.cgtaragonlarioja.org\/fedens\/inconcrecion-y-dudas-sobre-las\/#breadcrumb","itemListElement":[{"@type":"ListItem","position":1,"name":"Portada","item":"https:\/\/www.cgtaragonlarioja.org\/fedens\/"},{"@type":"ListItem","position":2,"name":"Inconcreci\u00f3n y dudas sobre las reuniones presenciales en pleno estado de alarma"}]},{"@type":"WebSite","@id":"https:\/\/www.cgtaragonlarioja.org\/fedens\/#website","url":"https:\/\/www.cgtaragonlarioja.org\/fedens\/","name":"CGT Arag\u00f3n - La Rioja. ENSE\u00d1ANZA","description":"CONTACTAR: Calatayud-Aranda: 654897973 \/ Huesca: 974238404 \/ Teruel: 978619265 \/ Zaragoza: 976922002","publisher":{"@id":"https:\/\/www.cgtaragonlarioja.org\/fedens\/#organization"},"potentialAction":[{"@type":"SearchAction","target":{"@type":"EntryPoint","urlTemplate":"https:\/\/www.cgtaragonlarioja.org\/fedens\/?s={search_term_string}"},"query-input":{"@type":"PropertyValueSpecification","valueRequired":true,"valueName":"search_term_string"}}],"inLanguage":"es"},{"@type":"Organization","@id":"https:\/\/www.cgtaragonlarioja.org\/fedens\/#organization","name":"CGT Arag\u00f3n y La Rioja - Ense\u00f1anza","url":"https:\/\/www.cgtaragonlarioja.org\/fedens\/","logo":{"@type":"ImageObject","inLanguage":"es","@id":"https:\/\/www.cgtaragonlarioja.org\/fedens\/#\/schema\/logo\/image\/","url":"https:\/\/www.cgtaragonlarioja.org\/fedens\/files\/2021\/02\/logo_cgt_ense_huesca_170x250.png","contentUrl":"https:\/\/www.cgtaragonlarioja.org\/fedens\/files\/2021\/02\/logo_cgt_ense_huesca_170x250.png","width":170,"height":250,"caption":"CGT Arag\u00f3n y La Rioja - Ense\u00f1anza"},"image":{"@id":"https:\/\/www.cgtaragonlarioja.org\/fedens\/#\/schema\/logo\/image\/"},"sameAs":["https:\/\/www.facebook.com\/CGTEnseAragon\/","https:\/\/x.com\/CGTeduAragon"]},{"@type":"Person","@id":"","url":"https:\/\/www.cgtaragonlarioja.org\/fedens\/author\/"}]}},"_links":{"self":[{"href":"https:\/\/www.cgtaragonlarioja.org\/fedens\/wp-json\/wp\/v2\/posts\/10612","targetHints":{"allow":["GET"]}}],"collection":[{"href":"https:\/\/www.cgtaragonlarioja.org\/fedens\/wp-json\/wp\/v2\/posts"}],"about":[{"href":"https:\/\/www.cgtaragonlarioja.org\/fedens\/wp-json\/wp\/v2\/types\/post"}],"author":[{"embeddable":true,"href":"https:\/\/www.cgtaragonlarioja.org\/fedens\/wp-json\/wp\/v2\/users\/485"}],"replies":[{"embeddable":true,"href":"https:\/\/www.cgtaragonlarioja.org\/fedens\/wp-json\/wp\/v2\/comments?post=10612"}],"version-history":[{"count":2,"href":"https:\/\/www.cgtaragonlarioja.org\/fedens\/wp-json\/wp\/v2\/posts\/10612\/revisions"}],"predecessor-version":[{"id":10615,"href":"https:\/\/www.cgtaragonlarioja.org\/fedens\/wp-json\/wp\/v2\/posts\/10612\/revisions\/10615"}],"wp:featuredmedia":[{"embeddable":true,"href":"https:\/\/www.cgtaragonlarioja.org\/fedens\/wp-json\/wp\/v2\/media\/10611"}],"wp:attachment":[{"href":"https:\/\/www.cgtaragonlarioja.org\/fedens\/wp-json\/wp\/v2\/media?parent=10612"}],"wp:term":[{"taxonomy":"category","embeddable":true,"href":"https:\/\/www.cgtaragonlarioja.org\/fedens\/wp-json\/wp\/v2\/categories?post=10612"},{"taxonomy":"post_tag","embeddable":true,"href":"https:\/\/www.cgtaragonlarioja.org\/fedens\/wp-json\/wp\/v2\/tags?post=10612"}],"curies":[{"name":"wp","href":"https:\/\/api.w.org\/{rel}","templated":true}]}}