{"id":10603,"date":"2020-10-27T09:37:52","date_gmt":"2020-10-27T08:37:52","guid":{"rendered":"https:\/\/www.cgtaragonlarioja.org\/fedens2\/educacion-pensamiento-accion\/la-lomloe-una-oportunidad-perdida\/"},"modified":"2021-02-08T01:05:33","modified_gmt":"2021-02-08T00:05:33","slug":"la-lomloe-una-oportunidad-perdida","status":"publish","type":"post","link":"https:\/\/www.cgtaragonlarioja.org\/fedens\/la-lomloe-una-oportunidad-perdida\/","title":{"rendered":"La LOMLOE, \u00bfuna oportunidad perdida?"},"content":{"rendered":"<p>Sin menospreciar las derogaciones que se han realizado en esta nueva ley y que eran muy necesarias, la propuesta de la LOMLOE mantiene el modelo curricular caracter\u00ed\u00adstico de nuestro pa\u00ed\u00ads, con curr\u00ed\u00adculos extensos y memor\u00ed\u00adsticos, reforzados con evaluaciones externas que imponen lo que hay que ense\u00f1ar y controlan las pr\u00e1cticas escolares quitando autonom\u00ed\u00ada profesional a los y las docentes.<\/p>\n<p>Coincidimos con personas pertenecientes a la comunidad escolar, sindicatos y organizaciones sociales, en que los gobiernos de izquierda no han articulado un proyecto educativo ilusionante para nuestro pa\u00ed\u00ads, con un perfil diferenciado de la derecha. No hemos sido capaces de superar aquella etapa oscurantista, que dio forma a gran parte de nuestra cultura escolar, con la tergiversaci\u00f3n de la historia, la condena del laicismo y de la coeducaci\u00f3n y una concepci\u00f3n negativa de la infancia (la cultura del esfuerzo lo llaman ahora). Y no han logrado proponer leyes progresistas adaptadas al mundo actual. Su visi\u00f3n responde a una docencia anclada en el academicismo, con una idea descontextualizada del conocimiento, aprendizajes superficiales y memor\u00ed\u00adsticos y la utilizaci\u00f3n de m\u00e9todos simult\u00e1neos que ense\u00f1an a muchos como si fueran uno solo. Consiguen la domesticaci\u00f3n del alumnado potenciando la exclusi\u00f3n, el abandono escolar y sirviendo a la acreditaci\u00f3n y la meritocracia.<\/p>\n<p>El sistema educativo p\u00fablico debe ser parte de un proyecto social donde se promueva la democracia, la convivencia y la cohesi\u00f3n social. Las medidas que se han promovido con la LOMLOE no afectan al fondo del problema educativo. Al conservadurismo con el que se fomenta el modelo arcaico del conocimiento, la disciplina, la cultura del esfuerzo y la segregaci\u00f3n por sexos, culturas y niveles sociales, se a\u00f1ade una nueva cultura del \u00e9xito escolar donde prima la ense\u00f1anza del individualismo y la competitividad frente a la cooperaci\u00f3n y el cuidado como base de la conducta humana.<\/p>\n<p>Pol\u00ed\u00adticas que, como se est\u00e1 comprobando, lejos de ser democr\u00e1ticas y buscar la justicia social para todo el alumnado convierten a la escuela en peque\u00f1as empresas, fomentan la competitividad, el \u00abhomo economicus\u00bb, y generan desigualdad en lugar de preocuparse por la formaci\u00f3n de ciudadanos y ciudadanas en los que crezca la libertad de pensar y de ser con la adquisici\u00f3n de un conocimiento con sentido que los haga conscientes ante el mundo y capaces de transformar la sociedad.<\/p>\n<p>En el mundo de hoy, con una sociedad altamente tecnologizada, no podemos seguir ense\u00f1ando contenidos cerrados y preparados para su reproducci\u00f3n. El alumnado debe ser capaz de acceder, seleccionar y transformar la informaci\u00f3n para convertirnos en una sociedad del conocimiento justa y solidaria.<\/p>\n<p>El derecho a la educaci\u00f3n requiere un sistema educativo flexible con capacidad para incluir y atender las necesidades de todo el alumnado y asegurar sus derechos. Eso significa que, adem\u00e1s de evitar los itinerarios y las clasificaciones del alumnado, propuestos por la LOMCE, se debe desterrar la evaluaci\u00f3n como un mecanismo de sanci\u00f3n y de desafecci\u00f3n del alumnado por lo estudios. Una educaci\u00f3n en la que se realicen aprendizajes relevantes, que no se midan en funci\u00f3n de las ganancias, sino con vista a promover un desarrollo personal y social. Con un conocimiento emancipador, laico y cr\u00ed\u00adtico con el que puedan comprender el mundo, cuestion\u00e1ndolo y proponiendo su transformaci\u00f3n.<\/p>\n<p>Son muchos los retos de la humanidad a los que la educaci\u00f3n debe responder: la globalizaci\u00f3n econ\u00f3mica, la degradaci\u00f3n medioambiental, las desigualdades sociales, las dificultades econ\u00f3micas o financieras&#8230;<\/p>\n<p>Los principios rectores de una democracia deben salvaguardarse, pero nos encontramos una vez m\u00e1s que la educaci\u00f3n sirve para tiempos electorales con las promesas tantas veces escuchadas en inversi\u00f3n y en leyes, pero una vez m\u00e1s los pactos pol\u00ed\u00adticos utilizan a la educaci\u00f3n como un instrumento para el intercambio pol\u00ed\u00adtico.<\/p>\n<p>Sin menospreciar las derogaciones que se han realizado en esta nueva ley y que eran muy necesarias, la propuesta de la LOMLOE mantiene el modelo curricular caracter\u00ed\u00adstico de nuestro pa\u00ed\u00ads, con curr\u00ed\u00adculos extensos y memor\u00ed\u00adsticos, reforzados con evaluaciones externas que imponen lo que hay que ense\u00f1ar y controlan las pr\u00e1cticas escolares quitando autonom\u00ed\u00ada profesional a los y las docentes y proponiendo una ense\u00f1anza homog\u00e9nea. A la vez, se mantiene alejada de una ense\u00f1anza laica propia de una educaci\u00f3n democr\u00e1tica, no doctrinaria, y deja en manos de las comunidades aut\u00f3nomas el aumento de la privatizaci\u00f3n, la competitividad entre las escuelas y, como resultado, la segregaci\u00f3n escolar, que nos ha puesto a la cola de la Uni\u00f3n Europea y de la OCDE en igualdad en muy pocos a\u00f1os. Es una ley que propone aquello que deber\u00ed\u00ada limitar, los suspensos, la inclusi\u00f3n, la selecci\u00f3n del alumnado&#8230;, invitando al profesorado a ser el \u00fanico responsable de los resultados acad\u00e9micos y del funcionamiento del sistema educativo.<\/p>\n<p>Los nuevos tiempos se preocupan de una falsa autonom\u00ed\u00ada, que viene a reforzar las pol\u00ed\u00adticas de elecci\u00f3n de centro (porque no las impide), la imposici\u00f3n de los intereses espurios del mercado que desea una formaci\u00f3n vocacional y especializada para el mundo del trabajo y para conseguir aumentar el PIB, cuesti\u00f3n por otro lado discutible. Una escuela que anticipa y reproduce las divisiones y jerarqu\u00ed\u00adas del mundo laboral y se especializa en saberes productivos que no cuestionan los marcos que los sustentan.<\/p>\n<p>Una triste oportunidad perdida.<\/p>\n<p>Lxs autorxs, Carmen Rodr\u00ed\u00adguez Mart\u00ed\u00adnez, Jordi Adell, Francisco Imbern\u00f3n, Jos\u00e9 Gimeno Sacrist\u00e1n, Rodrigo J. Garc\u00ed\u00ada, Roc\u00ed\u00ado Anguita y Javier Esteban Marrero, pertenecen al Foro de Sevilla.<\/p>\n<p>Este art\u00ed\u00adculo fue originalmente publicado en <a href=\"https:\/\/eldiariodelaeducacion.com\/porotrapoliticaeducativa\/2020\/10\/20\/la-lomloe-una-oportunidad-perdida\/\">eldiariodelaeducacion.com<\/a><\/p>\n<div id=\"simple-translate\">\n<div>\n<div class=\"simple-translate-button isShow\" style=\"background-image: url('moz-extension:\/\/accf3f48-9009-48a8-ae2f-6805f9520a66\/icons\/512.png'); height: 22px; width: 22px; top: 1514px; left: 1px;\"><\/div>\n<div class=\"simple-translate-panel \" style=\"width: 500px; height: 300px; top: 0px; left: 0px; font-size: 13px; background-color: #ffffff;\">\n<div class=\"simple-translate-result-wrapper\" style=\"overflow: hidden;\">\n<div class=\"simple-translate-move\" draggable=\"true\"><\/div>\n<div class=\"simple-translate-result-contents\">\n<p class=\"simple-translate-result\" style=\"color: #000000;\">\n<p class=\"simple-translate-candidate\" style=\"color: #737373;\">\n<\/div>\n<\/div>\n<\/div>\n<\/div>\n<\/div>\n","protected":false},"excerpt":{"rendered":"<p>Sin menospreciar las derogaciones que se han realizado en esta nueva ley y que eran<\/p>\n","protected":false},"author":485,"featured_media":0,"comment_status":"open","ping_status":"open","sticky":false,"template":"","format":"standard","meta":{"footnotes":""},"categories":[504],"tags":[],"class_list":["post-10603","post","type-post","status-publish","format-standard","hentry","category-a-debate"],"yoast_head":"<!-- This site is optimized with the Yoast SEO plugin v26.7 - https:\/\/yoast.com\/wordpress\/plugins\/seo\/ -->\n<title>La LOMLOE, \u00bfuna oportunidad perdida?<\/title>\n<meta name=\"description\" content=\"Sin menospreciar las derogaciones que se han realizado en esta nueva ley y que eran muy necesarias, la propuesta de la LOMLOE mantiene el modelo\" \/>\n<meta name=\"robots\" content=\"index, follow, max-snippet:-1, max-image-preview:large, max-video-preview:-1\" \/>\n<link rel=\"canonical\" href=\"https:\/\/www.cgtaragonlarioja.org\/fedens\/la-lomloe-una-oportunidad-perdida\/\" \/>\n<meta property=\"og:locale\" content=\"es_ES\" \/>\n<meta property=\"og:type\" content=\"article\" \/>\n<meta property=\"og:title\" content=\"La LOMLOE, \u00bfuna oportunidad perdida?\" \/>\n<meta property=\"og:description\" content=\"Sin menospreciar las derogaciones que se han realizado en esta nueva ley y que eran muy necesarias, la propuesta de la LOMLOE mantiene el modelo\" \/>\n<meta property=\"og:url\" content=\"https:\/\/www.cgtaragonlarioja.org\/fedens\/la-lomloe-una-oportunidad-perdida\/\" \/>\n<meta property=\"og:site_name\" content=\"CGT Arag\u00f3n - La Rioja. ENSE\u00d1ANZA\" \/>\n<meta property=\"article:publisher\" content=\"https:\/\/www.facebook.com\/CGTEnseAragon\/\" \/>\n<meta property=\"article:published_time\" content=\"2020-10-27T08:37:52+00:00\" \/>\n<meta property=\"article:modified_time\" content=\"2021-02-08T00:05:33+00:00\" \/>\n<meta name=\"twitter:card\" content=\"summary_large_image\" \/>\n<meta name=\"twitter:creator\" content=\"@CGTeduAragon\" \/>\n<meta name=\"twitter:site\" content=\"@CGTeduAragon\" \/>\n<meta name=\"twitter:label1\" content=\"Escrito por\" \/>\n\t<meta name=\"twitter:data1\" content=\"\" \/>\n\t<meta name=\"twitter:label2\" content=\"Tiempo de lectura\" \/>\n\t<meta name=\"twitter:data2\" content=\"4 minutos\" \/>\n<script type=\"application\/ld+json\" class=\"yoast-schema-graph\">{\"@context\":\"https:\/\/schema.org\",\"@graph\":[{\"@type\":\"Article\",\"@id\":\"https:\/\/www.cgtaragonlarioja.org\/fedens\/la-lomloe-una-oportunidad-perdida\/#article\",\"isPartOf\":{\"@id\":\"https:\/\/www.cgtaragonlarioja.org\/fedens\/la-lomloe-una-oportunidad-perdida\/\"},\"author\":{\"name\":\"\",\"@id\":\"\"},\"headline\":\"La LOMLOE, \u00bfuna oportunidad perdida?\",\"datePublished\":\"2020-10-27T08:37:52+00:00\",\"dateModified\":\"2021-02-08T00:05:33+00:00\",\"mainEntityOfPage\":{\"@id\":\"https:\/\/www.cgtaragonlarioja.org\/fedens\/la-lomloe-una-oportunidad-perdida\/\"},\"wordCount\":984,\"commentCount\":0,\"publisher\":{\"@id\":\"https:\/\/www.cgtaragonlarioja.org\/fedens\/#organization\"},\"articleSection\":[\"A Debate\"],\"inLanguage\":\"es\",\"potentialAction\":[{\"@type\":\"CommentAction\",\"name\":\"Comment\",\"target\":[\"https:\/\/www.cgtaragonlarioja.org\/fedens\/la-lomloe-una-oportunidad-perdida\/#respond\"]}]},{\"@type\":\"WebPage\",\"@id\":\"https:\/\/www.cgtaragonlarioja.org\/fedens\/la-lomloe-una-oportunidad-perdida\/\",\"url\":\"https:\/\/www.cgtaragonlarioja.org\/fedens\/la-lomloe-una-oportunidad-perdida\/\",\"name\":\"La LOMLOE, \u00bfuna oportunidad perdida?\",\"isPartOf\":{\"@id\":\"https:\/\/www.cgtaragonlarioja.org\/fedens\/#website\"},\"datePublished\":\"2020-10-27T08:37:52+00:00\",\"dateModified\":\"2021-02-08T00:05:33+00:00\",\"description\":\"Sin menospreciar las derogaciones que se han realizado en esta nueva ley y que eran muy necesarias, la propuesta de la LOMLOE mantiene el modelo\",\"breadcrumb\":{\"@id\":\"https:\/\/www.cgtaragonlarioja.org\/fedens\/la-lomloe-una-oportunidad-perdida\/#breadcrumb\"},\"inLanguage\":\"es\",\"potentialAction\":[{\"@type\":\"ReadAction\",\"target\":[\"https:\/\/www.cgtaragonlarioja.org\/fedens\/la-lomloe-una-oportunidad-perdida\/\"]}]},{\"@type\":\"BreadcrumbList\",\"@id\":\"https:\/\/www.cgtaragonlarioja.org\/fedens\/la-lomloe-una-oportunidad-perdida\/#breadcrumb\",\"itemListElement\":[{\"@type\":\"ListItem\",\"position\":1,\"name\":\"Portada\",\"item\":\"https:\/\/www.cgtaragonlarioja.org\/fedens\/\"},{\"@type\":\"ListItem\",\"position\":2,\"name\":\"La LOMLOE, \u00bfuna oportunidad perdida?\"}]},{\"@type\":\"WebSite\",\"@id\":\"https:\/\/www.cgtaragonlarioja.org\/fedens\/#website\",\"url\":\"https:\/\/www.cgtaragonlarioja.org\/fedens\/\",\"name\":\"CGT Arag\u00f3n - La Rioja. ENSE\u00d1ANZA\",\"description\":\"CONTACTAR: Calatayud-Aranda: 654897973 \/ Huesca: 974238404 \/ Teruel: 978619265 \/ Zaragoza: 976922002\",\"publisher\":{\"@id\":\"https:\/\/www.cgtaragonlarioja.org\/fedens\/#organization\"},\"potentialAction\":[{\"@type\":\"SearchAction\",\"target\":{\"@type\":\"EntryPoint\",\"urlTemplate\":\"https:\/\/www.cgtaragonlarioja.org\/fedens\/?s={search_term_string}\"},\"query-input\":{\"@type\":\"PropertyValueSpecification\",\"valueRequired\":true,\"valueName\":\"search_term_string\"}}],\"inLanguage\":\"es\"},{\"@type\":\"Organization\",\"@id\":\"https:\/\/www.cgtaragonlarioja.org\/fedens\/#organization\",\"name\":\"CGT Arag\u00f3n y La Rioja - Ense\u00f1anza\",\"url\":\"https:\/\/www.cgtaragonlarioja.org\/fedens\/\",\"logo\":{\"@type\":\"ImageObject\",\"inLanguage\":\"es\",\"@id\":\"https:\/\/www.cgtaragonlarioja.org\/fedens\/#\/schema\/logo\/image\/\",\"url\":\"https:\/\/www.cgtaragonlarioja.org\/fedens\/files\/2021\/02\/logo_cgt_ense_huesca_170x250.png\",\"contentUrl\":\"https:\/\/www.cgtaragonlarioja.org\/fedens\/files\/2021\/02\/logo_cgt_ense_huesca_170x250.png\",\"width\":170,\"height\":250,\"caption\":\"CGT Arag\u00f3n y La Rioja - Ense\u00f1anza\"},\"image\":{\"@id\":\"https:\/\/www.cgtaragonlarioja.org\/fedens\/#\/schema\/logo\/image\/\"},\"sameAs\":[\"https:\/\/www.facebook.com\/CGTEnseAragon\/\",\"https:\/\/x.com\/CGTeduAragon\"]},{\"@type\":\"Person\",\"@id\":\"\",\"url\":\"https:\/\/www.cgtaragonlarioja.org\/fedens\/author\/\"}]}<\/script>\n<!-- \/ Yoast SEO plugin. -->","yoast_head_json":{"title":"La LOMLOE, \u00bfuna oportunidad perdida?","description":"Sin menospreciar las derogaciones que se han realizado en esta nueva ley y que eran muy necesarias, la propuesta de la LOMLOE mantiene el modelo","robots":{"index":"index","follow":"follow","max-snippet":"max-snippet:-1","max-image-preview":"max-image-preview:large","max-video-preview":"max-video-preview:-1"},"canonical":"https:\/\/www.cgtaragonlarioja.org\/fedens\/la-lomloe-una-oportunidad-perdida\/","og_locale":"es_ES","og_type":"article","og_title":"La LOMLOE, \u00bfuna oportunidad perdida?","og_description":"Sin menospreciar las derogaciones que se han realizado en esta nueva ley y que eran muy necesarias, la propuesta de la LOMLOE mantiene el modelo","og_url":"https:\/\/www.cgtaragonlarioja.org\/fedens\/la-lomloe-una-oportunidad-perdida\/","og_site_name":"CGT Arag\u00f3n - La Rioja. ENSE\u00d1ANZA","article_publisher":"https:\/\/www.facebook.com\/CGTEnseAragon\/","article_published_time":"2020-10-27T08:37:52+00:00","article_modified_time":"2021-02-08T00:05:33+00:00","twitter_card":"summary_large_image","twitter_creator":"@CGTeduAragon","twitter_site":"@CGTeduAragon","twitter_misc":{"Escrito por":"","Tiempo de lectura":"4 minutos"},"schema":{"@context":"https:\/\/schema.org","@graph":[{"@type":"Article","@id":"https:\/\/www.cgtaragonlarioja.org\/fedens\/la-lomloe-una-oportunidad-perdida\/#article","isPartOf":{"@id":"https:\/\/www.cgtaragonlarioja.org\/fedens\/la-lomloe-una-oportunidad-perdida\/"},"author":{"name":"","@id":""},"headline":"La LOMLOE, \u00bfuna oportunidad perdida?","datePublished":"2020-10-27T08:37:52+00:00","dateModified":"2021-02-08T00:05:33+00:00","mainEntityOfPage":{"@id":"https:\/\/www.cgtaragonlarioja.org\/fedens\/la-lomloe-una-oportunidad-perdida\/"},"wordCount":984,"commentCount":0,"publisher":{"@id":"https:\/\/www.cgtaragonlarioja.org\/fedens\/#organization"},"articleSection":["A Debate"],"inLanguage":"es","potentialAction":[{"@type":"CommentAction","name":"Comment","target":["https:\/\/www.cgtaragonlarioja.org\/fedens\/la-lomloe-una-oportunidad-perdida\/#respond"]}]},{"@type":"WebPage","@id":"https:\/\/www.cgtaragonlarioja.org\/fedens\/la-lomloe-una-oportunidad-perdida\/","url":"https:\/\/www.cgtaragonlarioja.org\/fedens\/la-lomloe-una-oportunidad-perdida\/","name":"La LOMLOE, \u00bfuna oportunidad perdida?","isPartOf":{"@id":"https:\/\/www.cgtaragonlarioja.org\/fedens\/#website"},"datePublished":"2020-10-27T08:37:52+00:00","dateModified":"2021-02-08T00:05:33+00:00","description":"Sin menospreciar las derogaciones que se han realizado en esta nueva ley y que eran muy necesarias, la propuesta de la LOMLOE mantiene el modelo","breadcrumb":{"@id":"https:\/\/www.cgtaragonlarioja.org\/fedens\/la-lomloe-una-oportunidad-perdida\/#breadcrumb"},"inLanguage":"es","potentialAction":[{"@type":"ReadAction","target":["https:\/\/www.cgtaragonlarioja.org\/fedens\/la-lomloe-una-oportunidad-perdida\/"]}]},{"@type":"BreadcrumbList","@id":"https:\/\/www.cgtaragonlarioja.org\/fedens\/la-lomloe-una-oportunidad-perdida\/#breadcrumb","itemListElement":[{"@type":"ListItem","position":1,"name":"Portada","item":"https:\/\/www.cgtaragonlarioja.org\/fedens\/"},{"@type":"ListItem","position":2,"name":"La LOMLOE, \u00bfuna oportunidad perdida?"}]},{"@type":"WebSite","@id":"https:\/\/www.cgtaragonlarioja.org\/fedens\/#website","url":"https:\/\/www.cgtaragonlarioja.org\/fedens\/","name":"CGT Arag\u00f3n - La Rioja. ENSE\u00d1ANZA","description":"CONTACTAR: Calatayud-Aranda: 654897973 \/ Huesca: 974238404 \/ Teruel: 978619265 \/ Zaragoza: 976922002","publisher":{"@id":"https:\/\/www.cgtaragonlarioja.org\/fedens\/#organization"},"potentialAction":[{"@type":"SearchAction","target":{"@type":"EntryPoint","urlTemplate":"https:\/\/www.cgtaragonlarioja.org\/fedens\/?s={search_term_string}"},"query-input":{"@type":"PropertyValueSpecification","valueRequired":true,"valueName":"search_term_string"}}],"inLanguage":"es"},{"@type":"Organization","@id":"https:\/\/www.cgtaragonlarioja.org\/fedens\/#organization","name":"CGT Arag\u00f3n y La Rioja - Ense\u00f1anza","url":"https:\/\/www.cgtaragonlarioja.org\/fedens\/","logo":{"@type":"ImageObject","inLanguage":"es","@id":"https:\/\/www.cgtaragonlarioja.org\/fedens\/#\/schema\/logo\/image\/","url":"https:\/\/www.cgtaragonlarioja.org\/fedens\/files\/2021\/02\/logo_cgt_ense_huesca_170x250.png","contentUrl":"https:\/\/www.cgtaragonlarioja.org\/fedens\/files\/2021\/02\/logo_cgt_ense_huesca_170x250.png","width":170,"height":250,"caption":"CGT Arag\u00f3n y La Rioja - Ense\u00f1anza"},"image":{"@id":"https:\/\/www.cgtaragonlarioja.org\/fedens\/#\/schema\/logo\/image\/"},"sameAs":["https:\/\/www.facebook.com\/CGTEnseAragon\/","https:\/\/x.com\/CGTeduAragon"]},{"@type":"Person","@id":"","url":"https:\/\/www.cgtaragonlarioja.org\/fedens\/author\/"}]}},"_links":{"self":[{"href":"https:\/\/www.cgtaragonlarioja.org\/fedens\/wp-json\/wp\/v2\/posts\/10603","targetHints":{"allow":["GET"]}}],"collection":[{"href":"https:\/\/www.cgtaragonlarioja.org\/fedens\/wp-json\/wp\/v2\/posts"}],"about":[{"href":"https:\/\/www.cgtaragonlarioja.org\/fedens\/wp-json\/wp\/v2\/types\/post"}],"author":[{"embeddable":true,"href":"https:\/\/www.cgtaragonlarioja.org\/fedens\/wp-json\/wp\/v2\/users\/485"}],"replies":[{"embeddable":true,"href":"https:\/\/www.cgtaragonlarioja.org\/fedens\/wp-json\/wp\/v2\/comments?post=10603"}],"version-history":[{"count":2,"href":"https:\/\/www.cgtaragonlarioja.org\/fedens\/wp-json\/wp\/v2\/posts\/10603\/revisions"}],"predecessor-version":[{"id":11313,"href":"https:\/\/www.cgtaragonlarioja.org\/fedens\/wp-json\/wp\/v2\/posts\/10603\/revisions\/11313"}],"wp:attachment":[{"href":"https:\/\/www.cgtaragonlarioja.org\/fedens\/wp-json\/wp\/v2\/media?parent=10603"}],"wp:term":[{"taxonomy":"category","embeddable":true,"href":"https:\/\/www.cgtaragonlarioja.org\/fedens\/wp-json\/wp\/v2\/categories?post=10603"},{"taxonomy":"post_tag","embeddable":true,"href":"https:\/\/www.cgtaragonlarioja.org\/fedens\/wp-json\/wp\/v2\/tags?post=10603"}],"curies":[{"name":"wp","href":"https:\/\/api.w.org\/{rel}","templated":true}]}}