{"id":10335,"date":"2020-06-16T15:39:42","date_gmt":"2020-06-16T13:39:42","guid":{"rendered":"https:\/\/www.cgtaragonlarioja.org\/fedens2\/noticias\/cgt-denuncia-el-retraso-de-la\/"},"modified":"2020-06-16T15:39:42","modified_gmt":"2020-06-16T13:39:42","slug":"cgt-denuncia-el-retraso-de-la","status":"publish","type":"post","link":"https:\/\/www.cgtaragonlarioja.org\/fedens\/cgt-denuncia-el-retraso-de-la\/","title":{"rendered":"CGT DENUNCIA EL RETRASO DE LA ADJUDICACI\u00d3N DEL PROFESORADO INTERINO"},"content":{"rendered":"<p>El Departamento de Educaci\u00f3n ha hecho p\u00fablico el <a href=\"https:\/\/cgtfedens.com\/calendario-de-actuaciones-inicio\">calendario de actuaciones para el profesorado interino<\/a> en el que retrasa la adjudicaci\u00f3n de destinos para el pr\u00f3ximo curso escolar 2020\/2021 hasta finales de agosto.  <\/p>\n<p>El profesorado interino de Infantil y Primaria no conocer\u00e1 su nuevo centro hasta el 24 de agosto y todav\u00eda con menos margen contar\u00e1 el profesorado interino de Secundaria, cuya adjudicaci\u00f3n no tendr\u00e1 lugar hasta el 28 de agosto.<\/p>\n<p>Para CGT Ense\u00f1anza es indignante que el profesorado interino de Secundaria conozca su destino un viernes y en tres d\u00edas, con un fin de semana por el medio, tenga que adaptarse a su nueva situaci\u00f3n para todo un curso escolar. El profesorado de Primaria, que sol\u00eda conocer su nuevo destino en julio si no hab\u00eda proceso de oposici\u00f3n, tan solo contar\u00e1 con una semana para adaptarse a su nueva situaci\u00f3n.<\/p>\n<p>Este retraso en la adjudicaci\u00f3n de destinos, dejar\u00e1 a miles de personas interinas con d\u00edas de margen para adaptarse, perjudicando gravemente su planificaci\u00f3n y conciliaci\u00f3n familiar o la b\u00fasqueda de un alojamiento para el pr\u00f3ximo curso.<\/p>\n<p>Desde CGT y desde el colectivo interino, llevamos reclamando desde hace a\u00f1os que se adelante para los y las docentes de Secundaria este proceso a julio, tal y como se hace en otras comunidades aut\u00f3nomas.  Sin embargo, la administraci\u00f3n educativa aragonesa, no solo no ha atendido a esta petici\u00f3n sino que lo retrasa hasta dejar solo unos d\u00edas de margen para la adaptaci\u00f3n de miles de familias. Y ahora nos encontramos con que tambi\u00e9n lo retrasan para el Cuerpo de Maestr@s cre\u00e1ndoles el mismo perjuicio.<\/p>\n<p>Para CGT este retraso del proceso es vergonzoso y una muestra m\u00e1s de la falta de sensibilidad de esta administraci\u00f3n educativa hacia el personal interino. <\/p>\n","protected":false},"excerpt":{"rendered":"<p>El Departamento de Educaci\u00f3n ha hecho p\u00fablico el calendario de actuaciones para el profesorado interino<\/p>\n","protected":false},"author":485,"featured_media":0,"comment_status":"open","ping_status":"open","sticky":false,"template":"","format":"standard","meta":{"footnotes":""},"categories":[480],"tags":[539],"class_list":["post-10335","post","type-post","status-publish","format-standard","hentry","category-noticias","tag-propuestas-de-cgt"],"yoast_head":"<!-- This site is optimized with the Yoast SEO plugin v26.7 - https:\/\/yoast.com\/wordpress\/plugins\/seo\/ -->\n<title>CGT DENUNCIA EL RETRASO DE LA ADJUDICACI\u00d3N DEL PROFESORADO INTERINO<\/title>\n<meta name=\"description\" content=\"El Departamento de Educaci\u00f3n ha hecho p\u00fablico el calendario de actuaciones para el profesorado interino en el que retrasa la adjudicaci\u00f3n de destinos para\" \/>\n<meta name=\"robots\" content=\"index, follow, max-snippet:-1, max-image-preview:large, max-video-preview:-1\" \/>\n<link rel=\"canonical\" href=\"https:\/\/www.cgtaragonlarioja.org\/fedens\/cgt-denuncia-el-retraso-de-la\/\" \/>\n<meta property=\"og:locale\" content=\"es_ES\" \/>\n<meta property=\"og:type\" content=\"article\" \/>\n<meta property=\"og:title\" content=\"CGT DENUNCIA EL RETRASO DE LA ADJUDICACI\u00d3N DEL PROFESORADO INTERINO\" \/>\n<meta property=\"og:description\" content=\"El Departamento de Educaci\u00f3n ha hecho p\u00fablico el calendario de actuaciones para el profesorado interino en el que retrasa la adjudicaci\u00f3n de destinos para\" \/>\n<meta property=\"og:url\" content=\"https:\/\/www.cgtaragonlarioja.org\/fedens\/cgt-denuncia-el-retraso-de-la\/\" \/>\n<meta property=\"og:site_name\" content=\"CGT Arag\u00f3n - La Rioja. ENSE\u00d1ANZA\" \/>\n<meta property=\"article:publisher\" content=\"https:\/\/www.facebook.com\/CGTEnseAragon\/\" \/>\n<meta property=\"article:published_time\" content=\"2020-06-16T13:39:42+00:00\" \/>\n<meta name=\"twitter:card\" content=\"summary_large_image\" \/>\n<meta name=\"twitter:creator\" content=\"@CGTeduAragon\" \/>\n<meta name=\"twitter:site\" content=\"@CGTeduAragon\" \/>\n<meta name=\"twitter:label1\" content=\"Escrito por\" \/>\n\t<meta name=\"twitter:data1\" content=\"\" \/>\n\t<meta name=\"twitter:label2\" content=\"Tiempo de lectura\" \/>\n\t<meta name=\"twitter:data2\" content=\"2 minutos\" \/>\n<script type=\"application\/ld+json\" class=\"yoast-schema-graph\">{\"@context\":\"https:\/\/schema.org\",\"@graph\":[{\"@type\":\"Article\",\"@id\":\"https:\/\/www.cgtaragonlarioja.org\/fedens\/cgt-denuncia-el-retraso-de-la\/#article\",\"isPartOf\":{\"@id\":\"https:\/\/www.cgtaragonlarioja.org\/fedens\/cgt-denuncia-el-retraso-de-la\/\"},\"author\":{\"name\":\"\",\"@id\":\"\"},\"headline\":\"CGT DENUNCIA EL RETRASO DE LA ADJUDICACI\u00d3N DEL PROFESORADO INTERINO\",\"datePublished\":\"2020-06-16T13:39:42+00:00\",\"mainEntityOfPage\":{\"@id\":\"https:\/\/www.cgtaragonlarioja.org\/fedens\/cgt-denuncia-el-retraso-de-la\/\"},\"wordCount\":325,\"commentCount\":0,\"publisher\":{\"@id\":\"https:\/\/www.cgtaragonlarioja.org\/fedens\/#organization\"},\"keywords\":[\"Propuestas de CGT\"],\"articleSection\":[\"Noticias\"],\"inLanguage\":\"es\",\"potentialAction\":[{\"@type\":\"CommentAction\",\"name\":\"Comment\",\"target\":[\"https:\/\/www.cgtaragonlarioja.org\/fedens\/cgt-denuncia-el-retraso-de-la\/#respond\"]}]},{\"@type\":\"WebPage\",\"@id\":\"https:\/\/www.cgtaragonlarioja.org\/fedens\/cgt-denuncia-el-retraso-de-la\/\",\"url\":\"https:\/\/www.cgtaragonlarioja.org\/fedens\/cgt-denuncia-el-retraso-de-la\/\",\"name\":\"CGT DENUNCIA EL RETRASO DE LA ADJUDICACI\u00d3N DEL PROFESORADO INTERINO\",\"isPartOf\":{\"@id\":\"https:\/\/www.cgtaragonlarioja.org\/fedens\/#website\"},\"datePublished\":\"2020-06-16T13:39:42+00:00\",\"description\":\"El Departamento de Educaci\u00f3n ha hecho p\u00fablico el calendario de actuaciones para el profesorado interino en el que retrasa la adjudicaci\u00f3n de destinos para\",\"breadcrumb\":{\"@id\":\"https:\/\/www.cgtaragonlarioja.org\/fedens\/cgt-denuncia-el-retraso-de-la\/#breadcrumb\"},\"inLanguage\":\"es\",\"potentialAction\":[{\"@type\":\"ReadAction\",\"target\":[\"https:\/\/www.cgtaragonlarioja.org\/fedens\/cgt-denuncia-el-retraso-de-la\/\"]}]},{\"@type\":\"BreadcrumbList\",\"@id\":\"https:\/\/www.cgtaragonlarioja.org\/fedens\/cgt-denuncia-el-retraso-de-la\/#breadcrumb\",\"itemListElement\":[{\"@type\":\"ListItem\",\"position\":1,\"name\":\"Portada\",\"item\":\"https:\/\/www.cgtaragonlarioja.org\/fedens\/\"},{\"@type\":\"ListItem\",\"position\":2,\"name\":\"CGT DENUNCIA EL RETRASO DE LA ADJUDICACI\u00d3N DEL PROFESORADO INTERINO\"}]},{\"@type\":\"WebSite\",\"@id\":\"https:\/\/www.cgtaragonlarioja.org\/fedens\/#website\",\"url\":\"https:\/\/www.cgtaragonlarioja.org\/fedens\/\",\"name\":\"CGT Arag\u00f3n - La Rioja. ENSE\u00d1ANZA\",\"description\":\"CONTACTAR: Calatayud-Aranda: 654897973 \/ Huesca: 974238404 \/ Teruel: 978619265 \/ Zaragoza: 976922002\",\"publisher\":{\"@id\":\"https:\/\/www.cgtaragonlarioja.org\/fedens\/#organization\"},\"potentialAction\":[{\"@type\":\"SearchAction\",\"target\":{\"@type\":\"EntryPoint\",\"urlTemplate\":\"https:\/\/www.cgtaragonlarioja.org\/fedens\/?s={search_term_string}\"},\"query-input\":{\"@type\":\"PropertyValueSpecification\",\"valueRequired\":true,\"valueName\":\"search_term_string\"}}],\"inLanguage\":\"es\"},{\"@type\":\"Organization\",\"@id\":\"https:\/\/www.cgtaragonlarioja.org\/fedens\/#organization\",\"name\":\"CGT Arag\u00f3n y La Rioja - Ense\u00f1anza\",\"url\":\"https:\/\/www.cgtaragonlarioja.org\/fedens\/\",\"logo\":{\"@type\":\"ImageObject\",\"inLanguage\":\"es\",\"@id\":\"https:\/\/www.cgtaragonlarioja.org\/fedens\/#\/schema\/logo\/image\/\",\"url\":\"https:\/\/www.cgtaragonlarioja.org\/fedens\/files\/2021\/02\/logo_cgt_ense_huesca_170x250.png\",\"contentUrl\":\"https:\/\/www.cgtaragonlarioja.org\/fedens\/files\/2021\/02\/logo_cgt_ense_huesca_170x250.png\",\"width\":170,\"height\":250,\"caption\":\"CGT Arag\u00f3n y La Rioja - Ense\u00f1anza\"},\"image\":{\"@id\":\"https:\/\/www.cgtaragonlarioja.org\/fedens\/#\/schema\/logo\/image\/\"},\"sameAs\":[\"https:\/\/www.facebook.com\/CGTEnseAragon\/\",\"https:\/\/x.com\/CGTeduAragon\"]},{\"@type\":\"Person\",\"@id\":\"\",\"url\":\"https:\/\/www.cgtaragonlarioja.org\/fedens\/author\/\"}]}<\/script>\n<!-- \/ Yoast SEO plugin. -->","yoast_head_json":{"title":"CGT DENUNCIA EL RETRASO DE LA ADJUDICACI\u00d3N DEL PROFESORADO INTERINO","description":"El Departamento de Educaci\u00f3n ha hecho p\u00fablico el calendario de actuaciones para el profesorado interino en el que retrasa la adjudicaci\u00f3n de destinos para","robots":{"index":"index","follow":"follow","max-snippet":"max-snippet:-1","max-image-preview":"max-image-preview:large","max-video-preview":"max-video-preview:-1"},"canonical":"https:\/\/www.cgtaragonlarioja.org\/fedens\/cgt-denuncia-el-retraso-de-la\/","og_locale":"es_ES","og_type":"article","og_title":"CGT DENUNCIA EL RETRASO DE LA ADJUDICACI\u00d3N DEL PROFESORADO INTERINO","og_description":"El Departamento de Educaci\u00f3n ha hecho p\u00fablico el calendario de actuaciones para el profesorado interino en el que retrasa la adjudicaci\u00f3n de destinos para","og_url":"https:\/\/www.cgtaragonlarioja.org\/fedens\/cgt-denuncia-el-retraso-de-la\/","og_site_name":"CGT Arag\u00f3n - La Rioja. ENSE\u00d1ANZA","article_publisher":"https:\/\/www.facebook.com\/CGTEnseAragon\/","article_published_time":"2020-06-16T13:39:42+00:00","twitter_card":"summary_large_image","twitter_creator":"@CGTeduAragon","twitter_site":"@CGTeduAragon","twitter_misc":{"Escrito por":"","Tiempo de lectura":"2 minutos"},"schema":{"@context":"https:\/\/schema.org","@graph":[{"@type":"Article","@id":"https:\/\/www.cgtaragonlarioja.org\/fedens\/cgt-denuncia-el-retraso-de-la\/#article","isPartOf":{"@id":"https:\/\/www.cgtaragonlarioja.org\/fedens\/cgt-denuncia-el-retraso-de-la\/"},"author":{"name":"","@id":""},"headline":"CGT DENUNCIA EL RETRASO DE LA ADJUDICACI\u00d3N DEL PROFESORADO INTERINO","datePublished":"2020-06-16T13:39:42+00:00","mainEntityOfPage":{"@id":"https:\/\/www.cgtaragonlarioja.org\/fedens\/cgt-denuncia-el-retraso-de-la\/"},"wordCount":325,"commentCount":0,"publisher":{"@id":"https:\/\/www.cgtaragonlarioja.org\/fedens\/#organization"},"keywords":["Propuestas de CGT"],"articleSection":["Noticias"],"inLanguage":"es","potentialAction":[{"@type":"CommentAction","name":"Comment","target":["https:\/\/www.cgtaragonlarioja.org\/fedens\/cgt-denuncia-el-retraso-de-la\/#respond"]}]},{"@type":"WebPage","@id":"https:\/\/www.cgtaragonlarioja.org\/fedens\/cgt-denuncia-el-retraso-de-la\/","url":"https:\/\/www.cgtaragonlarioja.org\/fedens\/cgt-denuncia-el-retraso-de-la\/","name":"CGT DENUNCIA EL RETRASO DE LA ADJUDICACI\u00d3N DEL PROFESORADO INTERINO","isPartOf":{"@id":"https:\/\/www.cgtaragonlarioja.org\/fedens\/#website"},"datePublished":"2020-06-16T13:39:42+00:00","description":"El Departamento de Educaci\u00f3n ha hecho p\u00fablico el calendario de actuaciones para el profesorado interino en el que retrasa la adjudicaci\u00f3n de destinos para","breadcrumb":{"@id":"https:\/\/www.cgtaragonlarioja.org\/fedens\/cgt-denuncia-el-retraso-de-la\/#breadcrumb"},"inLanguage":"es","potentialAction":[{"@type":"ReadAction","target":["https:\/\/www.cgtaragonlarioja.org\/fedens\/cgt-denuncia-el-retraso-de-la\/"]}]},{"@type":"BreadcrumbList","@id":"https:\/\/www.cgtaragonlarioja.org\/fedens\/cgt-denuncia-el-retraso-de-la\/#breadcrumb","itemListElement":[{"@type":"ListItem","position":1,"name":"Portada","item":"https:\/\/www.cgtaragonlarioja.org\/fedens\/"},{"@type":"ListItem","position":2,"name":"CGT DENUNCIA EL RETRASO DE LA ADJUDICACI\u00d3N DEL PROFESORADO INTERINO"}]},{"@type":"WebSite","@id":"https:\/\/www.cgtaragonlarioja.org\/fedens\/#website","url":"https:\/\/www.cgtaragonlarioja.org\/fedens\/","name":"CGT Arag\u00f3n - La Rioja. ENSE\u00d1ANZA","description":"CONTACTAR: Calatayud-Aranda: 654897973 \/ Huesca: 974238404 \/ Teruel: 978619265 \/ Zaragoza: 976922002","publisher":{"@id":"https:\/\/www.cgtaragonlarioja.org\/fedens\/#organization"},"potentialAction":[{"@type":"SearchAction","target":{"@type":"EntryPoint","urlTemplate":"https:\/\/www.cgtaragonlarioja.org\/fedens\/?s={search_term_string}"},"query-input":{"@type":"PropertyValueSpecification","valueRequired":true,"valueName":"search_term_string"}}],"inLanguage":"es"},{"@type":"Organization","@id":"https:\/\/www.cgtaragonlarioja.org\/fedens\/#organization","name":"CGT Arag\u00f3n y La Rioja - Ense\u00f1anza","url":"https:\/\/www.cgtaragonlarioja.org\/fedens\/","logo":{"@type":"ImageObject","inLanguage":"es","@id":"https:\/\/www.cgtaragonlarioja.org\/fedens\/#\/schema\/logo\/image\/","url":"https:\/\/www.cgtaragonlarioja.org\/fedens\/files\/2021\/02\/logo_cgt_ense_huesca_170x250.png","contentUrl":"https:\/\/www.cgtaragonlarioja.org\/fedens\/files\/2021\/02\/logo_cgt_ense_huesca_170x250.png","width":170,"height":250,"caption":"CGT Arag\u00f3n y La Rioja - Ense\u00f1anza"},"image":{"@id":"https:\/\/www.cgtaragonlarioja.org\/fedens\/#\/schema\/logo\/image\/"},"sameAs":["https:\/\/www.facebook.com\/CGTEnseAragon\/","https:\/\/x.com\/CGTeduAragon"]},{"@type":"Person","@id":"","url":"https:\/\/www.cgtaragonlarioja.org\/fedens\/author\/"}]}},"_links":{"self":[{"href":"https:\/\/www.cgtaragonlarioja.org\/fedens\/wp-json\/wp\/v2\/posts\/10335","targetHints":{"allow":["GET"]}}],"collection":[{"href":"https:\/\/www.cgtaragonlarioja.org\/fedens\/wp-json\/wp\/v2\/posts"}],"about":[{"href":"https:\/\/www.cgtaragonlarioja.org\/fedens\/wp-json\/wp\/v2\/types\/post"}],"author":[{"embeddable":true,"href":"https:\/\/www.cgtaragonlarioja.org\/fedens\/wp-json\/wp\/v2\/users\/485"}],"replies":[{"embeddable":true,"href":"https:\/\/www.cgtaragonlarioja.org\/fedens\/wp-json\/wp\/v2\/comments?post=10335"}],"version-history":[{"count":0,"href":"https:\/\/www.cgtaragonlarioja.org\/fedens\/wp-json\/wp\/v2\/posts\/10335\/revisions"}],"wp:attachment":[{"href":"https:\/\/www.cgtaragonlarioja.org\/fedens\/wp-json\/wp\/v2\/media?parent=10335"}],"wp:term":[{"taxonomy":"category","embeddable":true,"href":"https:\/\/www.cgtaragonlarioja.org\/fedens\/wp-json\/wp\/v2\/categories?post=10335"},{"taxonomy":"post_tag","embeddable":true,"href":"https:\/\/www.cgtaragonlarioja.org\/fedens\/wp-json\/wp\/v2\/tags?post=10335"}],"curies":[{"name":"wp","href":"https:\/\/api.w.org\/{rel}","templated":true}]}}