{"id":10310,"date":"2020-06-11T14:38:13","date_gmt":"2020-06-11T12:38:13","guid":{"rendered":"https:\/\/www.cgtaragonlarioja.org\/fedens2\/noticias\/propuestas-desde-cgt-ensenanza\/"},"modified":"2021-01-29T09:36:12","modified_gmt":"2021-01-29T08:36:12","slug":"propuestas-desde-cgt-ensenanza","status":"publish","type":"post","link":"https:\/\/www.cgtaragonlarioja.org\/fedens\/propuestas-desde-cgt-ensenanza\/","title":{"rendered":"Propuestas desde CGT Ense\u00f1anza para el inicio del curso 20\/21"},"content":{"rendered":"El curso 19\/20 siempre se recordar\u00e1 por la llegada a nuestras vidas del covid-19, un virus que ha despertado una nueva realidad social y que para la educaci\u00f3n va a suponer un antes y un despu\u00e9s respecto a lo vivido hasta ahora.\n\nA partir de este momento se exige buscar unos nuevos m\u00e9todos que garanticen la seguridad de la comunidad educativa y que, a la vez, no mermen el proceso de aprendizaje de las nuevas generaciones.\n\nDesde CGT-ense\u00f1anza vemos imprescindible que las distintas administraciones no pongan parches a una situaci\u00f3n generada por un hecho puntual, tiene que haber unos compromisos claros  y una voluntad pol\u00edtica determinada a se\u00f1alar a la educaci\u00f3n como unos de los elementos b\u00e1sicos de la sociedad. El curso 20\/21 tiene que ser el punto de arranque de un nuevo modelo educativo en el que prime la seguridad, la calidad, la equidad y la justicia social.\n\nDesde CGT-ense\u00f1anza creemos que se deben implementar todas las medidas posibles para que todos estos aspectos est\u00e9n garantizados en la nueva realidad educativa, por eso vemos imprescindible que se cumplan las proposiciones que planteamos a continuaci\u00f3n.\n<a href=\"https:\/\/www.cgtaragonlarioja.org\/fedens\/wp-content\/uploads\/sites\/2\/2020\/06\/Propuestas_inicio_de_curso_20-21_CGT_.pdf\">Propuestas inicio de curso 20-21 (CGT)<\/a>\n<img loading=\"lazy\" decoding=\"async\" class=\" aligncenter size-full wp-image-10309\" src=\"https:\/\/www.cgtaragonlarioja.org\/fedens\/wp-content\/uploads\/sites\/2\/2020\/06\/PROPUESTAS_PARA_EL_INICIO_DEL_CURSO_2020_2021_1_.png\" alt=\"PROPUESTAS_PARA_EL_INICIO_DEL_CURSO_2020_2021_1_.png\" align=\"center\" width=\"940\" height=\"788\" srcset=\"https:\/\/www.cgtaragonlarioja.org\/fedens\/files\/2020\/06\/PROPUESTAS_PARA_EL_INICIO_DEL_CURSO_2020_2021_1_.png 940w, https:\/\/www.cgtaragonlarioja.org\/fedens\/files\/2020\/06\/PROPUESTAS_PARA_EL_INICIO_DEL_CURSO_2020_2021_1_-300x251.png 300w, https:\/\/www.cgtaragonlarioja.org\/fedens\/files\/2020\/06\/PROPUESTAS_PARA_EL_INICIO_DEL_CURSO_2020_2021_1_-768x644.png 768w\" sizes=\"auto, (max-width: 940px) 100vw, 940px\" \/><div id='gallery-1' class='gallery galleryid-10310 gallery-columns-3 gallery-size-thumbnail'><figure class='gallery-item'>\n\t\t\t<div class='gallery-icon landscape'>\n\t\t\t\t<a href='https:\/\/www.cgtaragonlarioja.org\/fedens\/files\/2020\/06\/PROPUESTAS_PARA_EL_INICIO_DEL_CURSO_2020_2021_1_.png'><img loading=\"lazy\" decoding=\"async\" width=\"150\" height=\"150\" src=\"https:\/\/www.cgtaragonlarioja.org\/fedens\/files\/2020\/06\/PROPUESTAS_PARA_EL_INICIO_DEL_CURSO_2020_2021_1_-150x150.png\" class=\"attachment-thumbnail size-thumbnail\" alt=\"PROPUESTAS_PARA_EL_INICIO_DEL_CURSO_2020_2021_1_.png\" \/><\/a>\n\t\t\t<\/div><\/figure>\n\t\t<\/div>\n\n<h2 class=\"wp-block-heading\">Attached documents<\/h2>\n\n\n\n<div class=\"wp-block-file\"><a href=\"https:\/\/www.cgtaragonlarioja.org\/fedens\/wp-content\/uploads\/sites\/2\/2020\/06\/Propuestas_inicio_de_curso_20-21_CGT_.pdf\">Propuestas inicio de curso 20-21 (CGT)<\/a><\/div>\n\n\n","protected":false},"excerpt":{"rendered":"<p>El curso 19\/20 siempre se recordar\u00e1 por la llegada a nuestras vidas del covid-19, un<\/p>\n","protected":false},"author":485,"featured_media":10309,"comment_status":"open","ping_status":"open","sticky":false,"template":"","format":"standard","meta":{"footnotes":""},"categories":[480],"tags":[539],"class_list":["post-10310","post","type-post","status-publish","format-standard","has-post-thumbnail","hentry","category-noticias","tag-propuestas-de-cgt"],"yoast_head":"<!-- This site is optimized with the Yoast SEO plugin v26.7 - https:\/\/yoast.com\/wordpress\/plugins\/seo\/ -->\n<title>Propuestas desde CGT Ense\u00f1anza para el inicio del curso 20\/21<\/title>\n<meta name=\"description\" content=\"El curso 19\/20 siempre se recordar\u00e1 por la llegada a nuestras vidas del covid-19, un virus que ha despertado una nueva realidad social y que para la\" \/>\n<meta name=\"robots\" content=\"index, follow, max-snippet:-1, max-image-preview:large, max-video-preview:-1\" \/>\n<link rel=\"canonical\" href=\"https:\/\/www.cgtaragonlarioja.org\/fedens\/propuestas-desde-cgt-ensenanza\/\" \/>\n<meta property=\"og:locale\" content=\"es_ES\" \/>\n<meta property=\"og:type\" content=\"article\" \/>\n<meta property=\"og:title\" content=\"Propuestas desde CGT Ense\u00f1anza para el inicio del curso 20\/21\" \/>\n<meta property=\"og:description\" content=\"El curso 19\/20 siempre se recordar\u00e1 por la llegada a nuestras vidas del covid-19, un virus que ha despertado una nueva realidad social y que para la\" \/>\n<meta property=\"og:url\" content=\"https:\/\/www.cgtaragonlarioja.org\/fedens\/propuestas-desde-cgt-ensenanza\/\" \/>\n<meta property=\"og:site_name\" content=\"CGT Arag\u00f3n - La Rioja. ENSE\u00d1ANZA\" \/>\n<meta property=\"article:publisher\" content=\"https:\/\/www.facebook.com\/CGTEnseAragon\/\" \/>\n<meta property=\"article:published_time\" content=\"2020-06-11T12:38:13+00:00\" \/>\n<meta property=\"article:modified_time\" content=\"2021-01-29T08:36:12+00:00\" \/>\n<meta property=\"og:image\" content=\"https:\/\/www.cgtaragonlarioja.org\/fedens\/files\/2020\/06\/PROPUESTAS_PARA_EL_INICIO_DEL_CURSO_2020_2021_1_.png\" \/>\n\t<meta property=\"og:image:width\" content=\"940\" \/>\n\t<meta property=\"og:image:height\" content=\"788\" \/>\n\t<meta property=\"og:image:type\" content=\"image\/png\" \/>\n<meta name=\"twitter:card\" content=\"summary_large_image\" \/>\n<meta name=\"twitter:creator\" content=\"@CGTeduAragon\" \/>\n<meta name=\"twitter:site\" content=\"@CGTeduAragon\" \/>\n<meta name=\"twitter:label1\" content=\"Escrito por\" \/>\n\t<meta name=\"twitter:data1\" content=\"\" \/>\n\t<meta name=\"twitter:label2\" content=\"Tiempo de lectura\" \/>\n\t<meta name=\"twitter:data2\" content=\"1 minuto\" \/>\n<script type=\"application\/ld+json\" class=\"yoast-schema-graph\">{\"@context\":\"https:\/\/schema.org\",\"@graph\":[{\"@type\":\"Article\",\"@id\":\"https:\/\/www.cgtaragonlarioja.org\/fedens\/propuestas-desde-cgt-ensenanza\/#article\",\"isPartOf\":{\"@id\":\"https:\/\/www.cgtaragonlarioja.org\/fedens\/propuestas-desde-cgt-ensenanza\/\"},\"author\":{\"name\":\"\",\"@id\":\"\"},\"headline\":\"Propuestas desde CGT Ense\u00f1anza para el inicio del curso 20\/21\",\"datePublished\":\"2020-06-11T12:38:13+00:00\",\"dateModified\":\"2021-01-29T08:36:12+00:00\",\"mainEntityOfPage\":{\"@id\":\"https:\/\/www.cgtaragonlarioja.org\/fedens\/propuestas-desde-cgt-ensenanza\/\"},\"wordCount\":223,\"commentCount\":4,\"publisher\":{\"@id\":\"https:\/\/www.cgtaragonlarioja.org\/fedens\/#organization\"},\"image\":{\"@id\":\"https:\/\/www.cgtaragonlarioja.org\/fedens\/propuestas-desde-cgt-ensenanza\/#primaryimage\"},\"thumbnailUrl\":\"https:\/\/www.cgtaragonlarioja.org\/fedens\/files\/2020\/06\/PROPUESTAS_PARA_EL_INICIO_DEL_CURSO_2020_2021_1_.png\",\"keywords\":[\"Propuestas de CGT\"],\"articleSection\":[\"Noticias\"],\"inLanguage\":\"es\",\"potentialAction\":[{\"@type\":\"CommentAction\",\"name\":\"Comment\",\"target\":[\"https:\/\/www.cgtaragonlarioja.org\/fedens\/propuestas-desde-cgt-ensenanza\/#respond\"]}]},{\"@type\":\"WebPage\",\"@id\":\"https:\/\/www.cgtaragonlarioja.org\/fedens\/propuestas-desde-cgt-ensenanza\/\",\"url\":\"https:\/\/www.cgtaragonlarioja.org\/fedens\/propuestas-desde-cgt-ensenanza\/\",\"name\":\"Propuestas desde CGT Ense\u00f1anza para el inicio del curso 20\/21\",\"isPartOf\":{\"@id\":\"https:\/\/www.cgtaragonlarioja.org\/fedens\/#website\"},\"primaryImageOfPage\":{\"@id\":\"https:\/\/www.cgtaragonlarioja.org\/fedens\/propuestas-desde-cgt-ensenanza\/#primaryimage\"},\"image\":{\"@id\":\"https:\/\/www.cgtaragonlarioja.org\/fedens\/propuestas-desde-cgt-ensenanza\/#primaryimage\"},\"thumbnailUrl\":\"https:\/\/www.cgtaragonlarioja.org\/fedens\/files\/2020\/06\/PROPUESTAS_PARA_EL_INICIO_DEL_CURSO_2020_2021_1_.png\",\"datePublished\":\"2020-06-11T12:38:13+00:00\",\"dateModified\":\"2021-01-29T08:36:12+00:00\",\"description\":\"El curso 19\/20 siempre se recordar\u00e1 por la llegada a nuestras vidas del covid-19, un virus que ha despertado una nueva realidad social y que para la\",\"breadcrumb\":{\"@id\":\"https:\/\/www.cgtaragonlarioja.org\/fedens\/propuestas-desde-cgt-ensenanza\/#breadcrumb\"},\"inLanguage\":\"es\",\"potentialAction\":[{\"@type\":\"ReadAction\",\"target\":[\"https:\/\/www.cgtaragonlarioja.org\/fedens\/propuestas-desde-cgt-ensenanza\/\"]}]},{\"@type\":\"ImageObject\",\"inLanguage\":\"es\",\"@id\":\"https:\/\/www.cgtaragonlarioja.org\/fedens\/propuestas-desde-cgt-ensenanza\/#primaryimage\",\"url\":\"https:\/\/www.cgtaragonlarioja.org\/fedens\/files\/2020\/06\/PROPUESTAS_PARA_EL_INICIO_DEL_CURSO_2020_2021_1_.png\",\"contentUrl\":\"https:\/\/www.cgtaragonlarioja.org\/fedens\/files\/2020\/06\/PROPUESTAS_PARA_EL_INICIO_DEL_CURSO_2020_2021_1_.png\",\"width\":940,\"height\":788,\"caption\":\"PROPUESTAS_PARA_EL_INICIO_DEL_CURSO_2020_2021_1_.png\"},{\"@type\":\"BreadcrumbList\",\"@id\":\"https:\/\/www.cgtaragonlarioja.org\/fedens\/propuestas-desde-cgt-ensenanza\/#breadcrumb\",\"itemListElement\":[{\"@type\":\"ListItem\",\"position\":1,\"name\":\"Portada\",\"item\":\"https:\/\/www.cgtaragonlarioja.org\/fedens\/\"},{\"@type\":\"ListItem\",\"position\":2,\"name\":\"Propuestas desde CGT Ense\u00f1anza para el inicio del curso 20\/21\"}]},{\"@type\":\"WebSite\",\"@id\":\"https:\/\/www.cgtaragonlarioja.org\/fedens\/#website\",\"url\":\"https:\/\/www.cgtaragonlarioja.org\/fedens\/\",\"name\":\"CGT Arag\u00f3n - La Rioja. ENSE\u00d1ANZA\",\"description\":\"CONTACTAR: Calatayud-Aranda: 654897973 \/ Huesca: 974238404 \/ Teruel: 978619265 \/ Zaragoza: 976922002\",\"publisher\":{\"@id\":\"https:\/\/www.cgtaragonlarioja.org\/fedens\/#organization\"},\"potentialAction\":[{\"@type\":\"SearchAction\",\"target\":{\"@type\":\"EntryPoint\",\"urlTemplate\":\"https:\/\/www.cgtaragonlarioja.org\/fedens\/?s={search_term_string}\"},\"query-input\":{\"@type\":\"PropertyValueSpecification\",\"valueRequired\":true,\"valueName\":\"search_term_string\"}}],\"inLanguage\":\"es\"},{\"@type\":\"Organization\",\"@id\":\"https:\/\/www.cgtaragonlarioja.org\/fedens\/#organization\",\"name\":\"CGT Arag\u00f3n y La Rioja - Ense\u00f1anza\",\"url\":\"https:\/\/www.cgtaragonlarioja.org\/fedens\/\",\"logo\":{\"@type\":\"ImageObject\",\"inLanguage\":\"es\",\"@id\":\"https:\/\/www.cgtaragonlarioja.org\/fedens\/#\/schema\/logo\/image\/\",\"url\":\"https:\/\/www.cgtaragonlarioja.org\/fedens\/files\/2021\/02\/logo_cgt_ense_huesca_170x250.png\",\"contentUrl\":\"https:\/\/www.cgtaragonlarioja.org\/fedens\/files\/2021\/02\/logo_cgt_ense_huesca_170x250.png\",\"width\":170,\"height\":250,\"caption\":\"CGT Arag\u00f3n y La Rioja - Ense\u00f1anza\"},\"image\":{\"@id\":\"https:\/\/www.cgtaragonlarioja.org\/fedens\/#\/schema\/logo\/image\/\"},\"sameAs\":[\"https:\/\/www.facebook.com\/CGTEnseAragon\/\",\"https:\/\/x.com\/CGTeduAragon\"]},{\"@type\":\"Person\",\"@id\":\"\",\"url\":\"https:\/\/www.cgtaragonlarioja.org\/fedens\/author\/\"}]}<\/script>\n<!-- \/ Yoast SEO plugin. -->","yoast_head_json":{"title":"Propuestas desde CGT Ense\u00f1anza para el inicio del curso 20\/21","description":"El curso 19\/20 siempre se recordar\u00e1 por la llegada a nuestras vidas del covid-19, un virus que ha despertado una nueva realidad social y que para la","robots":{"index":"index","follow":"follow","max-snippet":"max-snippet:-1","max-image-preview":"max-image-preview:large","max-video-preview":"max-video-preview:-1"},"canonical":"https:\/\/www.cgtaragonlarioja.org\/fedens\/propuestas-desde-cgt-ensenanza\/","og_locale":"es_ES","og_type":"article","og_title":"Propuestas desde CGT Ense\u00f1anza para el inicio del curso 20\/21","og_description":"El curso 19\/20 siempre se recordar\u00e1 por la llegada a nuestras vidas del covid-19, un virus que ha despertado una nueva realidad social y que para la","og_url":"https:\/\/www.cgtaragonlarioja.org\/fedens\/propuestas-desde-cgt-ensenanza\/","og_site_name":"CGT Arag\u00f3n - La Rioja. ENSE\u00d1ANZA","article_publisher":"https:\/\/www.facebook.com\/CGTEnseAragon\/","article_published_time":"2020-06-11T12:38:13+00:00","article_modified_time":"2021-01-29T08:36:12+00:00","og_image":[{"width":940,"height":788,"url":"https:\/\/www.cgtaragonlarioja.org\/fedens\/files\/2020\/06\/PROPUESTAS_PARA_EL_INICIO_DEL_CURSO_2020_2021_1_.png","type":"image\/png"}],"twitter_card":"summary_large_image","twitter_creator":"@CGTeduAragon","twitter_site":"@CGTeduAragon","twitter_misc":{"Escrito por":"","Tiempo de lectura":"1 minuto"},"schema":{"@context":"https:\/\/schema.org","@graph":[{"@type":"Article","@id":"https:\/\/www.cgtaragonlarioja.org\/fedens\/propuestas-desde-cgt-ensenanza\/#article","isPartOf":{"@id":"https:\/\/www.cgtaragonlarioja.org\/fedens\/propuestas-desde-cgt-ensenanza\/"},"author":{"name":"","@id":""},"headline":"Propuestas desde CGT Ense\u00f1anza para el inicio del curso 20\/21","datePublished":"2020-06-11T12:38:13+00:00","dateModified":"2021-01-29T08:36:12+00:00","mainEntityOfPage":{"@id":"https:\/\/www.cgtaragonlarioja.org\/fedens\/propuestas-desde-cgt-ensenanza\/"},"wordCount":223,"commentCount":4,"publisher":{"@id":"https:\/\/www.cgtaragonlarioja.org\/fedens\/#organization"},"image":{"@id":"https:\/\/www.cgtaragonlarioja.org\/fedens\/propuestas-desde-cgt-ensenanza\/#primaryimage"},"thumbnailUrl":"https:\/\/www.cgtaragonlarioja.org\/fedens\/files\/2020\/06\/PROPUESTAS_PARA_EL_INICIO_DEL_CURSO_2020_2021_1_.png","keywords":["Propuestas de CGT"],"articleSection":["Noticias"],"inLanguage":"es","potentialAction":[{"@type":"CommentAction","name":"Comment","target":["https:\/\/www.cgtaragonlarioja.org\/fedens\/propuestas-desde-cgt-ensenanza\/#respond"]}]},{"@type":"WebPage","@id":"https:\/\/www.cgtaragonlarioja.org\/fedens\/propuestas-desde-cgt-ensenanza\/","url":"https:\/\/www.cgtaragonlarioja.org\/fedens\/propuestas-desde-cgt-ensenanza\/","name":"Propuestas desde CGT Ense\u00f1anza para el inicio del curso 20\/21","isPartOf":{"@id":"https:\/\/www.cgtaragonlarioja.org\/fedens\/#website"},"primaryImageOfPage":{"@id":"https:\/\/www.cgtaragonlarioja.org\/fedens\/propuestas-desde-cgt-ensenanza\/#primaryimage"},"image":{"@id":"https:\/\/www.cgtaragonlarioja.org\/fedens\/propuestas-desde-cgt-ensenanza\/#primaryimage"},"thumbnailUrl":"https:\/\/www.cgtaragonlarioja.org\/fedens\/files\/2020\/06\/PROPUESTAS_PARA_EL_INICIO_DEL_CURSO_2020_2021_1_.png","datePublished":"2020-06-11T12:38:13+00:00","dateModified":"2021-01-29T08:36:12+00:00","description":"El curso 19\/20 siempre se recordar\u00e1 por la llegada a nuestras vidas del covid-19, un virus que ha despertado una nueva realidad social y que para la","breadcrumb":{"@id":"https:\/\/www.cgtaragonlarioja.org\/fedens\/propuestas-desde-cgt-ensenanza\/#breadcrumb"},"inLanguage":"es","potentialAction":[{"@type":"ReadAction","target":["https:\/\/www.cgtaragonlarioja.org\/fedens\/propuestas-desde-cgt-ensenanza\/"]}]},{"@type":"ImageObject","inLanguage":"es","@id":"https:\/\/www.cgtaragonlarioja.org\/fedens\/propuestas-desde-cgt-ensenanza\/#primaryimage","url":"https:\/\/www.cgtaragonlarioja.org\/fedens\/files\/2020\/06\/PROPUESTAS_PARA_EL_INICIO_DEL_CURSO_2020_2021_1_.png","contentUrl":"https:\/\/www.cgtaragonlarioja.org\/fedens\/files\/2020\/06\/PROPUESTAS_PARA_EL_INICIO_DEL_CURSO_2020_2021_1_.png","width":940,"height":788,"caption":"PROPUESTAS_PARA_EL_INICIO_DEL_CURSO_2020_2021_1_.png"},{"@type":"BreadcrumbList","@id":"https:\/\/www.cgtaragonlarioja.org\/fedens\/propuestas-desde-cgt-ensenanza\/#breadcrumb","itemListElement":[{"@type":"ListItem","position":1,"name":"Portada","item":"https:\/\/www.cgtaragonlarioja.org\/fedens\/"},{"@type":"ListItem","position":2,"name":"Propuestas desde CGT Ense\u00f1anza para el inicio del curso 20\/21"}]},{"@type":"WebSite","@id":"https:\/\/www.cgtaragonlarioja.org\/fedens\/#website","url":"https:\/\/www.cgtaragonlarioja.org\/fedens\/","name":"CGT Arag\u00f3n - La Rioja. ENSE\u00d1ANZA","description":"CONTACTAR: Calatayud-Aranda: 654897973 \/ Huesca: 974238404 \/ Teruel: 978619265 \/ Zaragoza: 976922002","publisher":{"@id":"https:\/\/www.cgtaragonlarioja.org\/fedens\/#organization"},"potentialAction":[{"@type":"SearchAction","target":{"@type":"EntryPoint","urlTemplate":"https:\/\/www.cgtaragonlarioja.org\/fedens\/?s={search_term_string}"},"query-input":{"@type":"PropertyValueSpecification","valueRequired":true,"valueName":"search_term_string"}}],"inLanguage":"es"},{"@type":"Organization","@id":"https:\/\/www.cgtaragonlarioja.org\/fedens\/#organization","name":"CGT Arag\u00f3n y La Rioja - Ense\u00f1anza","url":"https:\/\/www.cgtaragonlarioja.org\/fedens\/","logo":{"@type":"ImageObject","inLanguage":"es","@id":"https:\/\/www.cgtaragonlarioja.org\/fedens\/#\/schema\/logo\/image\/","url":"https:\/\/www.cgtaragonlarioja.org\/fedens\/files\/2021\/02\/logo_cgt_ense_huesca_170x250.png","contentUrl":"https:\/\/www.cgtaragonlarioja.org\/fedens\/files\/2021\/02\/logo_cgt_ense_huesca_170x250.png","width":170,"height":250,"caption":"CGT Arag\u00f3n y La Rioja - Ense\u00f1anza"},"image":{"@id":"https:\/\/www.cgtaragonlarioja.org\/fedens\/#\/schema\/logo\/image\/"},"sameAs":["https:\/\/www.facebook.com\/CGTEnseAragon\/","https:\/\/x.com\/CGTeduAragon"]},{"@type":"Person","@id":"","url":"https:\/\/www.cgtaragonlarioja.org\/fedens\/author\/"}]}},"_links":{"self":[{"href":"https:\/\/www.cgtaragonlarioja.org\/fedens\/wp-json\/wp\/v2\/posts\/10310","targetHints":{"allow":["GET"]}}],"collection":[{"href":"https:\/\/www.cgtaragonlarioja.org\/fedens\/wp-json\/wp\/v2\/posts"}],"about":[{"href":"https:\/\/www.cgtaragonlarioja.org\/fedens\/wp-json\/wp\/v2\/types\/post"}],"author":[{"embeddable":true,"href":"https:\/\/www.cgtaragonlarioja.org\/fedens\/wp-json\/wp\/v2\/users\/485"}],"replies":[{"embeddable":true,"href":"https:\/\/www.cgtaragonlarioja.org\/fedens\/wp-json\/wp\/v2\/comments?post=10310"}],"version-history":[{"count":2,"href":"https:\/\/www.cgtaragonlarioja.org\/fedens\/wp-json\/wp\/v2\/posts\/10310\/revisions"}],"predecessor-version":[{"id":10313,"href":"https:\/\/www.cgtaragonlarioja.org\/fedens\/wp-json\/wp\/v2\/posts\/10310\/revisions\/10313"}],"wp:featuredmedia":[{"embeddable":true,"href":"https:\/\/www.cgtaragonlarioja.org\/fedens\/wp-json\/wp\/v2\/media\/10309"}],"wp:attachment":[{"href":"https:\/\/www.cgtaragonlarioja.org\/fedens\/wp-json\/wp\/v2\/media?parent=10310"}],"wp:term":[{"taxonomy":"category","embeddable":true,"href":"https:\/\/www.cgtaragonlarioja.org\/fedens\/wp-json\/wp\/v2\/categories?post=10310"},{"taxonomy":"post_tag","embeddable":true,"href":"https:\/\/www.cgtaragonlarioja.org\/fedens\/wp-json\/wp\/v2\/tags?post=10310"}],"curies":[{"name":"wp","href":"https:\/\/api.w.org\/{rel}","templated":true}]}}