{"id":10173,"date":"2020-05-19T13:16:22","date_gmt":"2020-05-19T11:16:22","guid":{"rendered":"https:\/\/www.cgtaragonlarioja.org\/fedens2\/educacion-pensamiento-accion\/la-crisis-multiplica-las\/"},"modified":"2021-02-08T00:48:05","modified_gmt":"2021-02-07T23:48:05","slug":"la-crisis-multiplica-las","status":"publish","type":"post","link":"https:\/\/www.cgtaragonlarioja.org\/fedens\/la-crisis-multiplica-las\/","title":{"rendered":"La crisis multiplica las desigualdades entre estudiantes ricos y pobres"},"content":{"rendered":"<p>Mart\u00ed\u00adn C\u00faneo<\/p>\n<p>La crisis del covid-19 ensancha y profundiza la brecha entre el alumnado de distintos or\u00ed\u00adgenes socioecon\u00f3micos, seg\u00fan analiza Save The Children en un informe.<\/p>\n<p>Espa\u00f1a es el pa\u00ed\u00ads con mayor abandono escolar de toda la Uni\u00f3n Europea. Un 17,9% de los j\u00f3venes entre 18 y 24 a\u00f1os no ha terminado el bachillerato, unas cifras que est\u00e1n muy lejos de la media europea, situada en el 11,9%.<\/p>\n<p>La crisis sanitaria, social y econ\u00f3mica amenaza con agravar a\u00fan m\u00e1s esta situaci\u00f3n y ensanchar la brecha entre los ni\u00f1os y ni\u00f1as de rentas bajas y altas, un efecto que puede perdurar en el tiempo, advierte la ONG Save The Children en el informe <a href=\"https:\/\/www.savethechildren.es\/sites\/default\/files\/2020-05\/COVID19Cerrarlabrecha.pdf?utm_source=NotaPrensa&amp;amp;utm_medium=referral&amp;amp;utm_campaign=Coronavirus\">Covid-19: cerrar la brecha<\/a>: \u00abLa inequidad de nuestro sistema educativa no es algo nuevo, exist\u00ed\u00ada y persist\u00ed\u00ada antes de esta crisis. La covid-19 no ha hecho m\u00e1s que evidenciar las diferencias que ya exist\u00ed\u00adan entre el alumnado de distinto origen socioecon\u00f3mico y ahondar y ampliar las brechas educativas previas\u00bb.<\/p>\n<p>El cierre de las escuelas y la crisis econ\u00f3mica provocada por el coronavirus \u00abtendr\u00e1n un efecto claro en el aprendizaje de los ni\u00f1os y ni\u00f1as\u00bb, especialmente en los que viven en los hogares m\u00e1s precarios. Desde esta ONG piden a las administraciones medidas urgentes para abordar las consecuencias m\u00e1s inmediatas que la crisis est\u00e1 teniendo en el alumnado, entre otras, que den prioridad a los estudiantes de las familias m\u00e1s vulnerables en la vuelta a la nueva normalidad educativa y que refuercen los centros escolares donde acuden mayor n\u00famero de ni\u00f1os y ni\u00f1as de familias de renta baja.<\/p>\n<p><strong>Una crisis, impactos diferentes<\/strong><\/p>\n<p>Una de la primeras medidas para la contenci\u00f3n del virus, el cierre de los centros escolares, ha tra\u00ed\u00addo un limitaci\u00f3n \u00aben las oportunidades de aprendizaje del alumnado, especialmente el m\u00e1s vulnerable\u00bb, se\u00f1ala este informe.<\/p>\n<p>La interrupci\u00f3n de las clases presenciales y la consiguiente reducci\u00f3n de tiempo lectivo pueden llevar, indican desde Save The Children, a una \u00abp\u00e9rdida de competencias y conocimientos\u00bb comparable a la que se produce en las vacaciones de verano. A estos problemas de \u00abolvido veraniego\u00bb se le suman los derivados de la falta de tiempo, de herramientas y de recursos para que los docentes puedan dar un seguimiento individualizado a los alumnos. En estas circunstancias, tener en cuenta los diferentes ritmos del alumnado o \u00abcontextualizar los aprendizajes para atraer su inter\u00e9s\u00bb se convierten en tareas mucho m\u00e1s dif\u00ed\u00adciles. Este efecto, irremediablemente unido, sostienen, a peores resultados acad\u00e9micos, \u00abtendr\u00ed\u00ada m\u00e1s consecuencias para las ni\u00f1as que para los ni\u00f1os, as\u00ed\u00ad como para alumnas y alumnos de origen migrante o de entornos socioecon\u00f3micos m\u00e1s desfavorecidos\u00bb.<\/p>\n<p>Seg\u00fan destaca esta ONG, diversos estudios ya han venido se\u00f1alando que este \u00abolvido veraniego\u00bb \u00e2\u0080\u0094un fen\u00f3meno de desaprendizaje que se ver\u00e1 agravado por los meses de curso perdido por el confinamiento y la desescalada\u00e2\u0080\u0094 crea \u00abbrechas entre ni\u00f1os y ni\u00f1as de distinto origen socioecon\u00f3mico\u00bb.<\/p>\n<p>La principal raz\u00f3n de esta desigualdad se encuentra, seg\u00fan sostiene esta organizaci\u00f3n de defensa de la infancia, en los diferentes usos del tiempo de ocio. Los estudiantes que forman parte de familias de renta alta, afirman en el estudio, suelen tener \u00abun nivel de participaci\u00f3n m\u00e1s elevado en actividades organizadas durante el verano, pasan m\u00e1s tiempo leyendo y dedican menos tiempo a ver la televisi\u00f3n\u00bb, todas ellas actividades relacionadas con \u00absu desarrollo cognitivo\u00bb. Estas actividades, as\u00ed\u00ad como pasar m\u00e1s tiempo con sus progenitores, seg\u00fan este estudio, compensan en parte este \u00abolvido veraniego\u00bb. Los ni\u00f1os de familias m\u00e1s vulnerables tienen muchos m\u00e1s problemas para eludir este efecto. Y en este curso, la reducci\u00f3n de tiempo lectivo en los estudiantes de renta baja \u00abaumentar\u00e1 a\u00fan m\u00e1s las diferencias con sus pares de entornos socioecon\u00f3micos m\u00e1s favorecidos\u00bb.<\/p>\n<p><strong>Abandono escolar<\/strong><\/p>\n<p>Pero los problemas no acaban aqu\u00ed\u00ad. La desvinculaci\u00f3n emocional con la escuela, con el profesorado y el resto del alumnado son otros aspectos que pueden llevar a un mayor abandono de los estudios. La vinculaci\u00f3n entre el centro y el alumnado, a trav\u00e9s de un trato personalizado y la atenci\u00f3n de sus necesidades espec\u00ed\u00adficas, son algunos de los elementos que tienden a disminuir los riesgos de fracaso escolar. Unas herramientas que han saltado por los aires con la suspensi\u00f3n de las clases presenciales. En el caso de los ni\u00f1os y ni\u00f1as de familias de renta baja, mantener esta vinculaci\u00f3n con el centro es a\u00fan m\u00e1s dif\u00ed\u00adcil y esta se convierte, seg\u00fan Save The Children, en \u00abpr\u00e1cticamente inexistente\u00bb, entre otras razones, por la brecha digital y la brecha de conectividad.<\/p>\n<p>\u00abEsta falta de comunicaci\u00f3n y seguimiento puede agravar procesos de desvinculaci\u00f3n progresiva que, ya antes de esta crisis, afectaba al alumnado m\u00e1s desfavorecido. Esta desvinculaci\u00f3n no solo tiene efecto en bajos resultados acad\u00e9micos, repetici\u00f3n y abandono escolar, sino que adem\u00e1s, puede perpetuarse en el tiempo: los ni\u00f1os cuyas madres no terminaron la ESO abandonan de forma temprana diez veces m\u00e1s que los de las madres universitarias\u00bb, sentencia el informe.<\/p>\n<p>Para esta ONG otro de los aspectos que conlleva un mayor riesgo de abandono escolar es el desigual impacto de la crisis econ\u00f3mica, con sus previsibles consecuencias en la inseguridad laboral, la precariedad y el desempleo para las familias m\u00e1s vulnerables. Si algo han demostrado los estudios realizados al respecto, se\u00f1alan desde Save the Children, es la relaci\u00f3n entre la situaci\u00f3n laboral de la familia y el \u00e9xito escolar de sus hijos: \u00abA mayor inestabilidad del contrato laboral menor es la probabilidad que los menores obtengan graduado escolar a los 15-16 a\u00f1os y mayor probabilidad de que dejen los estudios, pero no trabajen\u00bb. Una ecuaci\u00f3n que ya fue demostrada, dicen, durante la crisis de 2008, donde pudo establecerse una causalidad entre la p\u00e9rdida de trabajo y variables que miden el rendimiento acad\u00e9mico de los estudiantes.<\/p>\n<p>Este deterioro en la \u00absalud mental del entorno\u00bb, seg\u00fan definen en el informe, se va acrecentado por los efectos psicol\u00f3gicos que est\u00e1 teniendo esta crisis en funci\u00f3n del ambiente familiar y comunitario, unas variables que dependen del \u00abestr\u00e9s que haya en su entorno y de cu\u00e1nto dure, de la estabilidad de recursos que tengan y de la presencia de relaciones sociales que protejan y moderen ese estr\u00e9s\u00bb.<\/p>\n<p>Una investigaci\u00f3n de <em>The Lancet<\/em> citada en el informe documenta situaciones de estr\u00e9s postraum\u00e1tico, confusi\u00f3n, ira y ansiedad en ni\u00f1os que han pasado por confinamientos prolongados en epidemias precedentes. La p\u00e9rdida de rutina, el miedo a contagiar o a ser contagiado, la reducci\u00f3n de contacto social, sentimientos de soledad son algunos de los efectos psicol\u00f3gicos m\u00e1s usuales, que pueden tener consecuencias visibles en los procesos de aprendizaje y en el rendimiento acad\u00e9mico.<\/p>\n<p>Seg\u00fan el estudio de Save The Children, \u00abes la exposici\u00f3n continuada e intensa a un estr\u00e9s t\u00f3xico, especialmente en los primeros a\u00f1os de la infancia, la que tiene mayor impacto a largo plazo en el aprendizaje, comportamiento y salud f\u00ed\u00adsica y mental\u00bb.<\/p>\n<p><strong>Art\u00ed\u00adculo originalmente publicado en <a href=\"https:\/\/www.elsaltodiario.com\/educacion\/coronavirus-confinamiento-brecha-digital-efectos-psicologicos-crisis-multiplica-desigualdades-estudiantes-ricos-pobres\">elsaltodiario.com<\/a><\/strong><\/p>\n","protected":false},"excerpt":{"rendered":"<p>Mart\u00ed\u00adn C\u00faneo La crisis del covid-19 ensancha y profundiza la brecha entre el alumnado de<\/p>\n","protected":false},"author":485,"featured_media":0,"comment_status":"open","ping_status":"open","sticky":false,"template":"","format":"standard","meta":{"footnotes":""},"categories":[504],"tags":[523],"class_list":["post-10173","post","type-post","status-publish","format-standard","hentry","category-a-debate","tag-educacion-social"],"yoast_head":"<!-- This site is optimized with the Yoast SEO plugin v26.7 - https:\/\/yoast.com\/wordpress\/plugins\/seo\/ -->\n<title>La crisis multiplica las desigualdades entre estudiantes ricos y pobres<\/title>\n<meta name=\"description\" content=\"Mart\u00ed\u00adn C\u00faneo La crisis del covid-19 ensancha y profundiza la brecha entre el alumnado de distintos or\u00ed\u00adgenes socioecon\u00f3micos, seg\u00fan analiza Save The\" \/>\n<meta name=\"robots\" content=\"index, follow, max-snippet:-1, max-image-preview:large, max-video-preview:-1\" \/>\n<link rel=\"canonical\" href=\"https:\/\/www.cgtaragonlarioja.org\/fedens\/la-crisis-multiplica-las\/\" \/>\n<meta property=\"og:locale\" content=\"es_ES\" \/>\n<meta property=\"og:type\" content=\"article\" \/>\n<meta property=\"og:title\" content=\"La crisis multiplica las desigualdades entre estudiantes ricos y pobres\" \/>\n<meta property=\"og:description\" content=\"Mart\u00ed\u00adn C\u00faneo La crisis del covid-19 ensancha y profundiza la brecha entre el alumnado de distintos or\u00ed\u00adgenes socioecon\u00f3micos, seg\u00fan analiza Save The\" \/>\n<meta property=\"og:url\" content=\"https:\/\/www.cgtaragonlarioja.org\/fedens\/la-crisis-multiplica-las\/\" \/>\n<meta property=\"og:site_name\" content=\"CGT Arag\u00f3n - La Rioja. ENSE\u00d1ANZA\" \/>\n<meta property=\"article:publisher\" content=\"https:\/\/www.facebook.com\/CGTEnseAragon\/\" \/>\n<meta property=\"article:published_time\" content=\"2020-05-19T11:16:22+00:00\" \/>\n<meta property=\"article:modified_time\" content=\"2021-02-07T23:48:05+00:00\" \/>\n<meta name=\"twitter:card\" content=\"summary_large_image\" \/>\n<meta name=\"twitter:creator\" content=\"@CGTeduAragon\" \/>\n<meta name=\"twitter:site\" content=\"@CGTeduAragon\" \/>\n<meta name=\"twitter:label1\" content=\"Escrito por\" \/>\n\t<meta name=\"twitter:data1\" content=\"\" \/>\n\t<meta name=\"twitter:label2\" content=\"Tiempo de lectura\" \/>\n\t<meta name=\"twitter:data2\" content=\"5 minutos\" \/>\n<script type=\"application\/ld+json\" class=\"yoast-schema-graph\">{\"@context\":\"https:\/\/schema.org\",\"@graph\":[{\"@type\":\"Article\",\"@id\":\"https:\/\/www.cgtaragonlarioja.org\/fedens\/la-crisis-multiplica-las\/#article\",\"isPartOf\":{\"@id\":\"https:\/\/www.cgtaragonlarioja.org\/fedens\/la-crisis-multiplica-las\/\"},\"author\":{\"name\":\"\",\"@id\":\"\"},\"headline\":\"La crisis multiplica las desigualdades entre estudiantes ricos y pobres\",\"datePublished\":\"2020-05-19T11:16:22+00:00\",\"dateModified\":\"2021-02-07T23:48:05+00:00\",\"mainEntityOfPage\":{\"@id\":\"https:\/\/www.cgtaragonlarioja.org\/fedens\/la-crisis-multiplica-las\/\"},\"wordCount\":1261,\"commentCount\":0,\"publisher\":{\"@id\":\"https:\/\/www.cgtaragonlarioja.org\/fedens\/#organization\"},\"keywords\":[\"Educaci\u00f3n Social\"],\"articleSection\":[\"A Debate\"],\"inLanguage\":\"es\",\"potentialAction\":[{\"@type\":\"CommentAction\",\"name\":\"Comment\",\"target\":[\"https:\/\/www.cgtaragonlarioja.org\/fedens\/la-crisis-multiplica-las\/#respond\"]}]},{\"@type\":\"WebPage\",\"@id\":\"https:\/\/www.cgtaragonlarioja.org\/fedens\/la-crisis-multiplica-las\/\",\"url\":\"https:\/\/www.cgtaragonlarioja.org\/fedens\/la-crisis-multiplica-las\/\",\"name\":\"La crisis multiplica las desigualdades entre estudiantes ricos y pobres\",\"isPartOf\":{\"@id\":\"https:\/\/www.cgtaragonlarioja.org\/fedens\/#website\"},\"datePublished\":\"2020-05-19T11:16:22+00:00\",\"dateModified\":\"2021-02-07T23:48:05+00:00\",\"description\":\"Mart\u00ed\u00adn C\u00faneo La crisis del covid-19 ensancha y profundiza la brecha entre el alumnado de distintos or\u00ed\u00adgenes socioecon\u00f3micos, seg\u00fan analiza Save The\",\"breadcrumb\":{\"@id\":\"https:\/\/www.cgtaragonlarioja.org\/fedens\/la-crisis-multiplica-las\/#breadcrumb\"},\"inLanguage\":\"es\",\"potentialAction\":[{\"@type\":\"ReadAction\",\"target\":[\"https:\/\/www.cgtaragonlarioja.org\/fedens\/la-crisis-multiplica-las\/\"]}]},{\"@type\":\"BreadcrumbList\",\"@id\":\"https:\/\/www.cgtaragonlarioja.org\/fedens\/la-crisis-multiplica-las\/#breadcrumb\",\"itemListElement\":[{\"@type\":\"ListItem\",\"position\":1,\"name\":\"Portada\",\"item\":\"https:\/\/www.cgtaragonlarioja.org\/fedens\/\"},{\"@type\":\"ListItem\",\"position\":2,\"name\":\"La crisis multiplica las desigualdades entre estudiantes ricos y pobres\"}]},{\"@type\":\"WebSite\",\"@id\":\"https:\/\/www.cgtaragonlarioja.org\/fedens\/#website\",\"url\":\"https:\/\/www.cgtaragonlarioja.org\/fedens\/\",\"name\":\"CGT Arag\u00f3n - La Rioja. ENSE\u00d1ANZA\",\"description\":\"CONTACTAR: Calatayud-Aranda: 654897973 \/ Huesca: 974238404 \/ Teruel: 978619265 \/ Zaragoza: 976922002\",\"publisher\":{\"@id\":\"https:\/\/www.cgtaragonlarioja.org\/fedens\/#organization\"},\"potentialAction\":[{\"@type\":\"SearchAction\",\"target\":{\"@type\":\"EntryPoint\",\"urlTemplate\":\"https:\/\/www.cgtaragonlarioja.org\/fedens\/?s={search_term_string}\"},\"query-input\":{\"@type\":\"PropertyValueSpecification\",\"valueRequired\":true,\"valueName\":\"search_term_string\"}}],\"inLanguage\":\"es\"},{\"@type\":\"Organization\",\"@id\":\"https:\/\/www.cgtaragonlarioja.org\/fedens\/#organization\",\"name\":\"CGT Arag\u00f3n y La Rioja - Ense\u00f1anza\",\"url\":\"https:\/\/www.cgtaragonlarioja.org\/fedens\/\",\"logo\":{\"@type\":\"ImageObject\",\"inLanguage\":\"es\",\"@id\":\"https:\/\/www.cgtaragonlarioja.org\/fedens\/#\/schema\/logo\/image\/\",\"url\":\"https:\/\/www.cgtaragonlarioja.org\/fedens\/files\/2021\/02\/logo_cgt_ense_huesca_170x250.png\",\"contentUrl\":\"https:\/\/www.cgtaragonlarioja.org\/fedens\/files\/2021\/02\/logo_cgt_ense_huesca_170x250.png\",\"width\":170,\"height\":250,\"caption\":\"CGT Arag\u00f3n y La Rioja - Ense\u00f1anza\"},\"image\":{\"@id\":\"https:\/\/www.cgtaragonlarioja.org\/fedens\/#\/schema\/logo\/image\/\"},\"sameAs\":[\"https:\/\/www.facebook.com\/CGTEnseAragon\/\",\"https:\/\/x.com\/CGTeduAragon\"]},{\"@type\":\"Person\",\"@id\":\"\",\"url\":\"https:\/\/www.cgtaragonlarioja.org\/fedens\/author\/\"}]}<\/script>\n<!-- \/ Yoast SEO plugin. -->","yoast_head_json":{"title":"La crisis multiplica las desigualdades entre estudiantes ricos y pobres","description":"Mart\u00ed\u00adn C\u00faneo La crisis del covid-19 ensancha y profundiza la brecha entre el alumnado de distintos or\u00ed\u00adgenes socioecon\u00f3micos, seg\u00fan analiza Save The","robots":{"index":"index","follow":"follow","max-snippet":"max-snippet:-1","max-image-preview":"max-image-preview:large","max-video-preview":"max-video-preview:-1"},"canonical":"https:\/\/www.cgtaragonlarioja.org\/fedens\/la-crisis-multiplica-las\/","og_locale":"es_ES","og_type":"article","og_title":"La crisis multiplica las desigualdades entre estudiantes ricos y pobres","og_description":"Mart\u00ed\u00adn C\u00faneo La crisis del covid-19 ensancha y profundiza la brecha entre el alumnado de distintos or\u00ed\u00adgenes socioecon\u00f3micos, seg\u00fan analiza Save The","og_url":"https:\/\/www.cgtaragonlarioja.org\/fedens\/la-crisis-multiplica-las\/","og_site_name":"CGT Arag\u00f3n - La Rioja. ENSE\u00d1ANZA","article_publisher":"https:\/\/www.facebook.com\/CGTEnseAragon\/","article_published_time":"2020-05-19T11:16:22+00:00","article_modified_time":"2021-02-07T23:48:05+00:00","twitter_card":"summary_large_image","twitter_creator":"@CGTeduAragon","twitter_site":"@CGTeduAragon","twitter_misc":{"Escrito por":"","Tiempo de lectura":"5 minutos"},"schema":{"@context":"https:\/\/schema.org","@graph":[{"@type":"Article","@id":"https:\/\/www.cgtaragonlarioja.org\/fedens\/la-crisis-multiplica-las\/#article","isPartOf":{"@id":"https:\/\/www.cgtaragonlarioja.org\/fedens\/la-crisis-multiplica-las\/"},"author":{"name":"","@id":""},"headline":"La crisis multiplica las desigualdades entre estudiantes ricos y pobres","datePublished":"2020-05-19T11:16:22+00:00","dateModified":"2021-02-07T23:48:05+00:00","mainEntityOfPage":{"@id":"https:\/\/www.cgtaragonlarioja.org\/fedens\/la-crisis-multiplica-las\/"},"wordCount":1261,"commentCount":0,"publisher":{"@id":"https:\/\/www.cgtaragonlarioja.org\/fedens\/#organization"},"keywords":["Educaci\u00f3n Social"],"articleSection":["A Debate"],"inLanguage":"es","potentialAction":[{"@type":"CommentAction","name":"Comment","target":["https:\/\/www.cgtaragonlarioja.org\/fedens\/la-crisis-multiplica-las\/#respond"]}]},{"@type":"WebPage","@id":"https:\/\/www.cgtaragonlarioja.org\/fedens\/la-crisis-multiplica-las\/","url":"https:\/\/www.cgtaragonlarioja.org\/fedens\/la-crisis-multiplica-las\/","name":"La crisis multiplica las desigualdades entre estudiantes ricos y pobres","isPartOf":{"@id":"https:\/\/www.cgtaragonlarioja.org\/fedens\/#website"},"datePublished":"2020-05-19T11:16:22+00:00","dateModified":"2021-02-07T23:48:05+00:00","description":"Mart\u00ed\u00adn C\u00faneo La crisis del covid-19 ensancha y profundiza la brecha entre el alumnado de distintos or\u00ed\u00adgenes socioecon\u00f3micos, seg\u00fan analiza Save The","breadcrumb":{"@id":"https:\/\/www.cgtaragonlarioja.org\/fedens\/la-crisis-multiplica-las\/#breadcrumb"},"inLanguage":"es","potentialAction":[{"@type":"ReadAction","target":["https:\/\/www.cgtaragonlarioja.org\/fedens\/la-crisis-multiplica-las\/"]}]},{"@type":"BreadcrumbList","@id":"https:\/\/www.cgtaragonlarioja.org\/fedens\/la-crisis-multiplica-las\/#breadcrumb","itemListElement":[{"@type":"ListItem","position":1,"name":"Portada","item":"https:\/\/www.cgtaragonlarioja.org\/fedens\/"},{"@type":"ListItem","position":2,"name":"La crisis multiplica las desigualdades entre estudiantes ricos y pobres"}]},{"@type":"WebSite","@id":"https:\/\/www.cgtaragonlarioja.org\/fedens\/#website","url":"https:\/\/www.cgtaragonlarioja.org\/fedens\/","name":"CGT Arag\u00f3n - La Rioja. ENSE\u00d1ANZA","description":"CONTACTAR: Calatayud-Aranda: 654897973 \/ Huesca: 974238404 \/ Teruel: 978619265 \/ Zaragoza: 976922002","publisher":{"@id":"https:\/\/www.cgtaragonlarioja.org\/fedens\/#organization"},"potentialAction":[{"@type":"SearchAction","target":{"@type":"EntryPoint","urlTemplate":"https:\/\/www.cgtaragonlarioja.org\/fedens\/?s={search_term_string}"},"query-input":{"@type":"PropertyValueSpecification","valueRequired":true,"valueName":"search_term_string"}}],"inLanguage":"es"},{"@type":"Organization","@id":"https:\/\/www.cgtaragonlarioja.org\/fedens\/#organization","name":"CGT Arag\u00f3n y La Rioja - Ense\u00f1anza","url":"https:\/\/www.cgtaragonlarioja.org\/fedens\/","logo":{"@type":"ImageObject","inLanguage":"es","@id":"https:\/\/www.cgtaragonlarioja.org\/fedens\/#\/schema\/logo\/image\/","url":"https:\/\/www.cgtaragonlarioja.org\/fedens\/files\/2021\/02\/logo_cgt_ense_huesca_170x250.png","contentUrl":"https:\/\/www.cgtaragonlarioja.org\/fedens\/files\/2021\/02\/logo_cgt_ense_huesca_170x250.png","width":170,"height":250,"caption":"CGT Arag\u00f3n y La Rioja - Ense\u00f1anza"},"image":{"@id":"https:\/\/www.cgtaragonlarioja.org\/fedens\/#\/schema\/logo\/image\/"},"sameAs":["https:\/\/www.facebook.com\/CGTEnseAragon\/","https:\/\/x.com\/CGTeduAragon"]},{"@type":"Person","@id":"","url":"https:\/\/www.cgtaragonlarioja.org\/fedens\/author\/"}]}},"_links":{"self":[{"href":"https:\/\/www.cgtaragonlarioja.org\/fedens\/wp-json\/wp\/v2\/posts\/10173","targetHints":{"allow":["GET"]}}],"collection":[{"href":"https:\/\/www.cgtaragonlarioja.org\/fedens\/wp-json\/wp\/v2\/posts"}],"about":[{"href":"https:\/\/www.cgtaragonlarioja.org\/fedens\/wp-json\/wp\/v2\/types\/post"}],"author":[{"embeddable":true,"href":"https:\/\/www.cgtaragonlarioja.org\/fedens\/wp-json\/wp\/v2\/users\/485"}],"replies":[{"embeddable":true,"href":"https:\/\/www.cgtaragonlarioja.org\/fedens\/wp-json\/wp\/v2\/comments?post=10173"}],"version-history":[{"count":2,"href":"https:\/\/www.cgtaragonlarioja.org\/fedens\/wp-json\/wp\/v2\/posts\/10173\/revisions"}],"predecessor-version":[{"id":11304,"href":"https:\/\/www.cgtaragonlarioja.org\/fedens\/wp-json\/wp\/v2\/posts\/10173\/revisions\/11304"}],"wp:attachment":[{"href":"https:\/\/www.cgtaragonlarioja.org\/fedens\/wp-json\/wp\/v2\/media?parent=10173"}],"wp:term":[{"taxonomy":"category","embeddable":true,"href":"https:\/\/www.cgtaragonlarioja.org\/fedens\/wp-json\/wp\/v2\/categories?post=10173"},{"taxonomy":"post_tag","embeddable":true,"href":"https:\/\/www.cgtaragonlarioja.org\/fedens\/wp-json\/wp\/v2\/tags?post=10173"}],"curies":[{"name":"wp","href":"https:\/\/api.w.org\/{rel}","templated":true}]}}