{"id":10157,"date":"2020-05-08T18:43:29","date_gmt":"2020-05-08T16:43:29","guid":{"rendered":"https:\/\/www.cgtaragonlarioja.org\/fedens2\/noticias\/directrices-de-actuacion-para-el\/"},"modified":"2021-01-29T09:34:57","modified_gmt":"2021-01-29T08:34:57","slug":"directrices-de-actuacion-para-el","status":"publish","type":"post","link":"https:\/\/www.cgtaragonlarioja.org\/fedens\/directrices-de-actuacion-para-el\/","title":{"rendered":"Directrices de actuaci\u00f3n para el desarrollo de actividades de car\u00e1cter administrativo en los  centros educativos durante la FASE I"},"content":{"rendered":"Adjuntamos la informaci\u00f3n oficial proporcionada por la Secretar\u00eda General T\u00e9cnica del Departamento de Educaci\u00f3n del Gobierno de Arag\u00f3n.\n\n<img loading=\"lazy\" decoding=\"async\" class=\" aligncenter size-full wp-image-10152\" src=\"https:\/\/www.cgtaragonlarioja.org\/fedens\/wp-content\/uploads\/sites\/2\/2020\/05\/2020_05_08_Centros_solo_presencial.jpg\" alt=\"2020_05_08_Centros_solo_presencial.jpg\" align=\"center\" width=\"940\" height=\"788\" srcset=\"https:\/\/www.cgtaragonlarioja.org\/fedens\/files\/2020\/05\/2020_05_08_Centros_solo_presencial.jpg 940w, https:\/\/www.cgtaragonlarioja.org\/fedens\/files\/2020\/05\/2020_05_08_Centros_solo_presencial-300x251.jpg 300w, https:\/\/www.cgtaragonlarioja.org\/fedens\/files\/2020\/05\/2020_05_08_Centros_solo_presencial-768x644.jpg 768w\" sizes=\"auto, (max-width: 940px) 100vw, 940px\" \/>\n\n\nDocumentos de inter\u00e9s del departamento de Educaci\u00f3n del Gobierno de Arag\u00f3n:\n\n<a href=\"https:\/\/www.cgtaragonlarioja.org\/fedens\/wp-content\/uploads\/sites\/2\/2020\/05\/Guia_Fase_I_ambito_educativo_.pdf\">Directrices de actuaci\u00c3\u00b3n para el desarrollo de actividades de car\u00c3\u00a1cter administrativo en los  centros educativos durante la FASE I <\/a>\n\n<a href=\"https:\/\/www.cgtaragonlarioja.org\/fedens\/wp-content\/uploads\/sites\/2\/2020\/05\/Protegerse-2.pdf\">Medidas de protecci\u00c3\u00b3n<\/a>\n\n<a href=\"https:\/\/www.cgtaragonlarioja.org\/fedens\/wp-content\/uploads\/sites\/2\/2020\/05\/Transmision.pdf\">Transmisi\u00c3\u00b3n del COVID-19<\/a>\n\n<figure id=\"attachment_10156\" aria-describedby=\"caption-attachment-10156\" style=\"width: 720px\" class=\"wp-caption aligncenter\"><img loading=\"lazy\" decoding=\"async\" class=\" aligncenter size-full wp-image-10156\" src=\"https:\/\/www.cgtaragonlarioja.org\/fedens\/wp-content\/uploads\/sites\/2\/2020\/05\/200324_Aislamiento_COVID19_Gob_Aragon_976696382.png\" alt=\"Medidas de asilamiento\" title=\"Medidas de asilamiento\" class=\"caption\" align=\"center\" width=\"720\" height=\"1040\" srcset=\"https:\/\/www.cgtaragonlarioja.org\/fedens\/files\/2020\/05\/200324_Aislamiento_COVID19_Gob_Aragon_976696382.png 720w, https:\/\/www.cgtaragonlarioja.org\/fedens\/files\/2020\/05\/200324_Aislamiento_COVID19_Gob_Aragon_976696382-208x300.png 208w, https:\/\/www.cgtaragonlarioja.org\/fedens\/files\/2020\/05\/200324_Aislamiento_COVID19_Gob_Aragon_976696382-709x1024.png 709w\" sizes=\"auto, (max-width: 720px) 100vw, 720px\" \/><figcaption id=\"caption-attachment-10156\" class=\"wp-caption-text\">Medidas de asilamiento<\/figcaption><\/figure><div id='gallery-1' class='gallery galleryid-10157 gallery-columns-3 gallery-size-thumbnail'><figure class='gallery-item'>\n\t\t\t<div class='gallery-icon portrait'>\n\t\t\t\t<a href='https:\/\/www.cgtaragonlarioja.org\/fedens\/files\/2020\/05\/2020_03_20_Exige_proteccion.jpg'><img loading=\"lazy\" decoding=\"async\" width=\"150\" height=\"150\" src=\"https:\/\/www.cgtaragonlarioja.org\/fedens\/files\/2020\/05\/2020_03_20_Exige_proteccion-150x150.jpg\" class=\"attachment-thumbnail size-thumbnail\" alt=\"2020_03_20_Exige_proteccion.jpg\" \/><\/a>\n\t\t\t<\/div><\/figure><figure class='gallery-item'>\n\t\t\t<div class='gallery-icon portrait'>\n\t\t\t\t<a href='https:\/\/www.cgtaragonlarioja.org\/fedens\/files\/2020\/05\/200324_Aislamiento_COVID19_Gob_Aragon_976696382.png'><img loading=\"lazy\" decoding=\"async\" width=\"150\" height=\"150\" src=\"https:\/\/www.cgtaragonlarioja.org\/fedens\/files\/2020\/05\/200324_Aislamiento_COVID19_Gob_Aragon_976696382-150x150.png\" class=\"attachment-thumbnail size-thumbnail\" alt=\"Medidas de asilamiento\" aria-describedby=\"gallery-1-10156\" \/><\/a>\n\t\t\t<\/div>\n\t\t\t\t<figcaption class='wp-caption-text gallery-caption' id='gallery-1-10156'>\n\t\t\t\tMedidas de asilamiento\n\t\t\t\t<\/figcaption><\/figure><figure class='gallery-item'>\n\t\t\t<div class='gallery-icon landscape'>\n\t\t\t\t<a href='https:\/\/www.cgtaragonlarioja.org\/fedens\/files\/2020\/05\/2020_05_08_Centros_solo_presencial.jpg'><img loading=\"lazy\" decoding=\"async\" width=\"150\" height=\"150\" src=\"https:\/\/www.cgtaragonlarioja.org\/fedens\/files\/2020\/05\/2020_05_08_Centros_solo_presencial-150x150.jpg\" class=\"attachment-thumbnail size-thumbnail\" alt=\"2020_05_08_Centros_solo_presencial.jpg\" \/><\/a>\n\t\t\t<\/div><\/figure>\n\t\t<\/div>\n\n<h2 class=\"wp-block-heading\">Attached documents<\/h2>\n\n\n\n<div class=\"wp-block-file\"><a href=\"https:\/\/www.cgtaragonlarioja.org\/fedens\/wp-content\/uploads\/sites\/2\/2020\/05\/Guia_Fase_I_ambito_educativo_.pdf\">Directrices de actuaci\u00c3\u00b3n para el desarrollo de actividades de car\u00c3\u00a1cter administrativo en los  centros educativos durante la FASE I <\/a><\/div>\n\n\n\n<div class=\"wp-block-file\"><a href=\"https:\/\/www.cgtaragonlarioja.org\/fedens\/wp-content\/uploads\/sites\/2\/2020\/05\/Protegerse-2.pdf\">Medidas de protecci\u00c3\u00b3n<\/a><\/div>\n\n\n\n<div class=\"wp-block-file\"><a href=\"https:\/\/www.cgtaragonlarioja.org\/fedens\/wp-content\/uploads\/sites\/2\/2020\/05\/Transmision.pdf\">Transmisi\u00c3\u00b3n del COVID-19<\/a><\/div>\n\n\n","protected":false},"excerpt":{"rendered":"<p>Adjuntamos la informaci\u00f3n oficial proporcionada por la Secretar\u00eda General T\u00e9cnica del Departamento de Educaci\u00f3n del<\/p>\n","protected":false},"author":485,"featured_media":10158,"comment_status":"open","ping_status":"open","sticky":false,"template":"","format":"standard","meta":{"footnotes":""},"categories":[480],"tags":[],"class_list":["post-10157","post","type-post","status-publish","format-standard","has-post-thumbnail","hentry","category-noticias"],"yoast_head":"<!-- This site is optimized with the Yoast SEO plugin v26.7 - https:\/\/yoast.com\/wordpress\/plugins\/seo\/ -->\n<title>Directrices de actuaci\u00f3n para el desarrollo de actividades de car\u00e1cter administrativo en los centros educativos durante la FASE I<\/title>\n<meta name=\"description\" content=\"Adjuntamos la informaci\u00f3n oficial proporcionada por la Secretar\u00eda General T\u00e9cnica del Departamento de Educaci\u00f3n del Gobierno de Arag\u00f3n. Documentos de\" \/>\n<meta name=\"robots\" content=\"index, follow, max-snippet:-1, max-image-preview:large, max-video-preview:-1\" \/>\n<link rel=\"canonical\" href=\"https:\/\/www.cgtaragonlarioja.org\/fedens\/directrices-de-actuacion-para-el\/\" \/>\n<meta property=\"og:locale\" content=\"es_ES\" \/>\n<meta property=\"og:type\" content=\"article\" \/>\n<meta property=\"og:title\" content=\"Directrices de actuaci\u00f3n para el desarrollo de actividades de car\u00e1cter administrativo en los centros educativos durante la FASE I\" \/>\n<meta property=\"og:description\" content=\"Adjuntamos la informaci\u00f3n oficial proporcionada por la Secretar\u00eda General T\u00e9cnica del Departamento de Educaci\u00f3n del Gobierno de Arag\u00f3n. Documentos de\" \/>\n<meta property=\"og:url\" content=\"https:\/\/www.cgtaragonlarioja.org\/fedens\/directrices-de-actuacion-para-el\/\" \/>\n<meta property=\"og:site_name\" content=\"CGT Arag\u00f3n - La Rioja. ENSE\u00d1ANZA\" \/>\n<meta property=\"article:publisher\" content=\"https:\/\/www.facebook.com\/CGTEnseAragon\/\" \/>\n<meta property=\"article:published_time\" content=\"2020-05-08T16:43:29+00:00\" \/>\n<meta property=\"article:modified_time\" content=\"2021-01-29T08:34:57+00:00\" \/>\n<meta property=\"og:image\" content=\"https:\/\/www.cgtaragonlarioja.org\/fedens\/files\/2020\/05\/2020_03_20_Exige_proteccion.jpg\" \/>\n\t<meta property=\"og:image:width\" content=\"888\" \/>\n\t<meta property=\"og:image:height\" content=\"1280\" \/>\n\t<meta property=\"og:image:type\" content=\"image\/jpeg\" \/>\n<meta name=\"twitter:card\" content=\"summary_large_image\" \/>\n<meta name=\"twitter:creator\" content=\"@CGTeduAragon\" \/>\n<meta name=\"twitter:site\" content=\"@CGTeduAragon\" \/>\n<meta name=\"twitter:label1\" content=\"Escrito por\" \/>\n\t<meta name=\"twitter:data1\" content=\"\" \/>\n\t<meta name=\"twitter:label2\" content=\"Tiempo de lectura\" \/>\n\t<meta name=\"twitter:data2\" content=\"1 minuto\" \/>\n<script type=\"application\/ld+json\" class=\"yoast-schema-graph\">{\"@context\":\"https:\/\/schema.org\",\"@graph\":[{\"@type\":\"Article\",\"@id\":\"https:\/\/www.cgtaragonlarioja.org\/fedens\/directrices-de-actuacion-para-el\/#article\",\"isPartOf\":{\"@id\":\"https:\/\/www.cgtaragonlarioja.org\/fedens\/directrices-de-actuacion-para-el\/\"},\"author\":{\"name\":\"\",\"@id\":\"\"},\"headline\":\"Directrices de actuaci\u00f3n para el desarrollo de actividades de car\u00e1cter administrativo en los centros educativos durante la FASE I\",\"datePublished\":\"2020-05-08T16:43:29+00:00\",\"dateModified\":\"2021-01-29T08:34:57+00:00\",\"mainEntityOfPage\":{\"@id\":\"https:\/\/www.cgtaragonlarioja.org\/fedens\/directrices-de-actuacion-para-el\/\"},\"wordCount\":132,\"commentCount\":0,\"publisher\":{\"@id\":\"https:\/\/www.cgtaragonlarioja.org\/fedens\/#organization\"},\"image\":{\"@id\":\"https:\/\/www.cgtaragonlarioja.org\/fedens\/directrices-de-actuacion-para-el\/#primaryimage\"},\"thumbnailUrl\":\"https:\/\/www.cgtaragonlarioja.org\/fedens\/files\/2020\/05\/2020_03_20_Exige_proteccion.jpg\",\"articleSection\":[\"Noticias\"],\"inLanguage\":\"es\",\"potentialAction\":[{\"@type\":\"CommentAction\",\"name\":\"Comment\",\"target\":[\"https:\/\/www.cgtaragonlarioja.org\/fedens\/directrices-de-actuacion-para-el\/#respond\"]}]},{\"@type\":\"WebPage\",\"@id\":\"https:\/\/www.cgtaragonlarioja.org\/fedens\/directrices-de-actuacion-para-el\/\",\"url\":\"https:\/\/www.cgtaragonlarioja.org\/fedens\/directrices-de-actuacion-para-el\/\",\"name\":\"Directrices de actuaci\u00f3n para el desarrollo de actividades de car\u00e1cter administrativo en los centros educativos durante la FASE I\",\"isPartOf\":{\"@id\":\"https:\/\/www.cgtaragonlarioja.org\/fedens\/#website\"},\"primaryImageOfPage\":{\"@id\":\"https:\/\/www.cgtaragonlarioja.org\/fedens\/directrices-de-actuacion-para-el\/#primaryimage\"},\"image\":{\"@id\":\"https:\/\/www.cgtaragonlarioja.org\/fedens\/directrices-de-actuacion-para-el\/#primaryimage\"},\"thumbnailUrl\":\"https:\/\/www.cgtaragonlarioja.org\/fedens\/files\/2020\/05\/2020_03_20_Exige_proteccion.jpg\",\"datePublished\":\"2020-05-08T16:43:29+00:00\",\"dateModified\":\"2021-01-29T08:34:57+00:00\",\"description\":\"Adjuntamos la informaci\u00f3n oficial proporcionada por la Secretar\u00eda General T\u00e9cnica del Departamento de Educaci\u00f3n del Gobierno de Arag\u00f3n. Documentos de\",\"breadcrumb\":{\"@id\":\"https:\/\/www.cgtaragonlarioja.org\/fedens\/directrices-de-actuacion-para-el\/#breadcrumb\"},\"inLanguage\":\"es\",\"potentialAction\":[{\"@type\":\"ReadAction\",\"target\":[\"https:\/\/www.cgtaragonlarioja.org\/fedens\/directrices-de-actuacion-para-el\/\"]}]},{\"@type\":\"ImageObject\",\"inLanguage\":\"es\",\"@id\":\"https:\/\/www.cgtaragonlarioja.org\/fedens\/directrices-de-actuacion-para-el\/#primaryimage\",\"url\":\"https:\/\/www.cgtaragonlarioja.org\/fedens\/files\/2020\/05\/2020_03_20_Exige_proteccion.jpg\",\"contentUrl\":\"https:\/\/www.cgtaragonlarioja.org\/fedens\/files\/2020\/05\/2020_03_20_Exige_proteccion.jpg\",\"width\":888,\"height\":1280,\"caption\":\"2020_03_20_Exige_proteccion.jpg\"},{\"@type\":\"BreadcrumbList\",\"@id\":\"https:\/\/www.cgtaragonlarioja.org\/fedens\/directrices-de-actuacion-para-el\/#breadcrumb\",\"itemListElement\":[{\"@type\":\"ListItem\",\"position\":1,\"name\":\"Portada\",\"item\":\"https:\/\/www.cgtaragonlarioja.org\/fedens\/\"},{\"@type\":\"ListItem\",\"position\":2,\"name\":\"Directrices de actuaci\u00f3n para el desarrollo de actividades de car\u00e1cter administrativo en los centros educativos durante la FASE I\"}]},{\"@type\":\"WebSite\",\"@id\":\"https:\/\/www.cgtaragonlarioja.org\/fedens\/#website\",\"url\":\"https:\/\/www.cgtaragonlarioja.org\/fedens\/\",\"name\":\"CGT Arag\u00f3n - La Rioja. ENSE\u00d1ANZA\",\"description\":\"CONTACTAR: Calatayud-Aranda: 654897973 \/ Huesca: 974238404 \/ Teruel: 978619265 \/ Zaragoza: 976922002\",\"publisher\":{\"@id\":\"https:\/\/www.cgtaragonlarioja.org\/fedens\/#organization\"},\"potentialAction\":[{\"@type\":\"SearchAction\",\"target\":{\"@type\":\"EntryPoint\",\"urlTemplate\":\"https:\/\/www.cgtaragonlarioja.org\/fedens\/?s={search_term_string}\"},\"query-input\":{\"@type\":\"PropertyValueSpecification\",\"valueRequired\":true,\"valueName\":\"search_term_string\"}}],\"inLanguage\":\"es\"},{\"@type\":\"Organization\",\"@id\":\"https:\/\/www.cgtaragonlarioja.org\/fedens\/#organization\",\"name\":\"CGT Arag\u00f3n y La Rioja - Ense\u00f1anza\",\"url\":\"https:\/\/www.cgtaragonlarioja.org\/fedens\/\",\"logo\":{\"@type\":\"ImageObject\",\"inLanguage\":\"es\",\"@id\":\"https:\/\/www.cgtaragonlarioja.org\/fedens\/#\/schema\/logo\/image\/\",\"url\":\"https:\/\/www.cgtaragonlarioja.org\/fedens\/files\/2021\/02\/logo_cgt_ense_huesca_170x250.png\",\"contentUrl\":\"https:\/\/www.cgtaragonlarioja.org\/fedens\/files\/2021\/02\/logo_cgt_ense_huesca_170x250.png\",\"width\":170,\"height\":250,\"caption\":\"CGT Arag\u00f3n y La Rioja - Ense\u00f1anza\"},\"image\":{\"@id\":\"https:\/\/www.cgtaragonlarioja.org\/fedens\/#\/schema\/logo\/image\/\"},\"sameAs\":[\"https:\/\/www.facebook.com\/CGTEnseAragon\/\",\"https:\/\/x.com\/CGTeduAragon\"]},{\"@type\":\"Person\",\"@id\":\"\",\"url\":\"https:\/\/www.cgtaragonlarioja.org\/fedens\/author\/\"}]}<\/script>\n<!-- \/ Yoast SEO plugin. -->","yoast_head_json":{"title":"Directrices de actuaci\u00f3n para el desarrollo de actividades de car\u00e1cter administrativo en los centros educativos durante la FASE I","description":"Adjuntamos la informaci\u00f3n oficial proporcionada por la Secretar\u00eda General T\u00e9cnica del Departamento de Educaci\u00f3n del Gobierno de Arag\u00f3n. Documentos de","robots":{"index":"index","follow":"follow","max-snippet":"max-snippet:-1","max-image-preview":"max-image-preview:large","max-video-preview":"max-video-preview:-1"},"canonical":"https:\/\/www.cgtaragonlarioja.org\/fedens\/directrices-de-actuacion-para-el\/","og_locale":"es_ES","og_type":"article","og_title":"Directrices de actuaci\u00f3n para el desarrollo de actividades de car\u00e1cter administrativo en los centros educativos durante la FASE I","og_description":"Adjuntamos la informaci\u00f3n oficial proporcionada por la Secretar\u00eda General T\u00e9cnica del Departamento de Educaci\u00f3n del Gobierno de Arag\u00f3n. Documentos de","og_url":"https:\/\/www.cgtaragonlarioja.org\/fedens\/directrices-de-actuacion-para-el\/","og_site_name":"CGT Arag\u00f3n - La Rioja. ENSE\u00d1ANZA","article_publisher":"https:\/\/www.facebook.com\/CGTEnseAragon\/","article_published_time":"2020-05-08T16:43:29+00:00","article_modified_time":"2021-01-29T08:34:57+00:00","og_image":[{"width":888,"height":1280,"url":"https:\/\/www.cgtaragonlarioja.org\/fedens\/files\/2020\/05\/2020_03_20_Exige_proteccion.jpg","type":"image\/jpeg"}],"twitter_card":"summary_large_image","twitter_creator":"@CGTeduAragon","twitter_site":"@CGTeduAragon","twitter_misc":{"Escrito por":"","Tiempo de lectura":"1 minuto"},"schema":{"@context":"https:\/\/schema.org","@graph":[{"@type":"Article","@id":"https:\/\/www.cgtaragonlarioja.org\/fedens\/directrices-de-actuacion-para-el\/#article","isPartOf":{"@id":"https:\/\/www.cgtaragonlarioja.org\/fedens\/directrices-de-actuacion-para-el\/"},"author":{"name":"","@id":""},"headline":"Directrices de actuaci\u00f3n para el desarrollo de actividades de car\u00e1cter administrativo en los centros educativos durante la FASE I","datePublished":"2020-05-08T16:43:29+00:00","dateModified":"2021-01-29T08:34:57+00:00","mainEntityOfPage":{"@id":"https:\/\/www.cgtaragonlarioja.org\/fedens\/directrices-de-actuacion-para-el\/"},"wordCount":132,"commentCount":0,"publisher":{"@id":"https:\/\/www.cgtaragonlarioja.org\/fedens\/#organization"},"image":{"@id":"https:\/\/www.cgtaragonlarioja.org\/fedens\/directrices-de-actuacion-para-el\/#primaryimage"},"thumbnailUrl":"https:\/\/www.cgtaragonlarioja.org\/fedens\/files\/2020\/05\/2020_03_20_Exige_proteccion.jpg","articleSection":["Noticias"],"inLanguage":"es","potentialAction":[{"@type":"CommentAction","name":"Comment","target":["https:\/\/www.cgtaragonlarioja.org\/fedens\/directrices-de-actuacion-para-el\/#respond"]}]},{"@type":"WebPage","@id":"https:\/\/www.cgtaragonlarioja.org\/fedens\/directrices-de-actuacion-para-el\/","url":"https:\/\/www.cgtaragonlarioja.org\/fedens\/directrices-de-actuacion-para-el\/","name":"Directrices de actuaci\u00f3n para el desarrollo de actividades de car\u00e1cter administrativo en los centros educativos durante la FASE I","isPartOf":{"@id":"https:\/\/www.cgtaragonlarioja.org\/fedens\/#website"},"primaryImageOfPage":{"@id":"https:\/\/www.cgtaragonlarioja.org\/fedens\/directrices-de-actuacion-para-el\/#primaryimage"},"image":{"@id":"https:\/\/www.cgtaragonlarioja.org\/fedens\/directrices-de-actuacion-para-el\/#primaryimage"},"thumbnailUrl":"https:\/\/www.cgtaragonlarioja.org\/fedens\/files\/2020\/05\/2020_03_20_Exige_proteccion.jpg","datePublished":"2020-05-08T16:43:29+00:00","dateModified":"2021-01-29T08:34:57+00:00","description":"Adjuntamos la informaci\u00f3n oficial proporcionada por la Secretar\u00eda General T\u00e9cnica del Departamento de Educaci\u00f3n del Gobierno de Arag\u00f3n. Documentos de","breadcrumb":{"@id":"https:\/\/www.cgtaragonlarioja.org\/fedens\/directrices-de-actuacion-para-el\/#breadcrumb"},"inLanguage":"es","potentialAction":[{"@type":"ReadAction","target":["https:\/\/www.cgtaragonlarioja.org\/fedens\/directrices-de-actuacion-para-el\/"]}]},{"@type":"ImageObject","inLanguage":"es","@id":"https:\/\/www.cgtaragonlarioja.org\/fedens\/directrices-de-actuacion-para-el\/#primaryimage","url":"https:\/\/www.cgtaragonlarioja.org\/fedens\/files\/2020\/05\/2020_03_20_Exige_proteccion.jpg","contentUrl":"https:\/\/www.cgtaragonlarioja.org\/fedens\/files\/2020\/05\/2020_03_20_Exige_proteccion.jpg","width":888,"height":1280,"caption":"2020_03_20_Exige_proteccion.jpg"},{"@type":"BreadcrumbList","@id":"https:\/\/www.cgtaragonlarioja.org\/fedens\/directrices-de-actuacion-para-el\/#breadcrumb","itemListElement":[{"@type":"ListItem","position":1,"name":"Portada","item":"https:\/\/www.cgtaragonlarioja.org\/fedens\/"},{"@type":"ListItem","position":2,"name":"Directrices de actuaci\u00f3n para el desarrollo de actividades de car\u00e1cter administrativo en los centros educativos durante la FASE I"}]},{"@type":"WebSite","@id":"https:\/\/www.cgtaragonlarioja.org\/fedens\/#website","url":"https:\/\/www.cgtaragonlarioja.org\/fedens\/","name":"CGT Arag\u00f3n - La Rioja. ENSE\u00d1ANZA","description":"CONTACTAR: Calatayud-Aranda: 654897973 \/ Huesca: 974238404 \/ Teruel: 978619265 \/ Zaragoza: 976922002","publisher":{"@id":"https:\/\/www.cgtaragonlarioja.org\/fedens\/#organization"},"potentialAction":[{"@type":"SearchAction","target":{"@type":"EntryPoint","urlTemplate":"https:\/\/www.cgtaragonlarioja.org\/fedens\/?s={search_term_string}"},"query-input":{"@type":"PropertyValueSpecification","valueRequired":true,"valueName":"search_term_string"}}],"inLanguage":"es"},{"@type":"Organization","@id":"https:\/\/www.cgtaragonlarioja.org\/fedens\/#organization","name":"CGT Arag\u00f3n y La Rioja - Ense\u00f1anza","url":"https:\/\/www.cgtaragonlarioja.org\/fedens\/","logo":{"@type":"ImageObject","inLanguage":"es","@id":"https:\/\/www.cgtaragonlarioja.org\/fedens\/#\/schema\/logo\/image\/","url":"https:\/\/www.cgtaragonlarioja.org\/fedens\/files\/2021\/02\/logo_cgt_ense_huesca_170x250.png","contentUrl":"https:\/\/www.cgtaragonlarioja.org\/fedens\/files\/2021\/02\/logo_cgt_ense_huesca_170x250.png","width":170,"height":250,"caption":"CGT Arag\u00f3n y La Rioja - Ense\u00f1anza"},"image":{"@id":"https:\/\/www.cgtaragonlarioja.org\/fedens\/#\/schema\/logo\/image\/"},"sameAs":["https:\/\/www.facebook.com\/CGTEnseAragon\/","https:\/\/x.com\/CGTeduAragon"]},{"@type":"Person","@id":"","url":"https:\/\/www.cgtaragonlarioja.org\/fedens\/author\/"}]}},"_links":{"self":[{"href":"https:\/\/www.cgtaragonlarioja.org\/fedens\/wp-json\/wp\/v2\/posts\/10157","targetHints":{"allow":["GET"]}}],"collection":[{"href":"https:\/\/www.cgtaragonlarioja.org\/fedens\/wp-json\/wp\/v2\/posts"}],"about":[{"href":"https:\/\/www.cgtaragonlarioja.org\/fedens\/wp-json\/wp\/v2\/types\/post"}],"author":[{"embeddable":true,"href":"https:\/\/www.cgtaragonlarioja.org\/fedens\/wp-json\/wp\/v2\/users\/485"}],"replies":[{"embeddable":true,"href":"https:\/\/www.cgtaragonlarioja.org\/fedens\/wp-json\/wp\/v2\/comments?post=10157"}],"version-history":[{"count":2,"href":"https:\/\/www.cgtaragonlarioja.org\/fedens\/wp-json\/wp\/v2\/posts\/10157\/revisions"}],"predecessor-version":[{"id":10163,"href":"https:\/\/www.cgtaragonlarioja.org\/fedens\/wp-json\/wp\/v2\/posts\/10157\/revisions\/10163"}],"wp:featuredmedia":[{"embeddable":true,"href":"https:\/\/www.cgtaragonlarioja.org\/fedens\/wp-json\/wp\/v2\/media\/10158"}],"wp:attachment":[{"href":"https:\/\/www.cgtaragonlarioja.org\/fedens\/wp-json\/wp\/v2\/media?parent=10157"}],"wp:term":[{"taxonomy":"category","embeddable":true,"href":"https:\/\/www.cgtaragonlarioja.org\/fedens\/wp-json\/wp\/v2\/categories?post=10157"},{"taxonomy":"post_tag","embeddable":true,"href":"https:\/\/www.cgtaragonlarioja.org\/fedens\/wp-json\/wp\/v2\/tags?post=10157"}],"curies":[{"name":"wp","href":"https:\/\/api.w.org\/{rel}","templated":true}]}}