{"id":10040,"date":"2020-03-31T10:32:31","date_gmt":"2020-03-31T08:32:31","guid":{"rendered":"https:\/\/www.cgtaragonlarioja.org\/fedens2\/educacion-pensamiento-accion\/un-momento-precioso-para-redisenar\/"},"modified":"2020-03-31T10:32:31","modified_gmt":"2020-03-31T08:32:31","slug":"un-momento-precioso-para-redisenar","status":"publish","type":"post","link":"https:\/\/www.cgtaragonlarioja.org\/fedens\/un-momento-precioso-para-redisenar\/","title":{"rendered":"Un momento precioso para redise\u00f1ar la educaci\u00f3n que necesitamos"},"content":{"rendered":"<p>Estamos viviendo una situaci\u00f3n extrema, nueva, compleja, que ha sacudido por completo todas nuestras certezas. O tal vez no, porque quienes nos dedicamos a la educaci\u00f3n, sabemos que el principal valor de nuestro trabajo son nuestros ni\u00f1os, es nuestra relaci\u00f3n con ellos y el esfuerzo por sumar a las familias y a cuantas entidades sociales, comprometidas como nosotros en una verdadera transformaci\u00f3n social y no solo educativa, podamos. Y todo esto, pues resulta que es lo que est\u00e1 saliendo fortalecido de una crisis que ha visibilizado, de repente, la importancia de los cuidados, que ha puesto en valor a los colectivos sociales \u2014sanitarios, limpiadoras, transportistas, peque\u00f1os comerciantes y trabajadores de comercios m\u00e1s grandes, agricultores y ganaderos, cient\u00edficos e investigadores, cuerpos de seguridad, maestros y profesores\u2026\u2014 que result\u00e1bamos invisibles, poco valiosos en la cadena productiva de nuestro sistema econ\u00f3mico.<\/p>\n<p>Y es cierto que las amenazas econ\u00f3micas  y el anuncio de una quiebra financiera est\u00e1n presentes en las noticias, pero ocupan un segundo plano porque, por primera vez, el cuidado y la defensa de la vida, es lo que m\u00e1s importa. Y nos hemos parado porque cada vida cuenta. Y las fronteras, aunque se cierran como lo hacen nuestras casas en esta cuarentena, han demostrado que son absurdas e ineficaces para contener la propagaci\u00f3n de un virus, pero tambi\u00e9n que se abren cuando nos empe\u00f1amos en no querer contener la cadena de solidaridad.<\/p>\n<p>Hemos dejado de mirar de cerca, y empezado a mirar un poco m\u00e1s lejos y nos hemos vuelto a hacer preguntas: \u00bfQu\u00e9 est\u00e1 pasando en el resto del mundo? \u00bfPor qu\u00e9 es importante parar el contagio? \u00bfPor qu\u00e9 nuestro sistema sanitario est\u00e1 en riesgo de colapsarse? \u00bfQu\u00e9 hace que las personas se sientan comprometidas, hasta jugarse la vida, por ayudar y ponerse al servicio de los m\u00e1s vulnerables? \u00bfPor qu\u00e9 la naturaleza recupera su equilibrio, algo que parec\u00eda inalcanzable?<\/p>\n<p>Por las tardes, cuando salimos a aplaudir, nos saludamos con nuestros vecinos \u2014a algunos los estamos conociendo ahora\u2014 y por las redes circulan miles de iniciativas solidarias \u2014comprar para otros, cantar juntos, contar cuentos para los m\u00e1s peque\u00f1os\u2026\u2014. Nunca antes hab\u00eda habido una intenci\u00f3n tan general de compartir recursos e iniciativas culturales: bibliotecas virtuales, teatro, cine, conciertos, exposiciones, visitas muse\u00edsticas&#8230; Porque nunca fue tan importante sentirnos conectados. Nos hab\u00edamos olvidado del nosotros, y esta cuarentena, nos lo devuelve multiplicado.<\/p>\n<p>Un nosotros que empieza en nuestras casas, en las que est\u00e1n los ni\u00f1os, y tambi\u00e9n los pap\u00e1s, algunos teletrabajando, otros porque se quedaron sin empleo. No nos olvidemos de ello: resulta que se puede compatibilizar el trabajo con la atenci\u00f3n de los menores y mayores, y hacemos cuanto podemos por atender nuestra responsabilidad en las dos direcciones, con los medios y con el tiempo de que disponemos. No podemos ni queremos olvidarnos de la situaci\u00f3n que atraviesan las familias en mayor riesgo de exclusi\u00f3n social, y esperamos que las cifras que se citan en los medios de comunicaci\u00f3n se traduzcan en ayudas concretas para que a nadie le falte el pan, ni un techo en el que cobijarse.<\/p>\n<p>Ciertamente que existe una brecha digital que favorece o no la conexi\u00f3n. Con esa brecha convivimos alumnos, familias, y tambi\u00e9n los profesores. Pero una vez m\u00e1s, lo poco o mucho que tenemos, desde luego nuestro tiempo, lo estamos poniendo al servicio del bien com\u00fan. Y desde luego, estamos compartiendo un mismo sufrimiento, al ver enfermar a las personas que queremos,  el dolor de no poder despedirnos de nuestros mayores, y el agotamiento de quienes luchan contrarreloj por sanarlos.<\/p>\n<p>Despu\u00e9s de vivir todo esto, habremos aprendido tanto, que todos pasaremos de curso, y a ser posible, comprometidos en hacer una educaci\u00f3n diferente, para un mundo diferente, para un futuro que tenga que ver m\u00e1s con el cuidado del nosotros y de nuestra Tierra.<\/p>\n<p>Cuando todo esto pase, porque todo pasa, y volvamos a encontrarnos en las aulas, primero de todo, nos abrazaremos para celebrar lo que nos hemos echado de menos \u2014los maestros y profesores no dejamos de pensar en nuestros ni\u00f1os, en los que se conectan, y en los que est\u00e1n desconectados, porque quiz\u00e1 tambi\u00e9n lo estaban cuando nos ve\u00edamos todos los d\u00edas en clase\u2014. Eso no s\u00e9 si nos convalidar\u00e1 la Educaci\u00f3n F\u00edsica. Cantaremos y tocaremos juntos para empezar de nuevo, sin los que hemos perdido, y tendremos buena nota en m\u00fasica. Dibujaremos un gran arco iris y una paloma blanca, porque practicamos mucho alegrando nuestros balcones, esperando el d\u00eda de trazarlos juntos, y tambi\u00e9n ser\u00e1 buena nuestra nota de pl\u00e1stica. Y como habremos aprendido lo que cuesta alentar y cuidar la vida, y sabremos de gr\u00e1ficas y de crecimientos exponenciales, y de millones para parar la crisis, tendr\u00e1n que darnos matr\u00edcula de honor en matem\u00e1ticas. Y respiraremos un aire m\u00e1s limpio, y al ver c\u00f3mo se recuperan nuestros campos, nuestros r\u00edos y mares, y tantas especies que d\u00e1bamos por perdidas, tendremos sobresaliente en Biolog\u00eda. Y habremos le\u00eddo tanto, y visto tantos cuentacuentos, y sabremos contar tantas cosas, que aprobaremos con muy buena nota Lengua. Pero la mejor de las notas la tendremos en sociales, porque si algo habremos aprendido, ser\u00e1 a ser ciudadanos globales.<\/p>\n<p>Estar\u00eda bien que entonces, cuando todo haya pasado, nos felicit\u00e1ramos por el trabajo, y escuch\u00e1ramos de nuestras autoridades y gobiernos un sonoro aplauso, porque los maestros y profesores, como el resto de los ciudadanos, supimos estar y hacer frente a las limitaciones tecnol\u00f3gicas, de recursos o de tiempo, al dolor de las p\u00e9rdidas de cada uno, al dif\u00edcil equilibrio entre el trabajo desde casa y nuestras propias necesidades familiares, al compromiso con nuestros cercanos, porque efectivamente, al coronavirus lo paramos entre todos.<\/p>\n<p>Estar\u00eda bien que cuando todo haya pasado, nos sent\u00e1ramos a so\u00f1ar y pensar en un futuro distinto y m\u00e1s humano, m\u00e1s de nosotros, m\u00e1s sostenible y de cuidados, sin olvidarnos nunca de aquel mes de marzo de 2020, en que aqu\u00ed en, Espa\u00f1a, se nos congel\u00f3 el calendario. Ser\u00eda buen momento, de hecho lo es ya, para dejarnos de prisas, de fechas, de pruebas, de ex\u00e1menes, que no recojan todo lo valioso que juntos aprendimos, un precioso momento para dise\u00f1ar la educaci\u00f3n que necesitamos.<\/p>\n","protected":false},"excerpt":{"rendered":"<p>Estamos viviendo una situaci\u00f3n extrema, nueva, compleja, que ha sacudido por completo todas nuestras certezas.<\/p>\n","protected":false},"author":485,"featured_media":0,"comment_status":"open","ping_status":"open","sticky":false,"template":"","format":"standard","meta":{"footnotes":""},"categories":[504],"tags":[523],"class_list":["post-10040","post","type-post","status-publish","format-standard","hentry","category-a-debate","tag-educacion-social"],"yoast_head":"<!-- This site is optimized with the Yoast SEO plugin v26.7 - https:\/\/yoast.com\/wordpress\/plugins\/seo\/ -->\n<title>Un momento precioso para redise\u00f1ar la educaci\u00f3n que necesitamos<\/title>\n<meta name=\"description\" content=\"Estamos viviendo una situaci\u00f3n extrema, nueva, compleja, que ha sacudido por completo todas nuestras certezas. O tal vez no, porque quienes nos dedicamos\" \/>\n<meta name=\"robots\" content=\"index, follow, max-snippet:-1, max-image-preview:large, max-video-preview:-1\" \/>\n<link rel=\"canonical\" href=\"https:\/\/www.cgtaragonlarioja.org\/fedens\/un-momento-precioso-para-redisenar\/\" \/>\n<meta property=\"og:locale\" content=\"es_ES\" \/>\n<meta property=\"og:type\" content=\"article\" \/>\n<meta property=\"og:title\" content=\"Un momento precioso para redise\u00f1ar la educaci\u00f3n que necesitamos\" \/>\n<meta property=\"og:description\" content=\"Estamos viviendo una situaci\u00f3n extrema, nueva, compleja, que ha sacudido por completo todas nuestras certezas. O tal vez no, porque quienes nos dedicamos\" \/>\n<meta property=\"og:url\" content=\"https:\/\/www.cgtaragonlarioja.org\/fedens\/un-momento-precioso-para-redisenar\/\" \/>\n<meta property=\"og:site_name\" content=\"CGT Arag\u00f3n - La Rioja. ENSE\u00d1ANZA\" \/>\n<meta property=\"article:publisher\" content=\"https:\/\/www.facebook.com\/CGTEnseAragon\/\" \/>\n<meta property=\"article:published_time\" content=\"2020-03-31T08:32:31+00:00\" \/>\n<meta name=\"twitter:card\" content=\"summary_large_image\" \/>\n<meta name=\"twitter:creator\" content=\"@CGTeduAragon\" \/>\n<meta name=\"twitter:site\" content=\"@CGTeduAragon\" \/>\n<meta name=\"twitter:label1\" content=\"Escrito por\" \/>\n\t<meta name=\"twitter:data1\" content=\"\" \/>\n\t<meta name=\"twitter:label2\" content=\"Tiempo de lectura\" \/>\n\t<meta name=\"twitter:data2\" content=\"5 minutos\" \/>\n<script type=\"application\/ld+json\" class=\"yoast-schema-graph\">{\"@context\":\"https:\/\/schema.org\",\"@graph\":[{\"@type\":\"Article\",\"@id\":\"https:\/\/www.cgtaragonlarioja.org\/fedens\/un-momento-precioso-para-redisenar\/#article\",\"isPartOf\":{\"@id\":\"https:\/\/www.cgtaragonlarioja.org\/fedens\/un-momento-precioso-para-redisenar\/\"},\"author\":{\"name\":\"\",\"@id\":\"\"},\"headline\":\"Un momento precioso para redise\u00f1ar la educaci\u00f3n que necesitamos\",\"datePublished\":\"2020-03-31T08:32:31+00:00\",\"mainEntityOfPage\":{\"@id\":\"https:\/\/www.cgtaragonlarioja.org\/fedens\/un-momento-precioso-para-redisenar\/\"},\"wordCount\":1107,\"commentCount\":0,\"publisher\":{\"@id\":\"https:\/\/www.cgtaragonlarioja.org\/fedens\/#organization\"},\"keywords\":[\"Educaci\u00f3n Social\"],\"articleSection\":[\"A Debate\"],\"inLanguage\":\"es\",\"potentialAction\":[{\"@type\":\"CommentAction\",\"name\":\"Comment\",\"target\":[\"https:\/\/www.cgtaragonlarioja.org\/fedens\/un-momento-precioso-para-redisenar\/#respond\"]}]},{\"@type\":\"WebPage\",\"@id\":\"https:\/\/www.cgtaragonlarioja.org\/fedens\/un-momento-precioso-para-redisenar\/\",\"url\":\"https:\/\/www.cgtaragonlarioja.org\/fedens\/un-momento-precioso-para-redisenar\/\",\"name\":\"Un momento precioso para redise\u00f1ar la educaci\u00f3n que necesitamos\",\"isPartOf\":{\"@id\":\"https:\/\/www.cgtaragonlarioja.org\/fedens\/#website\"},\"datePublished\":\"2020-03-31T08:32:31+00:00\",\"description\":\"Estamos viviendo una situaci\u00f3n extrema, nueva, compleja, que ha sacudido por completo todas nuestras certezas. O tal vez no, porque quienes nos dedicamos\",\"breadcrumb\":{\"@id\":\"https:\/\/www.cgtaragonlarioja.org\/fedens\/un-momento-precioso-para-redisenar\/#breadcrumb\"},\"inLanguage\":\"es\",\"potentialAction\":[{\"@type\":\"ReadAction\",\"target\":[\"https:\/\/www.cgtaragonlarioja.org\/fedens\/un-momento-precioso-para-redisenar\/\"]}]},{\"@type\":\"BreadcrumbList\",\"@id\":\"https:\/\/www.cgtaragonlarioja.org\/fedens\/un-momento-precioso-para-redisenar\/#breadcrumb\",\"itemListElement\":[{\"@type\":\"ListItem\",\"position\":1,\"name\":\"Portada\",\"item\":\"https:\/\/www.cgtaragonlarioja.org\/fedens\/\"},{\"@type\":\"ListItem\",\"position\":2,\"name\":\"Un momento precioso para redise\u00f1ar la educaci\u00f3n que necesitamos\"}]},{\"@type\":\"WebSite\",\"@id\":\"https:\/\/www.cgtaragonlarioja.org\/fedens\/#website\",\"url\":\"https:\/\/www.cgtaragonlarioja.org\/fedens\/\",\"name\":\"CGT Arag\u00f3n - La Rioja. ENSE\u00d1ANZA\",\"description\":\"CONTACTAR: Calatayud-Aranda: 654897973 \/ Huesca: 974238404 \/ Teruel: 978619265 \/ Zaragoza: 976922002\",\"publisher\":{\"@id\":\"https:\/\/www.cgtaragonlarioja.org\/fedens\/#organization\"},\"potentialAction\":[{\"@type\":\"SearchAction\",\"target\":{\"@type\":\"EntryPoint\",\"urlTemplate\":\"https:\/\/www.cgtaragonlarioja.org\/fedens\/?s={search_term_string}\"},\"query-input\":{\"@type\":\"PropertyValueSpecification\",\"valueRequired\":true,\"valueName\":\"search_term_string\"}}],\"inLanguage\":\"es\"},{\"@type\":\"Organization\",\"@id\":\"https:\/\/www.cgtaragonlarioja.org\/fedens\/#organization\",\"name\":\"CGT Arag\u00f3n y La Rioja - Ense\u00f1anza\",\"url\":\"https:\/\/www.cgtaragonlarioja.org\/fedens\/\",\"logo\":{\"@type\":\"ImageObject\",\"inLanguage\":\"es\",\"@id\":\"https:\/\/www.cgtaragonlarioja.org\/fedens\/#\/schema\/logo\/image\/\",\"url\":\"https:\/\/www.cgtaragonlarioja.org\/fedens\/files\/2021\/02\/logo_cgt_ense_huesca_170x250.png\",\"contentUrl\":\"https:\/\/www.cgtaragonlarioja.org\/fedens\/files\/2021\/02\/logo_cgt_ense_huesca_170x250.png\",\"width\":170,\"height\":250,\"caption\":\"CGT Arag\u00f3n y La Rioja - Ense\u00f1anza\"},\"image\":{\"@id\":\"https:\/\/www.cgtaragonlarioja.org\/fedens\/#\/schema\/logo\/image\/\"},\"sameAs\":[\"https:\/\/www.facebook.com\/CGTEnseAragon\/\",\"https:\/\/x.com\/CGTeduAragon\"]},{\"@type\":\"Person\",\"@id\":\"\",\"url\":\"https:\/\/www.cgtaragonlarioja.org\/fedens\/author\/\"}]}<\/script>\n<!-- \/ Yoast SEO plugin. -->","yoast_head_json":{"title":"Un momento precioso para redise\u00f1ar la educaci\u00f3n que necesitamos","description":"Estamos viviendo una situaci\u00f3n extrema, nueva, compleja, que ha sacudido por completo todas nuestras certezas. O tal vez no, porque quienes nos dedicamos","robots":{"index":"index","follow":"follow","max-snippet":"max-snippet:-1","max-image-preview":"max-image-preview:large","max-video-preview":"max-video-preview:-1"},"canonical":"https:\/\/www.cgtaragonlarioja.org\/fedens\/un-momento-precioso-para-redisenar\/","og_locale":"es_ES","og_type":"article","og_title":"Un momento precioso para redise\u00f1ar la educaci\u00f3n que necesitamos","og_description":"Estamos viviendo una situaci\u00f3n extrema, nueva, compleja, que ha sacudido por completo todas nuestras certezas. O tal vez no, porque quienes nos dedicamos","og_url":"https:\/\/www.cgtaragonlarioja.org\/fedens\/un-momento-precioso-para-redisenar\/","og_site_name":"CGT Arag\u00f3n - La Rioja. ENSE\u00d1ANZA","article_publisher":"https:\/\/www.facebook.com\/CGTEnseAragon\/","article_published_time":"2020-03-31T08:32:31+00:00","twitter_card":"summary_large_image","twitter_creator":"@CGTeduAragon","twitter_site":"@CGTeduAragon","twitter_misc":{"Escrito por":"","Tiempo de lectura":"5 minutos"},"schema":{"@context":"https:\/\/schema.org","@graph":[{"@type":"Article","@id":"https:\/\/www.cgtaragonlarioja.org\/fedens\/un-momento-precioso-para-redisenar\/#article","isPartOf":{"@id":"https:\/\/www.cgtaragonlarioja.org\/fedens\/un-momento-precioso-para-redisenar\/"},"author":{"name":"","@id":""},"headline":"Un momento precioso para redise\u00f1ar la educaci\u00f3n que necesitamos","datePublished":"2020-03-31T08:32:31+00:00","mainEntityOfPage":{"@id":"https:\/\/www.cgtaragonlarioja.org\/fedens\/un-momento-precioso-para-redisenar\/"},"wordCount":1107,"commentCount":0,"publisher":{"@id":"https:\/\/www.cgtaragonlarioja.org\/fedens\/#organization"},"keywords":["Educaci\u00f3n Social"],"articleSection":["A Debate"],"inLanguage":"es","potentialAction":[{"@type":"CommentAction","name":"Comment","target":["https:\/\/www.cgtaragonlarioja.org\/fedens\/un-momento-precioso-para-redisenar\/#respond"]}]},{"@type":"WebPage","@id":"https:\/\/www.cgtaragonlarioja.org\/fedens\/un-momento-precioso-para-redisenar\/","url":"https:\/\/www.cgtaragonlarioja.org\/fedens\/un-momento-precioso-para-redisenar\/","name":"Un momento precioso para redise\u00f1ar la educaci\u00f3n que necesitamos","isPartOf":{"@id":"https:\/\/www.cgtaragonlarioja.org\/fedens\/#website"},"datePublished":"2020-03-31T08:32:31+00:00","description":"Estamos viviendo una situaci\u00f3n extrema, nueva, compleja, que ha sacudido por completo todas nuestras certezas. O tal vez no, porque quienes nos dedicamos","breadcrumb":{"@id":"https:\/\/www.cgtaragonlarioja.org\/fedens\/un-momento-precioso-para-redisenar\/#breadcrumb"},"inLanguage":"es","potentialAction":[{"@type":"ReadAction","target":["https:\/\/www.cgtaragonlarioja.org\/fedens\/un-momento-precioso-para-redisenar\/"]}]},{"@type":"BreadcrumbList","@id":"https:\/\/www.cgtaragonlarioja.org\/fedens\/un-momento-precioso-para-redisenar\/#breadcrumb","itemListElement":[{"@type":"ListItem","position":1,"name":"Portada","item":"https:\/\/www.cgtaragonlarioja.org\/fedens\/"},{"@type":"ListItem","position":2,"name":"Un momento precioso para redise\u00f1ar la educaci\u00f3n que necesitamos"}]},{"@type":"WebSite","@id":"https:\/\/www.cgtaragonlarioja.org\/fedens\/#website","url":"https:\/\/www.cgtaragonlarioja.org\/fedens\/","name":"CGT Arag\u00f3n - La Rioja. ENSE\u00d1ANZA","description":"CONTACTAR: Calatayud-Aranda: 654897973 \/ Huesca: 974238404 \/ Teruel: 978619265 \/ Zaragoza: 976922002","publisher":{"@id":"https:\/\/www.cgtaragonlarioja.org\/fedens\/#organization"},"potentialAction":[{"@type":"SearchAction","target":{"@type":"EntryPoint","urlTemplate":"https:\/\/www.cgtaragonlarioja.org\/fedens\/?s={search_term_string}"},"query-input":{"@type":"PropertyValueSpecification","valueRequired":true,"valueName":"search_term_string"}}],"inLanguage":"es"},{"@type":"Organization","@id":"https:\/\/www.cgtaragonlarioja.org\/fedens\/#organization","name":"CGT Arag\u00f3n y La Rioja - Ense\u00f1anza","url":"https:\/\/www.cgtaragonlarioja.org\/fedens\/","logo":{"@type":"ImageObject","inLanguage":"es","@id":"https:\/\/www.cgtaragonlarioja.org\/fedens\/#\/schema\/logo\/image\/","url":"https:\/\/www.cgtaragonlarioja.org\/fedens\/files\/2021\/02\/logo_cgt_ense_huesca_170x250.png","contentUrl":"https:\/\/www.cgtaragonlarioja.org\/fedens\/files\/2021\/02\/logo_cgt_ense_huesca_170x250.png","width":170,"height":250,"caption":"CGT Arag\u00f3n y La Rioja - Ense\u00f1anza"},"image":{"@id":"https:\/\/www.cgtaragonlarioja.org\/fedens\/#\/schema\/logo\/image\/"},"sameAs":["https:\/\/www.facebook.com\/CGTEnseAragon\/","https:\/\/x.com\/CGTeduAragon"]},{"@type":"Person","@id":"","url":"https:\/\/www.cgtaragonlarioja.org\/fedens\/author\/"}]}},"_links":{"self":[{"href":"https:\/\/www.cgtaragonlarioja.org\/fedens\/wp-json\/wp\/v2\/posts\/10040","targetHints":{"allow":["GET"]}}],"collection":[{"href":"https:\/\/www.cgtaragonlarioja.org\/fedens\/wp-json\/wp\/v2\/posts"}],"about":[{"href":"https:\/\/www.cgtaragonlarioja.org\/fedens\/wp-json\/wp\/v2\/types\/post"}],"author":[{"embeddable":true,"href":"https:\/\/www.cgtaragonlarioja.org\/fedens\/wp-json\/wp\/v2\/users\/485"}],"replies":[{"embeddable":true,"href":"https:\/\/www.cgtaragonlarioja.org\/fedens\/wp-json\/wp\/v2\/comments?post=10040"}],"version-history":[{"count":0,"href":"https:\/\/www.cgtaragonlarioja.org\/fedens\/wp-json\/wp\/v2\/posts\/10040\/revisions"}],"wp:attachment":[{"href":"https:\/\/www.cgtaragonlarioja.org\/fedens\/wp-json\/wp\/v2\/media?parent=10040"}],"wp:term":[{"taxonomy":"category","embeddable":true,"href":"https:\/\/www.cgtaragonlarioja.org\/fedens\/wp-json\/wp\/v2\/categories?post=10040"},{"taxonomy":"post_tag","embeddable":true,"href":"https:\/\/www.cgtaragonlarioja.org\/fedens\/wp-json\/wp\/v2\/tags?post=10040"}],"curies":[{"name":"wp","href":"https:\/\/api.w.org\/{rel}","templated":true}]}}