{"id":10023,"date":"2020-03-30T10:14:59","date_gmt":"2020-03-30T08:14:59","guid":{"rendered":"https:\/\/www.cgtaragonlarioja.org\/fedens2\/noticias\/comunicado-de-la-federacion\/"},"modified":"2021-01-29T09:34:17","modified_gmt":"2021-01-29T08:34:17","slug":"comunicado-de-la-federacion","status":"publish","type":"post","link":"https:\/\/www.cgtaragonlarioja.org\/fedens\/comunicado-de-la-federacion\/","title":{"rendered":"Comunicado de la Federaci\u00f3n estatal de Ense\u00f1anza de CGT. Educaci\u00f3n, recortes, precariedad y Covid-19"},"content":{"rendered":"<strong>28 de marzo de 2020 \n \nEDUCACI\u00d3N, RECORTES, PRECARIEDAD Y COVID-19 <\/strong> \n \nEl  personal  educativo,  al  igual  que  el  resto  de  trabajadoras  y  trabajadores  del  pa\u00eds, estamos viendo profundamente alteradas nuestras vidas y labores cotidianas ante la situaci\u00f3n de crisis  sanitaria  originada  por  el  COVID-19.  De  la  noche  a  la  ma\u00f1ana,  quienes  no  hemos enfermado, con mucho estr\u00e9s, angustia, incertidumbre, miedo y con poco o nulo apoyo de las administraciones,  hemos visto como o nos hemos quedado sin trabajo, o se nos ha precarizado, todav\u00eda m\u00e1s, el que ten\u00edamos. \n \nEntre  los  sectores  afectados,  encontramos  al  personal  cient\u00edfico,  con  contratos dependientes  de  la  realizaci\u00f3n  de  sus  proyectos  de  investigaci\u00f3n,  que  no  pueden  seguir realizando las tareas necesarias para poder acabarlos debido al confinamiento, dificultando as\u00ed  finalizar las  tareas  de  su  contrato  dentro  del  plazo  preceptivo.  Eso,  en  el mejor  de  los  casos, porque  quienes  trabajan  para  empresas  externalizadas  de  las  universidades,  monitoras  y monitores de comedor, de extraescolares, personal de cocina, personal laboral, del sector social, etc., est\u00e1n sufriendo despidos o Expedientes de Regulaci\u00f3n Temporal de Empleo. \n \nEl personal docente hemos tenido que reinventar la docencia y buscarnos la vida para acometer la atenci\u00f3n on-line, a\u00fan a sabiendas de que pese al denodado esfuerzo, buena parte de nuestro  alumnado  carece  de  los  medios  adecuados para no quedarse  descolgado.  Esto, el personal funcionario de carrera o interino, el personal sustituto, en muchas  ocasiones,  ha recibido notificaci\u00f3n del fin de su contrato, sin saber cu\u00e1ndo volver\u00e1 a trabajar en lo que queda de curso. \n \nEn  medio  de  esta  situaci\u00f3n  anormal  y  ca\u00f3tica,  adem\u00e1s,  el  colectivo  de  docentes  de interinas e interinos est\u00e1 siendo v\u00edctima del COVID-19 por partida doble, pues a las muchas horas de trabajo on-line, se suma la incertidumbre de qu\u00e9 va a pasar con los procesos de selecci\u00f3n (oposiciones) previstos para el presente curso, y que deb\u00edan comenzar a partir de junio. \n \nEn esta situaci\u00f3n excepcional, CGT considera que no es, en absoluto, el momento de preparar unas oposiciones. \u00bfQui\u00e9n puede tener concentraci\u00f3n y tiempo de dedicaci\u00f3n para el estudio?  Si  algo  estamos  aprendiendo  del  teletrabajo es la pr\u00e1cticamente nula posibilidad de \nconciliaci\u00f3n  con  la vida  familiar,  en  \u00e9poca,  adem\u00e1s, de  cuidados  permanentes  por  el confinamiento de hijas e hijos, de familiares dependientes, enfermos, etc.  \n \nLa  sentencia  del  19  de  marzo  del  Tribunal  de  Justicia  de  la  Uni\u00f3n  Europea pone en evidencia la situaci\u00f3n de gran precariedad  del personal interino en el Estado espa\u00f1ol, y c\u00f3mo las Administraciones abusan de la temporalidad. Desde CGT siempre lo hemos denunciado. Tanto los gobiernos central como auton\u00f3micos, con la complicidad de los sindicatos mayoritarios, son responsables de un modelo de acceso a la funci\u00f3n p\u00fablica que no garantiza la consolidaci\u00f3n de los  puestos  de  trabajo  de  trabajadoras  y  trabajadores  que  durante  a\u00f1os  han  acreditado  \n \nY  ahora se demuestra, adem\u00e1s, lo que ven\u00edamos denunciando desde  CGT;  lo que significa  haber  estado  recortando  tanto y durante tantos a\u00f1os  en  la    educaci\u00f3n  p\u00fablica, desmantelando un servicio esencial de la sociedad. A\u00f1o tras a\u00f1o de gobiernos privatizadores que nos han dejado en la situaci\u00f3n  que  ahora  sufrimos.  S\u00f3lo nos faltaba, para rematar, el coronavirus.  \n \n<strong>Desde CGT luchamos y lucharemos para que haya suficiente inversi\u00f3n en  el  sector p\u00fablico, para que Sanidad, Educaci\u00f3n y Servicios Sociales sean de la m\u00e1xima calidad para todas y todos, y exigimos  garant\u00edas de que saldremos de esta situaci\u00f3n sin que tengamos que pagarlo, como siempre, las clases populares y, principalmente, los sectores m\u00e1s vulnerables.<\/strong> \n \n \nSalud, ahora m\u00e1s que nunca. \n \nFederaci\u00f3n de Ense\u00f1anza de la CGT \n \n28 de marzo de 2020 \n<h2 class=\"wp-block-heading\">Attached documents<\/h2>\n\n\n\n<div class=\"wp-block-file\"><a href=\"https:\/\/www.cgtaragonlarioja.org\/fedens\/wp-content\/uploads\/sites\/2\/2020\/03\/2020_03_28_Comunicado_FE_CGT_covid-19_Educacion_recortes_precariedad.pdf\">2020_03_28_Comunicado_FE_CGT_covid-19_Educacion_recortes_precariedad.pdf<\/a><\/div>\n\n\n","protected":false},"excerpt":{"rendered":"<p>28 de marzo de 2020 EDUCACI\u00d3N, RECORTES, PRECARIEDAD Y COVID-19 El personal educativo, al igual<\/p>\n","protected":false},"author":485,"featured_media":0,"comment_status":"open","ping_status":"open","sticky":false,"template":"","format":"standard","meta":{"footnotes":""},"categories":[480],"tags":[],"class_list":["post-10023","post","type-post","status-publish","format-standard","hentry","category-noticias"],"yoast_head":"<!-- This site is optimized with the Yoast SEO plugin v26.7 - https:\/\/yoast.com\/wordpress\/plugins\/seo\/ -->\n<title>Comunicado de la Federaci\u00f3n estatal de Ense\u00f1anza de CGT. Educaci\u00f3n, recortes, precariedad y Covid-19<\/title>\n<meta name=\"description\" content=\"28 de marzo de 2020 EDUCACI\u00d3N, RECORTES, PRECARIEDAD Y COVID-19 El personal educativo, al igual que el resto de trabajadoras y trabajadores del pa\u00eds,\" \/>\n<meta name=\"robots\" content=\"index, follow, max-snippet:-1, max-image-preview:large, max-video-preview:-1\" \/>\n<link rel=\"canonical\" href=\"https:\/\/www.cgtaragonlarioja.org\/fedens\/comunicado-de-la-federacion\/\" \/>\n<meta property=\"og:locale\" content=\"es_ES\" \/>\n<meta property=\"og:type\" content=\"article\" \/>\n<meta property=\"og:title\" content=\"Comunicado de la Federaci\u00f3n estatal de Ense\u00f1anza de CGT. Educaci\u00f3n, recortes, precariedad y Covid-19\" \/>\n<meta property=\"og:description\" content=\"28 de marzo de 2020 EDUCACI\u00d3N, RECORTES, PRECARIEDAD Y COVID-19 El personal educativo, al igual que el resto de trabajadoras y trabajadores del pa\u00eds,\" \/>\n<meta property=\"og:url\" content=\"https:\/\/www.cgtaragonlarioja.org\/fedens\/comunicado-de-la-federacion\/\" \/>\n<meta property=\"og:site_name\" content=\"CGT Arag\u00f3n - La Rioja. ENSE\u00d1ANZA\" \/>\n<meta property=\"article:publisher\" content=\"https:\/\/www.facebook.com\/CGTEnseAragon\/\" \/>\n<meta property=\"article:published_time\" content=\"2020-03-30T08:14:59+00:00\" \/>\n<meta property=\"article:modified_time\" content=\"2021-01-29T08:34:17+00:00\" \/>\n<meta name=\"twitter:card\" content=\"summary_large_image\" \/>\n<meta name=\"twitter:creator\" content=\"@CGTeduAragon\" \/>\n<meta name=\"twitter:site\" content=\"@CGTeduAragon\" \/>\n<meta name=\"twitter:label1\" content=\"Escrito por\" \/>\n\t<meta name=\"twitter:data1\" content=\"\" \/>\n\t<meta name=\"twitter:label2\" content=\"Tiempo de lectura\" \/>\n\t<meta name=\"twitter:data2\" content=\"3 minutos\" \/>\n<script type=\"application\/ld+json\" class=\"yoast-schema-graph\">{\"@context\":\"https:\/\/schema.org\",\"@graph\":[{\"@type\":\"Article\",\"@id\":\"https:\/\/www.cgtaragonlarioja.org\/fedens\/comunicado-de-la-federacion\/#article\",\"isPartOf\":{\"@id\":\"https:\/\/www.cgtaragonlarioja.org\/fedens\/comunicado-de-la-federacion\/\"},\"author\":{\"name\":\"\",\"@id\":\"\"},\"headline\":\"Comunicado de la Federaci\u00f3n estatal de Ense\u00f1anza de CGT. Educaci\u00f3n, recortes, precariedad y Covid-19\",\"datePublished\":\"2020-03-30T08:14:59+00:00\",\"dateModified\":\"2021-01-29T08:34:17+00:00\",\"mainEntityOfPage\":{\"@id\":\"https:\/\/www.cgtaragonlarioja.org\/fedens\/comunicado-de-la-federacion\/\"},\"wordCount\":666,\"commentCount\":0,\"publisher\":{\"@id\":\"https:\/\/www.cgtaragonlarioja.org\/fedens\/#organization\"},\"articleSection\":[\"Noticias\"],\"inLanguage\":\"es\",\"potentialAction\":[{\"@type\":\"CommentAction\",\"name\":\"Comment\",\"target\":[\"https:\/\/www.cgtaragonlarioja.org\/fedens\/comunicado-de-la-federacion\/#respond\"]}]},{\"@type\":\"WebPage\",\"@id\":\"https:\/\/www.cgtaragonlarioja.org\/fedens\/comunicado-de-la-federacion\/\",\"url\":\"https:\/\/www.cgtaragonlarioja.org\/fedens\/comunicado-de-la-federacion\/\",\"name\":\"Comunicado de la Federaci\u00f3n estatal de Ense\u00f1anza de CGT. Educaci\u00f3n, recortes, precariedad y Covid-19\",\"isPartOf\":{\"@id\":\"https:\/\/www.cgtaragonlarioja.org\/fedens\/#website\"},\"datePublished\":\"2020-03-30T08:14:59+00:00\",\"dateModified\":\"2021-01-29T08:34:17+00:00\",\"description\":\"28 de marzo de 2020 EDUCACI\u00d3N, RECORTES, PRECARIEDAD Y COVID-19 El personal educativo, al igual que el resto de trabajadoras y trabajadores del pa\u00eds,\",\"breadcrumb\":{\"@id\":\"https:\/\/www.cgtaragonlarioja.org\/fedens\/comunicado-de-la-federacion\/#breadcrumb\"},\"inLanguage\":\"es\",\"potentialAction\":[{\"@type\":\"ReadAction\",\"target\":[\"https:\/\/www.cgtaragonlarioja.org\/fedens\/comunicado-de-la-federacion\/\"]}]},{\"@type\":\"BreadcrumbList\",\"@id\":\"https:\/\/www.cgtaragonlarioja.org\/fedens\/comunicado-de-la-federacion\/#breadcrumb\",\"itemListElement\":[{\"@type\":\"ListItem\",\"position\":1,\"name\":\"Portada\",\"item\":\"https:\/\/www.cgtaragonlarioja.org\/fedens\/\"},{\"@type\":\"ListItem\",\"position\":2,\"name\":\"Comunicado de la Federaci\u00f3n estatal de Ense\u00f1anza de CGT. Educaci\u00f3n, recortes, precariedad y Covid-19\"}]},{\"@type\":\"WebSite\",\"@id\":\"https:\/\/www.cgtaragonlarioja.org\/fedens\/#website\",\"url\":\"https:\/\/www.cgtaragonlarioja.org\/fedens\/\",\"name\":\"CGT Arag\u00f3n - La Rioja. ENSE\u00d1ANZA\",\"description\":\"CONTACTAR: Calatayud-Aranda: 654897973 \/ Huesca: 974238404 \/ Teruel: 978619265 \/ Zaragoza: 976922002\",\"publisher\":{\"@id\":\"https:\/\/www.cgtaragonlarioja.org\/fedens\/#organization\"},\"potentialAction\":[{\"@type\":\"SearchAction\",\"target\":{\"@type\":\"EntryPoint\",\"urlTemplate\":\"https:\/\/www.cgtaragonlarioja.org\/fedens\/?s={search_term_string}\"},\"query-input\":{\"@type\":\"PropertyValueSpecification\",\"valueRequired\":true,\"valueName\":\"search_term_string\"}}],\"inLanguage\":\"es\"},{\"@type\":\"Organization\",\"@id\":\"https:\/\/www.cgtaragonlarioja.org\/fedens\/#organization\",\"name\":\"CGT Arag\u00f3n y La Rioja - Ense\u00f1anza\",\"url\":\"https:\/\/www.cgtaragonlarioja.org\/fedens\/\",\"logo\":{\"@type\":\"ImageObject\",\"inLanguage\":\"es\",\"@id\":\"https:\/\/www.cgtaragonlarioja.org\/fedens\/#\/schema\/logo\/image\/\",\"url\":\"https:\/\/www.cgtaragonlarioja.org\/fedens\/files\/2021\/02\/logo_cgt_ense_huesca_170x250.png\",\"contentUrl\":\"https:\/\/www.cgtaragonlarioja.org\/fedens\/files\/2021\/02\/logo_cgt_ense_huesca_170x250.png\",\"width\":170,\"height\":250,\"caption\":\"CGT Arag\u00f3n y La Rioja - Ense\u00f1anza\"},\"image\":{\"@id\":\"https:\/\/www.cgtaragonlarioja.org\/fedens\/#\/schema\/logo\/image\/\"},\"sameAs\":[\"https:\/\/www.facebook.com\/CGTEnseAragon\/\",\"https:\/\/x.com\/CGTeduAragon\"]},{\"@type\":\"Person\",\"@id\":\"\",\"url\":\"https:\/\/www.cgtaragonlarioja.org\/fedens\/author\/\"}]}<\/script>\n<!-- \/ Yoast SEO plugin. -->","yoast_head_json":{"title":"Comunicado de la Federaci\u00f3n estatal de Ense\u00f1anza de CGT. Educaci\u00f3n, recortes, precariedad y Covid-19","description":"28 de marzo de 2020 EDUCACI\u00d3N, RECORTES, PRECARIEDAD Y COVID-19 El personal educativo, al igual que el resto de trabajadoras y trabajadores del pa\u00eds,","robots":{"index":"index","follow":"follow","max-snippet":"max-snippet:-1","max-image-preview":"max-image-preview:large","max-video-preview":"max-video-preview:-1"},"canonical":"https:\/\/www.cgtaragonlarioja.org\/fedens\/comunicado-de-la-federacion\/","og_locale":"es_ES","og_type":"article","og_title":"Comunicado de la Federaci\u00f3n estatal de Ense\u00f1anza de CGT. Educaci\u00f3n, recortes, precariedad y Covid-19","og_description":"28 de marzo de 2020 EDUCACI\u00d3N, RECORTES, PRECARIEDAD Y COVID-19 El personal educativo, al igual que el resto de trabajadoras y trabajadores del pa\u00eds,","og_url":"https:\/\/www.cgtaragonlarioja.org\/fedens\/comunicado-de-la-federacion\/","og_site_name":"CGT Arag\u00f3n - La Rioja. ENSE\u00d1ANZA","article_publisher":"https:\/\/www.facebook.com\/CGTEnseAragon\/","article_published_time":"2020-03-30T08:14:59+00:00","article_modified_time":"2021-01-29T08:34:17+00:00","twitter_card":"summary_large_image","twitter_creator":"@CGTeduAragon","twitter_site":"@CGTeduAragon","twitter_misc":{"Escrito por":"","Tiempo de lectura":"3 minutos"},"schema":{"@context":"https:\/\/schema.org","@graph":[{"@type":"Article","@id":"https:\/\/www.cgtaragonlarioja.org\/fedens\/comunicado-de-la-federacion\/#article","isPartOf":{"@id":"https:\/\/www.cgtaragonlarioja.org\/fedens\/comunicado-de-la-federacion\/"},"author":{"name":"","@id":""},"headline":"Comunicado de la Federaci\u00f3n estatal de Ense\u00f1anza de CGT. Educaci\u00f3n, recortes, precariedad y Covid-19","datePublished":"2020-03-30T08:14:59+00:00","dateModified":"2021-01-29T08:34:17+00:00","mainEntityOfPage":{"@id":"https:\/\/www.cgtaragonlarioja.org\/fedens\/comunicado-de-la-federacion\/"},"wordCount":666,"commentCount":0,"publisher":{"@id":"https:\/\/www.cgtaragonlarioja.org\/fedens\/#organization"},"articleSection":["Noticias"],"inLanguage":"es","potentialAction":[{"@type":"CommentAction","name":"Comment","target":["https:\/\/www.cgtaragonlarioja.org\/fedens\/comunicado-de-la-federacion\/#respond"]}]},{"@type":"WebPage","@id":"https:\/\/www.cgtaragonlarioja.org\/fedens\/comunicado-de-la-federacion\/","url":"https:\/\/www.cgtaragonlarioja.org\/fedens\/comunicado-de-la-federacion\/","name":"Comunicado de la Federaci\u00f3n estatal de Ense\u00f1anza de CGT. Educaci\u00f3n, recortes, precariedad y Covid-19","isPartOf":{"@id":"https:\/\/www.cgtaragonlarioja.org\/fedens\/#website"},"datePublished":"2020-03-30T08:14:59+00:00","dateModified":"2021-01-29T08:34:17+00:00","description":"28 de marzo de 2020 EDUCACI\u00d3N, RECORTES, PRECARIEDAD Y COVID-19 El personal educativo, al igual que el resto de trabajadoras y trabajadores del pa\u00eds,","breadcrumb":{"@id":"https:\/\/www.cgtaragonlarioja.org\/fedens\/comunicado-de-la-federacion\/#breadcrumb"},"inLanguage":"es","potentialAction":[{"@type":"ReadAction","target":["https:\/\/www.cgtaragonlarioja.org\/fedens\/comunicado-de-la-federacion\/"]}]},{"@type":"BreadcrumbList","@id":"https:\/\/www.cgtaragonlarioja.org\/fedens\/comunicado-de-la-federacion\/#breadcrumb","itemListElement":[{"@type":"ListItem","position":1,"name":"Portada","item":"https:\/\/www.cgtaragonlarioja.org\/fedens\/"},{"@type":"ListItem","position":2,"name":"Comunicado de la Federaci\u00f3n estatal de Ense\u00f1anza de CGT. Educaci\u00f3n, recortes, precariedad y Covid-19"}]},{"@type":"WebSite","@id":"https:\/\/www.cgtaragonlarioja.org\/fedens\/#website","url":"https:\/\/www.cgtaragonlarioja.org\/fedens\/","name":"CGT Arag\u00f3n - La Rioja. ENSE\u00d1ANZA","description":"CONTACTAR: Calatayud-Aranda: 654897973 \/ Huesca: 974238404 \/ Teruel: 978619265 \/ Zaragoza: 976922002","publisher":{"@id":"https:\/\/www.cgtaragonlarioja.org\/fedens\/#organization"},"potentialAction":[{"@type":"SearchAction","target":{"@type":"EntryPoint","urlTemplate":"https:\/\/www.cgtaragonlarioja.org\/fedens\/?s={search_term_string}"},"query-input":{"@type":"PropertyValueSpecification","valueRequired":true,"valueName":"search_term_string"}}],"inLanguage":"es"},{"@type":"Organization","@id":"https:\/\/www.cgtaragonlarioja.org\/fedens\/#organization","name":"CGT Arag\u00f3n y La Rioja - Ense\u00f1anza","url":"https:\/\/www.cgtaragonlarioja.org\/fedens\/","logo":{"@type":"ImageObject","inLanguage":"es","@id":"https:\/\/www.cgtaragonlarioja.org\/fedens\/#\/schema\/logo\/image\/","url":"https:\/\/www.cgtaragonlarioja.org\/fedens\/files\/2021\/02\/logo_cgt_ense_huesca_170x250.png","contentUrl":"https:\/\/www.cgtaragonlarioja.org\/fedens\/files\/2021\/02\/logo_cgt_ense_huesca_170x250.png","width":170,"height":250,"caption":"CGT Arag\u00f3n y La Rioja - Ense\u00f1anza"},"image":{"@id":"https:\/\/www.cgtaragonlarioja.org\/fedens\/#\/schema\/logo\/image\/"},"sameAs":["https:\/\/www.facebook.com\/CGTEnseAragon\/","https:\/\/x.com\/CGTeduAragon"]},{"@type":"Person","@id":"","url":"https:\/\/www.cgtaragonlarioja.org\/fedens\/author\/"}]}},"_links":{"self":[{"href":"https:\/\/www.cgtaragonlarioja.org\/fedens\/wp-json\/wp\/v2\/posts\/10023","targetHints":{"allow":["GET"]}}],"collection":[{"href":"https:\/\/www.cgtaragonlarioja.org\/fedens\/wp-json\/wp\/v2\/posts"}],"about":[{"href":"https:\/\/www.cgtaragonlarioja.org\/fedens\/wp-json\/wp\/v2\/types\/post"}],"author":[{"embeddable":true,"href":"https:\/\/www.cgtaragonlarioja.org\/fedens\/wp-json\/wp\/v2\/users\/485"}],"replies":[{"embeddable":true,"href":"https:\/\/www.cgtaragonlarioja.org\/fedens\/wp-json\/wp\/v2\/comments?post=10023"}],"version-history":[{"count":1,"href":"https:\/\/www.cgtaragonlarioja.org\/fedens\/wp-json\/wp\/v2\/posts\/10023\/revisions"}],"predecessor-version":[{"id":10025,"href":"https:\/\/www.cgtaragonlarioja.org\/fedens\/wp-json\/wp\/v2\/posts\/10023\/revisions\/10025"}],"wp:attachment":[{"href":"https:\/\/www.cgtaragonlarioja.org\/fedens\/wp-json\/wp\/v2\/media?parent=10023"}],"wp:term":[{"taxonomy":"category","embeddable":true,"href":"https:\/\/www.cgtaragonlarioja.org\/fedens\/wp-json\/wp\/v2\/categories?post=10023"},{"taxonomy":"post_tag","embeddable":true,"href":"https:\/\/www.cgtaragonlarioja.org\/fedens\/wp-json\/wp\/v2\/tags?post=10023"}],"curies":[{"name":"wp","href":"https:\/\/api.w.org\/{rel}","templated":true}]}}