{"id":10007,"date":"2020-03-24T12:32:58","date_gmt":"2020-03-24T11:32:58","guid":{"rendered":"https:\/\/www.cgtaragonlarioja.org\/fedens2\/noticias\/comunicado-de-la-federacion-de\/"},"modified":"2021-01-29T09:34:13","modified_gmt":"2021-01-29T08:34:13","slug":"comunicado-de-la-federacion-de","status":"publish","type":"post","link":"https:\/\/www.cgtaragonlarioja.org\/fedens\/comunicado-de-la-federacion-de\/","title":{"rendered":"Comunicado de la Federaci\u00f3n de Ense\u00f1anza de CGT sobre el profesorado que presta servicio en Marruecos"},"content":{"rendered":"<strong><a href=\"http:\/\/www.fecgt.org\/mostrar.php?n=COMUNICADO%20DE%20LA%20FEDERACI%C3%93N%20DE%20ENSE%C3%91ANZA%20DE%20CGT%20SOBRE%20EL%20PROFESORADO%20QUE%20PRESTA%20SERVICIO%20EN%20MARRUECOS.&#038;c=%C3%9Altimas%20noticias\">COMUNICADO DE LA FEDERACI\u00d3N DE ENSE\u00d1ANZA DE CGT SOBRE EL PROFESORADO QUE PRESTA SERVICIO EN MARRUECOS<\/a>.\n<\/strong>\n\nDesde CGT queremos denunciar la grave situaci\u00f3n de m\u00e1s de 200 docentes que trabajan en centros de titularidad del Estado espa\u00f1ol en Marruecos, retenidos sin que les sea posible su regreso.\nA pesar del cierre de los colegios y el estado de alerta, este personal docente contin\u00faa en Marruecos teletrabajando desde sus residencias, cuando este mismo trabajo podr\u00eda realizarse desde su domicilio en Espa\u00f1a. El 16 de marzo, una circular firmada por la Consejera de Educaci\u00f3n de la Embajada de Espa\u00f1a en Marruecos comunicaba que el personal no est\u00e1 autorizado a desplazarse, abandonando su puesto de trabajo y lugar de residencia, salvo permiso de la Consejer\u00eda plenamente justificado debido a circunstancias extraordinarias.\nDesde CGT entendemos que el Covid-19 ya es una circunstancia extraordinaria en s\u00ed misma, a la que, adem\u00e1s, se le suman las circunstancias individuales de cada persona. Por todo esto, desde CGT exigimos del gobierno espa\u00f1ol que a la mayor brevedad posible sea repatriado todo el personal docente que presta servicio en Marruecos. De la misma manera exigimos que se atienda a todo el personal docente espa\u00f1ol que trabaje en centros de titularidad del Estado en el extranjero y exprese su voluntad de regresar a Espa\u00f1a.\n\n\nSecretariado Permanente de la Federaci\u00f3n de Ense\u00f1anza de CGT\n\n\n<a href=\"https:\/\/www.cgtaragonlarioja.org\/fedens\/wp-content\/uploads\/sites\/2\/2020\/03\/Comunicado.pdf\">Comunicado de la Federaci\u00c3\u00b3n de Ense\u00c3\u00b1anza de CGT sobre el profesorado que presta servicio en Marruecos <\/a>\n<h2 class=\"wp-block-heading\">Attached documents<\/h2>\n\n\n\n<div class=\"wp-block-file\"><a href=\"https:\/\/www.cgtaragonlarioja.org\/fedens\/wp-content\/uploads\/sites\/2\/2020\/03\/Comunicado.pdf\">Comunicado de la Federaci\u00c3\u00b3n de Ense\u00c3\u00b1anza de CGT sobre el profesorado que presta servicio en Marruecos <\/a><\/div>\n\n\n","protected":false},"excerpt":{"rendered":"<p>COMUNICADO DE LA FEDERACI\u00d3N DE ENSE\u00d1ANZA DE CGT SOBRE EL PROFESORADO QUE PRESTA SERVICIO EN<\/p>\n","protected":false},"author":485,"featured_media":0,"comment_status":"open","ping_status":"open","sticky":false,"template":"","format":"standard","meta":{"footnotes":""},"categories":[480],"tags":[],"class_list":["post-10007","post","type-post","status-publish","format-standard","hentry","category-noticias"],"yoast_head":"<!-- This site is optimized with the Yoast SEO plugin v26.7 - https:\/\/yoast.com\/wordpress\/plugins\/seo\/ -->\n<title>Comunicado de la Federaci\u00f3n de Ense\u00f1anza de CGT sobre el profesorado que presta servicio en Marruecos<\/title>\n<meta name=\"description\" content=\"COMUNICADO DE LA FEDERACI\u00d3N DE ENSE\u00d1ANZA DE CGT SOBRE EL PROFESORADO QUE PRESTA SERVICIO EN MARRUECOS. Desde CGT queremos denunciar la grave situaci\u00f3n de\" \/>\n<meta name=\"robots\" content=\"index, follow, max-snippet:-1, max-image-preview:large, max-video-preview:-1\" \/>\n<link rel=\"canonical\" href=\"https:\/\/www.cgtaragonlarioja.org\/fedens\/comunicado-de-la-federacion-de\/\" \/>\n<meta property=\"og:locale\" content=\"es_ES\" \/>\n<meta property=\"og:type\" content=\"article\" \/>\n<meta property=\"og:title\" content=\"Comunicado de la Federaci\u00f3n de Ense\u00f1anza de CGT sobre el profesorado que presta servicio en Marruecos\" \/>\n<meta property=\"og:description\" content=\"COMUNICADO DE LA FEDERACI\u00d3N DE ENSE\u00d1ANZA DE CGT SOBRE EL PROFESORADO QUE PRESTA SERVICIO EN MARRUECOS. Desde CGT queremos denunciar la grave situaci\u00f3n de\" \/>\n<meta property=\"og:url\" content=\"https:\/\/www.cgtaragonlarioja.org\/fedens\/comunicado-de-la-federacion-de\/\" \/>\n<meta property=\"og:site_name\" content=\"CGT Arag\u00f3n - La Rioja. ENSE\u00d1ANZA\" \/>\n<meta property=\"article:publisher\" content=\"https:\/\/www.facebook.com\/CGTEnseAragon\/\" \/>\n<meta property=\"article:published_time\" content=\"2020-03-24T11:32:58+00:00\" \/>\n<meta property=\"article:modified_time\" content=\"2021-01-29T08:34:13+00:00\" \/>\n<meta name=\"twitter:card\" content=\"summary_large_image\" \/>\n<meta name=\"twitter:creator\" content=\"@CGTeduAragon\" \/>\n<meta name=\"twitter:site\" content=\"@CGTeduAragon\" \/>\n<meta name=\"twitter:label1\" content=\"Escrito por\" \/>\n\t<meta name=\"twitter:data1\" content=\"\" \/>\n\t<meta name=\"twitter:label2\" content=\"Tiempo de lectura\" \/>\n\t<meta name=\"twitter:data2\" content=\"1 minuto\" \/>\n<script type=\"application\/ld+json\" class=\"yoast-schema-graph\">{\"@context\":\"https:\/\/schema.org\",\"@graph\":[{\"@type\":\"Article\",\"@id\":\"https:\/\/www.cgtaragonlarioja.org\/fedens\/comunicado-de-la-federacion-de\/#article\",\"isPartOf\":{\"@id\":\"https:\/\/www.cgtaragonlarioja.org\/fedens\/comunicado-de-la-federacion-de\/\"},\"author\":{\"name\":\"\",\"@id\":\"\"},\"headline\":\"Comunicado de la Federaci\u00f3n de Ense\u00f1anza de CGT sobre el profesorado que presta servicio en Marruecos\",\"datePublished\":\"2020-03-24T11:32:58+00:00\",\"dateModified\":\"2021-01-29T08:34:13+00:00\",\"mainEntityOfPage\":{\"@id\":\"https:\/\/www.cgtaragonlarioja.org\/fedens\/comunicado-de-la-federacion-de\/\"},\"wordCount\":294,\"commentCount\":0,\"publisher\":{\"@id\":\"https:\/\/www.cgtaragonlarioja.org\/fedens\/#organization\"},\"articleSection\":[\"Noticias\"],\"inLanguage\":\"es\",\"potentialAction\":[{\"@type\":\"CommentAction\",\"name\":\"Comment\",\"target\":[\"https:\/\/www.cgtaragonlarioja.org\/fedens\/comunicado-de-la-federacion-de\/#respond\"]}]},{\"@type\":\"WebPage\",\"@id\":\"https:\/\/www.cgtaragonlarioja.org\/fedens\/comunicado-de-la-federacion-de\/\",\"url\":\"https:\/\/www.cgtaragonlarioja.org\/fedens\/comunicado-de-la-federacion-de\/\",\"name\":\"Comunicado de la Federaci\u00f3n de Ense\u00f1anza de CGT sobre el profesorado que presta servicio en Marruecos\",\"isPartOf\":{\"@id\":\"https:\/\/www.cgtaragonlarioja.org\/fedens\/#website\"},\"datePublished\":\"2020-03-24T11:32:58+00:00\",\"dateModified\":\"2021-01-29T08:34:13+00:00\",\"description\":\"COMUNICADO DE LA FEDERACI\u00d3N DE ENSE\u00d1ANZA DE CGT SOBRE EL PROFESORADO QUE PRESTA SERVICIO EN MARRUECOS. Desde CGT queremos denunciar la grave situaci\u00f3n de\",\"breadcrumb\":{\"@id\":\"https:\/\/www.cgtaragonlarioja.org\/fedens\/comunicado-de-la-federacion-de\/#breadcrumb\"},\"inLanguage\":\"es\",\"potentialAction\":[{\"@type\":\"ReadAction\",\"target\":[\"https:\/\/www.cgtaragonlarioja.org\/fedens\/comunicado-de-la-federacion-de\/\"]}]},{\"@type\":\"BreadcrumbList\",\"@id\":\"https:\/\/www.cgtaragonlarioja.org\/fedens\/comunicado-de-la-federacion-de\/#breadcrumb\",\"itemListElement\":[{\"@type\":\"ListItem\",\"position\":1,\"name\":\"Portada\",\"item\":\"https:\/\/www.cgtaragonlarioja.org\/fedens\/\"},{\"@type\":\"ListItem\",\"position\":2,\"name\":\"Comunicado de la Federaci\u00f3n de Ense\u00f1anza de CGT sobre el profesorado que presta servicio en Marruecos\"}]},{\"@type\":\"WebSite\",\"@id\":\"https:\/\/www.cgtaragonlarioja.org\/fedens\/#website\",\"url\":\"https:\/\/www.cgtaragonlarioja.org\/fedens\/\",\"name\":\"CGT Arag\u00f3n - La Rioja. ENSE\u00d1ANZA\",\"description\":\"CONTACTAR: Calatayud-Aranda: 654897973 \/ Huesca: 974238404 \/ Teruel: 978619265 \/ Zaragoza: 976922002\",\"publisher\":{\"@id\":\"https:\/\/www.cgtaragonlarioja.org\/fedens\/#organization\"},\"potentialAction\":[{\"@type\":\"SearchAction\",\"target\":{\"@type\":\"EntryPoint\",\"urlTemplate\":\"https:\/\/www.cgtaragonlarioja.org\/fedens\/?s={search_term_string}\"},\"query-input\":{\"@type\":\"PropertyValueSpecification\",\"valueRequired\":true,\"valueName\":\"search_term_string\"}}],\"inLanguage\":\"es\"},{\"@type\":\"Organization\",\"@id\":\"https:\/\/www.cgtaragonlarioja.org\/fedens\/#organization\",\"name\":\"CGT Arag\u00f3n y La Rioja - Ense\u00f1anza\",\"url\":\"https:\/\/www.cgtaragonlarioja.org\/fedens\/\",\"logo\":{\"@type\":\"ImageObject\",\"inLanguage\":\"es\",\"@id\":\"https:\/\/www.cgtaragonlarioja.org\/fedens\/#\/schema\/logo\/image\/\",\"url\":\"https:\/\/www.cgtaragonlarioja.org\/fedens\/files\/2021\/02\/logo_cgt_ense_huesca_170x250.png\",\"contentUrl\":\"https:\/\/www.cgtaragonlarioja.org\/fedens\/files\/2021\/02\/logo_cgt_ense_huesca_170x250.png\",\"width\":170,\"height\":250,\"caption\":\"CGT Arag\u00f3n y La Rioja - Ense\u00f1anza\"},\"image\":{\"@id\":\"https:\/\/www.cgtaragonlarioja.org\/fedens\/#\/schema\/logo\/image\/\"},\"sameAs\":[\"https:\/\/www.facebook.com\/CGTEnseAragon\/\",\"https:\/\/x.com\/CGTeduAragon\"]},{\"@type\":\"Person\",\"@id\":\"\",\"url\":\"https:\/\/www.cgtaragonlarioja.org\/fedens\/author\/\"}]}<\/script>\n<!-- \/ Yoast SEO plugin. -->","yoast_head_json":{"title":"Comunicado de la Federaci\u00f3n de Ense\u00f1anza de CGT sobre el profesorado que presta servicio en Marruecos","description":"COMUNICADO DE LA FEDERACI\u00d3N DE ENSE\u00d1ANZA DE CGT SOBRE EL PROFESORADO QUE PRESTA SERVICIO EN MARRUECOS. Desde CGT queremos denunciar la grave situaci\u00f3n de","robots":{"index":"index","follow":"follow","max-snippet":"max-snippet:-1","max-image-preview":"max-image-preview:large","max-video-preview":"max-video-preview:-1"},"canonical":"https:\/\/www.cgtaragonlarioja.org\/fedens\/comunicado-de-la-federacion-de\/","og_locale":"es_ES","og_type":"article","og_title":"Comunicado de la Federaci\u00f3n de Ense\u00f1anza de CGT sobre el profesorado que presta servicio en Marruecos","og_description":"COMUNICADO DE LA FEDERACI\u00d3N DE ENSE\u00d1ANZA DE CGT SOBRE EL PROFESORADO QUE PRESTA SERVICIO EN MARRUECOS. Desde CGT queremos denunciar la grave situaci\u00f3n de","og_url":"https:\/\/www.cgtaragonlarioja.org\/fedens\/comunicado-de-la-federacion-de\/","og_site_name":"CGT Arag\u00f3n - La Rioja. ENSE\u00d1ANZA","article_publisher":"https:\/\/www.facebook.com\/CGTEnseAragon\/","article_published_time":"2020-03-24T11:32:58+00:00","article_modified_time":"2021-01-29T08:34:13+00:00","twitter_card":"summary_large_image","twitter_creator":"@CGTeduAragon","twitter_site":"@CGTeduAragon","twitter_misc":{"Escrito por":"","Tiempo de lectura":"1 minuto"},"schema":{"@context":"https:\/\/schema.org","@graph":[{"@type":"Article","@id":"https:\/\/www.cgtaragonlarioja.org\/fedens\/comunicado-de-la-federacion-de\/#article","isPartOf":{"@id":"https:\/\/www.cgtaragonlarioja.org\/fedens\/comunicado-de-la-federacion-de\/"},"author":{"name":"","@id":""},"headline":"Comunicado de la Federaci\u00f3n de Ense\u00f1anza de CGT sobre el profesorado que presta servicio en Marruecos","datePublished":"2020-03-24T11:32:58+00:00","dateModified":"2021-01-29T08:34:13+00:00","mainEntityOfPage":{"@id":"https:\/\/www.cgtaragonlarioja.org\/fedens\/comunicado-de-la-federacion-de\/"},"wordCount":294,"commentCount":0,"publisher":{"@id":"https:\/\/www.cgtaragonlarioja.org\/fedens\/#organization"},"articleSection":["Noticias"],"inLanguage":"es","potentialAction":[{"@type":"CommentAction","name":"Comment","target":["https:\/\/www.cgtaragonlarioja.org\/fedens\/comunicado-de-la-federacion-de\/#respond"]}]},{"@type":"WebPage","@id":"https:\/\/www.cgtaragonlarioja.org\/fedens\/comunicado-de-la-federacion-de\/","url":"https:\/\/www.cgtaragonlarioja.org\/fedens\/comunicado-de-la-federacion-de\/","name":"Comunicado de la Federaci\u00f3n de Ense\u00f1anza de CGT sobre el profesorado que presta servicio en Marruecos","isPartOf":{"@id":"https:\/\/www.cgtaragonlarioja.org\/fedens\/#website"},"datePublished":"2020-03-24T11:32:58+00:00","dateModified":"2021-01-29T08:34:13+00:00","description":"COMUNICADO DE LA FEDERACI\u00d3N DE ENSE\u00d1ANZA DE CGT SOBRE EL PROFESORADO QUE PRESTA SERVICIO EN MARRUECOS. Desde CGT queremos denunciar la grave situaci\u00f3n de","breadcrumb":{"@id":"https:\/\/www.cgtaragonlarioja.org\/fedens\/comunicado-de-la-federacion-de\/#breadcrumb"},"inLanguage":"es","potentialAction":[{"@type":"ReadAction","target":["https:\/\/www.cgtaragonlarioja.org\/fedens\/comunicado-de-la-federacion-de\/"]}]},{"@type":"BreadcrumbList","@id":"https:\/\/www.cgtaragonlarioja.org\/fedens\/comunicado-de-la-federacion-de\/#breadcrumb","itemListElement":[{"@type":"ListItem","position":1,"name":"Portada","item":"https:\/\/www.cgtaragonlarioja.org\/fedens\/"},{"@type":"ListItem","position":2,"name":"Comunicado de la Federaci\u00f3n de Ense\u00f1anza de CGT sobre el profesorado que presta servicio en Marruecos"}]},{"@type":"WebSite","@id":"https:\/\/www.cgtaragonlarioja.org\/fedens\/#website","url":"https:\/\/www.cgtaragonlarioja.org\/fedens\/","name":"CGT Arag\u00f3n - La Rioja. ENSE\u00d1ANZA","description":"CONTACTAR: Calatayud-Aranda: 654897973 \/ Huesca: 974238404 \/ Teruel: 978619265 \/ Zaragoza: 976922002","publisher":{"@id":"https:\/\/www.cgtaragonlarioja.org\/fedens\/#organization"},"potentialAction":[{"@type":"SearchAction","target":{"@type":"EntryPoint","urlTemplate":"https:\/\/www.cgtaragonlarioja.org\/fedens\/?s={search_term_string}"},"query-input":{"@type":"PropertyValueSpecification","valueRequired":true,"valueName":"search_term_string"}}],"inLanguage":"es"},{"@type":"Organization","@id":"https:\/\/www.cgtaragonlarioja.org\/fedens\/#organization","name":"CGT Arag\u00f3n y La Rioja - Ense\u00f1anza","url":"https:\/\/www.cgtaragonlarioja.org\/fedens\/","logo":{"@type":"ImageObject","inLanguage":"es","@id":"https:\/\/www.cgtaragonlarioja.org\/fedens\/#\/schema\/logo\/image\/","url":"https:\/\/www.cgtaragonlarioja.org\/fedens\/files\/2021\/02\/logo_cgt_ense_huesca_170x250.png","contentUrl":"https:\/\/www.cgtaragonlarioja.org\/fedens\/files\/2021\/02\/logo_cgt_ense_huesca_170x250.png","width":170,"height":250,"caption":"CGT Arag\u00f3n y La Rioja - Ense\u00f1anza"},"image":{"@id":"https:\/\/www.cgtaragonlarioja.org\/fedens\/#\/schema\/logo\/image\/"},"sameAs":["https:\/\/www.facebook.com\/CGTEnseAragon\/","https:\/\/x.com\/CGTeduAragon"]},{"@type":"Person","@id":"","url":"https:\/\/www.cgtaragonlarioja.org\/fedens\/author\/"}]}},"_links":{"self":[{"href":"https:\/\/www.cgtaragonlarioja.org\/fedens\/wp-json\/wp\/v2\/posts\/10007","targetHints":{"allow":["GET"]}}],"collection":[{"href":"https:\/\/www.cgtaragonlarioja.org\/fedens\/wp-json\/wp\/v2\/posts"}],"about":[{"href":"https:\/\/www.cgtaragonlarioja.org\/fedens\/wp-json\/wp\/v2\/types\/post"}],"author":[{"embeddable":true,"href":"https:\/\/www.cgtaragonlarioja.org\/fedens\/wp-json\/wp\/v2\/users\/485"}],"replies":[{"embeddable":true,"href":"https:\/\/www.cgtaragonlarioja.org\/fedens\/wp-json\/wp\/v2\/comments?post=10007"}],"version-history":[{"count":1,"href":"https:\/\/www.cgtaragonlarioja.org\/fedens\/wp-json\/wp\/v2\/posts\/10007\/revisions"}],"predecessor-version":[{"id":10009,"href":"https:\/\/www.cgtaragonlarioja.org\/fedens\/wp-json\/wp\/v2\/posts\/10007\/revisions\/10009"}],"wp:attachment":[{"href":"https:\/\/www.cgtaragonlarioja.org\/fedens\/wp-json\/wp\/v2\/media?parent=10007"}],"wp:term":[{"taxonomy":"category","embeddable":true,"href":"https:\/\/www.cgtaragonlarioja.org\/fedens\/wp-json\/wp\/v2\/categories?post=10007"},{"taxonomy":"post_tag","embeddable":true,"href":"https:\/\/www.cgtaragonlarioja.org\/fedens\/wp-json\/wp\/v2\/tags?post=10007"}],"curies":[{"name":"wp","href":"https:\/\/api.w.org\/{rel}","templated":true}]}}