{"id":10001,"date":"2020-03-24T10:46:54","date_gmt":"2020-03-24T09:46:54","guid":{"rendered":"https:\/\/www.cgtaragonlarioja.org\/fedens2\/educacion-pensamiento-accion\/la-asombrosa-desaparicion-de-7\/"},"modified":"2021-02-07T23:15:26","modified_gmt":"2021-02-07T22:15:26","slug":"la-asombrosa-desaparicion-de-7","status":"publish","type":"post","link":"https:\/\/www.cgtaragonlarioja.org\/fedens\/la-asombrosa-desaparicion-de-7\/","title":{"rendered":"La asombrosa desaparici\u00f3n de 7 millones de ni\u00f1os espa\u00f1oles por el coronavirus"},"content":{"rendered":"<p>El fil\u00f3sofo y profesor universitario C\u00e9sar Rendueles analiza las claves del confinamiento infantil por el coronavirus. \u00bf Los ha ignorado el Estado m\u00e1s que a los perros salvo para hacer deberes y comer pizzas?<\/p>\n<p>\u00bfSab\u00ed\u00adan que hay 7 millones de menores de 15 a\u00f1os en Espa\u00f1a? \u00bfY que ahora mismo est\u00e1n todos encerrados en sus casas sin poder salir y con un mont\u00f3n de deberes? No, no es que el Estado les haya castigado a todos por mal comportamiento. O s\u00ed\u00ad. Son la poblaci\u00f3n invisible del confinamiento por coronavirus.<\/p>\n<p>C\u00e9sar Rendueles -ensayista, fil\u00f3sofo y profesor de sociolog\u00ed\u00ada en la UCM- lleva d\u00ed\u00adas reflexionando en Twitter sobre el dif\u00ed\u00adcil equilibrio entre crianza, cuidados, tareas escolares, alimentaci\u00f3n y ni\u00f1os encerrados. Rendueles, autor de libros como &#8216;Sociofobia&#8217;, analiza las claves infantiles del coronavirus en esta entrevista.<\/p>\n<p><strong>PREGUNTA. Critica que los estamentos oficiales no han tenido en cuenta las necesidades de los ni\u00f1os en esta crisis. \u00bfDeber\u00ed\u00adan poder salir?<\/strong><\/p>\n<p>RESPUESTA. Me gustar\u00ed\u00ada comenzar aclarando que en ning\u00fan caso deber\u00ed\u00adamos incumplir las instrucciones que han dado las autoridades sanitarias. Nadie que no cumpla las excepciones establecidas por la ley deber\u00ed\u00ada salir de casa. Dicho esto, s\u00ed\u00ad creo que podemos plantear preguntas sobre algunas decisiones, sobre todo cuando afectan al bienestar de colectivos vulnerables. En concreto creo que es llamativo el enfoque tan adultoc\u00e9ntrico que est\u00e1 teniendo esta crisis. En ning\u00fan momento se ha tenido en cuenta las necesidades de la infancia, una poblaci\u00f3n que normalmente es objeto de una especial protecci\u00f3n.<\/p>\n<p>La primera ministra noruega dedic\u00f3 una rueda de prensa de media hora exclusivamente a los ni\u00f1os. En la comparecencia de Pedro S\u00e1nchez de la semana pasada mencion\u00f3 varias veces a las mascotas y sus necesidades y ninguna a los ni\u00f1os. Desde el primer momento se autoriz\u00f3 a los due\u00f1os de perros a sacar a pasear a sus animales. Lo cual me parece muy bien, por supuesto. Pero lo cierto es que los due\u00f1os de los perros tambi\u00e9n contagian y estamos hablando de much\u00ed\u00adsima gente. En Espa\u00f1a hay 13 millones de mascotas registradas, m\u00e1s que ni\u00f1os menores de 15 a\u00f1os. Simplemente se conf\u00ed\u00ada en que esas personas actuar\u00e1n con responsabilidad y no abusar\u00e1n de ese privilegio.<\/p>\n<p>En el caso de las madres y padres de ni\u00f1os no se ha tenido esa confianza. No se ha permitido, por ejemplo, que los ni\u00f1os salgan a pasear diariamente unos minutos con todas las medidas de seguridad que sean necesarias: de uno en uno, acompa\u00f1ados de cerca por un adulto, en cierta franja horaria, respetando la distancia de seguridad, sin usar parques ni zonas comunes! Tal vez ni siquiera se ha tomado en consideraci\u00f3n esa posibilidad.<\/p>\n<p><strong>P. \u00bfPor qu\u00e9?<\/strong><\/p>\n<p>R. Estamos acostumbrados a esperar que los ni\u00f1os sean invisibles, que no molesten, no hagan ruido y no alteren el mundo \u00abnormal\u00bb, que entendemos que es el de los adultos. La crisis del coronavirus es una especie de para\u00ed\u00adso adultoc\u00e9ntrico. Los ni\u00f1os han desaparecido completamente de la vista p\u00fablica, por fin son asunto exclusivamente privado de sus padres.<\/p>\n<p>Y luego est\u00e1 esa especie de rencor social: como a los ni\u00f1os les afecta menos gravemente el coronavirus, no s\u00f3lo est\u00e1n invisibilizados, sino que se les ve como minibombas biol\u00f3gicas. Parece como si todo el mundo hubiera hecho un curso de epidemiolog\u00ed\u00ada a distancia para explicarte que tus hijos son \u00absupercontagiadores asintom\u00e1ticos\u00bb. Cuando, en realidad, cualquier persona puede ser un contagiador asintom\u00e1tico durante el periodo de incubaci\u00f3n de la enfermedad, tambi\u00e9n la gente que va a trabajar en metro por la ma\u00f1ana.<\/p>\n<p>El confinamiento tiene un fort\u00ed\u00adsimo sesgo de clase. No es para nada lo mismo vivir el encierro en una casa amplia que en diminutos pisos interiores<\/p>\n<p>Insisto en que hay que respetar las decisiones de los m\u00e9dicos. Pero en otros pa\u00ed\u00adses como Francia, B\u00e9lgica, Suiza o Austria han optado por otras regulaciones m\u00e1s atentas a la infancia. Tal vez esos pa\u00ed\u00adses pequen de imprudentes pero echo de menos al menos una explicaci\u00f3n. Hay que tener en cuenta que el confinamiento tiene un fort\u00ed\u00adsimo sesgo de clase. No es para nada lo mismo vivir el encierro en una casa amplia, luminosa, con terraza o incluso jard\u00ed\u00adn que en diminutos pisos interiores sin luz natural.<\/p>\n<p><strong>P. Respecto a las tareas escolares durante el confinamiento. \u00bfHay un problema de &#8216;deberitis&#8217; en las casas?<\/strong><\/p>\n<p>R. El cierre de todos los centros educativos nos ha pillado con el paso cambiado a todos los profesores. Es una situaci\u00f3n complicad\u00ed\u00adsima y sin precedentes en la que mucha gente est\u00e1 haciendo grandes esfuerzos por encontrar soluciones razonables. Las situaciones educativas son muy distintas entre s\u00ed\u00ad. No tiene nada que ver tratar con estudiantes de 16 o 17 a\u00f1os, que son mucho m\u00e1s aut\u00f3nomos que con ni\u00f1os peque\u00f1os, de 7 u 8. No tienen nada que ver tampoco las asignaturas en las que las pr\u00e1cticas tienen mucho peso con otras m\u00e1s te\u00f3ricas. En cualquier caso, todos los docentes, pero especialmente los de primaria y secundaria, tenemos que ser conscientes de la tensi\u00f3n que supone esta situaci\u00f3n para las familias, tanto para los ni\u00f1os como para los adultos.<\/p>\n<p>Hay colegios y profesores que, como dec\u00ed\u00ada, est\u00e1n haciendo una labor incre\u00ed\u00adble en ese sentido, a menudo con pocos medios materiales, a base de sacrificio personal. En otros casos! no tanto. Algunos colegios piden a los padres que teletrabajen mientras supervisan que sus hijos realizan tareas complejas que requieren un alto grado de conectividad con los t\u00ed\u00adpicos problemas t\u00e9cnicos sobrevenidos y todo ello completamente encerrados en sus casas. Conozco personalmente varios casos de madres solas con situaciones laborales y sociales complicad\u00ed\u00adsimas que me han dicho que lo que peor est\u00e1n llevando de esta crisis no es la incertidumbre econ\u00f3mica o el miedo a la enfermedad sino el estr\u00e9s de ser incapaces de ayudar a sus hijos con la avalancha de tareas que les llegan desde el colegio.<\/p>\n<p><strong>P. \u00bfEl biling\u00fcismo ayuda?<\/strong><\/p>\n<p>El programa biling\u00fce de la Comunidad de Madrid lo agrava todo mucho. Si muchas familias tienen dificultades para ayudar a sus hijos normalmente, cuando las tareas se multiplican y adem\u00e1s est\u00e1n en ingl\u00e9s la cosa se vuelve surrealista. Hay madres y padres que sencillamente no entienden qu\u00e9 es lo que tienen que hacer sus hijos en Science.<\/p>\n<p><strong>P. Dice que el confinamiento ha agravado la desigualdad educativa. \u00bfC\u00f3mo?<\/strong><\/p>\n<p>R. Un hecho bien conocido en sociolog\u00ed\u00ada de la educaci\u00f3n es que los deberes aumentan la desigualdad. Los deberes benefician a los estudiantes con la capacidad para estudiar aut\u00f3nomamente y deja completamente descolgados a los que m\u00e1s ayuda necesitan. El papel de las familias es crucial, en ese sentido. Aquellos estudiantes cuyos padres tienen conocimientos y tiempo para ayudarles tienen una ventaja enorme. El confinamiento ha hecho que la educaci\u00f3n consista s\u00f3lo en deberes. As\u00ed\u00ad que creo que no es muy aventurado suponer que en este periodo las desigualdades se agravar\u00e1n. Habr\u00e1 ni\u00f1os que avanzar\u00e1n m\u00e1s que si hubieran ido a clase. Y otros se habr\u00e1n quedado mucho m\u00e1s descolgados de lo que ya estaban.<\/p>\n<p><strong>P. \u00bfPor qu\u00e9 no le gusta el plan Telepizza de Ayuso para los ni\u00f1os con beca de comedor? \u00bfNo es eso mejor que nada?<\/strong><\/p>\n<p>R. Rebuscar en un basurero tambi\u00e9n es mejor que nada, creo que esa no es la cuesti\u00f3n. El hecho es que exist\u00ed\u00ada una alternativa facil\u00ed\u00adsima: dar el dinero que se va a entregar a Telepizza y Rodilla a las familias que necesitan esa ayuda para que compren la comida que les parezca.<\/p>\n<p>Es realmente la soluci\u00f3n m\u00e1s r\u00e1pida y f\u00e1cil y la que se ha elegido en otras comunidades aut\u00f3nomas. Tambi\u00e9n es la que les gusta a los liberales cuando les beneficia a ellos. El \u00fanico motivo para no optar por esa v\u00ed\u00ada es el puro clasismo. Ayuso y los suyos creen que los pobres gastan mal el dinero y que es mejor financiar a pap\u00e1 Telepizza para que los alimente.<\/p>\n<p><strong>P. \u00bfSe ha necesitado una pandemia para entender la importancia de la sanidad p\u00fablica?<\/strong><\/p>\n<p>R. Con la sanidad y otros servicios p\u00fablicos, como las residencias para mayores, ha pasado lo mismo que con la educaci\u00f3n. El confinamiento hace que veamos concentrado en un periodo de tiempo muy r\u00e1pido procesos que normalmente podemos ignorar porque se dan a c\u00e1mara lenta. El 31 de enero de 2019 una plataforma en defensa de la sanidad p\u00fablica madrile\u00f1a present\u00f3 un escrito en el que denunciaba la p\u00e9rdida de m\u00e1s de tres mil camas en los \u00faltimos seis a\u00f1os. Explicaban, por ejemplo, que los operadores del 061, que atienden llamadas de urgencias sanitaria, esos que ahora est\u00e1n desbordados, tienen un convenio de telemarketing.<\/p>\n<p>Hasta hace quince d\u00ed\u00adas esa degradaci\u00f3n de la sanidad p\u00fablica o la educaci\u00f3n nos preocupaban pero las toler\u00e1bamos porque eran din\u00e1micas que nos afectaban espor\u00e1dicamente. De repente esas camas que han desaparecido, las corruptelas en la privatizaci\u00f3n de servicios sanitarios, la precarizaci\u00f3n del personal sanitario! Todo eso se ha vuelto cuesti\u00f3n de vida o muerte. En realidad, ya lo era. Miles de personas llevan a\u00f1os padeciendo en su cuerpo las consecuencias de ese desastre. Simplemente ahora nos afectan a todos a la vez.<\/p>\n<p><strong>Entrevista originalmente publicada en <a href=\"https:\/\/www.elconfidencial.com\/espana\/2020-03-22\/coronavirus-millones-ninos-espanoles_2509379\/\">elconfidencial.com<\/a><\/strong><\/p>\n","protected":false},"excerpt":{"rendered":"<p>El fil\u00f3sofo y profesor universitario C\u00e9sar Rendueles analiza las claves del confinamiento infantil por el<\/p>\n","protected":false},"author":485,"featured_media":0,"comment_status":"open","ping_status":"open","sticky":false,"template":"","format":"standard","meta":{"footnotes":""},"categories":[504],"tags":[],"class_list":["post-10001","post","type-post","status-publish","format-standard","hentry","category-a-debate"],"yoast_head":"<!-- This site is optimized with the Yoast SEO plugin v26.7 - https:\/\/yoast.com\/wordpress\/plugins\/seo\/ -->\n<title>La asombrosa desaparici\u00f3n de 7 millones de ni\u00f1os espa\u00f1oles por el coronavirus<\/title>\n<meta name=\"description\" content=\"El fil\u00f3sofo y profesor universitario C\u00e9sar Rendueles analiza las claves del confinamiento infantil por el coronavirus. \u00bf Los ha ignorado el Estado m\u00e1s que\" \/>\n<meta name=\"robots\" content=\"index, follow, max-snippet:-1, max-image-preview:large, max-video-preview:-1\" \/>\n<link rel=\"canonical\" href=\"https:\/\/www.cgtaragonlarioja.org\/fedens\/la-asombrosa-desaparicion-de-7\/\" \/>\n<meta property=\"og:locale\" content=\"es_ES\" \/>\n<meta property=\"og:type\" content=\"article\" \/>\n<meta property=\"og:title\" content=\"La asombrosa desaparici\u00f3n de 7 millones de ni\u00f1os espa\u00f1oles por el coronavirus\" \/>\n<meta property=\"og:description\" content=\"El fil\u00f3sofo y profesor universitario C\u00e9sar Rendueles analiza las claves del confinamiento infantil por el coronavirus. \u00bf Los ha ignorado el Estado m\u00e1s que\" \/>\n<meta property=\"og:url\" content=\"https:\/\/www.cgtaragonlarioja.org\/fedens\/la-asombrosa-desaparicion-de-7\/\" \/>\n<meta property=\"og:site_name\" content=\"CGT Arag\u00f3n - La Rioja. ENSE\u00d1ANZA\" \/>\n<meta property=\"article:publisher\" content=\"https:\/\/www.facebook.com\/CGTEnseAragon\/\" \/>\n<meta property=\"article:published_time\" content=\"2020-03-24T09:46:54+00:00\" \/>\n<meta property=\"article:modified_time\" content=\"2021-02-07T22:15:26+00:00\" \/>\n<meta name=\"twitter:card\" content=\"summary_large_image\" \/>\n<meta name=\"twitter:creator\" content=\"@CGTeduAragon\" \/>\n<meta name=\"twitter:site\" content=\"@CGTeduAragon\" \/>\n<meta name=\"twitter:label1\" content=\"Escrito por\" \/>\n\t<meta name=\"twitter:data1\" content=\"\" \/>\n\t<meta name=\"twitter:label2\" content=\"Tiempo de lectura\" \/>\n\t<meta name=\"twitter:data2\" content=\"7 minutos\" \/>\n<script type=\"application\/ld+json\" class=\"yoast-schema-graph\">{\"@context\":\"https:\/\/schema.org\",\"@graph\":[{\"@type\":\"Article\",\"@id\":\"https:\/\/www.cgtaragonlarioja.org\/fedens\/la-asombrosa-desaparicion-de-7\/#article\",\"isPartOf\":{\"@id\":\"https:\/\/www.cgtaragonlarioja.org\/fedens\/la-asombrosa-desaparicion-de-7\/\"},\"author\":{\"name\":\"\",\"@id\":\"\"},\"headline\":\"La asombrosa desaparici\u00f3n de 7 millones de ni\u00f1os espa\u00f1oles por el coronavirus\",\"datePublished\":\"2020-03-24T09:46:54+00:00\",\"dateModified\":\"2021-02-07T22:15:26+00:00\",\"mainEntityOfPage\":{\"@id\":\"https:\/\/www.cgtaragonlarioja.org\/fedens\/la-asombrosa-desaparicion-de-7\/\"},\"wordCount\":1648,\"commentCount\":0,\"publisher\":{\"@id\":\"https:\/\/www.cgtaragonlarioja.org\/fedens\/#organization\"},\"articleSection\":[\"A Debate\"],\"inLanguage\":\"es\",\"potentialAction\":[{\"@type\":\"CommentAction\",\"name\":\"Comment\",\"target\":[\"https:\/\/www.cgtaragonlarioja.org\/fedens\/la-asombrosa-desaparicion-de-7\/#respond\"]}]},{\"@type\":\"WebPage\",\"@id\":\"https:\/\/www.cgtaragonlarioja.org\/fedens\/la-asombrosa-desaparicion-de-7\/\",\"url\":\"https:\/\/www.cgtaragonlarioja.org\/fedens\/la-asombrosa-desaparicion-de-7\/\",\"name\":\"La asombrosa desaparici\u00f3n de 7 millones de ni\u00f1os espa\u00f1oles por el coronavirus\",\"isPartOf\":{\"@id\":\"https:\/\/www.cgtaragonlarioja.org\/fedens\/#website\"},\"datePublished\":\"2020-03-24T09:46:54+00:00\",\"dateModified\":\"2021-02-07T22:15:26+00:00\",\"description\":\"El fil\u00f3sofo y profesor universitario C\u00e9sar Rendueles analiza las claves del confinamiento infantil por el coronavirus. \u00bf Los ha ignorado el Estado m\u00e1s que\",\"breadcrumb\":{\"@id\":\"https:\/\/www.cgtaragonlarioja.org\/fedens\/la-asombrosa-desaparicion-de-7\/#breadcrumb\"},\"inLanguage\":\"es\",\"potentialAction\":[{\"@type\":\"ReadAction\",\"target\":[\"https:\/\/www.cgtaragonlarioja.org\/fedens\/la-asombrosa-desaparicion-de-7\/\"]}]},{\"@type\":\"BreadcrumbList\",\"@id\":\"https:\/\/www.cgtaragonlarioja.org\/fedens\/la-asombrosa-desaparicion-de-7\/#breadcrumb\",\"itemListElement\":[{\"@type\":\"ListItem\",\"position\":1,\"name\":\"Portada\",\"item\":\"https:\/\/www.cgtaragonlarioja.org\/fedens\/\"},{\"@type\":\"ListItem\",\"position\":2,\"name\":\"La asombrosa desaparici\u00f3n de 7 millones de ni\u00f1os espa\u00f1oles por el coronavirus\"}]},{\"@type\":\"WebSite\",\"@id\":\"https:\/\/www.cgtaragonlarioja.org\/fedens\/#website\",\"url\":\"https:\/\/www.cgtaragonlarioja.org\/fedens\/\",\"name\":\"CGT Arag\u00f3n - La Rioja. ENSE\u00d1ANZA\",\"description\":\"CONTACTAR: Calatayud-Aranda: 654897973 \/ Huesca: 974238404 \/ Teruel: 978619265 \/ Zaragoza: 976922002\",\"publisher\":{\"@id\":\"https:\/\/www.cgtaragonlarioja.org\/fedens\/#organization\"},\"potentialAction\":[{\"@type\":\"SearchAction\",\"target\":{\"@type\":\"EntryPoint\",\"urlTemplate\":\"https:\/\/www.cgtaragonlarioja.org\/fedens\/?s={search_term_string}\"},\"query-input\":{\"@type\":\"PropertyValueSpecification\",\"valueRequired\":true,\"valueName\":\"search_term_string\"}}],\"inLanguage\":\"es\"},{\"@type\":\"Organization\",\"@id\":\"https:\/\/www.cgtaragonlarioja.org\/fedens\/#organization\",\"name\":\"CGT Arag\u00f3n y La Rioja - Ense\u00f1anza\",\"url\":\"https:\/\/www.cgtaragonlarioja.org\/fedens\/\",\"logo\":{\"@type\":\"ImageObject\",\"inLanguage\":\"es\",\"@id\":\"https:\/\/www.cgtaragonlarioja.org\/fedens\/#\/schema\/logo\/image\/\",\"url\":\"https:\/\/www.cgtaragonlarioja.org\/fedens\/files\/2021\/02\/logo_cgt_ense_huesca_170x250.png\",\"contentUrl\":\"https:\/\/www.cgtaragonlarioja.org\/fedens\/files\/2021\/02\/logo_cgt_ense_huesca_170x250.png\",\"width\":170,\"height\":250,\"caption\":\"CGT Arag\u00f3n y La Rioja - Ense\u00f1anza\"},\"image\":{\"@id\":\"https:\/\/www.cgtaragonlarioja.org\/fedens\/#\/schema\/logo\/image\/\"},\"sameAs\":[\"https:\/\/www.facebook.com\/CGTEnseAragon\/\",\"https:\/\/x.com\/CGTeduAragon\"]},{\"@type\":\"Person\",\"@id\":\"\",\"url\":\"https:\/\/www.cgtaragonlarioja.org\/fedens\/author\/\"}]}<\/script>\n<!-- \/ Yoast SEO plugin. -->","yoast_head_json":{"title":"La asombrosa desaparici\u00f3n de 7 millones de ni\u00f1os espa\u00f1oles por el coronavirus","description":"El fil\u00f3sofo y profesor universitario C\u00e9sar Rendueles analiza las claves del confinamiento infantil por el coronavirus. \u00bf Los ha ignorado el Estado m\u00e1s que","robots":{"index":"index","follow":"follow","max-snippet":"max-snippet:-1","max-image-preview":"max-image-preview:large","max-video-preview":"max-video-preview:-1"},"canonical":"https:\/\/www.cgtaragonlarioja.org\/fedens\/la-asombrosa-desaparicion-de-7\/","og_locale":"es_ES","og_type":"article","og_title":"La asombrosa desaparici\u00f3n de 7 millones de ni\u00f1os espa\u00f1oles por el coronavirus","og_description":"El fil\u00f3sofo y profesor universitario C\u00e9sar Rendueles analiza las claves del confinamiento infantil por el coronavirus. \u00bf Los ha ignorado el Estado m\u00e1s que","og_url":"https:\/\/www.cgtaragonlarioja.org\/fedens\/la-asombrosa-desaparicion-de-7\/","og_site_name":"CGT Arag\u00f3n - La Rioja. ENSE\u00d1ANZA","article_publisher":"https:\/\/www.facebook.com\/CGTEnseAragon\/","article_published_time":"2020-03-24T09:46:54+00:00","article_modified_time":"2021-02-07T22:15:26+00:00","twitter_card":"summary_large_image","twitter_creator":"@CGTeduAragon","twitter_site":"@CGTeduAragon","twitter_misc":{"Escrito por":"","Tiempo de lectura":"7 minutos"},"schema":{"@context":"https:\/\/schema.org","@graph":[{"@type":"Article","@id":"https:\/\/www.cgtaragonlarioja.org\/fedens\/la-asombrosa-desaparicion-de-7\/#article","isPartOf":{"@id":"https:\/\/www.cgtaragonlarioja.org\/fedens\/la-asombrosa-desaparicion-de-7\/"},"author":{"name":"","@id":""},"headline":"La asombrosa desaparici\u00f3n de 7 millones de ni\u00f1os espa\u00f1oles por el coronavirus","datePublished":"2020-03-24T09:46:54+00:00","dateModified":"2021-02-07T22:15:26+00:00","mainEntityOfPage":{"@id":"https:\/\/www.cgtaragonlarioja.org\/fedens\/la-asombrosa-desaparicion-de-7\/"},"wordCount":1648,"commentCount":0,"publisher":{"@id":"https:\/\/www.cgtaragonlarioja.org\/fedens\/#organization"},"articleSection":["A Debate"],"inLanguage":"es","potentialAction":[{"@type":"CommentAction","name":"Comment","target":["https:\/\/www.cgtaragonlarioja.org\/fedens\/la-asombrosa-desaparicion-de-7\/#respond"]}]},{"@type":"WebPage","@id":"https:\/\/www.cgtaragonlarioja.org\/fedens\/la-asombrosa-desaparicion-de-7\/","url":"https:\/\/www.cgtaragonlarioja.org\/fedens\/la-asombrosa-desaparicion-de-7\/","name":"La asombrosa desaparici\u00f3n de 7 millones de ni\u00f1os espa\u00f1oles por el coronavirus","isPartOf":{"@id":"https:\/\/www.cgtaragonlarioja.org\/fedens\/#website"},"datePublished":"2020-03-24T09:46:54+00:00","dateModified":"2021-02-07T22:15:26+00:00","description":"El fil\u00f3sofo y profesor universitario C\u00e9sar Rendueles analiza las claves del confinamiento infantil por el coronavirus. \u00bf Los ha ignorado el Estado m\u00e1s que","breadcrumb":{"@id":"https:\/\/www.cgtaragonlarioja.org\/fedens\/la-asombrosa-desaparicion-de-7\/#breadcrumb"},"inLanguage":"es","potentialAction":[{"@type":"ReadAction","target":["https:\/\/www.cgtaragonlarioja.org\/fedens\/la-asombrosa-desaparicion-de-7\/"]}]},{"@type":"BreadcrumbList","@id":"https:\/\/www.cgtaragonlarioja.org\/fedens\/la-asombrosa-desaparicion-de-7\/#breadcrumb","itemListElement":[{"@type":"ListItem","position":1,"name":"Portada","item":"https:\/\/www.cgtaragonlarioja.org\/fedens\/"},{"@type":"ListItem","position":2,"name":"La asombrosa desaparici\u00f3n de 7 millones de ni\u00f1os espa\u00f1oles por el coronavirus"}]},{"@type":"WebSite","@id":"https:\/\/www.cgtaragonlarioja.org\/fedens\/#website","url":"https:\/\/www.cgtaragonlarioja.org\/fedens\/","name":"CGT Arag\u00f3n - La Rioja. ENSE\u00d1ANZA","description":"CONTACTAR: Calatayud-Aranda: 654897973 \/ Huesca: 974238404 \/ Teruel: 978619265 \/ Zaragoza: 976922002","publisher":{"@id":"https:\/\/www.cgtaragonlarioja.org\/fedens\/#organization"},"potentialAction":[{"@type":"SearchAction","target":{"@type":"EntryPoint","urlTemplate":"https:\/\/www.cgtaragonlarioja.org\/fedens\/?s={search_term_string}"},"query-input":{"@type":"PropertyValueSpecification","valueRequired":true,"valueName":"search_term_string"}}],"inLanguage":"es"},{"@type":"Organization","@id":"https:\/\/www.cgtaragonlarioja.org\/fedens\/#organization","name":"CGT Arag\u00f3n y La Rioja - Ense\u00f1anza","url":"https:\/\/www.cgtaragonlarioja.org\/fedens\/","logo":{"@type":"ImageObject","inLanguage":"es","@id":"https:\/\/www.cgtaragonlarioja.org\/fedens\/#\/schema\/logo\/image\/","url":"https:\/\/www.cgtaragonlarioja.org\/fedens\/files\/2021\/02\/logo_cgt_ense_huesca_170x250.png","contentUrl":"https:\/\/www.cgtaragonlarioja.org\/fedens\/files\/2021\/02\/logo_cgt_ense_huesca_170x250.png","width":170,"height":250,"caption":"CGT Arag\u00f3n y La Rioja - Ense\u00f1anza"},"image":{"@id":"https:\/\/www.cgtaragonlarioja.org\/fedens\/#\/schema\/logo\/image\/"},"sameAs":["https:\/\/www.facebook.com\/CGTEnseAragon\/","https:\/\/x.com\/CGTeduAragon"]},{"@type":"Person","@id":"","url":"https:\/\/www.cgtaragonlarioja.org\/fedens\/author\/"}]}},"_links":{"self":[{"href":"https:\/\/www.cgtaragonlarioja.org\/fedens\/wp-json\/wp\/v2\/posts\/10001","targetHints":{"allow":["GET"]}}],"collection":[{"href":"https:\/\/www.cgtaragonlarioja.org\/fedens\/wp-json\/wp\/v2\/posts"}],"about":[{"href":"https:\/\/www.cgtaragonlarioja.org\/fedens\/wp-json\/wp\/v2\/types\/post"}],"author":[{"embeddable":true,"href":"https:\/\/www.cgtaragonlarioja.org\/fedens\/wp-json\/wp\/v2\/users\/485"}],"replies":[{"embeddable":true,"href":"https:\/\/www.cgtaragonlarioja.org\/fedens\/wp-json\/wp\/v2\/comments?post=10001"}],"version-history":[{"count":2,"href":"https:\/\/www.cgtaragonlarioja.org\/fedens\/wp-json\/wp\/v2\/posts\/10001\/revisions"}],"predecessor-version":[{"id":11284,"href":"https:\/\/www.cgtaragonlarioja.org\/fedens\/wp-json\/wp\/v2\/posts\/10001\/revisions\/11284"}],"wp:attachment":[{"href":"https:\/\/www.cgtaragonlarioja.org\/fedens\/wp-json\/wp\/v2\/media?parent=10001"}],"wp:term":[{"taxonomy":"category","embeddable":true,"href":"https:\/\/www.cgtaragonlarioja.org\/fedens\/wp-json\/wp\/v2\/categories?post=10001"},{"taxonomy":"post_tag","embeddable":true,"href":"https:\/\/www.cgtaragonlarioja.org\/fedens\/wp-json\/wp\/v2\/tags?post=10001"}],"curies":[{"name":"wp","href":"https:\/\/api.w.org\/{rel}","templated":true}]}}